{"id":1201,"date":"2021-10-22T13:40:06","date_gmt":"2021-10-22T17:40:06","guid":{"rendered":"https:\/\/blog.yareborges.com\/?p=1201"},"modified":"2022-03-09T11:40:03","modified_gmt":"2022-03-09T15:40:03","slug":"lorem-ipsum","status":"publish","type":"post","link":"https:\/\/cenal.gob.ve\/?p=1201","title":{"rendered":"Presentaron obras ganadoras de Bienales Nacionales de Literatura 2020"},"content":{"rendered":"\n<p>Este jueves 25 de noviembre se presentaron en versi\u00f3n impresa las obras ganadoras de las Bienales Nacionales de Literatura 2020 convocadas por el Ministerio del Poder Popular para la Cultura, a trav\u00e9s del Centro Nacional del Libro (Cenal), y la Casa Nacional de las Letras Andr\u00e9s Bello.<\/p>\n\n\n\n<p>Los t\u00edtulos se dieron a conocer en la casa natal de Andr\u00e9s Bello, en el marco de la Semana de Bello y a tan solo unos d\u00edas de las actividades literarias realizadas en la 17\u00aa Feria Internacional del Libro de Venezuela (Filven), que culmin\u00f3 exitosamente el pasado 14 de noviembre.<\/p>\n\n\n\n<p>Los textos fueron editados y publicados por Monte \u00c1vila Editores Latinoamericana como parte del premio establecido en las bases de las convocatorias, las cuales han constituido v\u00edas de gran valor para conocer las voces creadoras del pueblo, destac\u00f3 el viceministro de Fomento para la Econom\u00eda Cultural y presidente del Centro Nacional del Libro (Cenal), Ra\u00fal Cazal, quien encabez\u00f3 el acto junto al presidente de la Fundaci\u00f3n Nacional Casa de Las Letras Andr\u00e9s Bello, William Osuna.<\/p>\n\n\n\n<p>El viceministro Cazal resalt\u00f3 el impulso que se hace desde la Plataforma del Libro y la Lectura del Ministerio del Poder para la Cultura, regida por el Cenal, para la promoci\u00f3n de nuevos autores, el est\u00edmulo a la lectura y la publicaci\u00f3n de libros de todos los g\u00e9neros, tanto en formato impreso como en digital, por encima de los desaf\u00edos que ha impuesto al asedio internacional al que ha sido sometida Venezuela.<\/p>\n\n\n\n<p>Se\u00f1al\u00f3 como un ejemplo la impresi\u00f3n a trav\u00e9s de Monte \u00c1vila de las obras ganadoras de las bienales de 2019, presentadas en la 17\u00aa Filven, y ahora las de 2020, aparte de las m\u00e1s de cien novedades editoriales que se han producido este a\u00f1o en conjunto con El perro y la rana y Bibliotecas Ayacucho, editoriales del Estado adscritas al despacho de Cultura.<\/p>\n\n\n\n<p><strong>T\u00edtulos disponibles<\/strong><\/p>\n\n\n\n<p>Sobre las obras ganadoras de 2020, se publicaron y presentaron \u00abDel Medanal a las Balas\u00bb, de Ra\u00fal Tornell, ganador del concurso de Testimonio de la VI Bienal Nacional de Literatura Jos\u00e9 Vicente Abreu; \u00abJos\u00e9 Joaqu\u00edn Burgos o la desnudez solar del sentimiento\u00bb, de Julio Rafael Silva S\u00e1nchez, quien gan\u00f3 el concurso de Ensayo de la V Bienal Nacional de Literatura Argimiro Gabald\u00f3n; \u00abVoladuras y otros poemas sueltos\u00bb, de Miguel \u00c1ngel Nieves, ganador del concurso de Poes\u00eda de la II Bienal Nacional de Literatura Lydda Franco Far\u00edas.<\/p>\n\n\n\n<p>Asimismo, \u00abLa libertad seg\u00fan los araguatos\u00bb, de&nbsp;Nelson Enrique Ch\u00e1vez Herrera, ganador del&nbsp;concurso&nbsp;de Narrativa (cuento) de la&nbsp;IX Bienal Nacional de Literatura Orlando Araujo, y \u00abEl Poemamundo\u00bb, de Carlos Ildemar P\u00e9rez, quien gan\u00f3 el concurso de Poes\u00eda Infantil de la III Bienal Nacional de Literatura Manuel Felipe Rugeles.<\/p>\n\n\n\n<p>Recientemente, en la Filven 2021, celebrada en el Palacio Federal Legislativo, se presentaron igualmente las obras ganadoras de 2019: \u00abZozobra\u00bb, \u00abTemblor de P\u00e1jaros\u00bb, \u00abDinga, Congo y Carabal\u00ed: La Bullanga del Caribe\u00bb, \u00abMi Primer Jard\u00edn de Certezas\u00bb, \u00abCon Ganas de Ser Piedra\u00bb, \u00abLas Gallinas Van en Tren y Otras D\u00e9cimas\u00bb.<\/p>\n\n\n\n<p>Sobre la Semana de Bello, esta se extender\u00e1 hasta el 3 de diciembre en la casa natal de quien ha sido reconocido como uno de los grandes humanistas de Am\u00e9rica en medio de su desempe\u00f1o como fil\u00f3sofo, poeta, traductor, fil\u00f3logo, ensayista, pol\u00edtico y diplom\u00e1tico, entre otros.<\/p>\n\n\n\n<p>M\u00e1s informaciones del Cenal est\u00e1n disponibles en www.filven.com y www.cenal.gob.ve, as\u00ed como en las redes sociales Twitter @filven2021 y @cenal_ve; Instagram @filven2021, Facebook como Filven 2021 y en el canal de Youtube de la Filven.<\/p>\n\n\n\n<p><strong>Prensa Cenal<\/strong><\/p>\n\n\n\n<p><a href=\"http:\/\/www.cenal.gob.ve\/filven-llevara-la-lectura-a-tachira\/\"><\/a><\/p>\n","protected":false},"excerpt":{"rendered":"<p>Este jueves 25 de noviembre se presentaron en versi\u00f3n impresa las obras ganadoras de las Bienales Nacionales de Literatura 2020 convocadas por el Ministerio del Poder Popular para la Cultura, [&hellip;]<\/p>\n","protected":false},"author":10,"featured_media":1386,"comment_status":"open","ping_status":"closed","sticky":false,"template":"","format":"standard","meta":{"spay_email":"","jetpack_publicize_message":"","jetpack_is_tweetstorm":false,"jetpack_publicize_feature_enabled":true},"categories":[2],"tags":[23],"yoast_head":"<!-- This site is optimized with the Yoast SEO plugin v19.8 - https:\/\/yoast.com\/wordpress\/plugins\/seo\/ -->\n<title>Presentaron obras ganadoras de Bienales Nacionales de Literatura 2020<\/title>\n<meta name=\"robots\" content=\"index, follow, max-snippet:-1, max-image-preview:large, max-video-preview:-1\" \/>\n<link rel=\"canonical\" href=\"https:\/\/cenal.gob.ve\/?p=1201\" \/>\n<meta property=\"og:locale\" content=\"es_ES\" \/>\n<meta property=\"og:type\" content=\"article\" \/>\n<meta property=\"og:title\" content=\"Presentaron obras ganadoras de Bienales Nacionales de Literatura 2020\" \/>\n<meta property=\"og:description\" content=\"Este jueves 25 de noviembre se presentaron en versi\u00f3n impresa las obras ganadoras de las Bienales Nacionales de Literatura 2020 convocadas por el Ministerio del Poder Popular para la Cultura, [&hellip;]\" \/>\n<meta property=\"og:url\" content=\"https:\/\/cenal.gob.ve\/?p=1201\" \/>\n<meta property=\"og:site_name\" content=\"Cenal\" \/>\n<meta property=\"article:published_time\" content=\"2021-10-22T17:40:06+00:00\" \/>\n<meta property=\"article:modified_time\" content=\"2022-03-09T15:40:03+00:00\" \/>\n<meta property=\"og:image\" content=\"https:\/\/i0.wp.com\/cenal.gob.ve\/wp-content\/uploads\/2021\/10\/foto_portada_bienales_2020_cenal_libros-1-e1637868723107-800x445-1.jpeg?fit=800%2C445&ssl=1\" \/>\n\t<meta property=\"og:image:width\" content=\"800\" \/>\n\t<meta property=\"og:image:height\" content=\"445\" \/>\n\t<meta property=\"og:image:type\" content=\"image\/jpeg\" \/>\n<meta name=\"author\" content=\"Prensa Cenal\" \/>\n<meta name=\"twitter:card\" content=\"summary_large_image\" \/>\n<meta name=\"twitter:label1\" content=\"Written by\" \/>\n\t<meta name=\"twitter:data1\" content=\"Prensa Cenal\" \/>\n\t<meta name=\"twitter:label2\" content=\"Est. reading time\" \/>\n\t<meta name=\"twitter:data2\" content=\"3 minutos\" \/>\n<script type=\"application\/ld+json\" class=\"yoast-schema-graph\">{\"@context\":\"https:\/\/schema.org\",\"@graph\":[{\"@type\":\"Article\",\"@id\":\"https:\/\/cenal.gob.ve\/?p=1201#article\",\"isPartOf\":{\"@id\":\"https:\/\/cenal.gob.ve\/?p=1201\"},\"author\":{\"name\":\"Prensa Cenal\",\"@id\":\"https:\/\/cenal.gob.ve\/#\/schema\/person\/e3ed34623f400ffab8bc7a63b2f5533f\"},\"headline\":\"Presentaron obras ganadoras de Bienales Nacionales de Literatura 2020\",\"datePublished\":\"2021-10-22T17:40:06+00:00\",\"dateModified\":\"2022-03-09T15:40:03+00:00\",\"mainEntityOfPage\":{\"@id\":\"https:\/\/cenal.gob.ve\/?p=1201\"},\"wordCount\":626,\"commentCount\":0,\"publisher\":{\"@id\":\"https:\/\/cenal.gob.ve\/#organization\"},\"keywords\":[\"Bienales\"],\"articleSection\":[\"Cenal\"],\"inLanguage\":\"es\",\"potentialAction\":[{\"@type\":\"CommentAction\",\"name\":\"Comment\",\"target\":[\"https:\/\/cenal.gob.ve\/?p=1201#respond\"]}]},{\"@type\":\"WebPage\",\"@id\":\"https:\/\/cenal.gob.ve\/?p=1201\",\"url\":\"https:\/\/cenal.gob.ve\/?p=1201\",\"name\":\"Presentaron obras ganadoras de Bienales Nacionales de Literatura 2020\",\"isPartOf\":{\"@id\":\"https:\/\/cenal.gob.ve\/#website\"},\"datePublished\":\"2021-10-22T17:40:06+00:00\",\"dateModified\":\"2022-03-09T15:40:03+00:00\",\"breadcrumb\":{\"@id\":\"https:\/\/cenal.gob.ve\/?p=1201#breadcrumb\"},\"inLanguage\":\"es\",\"potentialAction\":[{\"@type\":\"ReadAction\",\"target\":[\"https:\/\/cenal.gob.ve\/?p=1201\"]}]},{\"@type\":\"BreadcrumbList\",\"@id\":\"https:\/\/cenal.gob.ve\/?p=1201#breadcrumb\",\"itemListElement\":[{\"@type\":\"ListItem\",\"position\":1,\"name\":\"Home\",\"item\":\"https:\/\/cenal.gob.ve\/\"},{\"@type\":\"ListItem\",\"position\":2,\"name\":\"Presentaron obras ganadoras de Bienales Nacionales de Literatura 2020\"}]},{\"@type\":\"WebSite\",\"@id\":\"https:\/\/cenal.gob.ve\/#website\",\"url\":\"https:\/\/cenal.gob.ve\/\",\"name\":\"Cenal\",\"description\":\"\",\"publisher\":{\"@id\":\"https:\/\/cenal.gob.ve\/#organization\"},\"potentialAction\":[{\"@type\":\"SearchAction\",\"target\":{\"@type\":\"EntryPoint\",\"urlTemplate\":\"https:\/\/cenal.gob.ve\/?s={search_term_string}\"},\"query-input\":\"required name=search_term_string\"}],\"inLanguage\":\"es\"},{\"@type\":\"Organization\",\"@id\":\"https:\/\/cenal.gob.ve\/#organization\",\"name\":\"CENAL\",\"url\":\"https:\/\/cenal.gob.ve\/\",\"sameAs\":[],\"logo\":{\"@type\":\"ImageObject\",\"inLanguage\":\"es\",\"@id\":\"https:\/\/cenal.gob.ve\/#\/schema\/logo\/image\/\",\"url\":\"https:\/\/i0.wp.com\/cenal.gob.ve\/wp-content\/uploads\/2022\/10\/cropped-images.jpg?fit=512%2C512\",\"contentUrl\":\"https:\/\/i0.wp.com\/cenal.gob.ve\/wp-content\/uploads\/2022\/10\/cropped-images.jpg?fit=512%2C512\",\"width\":512,\"height\":512,\"caption\":\"CENAL\"},\"image\":{\"@id\":\"https:\/\/cenal.gob.ve\/#\/schema\/logo\/image\/\"}},{\"@type\":\"Person\",\"@id\":\"https:\/\/cenal.gob.ve\/#\/schema\/person\/e3ed34623f400ffab8bc7a63b2f5533f\",\"name\":\"Prensa Cenal\",\"image\":{\"@type\":\"ImageObject\",\"inLanguage\":\"es\",\"@id\":\"https:\/\/cenal.gob.ve\/#\/schema\/person\/image\/\",\"url\":\"https:\/\/secure.gravatar.com\/avatar\/594b4ed34090910c619ac3679001d491?s=96&d=mm&r=g\",\"contentUrl\":\"https:\/\/secure.gravatar.com\/avatar\/594b4ed34090910c619ac3679001d491?s=96&d=mm&r=g\",\"caption\":\"Prensa Cenal\"},\"url\":\"https:\/\/cenal.gob.ve\/?author=10\"}]}<\/script>\n<!-- \/ Yoast SEO plugin. -->","yoast_head_json":{"title":"Presentaron obras ganadoras de Bienales Nacionales de Literatura 2020","robots":{"index":"index","follow":"follow","max-snippet":"max-snippet:-1","max-image-preview":"max-image-preview:large","max-video-preview":"max-video-preview:-1"},"canonical":"https:\/\/cenal.gob.ve\/?p=1201","og_locale":"es_ES","og_type":"article","og_title":"Presentaron obras ganadoras de Bienales Nacionales de Literatura 2020","og_description":"Este jueves 25 de noviembre se presentaron en versi\u00f3n impresa las obras ganadoras de las Bienales Nacionales de Literatura 2020 convocadas por el Ministerio del Poder Popular para la Cultura, [&hellip;]","og_url":"https:\/\/cenal.gob.ve\/?p=1201","og_site_name":"Cenal","article_published_time":"2021-10-22T17:40:06+00:00","article_modified_time":"2022-03-09T15:40:03+00:00","og_image":[{"width":800,"height":445,"url":"https:\/\/i0.wp.com\/cenal.gob.ve\/wp-content\/uploads\/2021\/10\/foto_portada_bienales_2020_cenal_libros-1-e1637868723107-800x445-1.jpeg?fit=800%2C445&ssl=1","type":"image\/jpeg"}],"author":"Prensa Cenal","twitter_card":"summary_large_image","twitter_misc":{"Written by":"Prensa Cenal","Est. reading time":"3 minutos"},"schema":{"@context":"https:\/\/schema.org","@graph":[{"@type":"Article","@id":"https:\/\/cenal.gob.ve\/?p=1201#article","isPartOf":{"@id":"https:\/\/cenal.gob.ve\/?p=1201"},"author":{"name":"Prensa Cenal","@id":"https:\/\/cenal.gob.ve\/#\/schema\/person\/e3ed34623f400ffab8bc7a63b2f5533f"},"headline":"Presentaron obras ganadoras de Bienales Nacionales de Literatura 2020","datePublished":"2021-10-22T17:40:06+00:00","dateModified":"2022-03-09T15:40:03+00:00","mainEntityOfPage":{"@id":"https:\/\/cenal.gob.ve\/?p=1201"},"wordCount":626,"commentCount":0,"publisher":{"@id":"https:\/\/cenal.gob.ve\/#organization"},"keywords":["Bienales"],"articleSection":["Cenal"],"inLanguage":"es","potentialAction":[{"@type":"CommentAction","name":"Comment","target":["https:\/\/cenal.gob.ve\/?p=1201#respond"]}]},{"@type":"WebPage","@id":"https:\/\/cenal.gob.ve\/?p=1201","url":"https:\/\/cenal.gob.ve\/?p=1201","name":"Presentaron obras ganadoras de Bienales Nacionales de Literatura 2020","isPartOf":{"@id":"https:\/\/cenal.gob.ve\/#website"},"datePublished":"2021-10-22T17:40:06+00:00","dateModified":"2022-03-09T15:40:03+00:00","breadcrumb":{"@id":"https:\/\/cenal.gob.ve\/?p=1201#breadcrumb"},"inLanguage":"es","potentialAction":[{"@type":"ReadAction","target":["https:\/\/cenal.gob.ve\/?p=1201"]}]},{"@type":"BreadcrumbList","@id":"https:\/\/cenal.gob.ve\/?p=1201#breadcrumb","itemListElement":[{"@type":"ListItem","position":1,"name":"Home","item":"https:\/\/cenal.gob.ve\/"},{"@type":"ListItem","position":2,"name":"Presentaron obras ganadoras de Bienales Nacionales de Literatura 2020"}]},{"@type":"WebSite","@id":"https:\/\/cenal.gob.ve\/#website","url":"https:\/\/cenal.gob.ve\/","name":"Cenal","description":"","publisher":{"@id":"https:\/\/cenal.gob.ve\/#organization"},"potentialAction":[{"@type":"SearchAction","target":{"@type":"EntryPoint","urlTemplate":"https:\/\/cenal.gob.ve\/?s={search_term_string}"},"query-input":"required name=search_term_string"}],"inLanguage":"es"},{"@type":"Organization","@id":"https:\/\/cenal.gob.ve\/#organization","name":"CENAL","url":"https:\/\/cenal.gob.ve\/","sameAs":[],"logo":{"@type":"ImageObject","inLanguage":"es","@id":"https:\/\/cenal.gob.ve\/#\/schema\/logo\/image\/","url":"https:\/\/i0.wp.com\/cenal.gob.ve\/wp-content\/uploads\/2022\/10\/cropped-images.jpg?fit=512%2C512","contentUrl":"https:\/\/i0.wp.com\/cenal.gob.ve\/wp-content\/uploads\/2022\/10\/cropped-images.jpg?fit=512%2C512","width":512,"height":512,"caption":"CENAL"},"image":{"@id":"https:\/\/cenal.gob.ve\/#\/schema\/logo\/image\/"}},{"@type":"Person","@id":"https:\/\/cenal.gob.ve\/#\/schema\/person\/e3ed34623f400ffab8bc7a63b2f5533f","name":"Prensa Cenal","image":{"@type":"ImageObject","inLanguage":"es","@id":"https:\/\/cenal.gob.ve\/#\/schema\/person\/image\/","url":"https:\/\/secure.gravatar.com\/avatar\/594b4ed34090910c619ac3679001d491?s=96&d=mm&r=g","contentUrl":"https:\/\/secure.gravatar.com\/avatar\/594b4ed34090910c619ac3679001d491?s=96&d=mm&r=g","caption":"Prensa Cenal"},"url":"https:\/\/cenal.gob.ve\/?author=10"}]}},"jetpack_featured_media_url":"https:\/\/cenal.gob.ve\/wp-content\/uploads\/2021\/10\/foto_portada_bienales_2020_cenal_libros-1-e1637868723107-800x445-1.jpeg","jetpack_publicize_connections":[],"jetpack_shortlink":"https:\/\/wp.me\/p5FMhp-jn","_links":{"self":[{"href":"https:\/\/cenal.gob.ve\/index.php?rest_route=\/wp\/v2\/posts\/1201"}],"collection":[{"href":"https:\/\/cenal.gob.ve\/index.php?rest_route=\/wp\/v2\/posts"}],"about":[{"href":"https:\/\/cenal.gob.ve\/index.php?rest_route=\/wp\/v2\/types\/post"}],"author":[{"embeddable":true,"href":"https:\/\/cenal.gob.ve\/index.php?rest_route=\/wp\/v2\/users\/10"}],"replies":[{"embeddable":true,"href":"https:\/\/cenal.gob.ve\/index.php?rest_route=%2Fwp%2Fv2%2Fcomments&post=1201"}],"version-history":[{"count":3,"href":"https:\/\/cenal.gob.ve\/index.php?rest_route=\/wp\/v2\/posts\/1201\/revisions"}],"predecessor-version":[{"id":1385,"href":"https:\/\/cenal.gob.ve\/index.php?rest_route=\/wp\/v2\/posts\/1201\/revisions\/1385"}],"wp:featuredmedia":[{"embeddable":true,"href":"https:\/\/cenal.gob.ve\/index.php?rest_route=\/wp\/v2\/media\/1386"}],"wp:attachment":[{"href":"https:\/\/cenal.gob.ve\/index.php?rest_route=%2Fwp%2Fv2%2Fmedia&parent=1201"}],"wp:term":[{"taxonomy":"category","embeddable":true,"href":"https:\/\/cenal.gob.ve\/index.php?rest_route=%2Fwp%2Fv2%2Fcategories&post=1201"},{"taxonomy":"post_tag","embeddable":true,"href":"https:\/\/cenal.gob.ve\/index.php?rest_route=%2Fwp%2Fv2%2Ftags&post=1201"}],"curies":[{"name":"wp","href":"https:\/\/api.w.org\/{rel}","templated":true}]}}