{"id":12529,"date":"2022-03-07T15:28:00","date_gmt":"2022-03-07T19:28:00","guid":{"rendered":"http:\/\/cenal.gob.ve\/?p=12529"},"modified":"2022-05-23T03:46:38","modified_gmt":"2022-05-23T07:46:38","slug":"carabobo-bajo-palabra","status":"publish","type":"post","link":"https:\/\/cenal.gob.ve\/?p=12529","title":{"rendered":"Carabobo bajo palabra"},"content":{"rendered":"\n<p>Bajo fuego se cruzaron los destinos de hombres y mujeres en aquel paraje donde, \u201ccon una espl\u00e9ndida victoria\u201d, se con\u00adform\u00f3 \u201cel nacimiento pol\u00edtico de la Rep\u00fablica de Colombia\u201d. Bajo palabra se fueron cruzando en el tiempo las voces de copleros y juglares, poetas y fabuladores, dramaturgos, cantores, documentalistas que han vuelto a Carabobo para nombrar la haza\u00f1a, la patria, la historia, a Bol\u00edvar y a su pueblo. Y en este libro, Earle Herrera cuenta y comenta lo que en ese viaje verbal ha nacido del ingenio de Andr\u00e9s Eloy Blanco, Rub\u00e9n Dar\u00edo, Jos\u00e9 Mart\u00ed, Vicente Gerbasi, Fernando Paz Castillo, Renny Ottolina, Al\u00ed Primera, C\u00e9sar Rengifo, Pablo Neruda, Arturo Uslar Pietri, entre otros creadores. Ese recorrido le permite a\u00adrmar al autor que \u201cCarabobo es palabra que en Venezuela y para los venezolanos y venezolanas de ayer, hoy y ma\u00f1ana, denota y signifi\u00adca libertad, soberan\u00eda, patria. Es \u00e9pica. Es drama. Es poes\u00eda. Canto y llanto. Independencia bajo palabra. Llama perenne que se aviva desde hace doscientos a\u00f1os. Verbo y letra. Letra y fuego vivo\u201d.<\/p>\n\n\n\n<p><strong>Earle Herrera<\/strong>. Periodista, poeta, ensayista, narrador, humorista, docente universitario y pol\u00edtico. Nacido en El Tigrito, Anzo\u00e1tegui, en 1949. En su prosa brillan la claridad, la elegancia y una inusual capacidad para la concisi\u00f3n. Esas cualidades, m\u00e1s su talento de investigador, le permitieron desarrollar una obra que supera la veintena de t\u00edtulos. Fue diputado a la Asamblea Nacional. Honrado en cuatro ocasiones con el Premio Nacional de Periodismo, recibi\u00f3 tambi\u00e9n el Premio Municipal de Literatura del Distrito Federal, menci\u00f3n Poes\u00eda; y Premio Conac de Narrativa. Entre sus libros se cuentan:\u00a0<em>A la muerte le gusta jugar con los espejos<\/em>\u00a0(1978),\u00a0<em>S\u00e1bado que nunca llega<\/em>\u00a0(1982),\u00a0<em>La magia de la cr\u00f3nica<\/em> (1987),\u00a0<em>El reportaje, el ensayo. De un g\u00e9nero a otro\u00a0(<\/em>1991),\u00a0<em>Ficci\u00f3n y realidad en el Caracazo: periodismo, literatura y violencia<\/em>\u00a0(2011). Muri\u00f3 en Caracas en 2021.\u00a0<\/p>\n\n\n\n<p><strong>Earle Herrera<\/strong><br><strong><em>Carabobo bajo palabra<\/em><\/strong><br>Colecci\u00f3n Bicentenario Carabobo 8<br>ISBN 978-980-7301-54-1<br>94 pp.<\/p>\n","protected":false},"excerpt":{"rendered":"<p>Bajo fuego se cruzaron los destinos de hombres y mujeres en aquel paraje donde, \u201ccon una espl\u00e9ndida victoria\u201d, se con\u00adform\u00f3 \u201cel nacimiento pol\u00edtico de la Rep\u00fablica de Colombia\u201d. Bajo palabra [&hellip;]<\/p>\n","protected":false},"author":10,"featured_media":12459,"comment_status":"open","ping_status":"closed","sticky":false,"template":"","format":"standard","meta":{"spay_email":"","jetpack_publicize_message":"","jetpack_is_tweetstorm":false,"jetpack_publicize_feature_enabled":true},"categories":[93,55],"tags":[139],"yoast_head":"<!-- This site is optimized with the Yoast SEO plugin v19.8 - https:\/\/yoast.com\/wordpress\/plugins\/seo\/ -->\n<title>Carabobo bajo palabra<\/title>\n<meta name=\"robots\" content=\"index, follow, max-snippet:-1, max-image-preview:large, max-video-preview:-1\" \/>\n<link rel=\"canonical\" href=\"https:\/\/cenal.gob.ve\/?p=12529\" \/>\n<meta property=\"og:locale\" content=\"es_ES\" \/>\n<meta property=\"og:type\" content=\"article\" \/>\n<meta property=\"og:title\" content=\"Carabobo bajo palabra\" \/>\n<meta property=\"og:description\" content=\"Bajo fuego se cruzaron los destinos de hombres y mujeres en aquel paraje donde, \u201ccon una espl\u00e9ndida victoria\u201d, se con\u00adform\u00f3 \u201cel nacimiento pol\u00edtico de la Rep\u00fablica de Colombia\u201d. Bajo palabra [&hellip;]\" \/>\n<meta property=\"og:url\" content=\"https:\/\/cenal.gob.ve\/?p=12529\" \/>\n<meta property=\"og:site_name\" content=\"Cenal\" \/>\n<meta property=\"article:published_time\" content=\"2022-03-07T19:28:00+00:00\" \/>\n<meta property=\"article:modified_time\" content=\"2022-05-23T07:46:38+00:00\" \/>\n<meta property=\"og:image\" content=\"https:\/\/i0.wp.com\/cenal.gob.ve\/wp-content\/uploads\/2022\/03\/Coleccion-Bicentenario-Carabobo-8-Herrera-Earle-Carabobo-bajo-palabra.jpeg?fit=1085%2C1607&ssl=1\" \/>\n\t<meta property=\"og:image:width\" content=\"1085\" \/>\n\t<meta property=\"og:image:height\" content=\"1607\" \/>\n\t<meta property=\"og:image:type\" content=\"image\/jpeg\" \/>\n<meta name=\"author\" content=\"Prensa Cenal\" \/>\n<meta name=\"twitter:card\" content=\"summary_large_image\" \/>\n<meta name=\"twitter:label1\" content=\"Written by\" \/>\n\t<meta name=\"twitter:data1\" content=\"Prensa Cenal\" \/>\n\t<meta name=\"twitter:label2\" content=\"Est. reading time\" \/>\n\t<meta name=\"twitter:data2\" content=\"2 minutos\" \/>\n<script type=\"application\/ld+json\" class=\"yoast-schema-graph\">{\"@context\":\"https:\/\/schema.org\",\"@graph\":[{\"@type\":\"Article\",\"@id\":\"https:\/\/cenal.gob.ve\/?p=12529#article\",\"isPartOf\":{\"@id\":\"https:\/\/cenal.gob.ve\/?p=12529\"},\"author\":{\"name\":\"Prensa Cenal\",\"@id\":\"https:\/\/cenal.gob.ve\/#\/schema\/person\/e3ed34623f400ffab8bc7a63b2f5533f\"},\"headline\":\"Carabobo bajo palabra\",\"datePublished\":\"2022-03-07T19:28:00+00:00\",\"dateModified\":\"2022-05-23T07:46:38+00:00\",\"mainEntityOfPage\":{\"@id\":\"https:\/\/cenal.gob.ve\/?p=12529\"},\"wordCount\":345,\"commentCount\":0,\"publisher\":{\"@id\":\"https:\/\/cenal.gob.ve\/#organization\"},\"keywords\":[\"Earle Herrera\"],\"articleSection\":[\"Bicentenario Carabobo\",\"Libros\"],\"inLanguage\":\"es\",\"potentialAction\":[{\"@type\":\"CommentAction\",\"name\":\"Comment\",\"target\":[\"https:\/\/cenal.gob.ve\/?p=12529#respond\"]}]},{\"@type\":\"WebPage\",\"@id\":\"https:\/\/cenal.gob.ve\/?p=12529\",\"url\":\"https:\/\/cenal.gob.ve\/?p=12529\",\"name\":\"Carabobo bajo palabra\",\"isPartOf\":{\"@id\":\"https:\/\/cenal.gob.ve\/#website\"},\"datePublished\":\"2022-03-07T19:28:00+00:00\",\"dateModified\":\"2022-05-23T07:46:38+00:00\",\"breadcrumb\":{\"@id\":\"https:\/\/cenal.gob.ve\/?p=12529#breadcrumb\"},\"inLanguage\":\"es\",\"potentialAction\":[{\"@type\":\"ReadAction\",\"target\":[\"https:\/\/cenal.gob.ve\/?p=12529\"]}]},{\"@type\":\"BreadcrumbList\",\"@id\":\"https:\/\/cenal.gob.ve\/?p=12529#breadcrumb\",\"itemListElement\":[{\"@type\":\"ListItem\",\"position\":1,\"name\":\"Home\",\"item\":\"https:\/\/cenal.gob.ve\/\"},{\"@type\":\"ListItem\",\"position\":2,\"name\":\"Carabobo bajo palabra\"}]},{\"@type\":\"WebSite\",\"@id\":\"https:\/\/cenal.gob.ve\/#website\",\"url\":\"https:\/\/cenal.gob.ve\/\",\"name\":\"Cenal\",\"description\":\"\",\"publisher\":{\"@id\":\"https:\/\/cenal.gob.ve\/#organization\"},\"potentialAction\":[{\"@type\":\"SearchAction\",\"target\":{\"@type\":\"EntryPoint\",\"urlTemplate\":\"https:\/\/cenal.gob.ve\/?s={search_term_string}\"},\"query-input\":\"required name=search_term_string\"}],\"inLanguage\":\"es\"},{\"@type\":\"Organization\",\"@id\":\"https:\/\/cenal.gob.ve\/#organization\",\"name\":\"CENAL\",\"url\":\"https:\/\/cenal.gob.ve\/\",\"sameAs\":[],\"logo\":{\"@type\":\"ImageObject\",\"inLanguage\":\"es\",\"@id\":\"https:\/\/cenal.gob.ve\/#\/schema\/logo\/image\/\",\"url\":\"https:\/\/i0.wp.com\/cenal.gob.ve\/wp-content\/uploads\/2022\/10\/cropped-images.jpg?fit=512%2C512\",\"contentUrl\":\"https:\/\/i0.wp.com\/cenal.gob.ve\/wp-content\/uploads\/2022\/10\/cropped-images.jpg?fit=512%2C512\",\"width\":512,\"height\":512,\"caption\":\"CENAL\"},\"image\":{\"@id\":\"https:\/\/cenal.gob.ve\/#\/schema\/logo\/image\/\"}},{\"@type\":\"Person\",\"@id\":\"https:\/\/cenal.gob.ve\/#\/schema\/person\/e3ed34623f400ffab8bc7a63b2f5533f\",\"name\":\"Prensa Cenal\",\"image\":{\"@type\":\"ImageObject\",\"inLanguage\":\"es\",\"@id\":\"https:\/\/cenal.gob.ve\/#\/schema\/person\/image\/\",\"url\":\"https:\/\/secure.gravatar.com\/avatar\/594b4ed34090910c619ac3679001d491?s=96&d=mm&r=g\",\"contentUrl\":\"https:\/\/secure.gravatar.com\/avatar\/594b4ed34090910c619ac3679001d491?s=96&d=mm&r=g\",\"caption\":\"Prensa Cenal\"},\"url\":\"https:\/\/cenal.gob.ve\/?author=10\"}]}<\/script>\n<!-- \/ Yoast SEO plugin. -->","yoast_head_json":{"title":"Carabobo bajo palabra","robots":{"index":"index","follow":"follow","max-snippet":"max-snippet:-1","max-image-preview":"max-image-preview:large","max-video-preview":"max-video-preview:-1"},"canonical":"https:\/\/cenal.gob.ve\/?p=12529","og_locale":"es_ES","og_type":"article","og_title":"Carabobo bajo palabra","og_description":"Bajo fuego se cruzaron los destinos de hombres y mujeres en aquel paraje donde, \u201ccon una espl\u00e9ndida victoria\u201d, se con\u00adform\u00f3 \u201cel nacimiento pol\u00edtico de la Rep\u00fablica de Colombia\u201d. Bajo palabra [&hellip;]","og_url":"https:\/\/cenal.gob.ve\/?p=12529","og_site_name":"Cenal","article_published_time":"2022-03-07T19:28:00+00:00","article_modified_time":"2022-05-23T07:46:38+00:00","og_image":[{"width":1085,"height":1607,"url":"https:\/\/i0.wp.com\/cenal.gob.ve\/wp-content\/uploads\/2022\/03\/Coleccion-Bicentenario-Carabobo-8-Herrera-Earle-Carabobo-bajo-palabra.jpeg?fit=1085%2C1607&ssl=1","type":"image\/jpeg"}],"author":"Prensa Cenal","twitter_card":"summary_large_image","twitter_misc":{"Written by":"Prensa Cenal","Est. reading time":"2 minutos"},"schema":{"@context":"https:\/\/schema.org","@graph":[{"@type":"Article","@id":"https:\/\/cenal.gob.ve\/?p=12529#article","isPartOf":{"@id":"https:\/\/cenal.gob.ve\/?p=12529"},"author":{"name":"Prensa Cenal","@id":"https:\/\/cenal.gob.ve\/#\/schema\/person\/e3ed34623f400ffab8bc7a63b2f5533f"},"headline":"Carabobo bajo palabra","datePublished":"2022-03-07T19:28:00+00:00","dateModified":"2022-05-23T07:46:38+00:00","mainEntityOfPage":{"@id":"https:\/\/cenal.gob.ve\/?p=12529"},"wordCount":345,"commentCount":0,"publisher":{"@id":"https:\/\/cenal.gob.ve\/#organization"},"keywords":["Earle Herrera"],"articleSection":["Bicentenario Carabobo","Libros"],"inLanguage":"es","potentialAction":[{"@type":"CommentAction","name":"Comment","target":["https:\/\/cenal.gob.ve\/?p=12529#respond"]}]},{"@type":"WebPage","@id":"https:\/\/cenal.gob.ve\/?p=12529","url":"https:\/\/cenal.gob.ve\/?p=12529","name":"Carabobo bajo palabra","isPartOf":{"@id":"https:\/\/cenal.gob.ve\/#website"},"datePublished":"2022-03-07T19:28:00+00:00","dateModified":"2022-05-23T07:46:38+00:00","breadcrumb":{"@id":"https:\/\/cenal.gob.ve\/?p=12529#breadcrumb"},"inLanguage":"es","potentialAction":[{"@type":"ReadAction","target":["https:\/\/cenal.gob.ve\/?p=12529"]}]},{"@type":"BreadcrumbList","@id":"https:\/\/cenal.gob.ve\/?p=12529#breadcrumb","itemListElement":[{"@type":"ListItem","position":1,"name":"Home","item":"https:\/\/cenal.gob.ve\/"},{"@type":"ListItem","position":2,"name":"Carabobo bajo palabra"}]},{"@type":"WebSite","@id":"https:\/\/cenal.gob.ve\/#website","url":"https:\/\/cenal.gob.ve\/","name":"Cenal","description":"","publisher":{"@id":"https:\/\/cenal.gob.ve\/#organization"},"potentialAction":[{"@type":"SearchAction","target":{"@type":"EntryPoint","urlTemplate":"https:\/\/cenal.gob.ve\/?s={search_term_string}"},"query-input":"required name=search_term_string"}],"inLanguage":"es"},{"@type":"Organization","@id":"https:\/\/cenal.gob.ve\/#organization","name":"CENAL","url":"https:\/\/cenal.gob.ve\/","sameAs":[],"logo":{"@type":"ImageObject","inLanguage":"es","@id":"https:\/\/cenal.gob.ve\/#\/schema\/logo\/image\/","url":"https:\/\/i0.wp.com\/cenal.gob.ve\/wp-content\/uploads\/2022\/10\/cropped-images.jpg?fit=512%2C512","contentUrl":"https:\/\/i0.wp.com\/cenal.gob.ve\/wp-content\/uploads\/2022\/10\/cropped-images.jpg?fit=512%2C512","width":512,"height":512,"caption":"CENAL"},"image":{"@id":"https:\/\/cenal.gob.ve\/#\/schema\/logo\/image\/"}},{"@type":"Person","@id":"https:\/\/cenal.gob.ve\/#\/schema\/person\/e3ed34623f400ffab8bc7a63b2f5533f","name":"Prensa Cenal","image":{"@type":"ImageObject","inLanguage":"es","@id":"https:\/\/cenal.gob.ve\/#\/schema\/person\/image\/","url":"https:\/\/secure.gravatar.com\/avatar\/594b4ed34090910c619ac3679001d491?s=96&d=mm&r=g","contentUrl":"https:\/\/secure.gravatar.com\/avatar\/594b4ed34090910c619ac3679001d491?s=96&d=mm&r=g","caption":"Prensa Cenal"},"url":"https:\/\/cenal.gob.ve\/?author=10"}]}},"jetpack_featured_media_url":"https:\/\/cenal.gob.ve\/wp-content\/uploads\/2022\/03\/Coleccion-Bicentenario-Carabobo-8-Herrera-Earle-Carabobo-bajo-palabra.jpeg","jetpack_publicize_connections":[],"jetpack_shortlink":"https:\/\/wp.me\/p5FMhp-3g5","_links":{"self":[{"href":"https:\/\/cenal.gob.ve\/index.php?rest_route=\/wp\/v2\/posts\/12529"}],"collection":[{"href":"https:\/\/cenal.gob.ve\/index.php?rest_route=\/wp\/v2\/posts"}],"about":[{"href":"https:\/\/cenal.gob.ve\/index.php?rest_route=\/wp\/v2\/types\/post"}],"author":[{"embeddable":true,"href":"https:\/\/cenal.gob.ve\/index.php?rest_route=\/wp\/v2\/users\/10"}],"replies":[{"embeddable":true,"href":"https:\/\/cenal.gob.ve\/index.php?rest_route=%2Fwp%2Fv2%2Fcomments&post=12529"}],"version-history":[{"count":11,"href":"https:\/\/cenal.gob.ve\/index.php?rest_route=\/wp\/v2\/posts\/12529\/revisions"}],"predecessor-version":[{"id":16632,"href":"https:\/\/cenal.gob.ve\/index.php?rest_route=\/wp\/v2\/posts\/12529\/revisions\/16632"}],"wp:featuredmedia":[{"embeddable":true,"href":"https:\/\/cenal.gob.ve\/index.php?rest_route=\/wp\/v2\/media\/12459"}],"wp:attachment":[{"href":"https:\/\/cenal.gob.ve\/index.php?rest_route=%2Fwp%2Fv2%2Fmedia&parent=12529"}],"wp:term":[{"taxonomy":"category","embeddable":true,"href":"https:\/\/cenal.gob.ve\/index.php?rest_route=%2Fwp%2Fv2%2Fcategories&post=12529"},{"taxonomy":"post_tag","embeddable":true,"href":"https:\/\/cenal.gob.ve\/index.php?rest_route=%2Fwp%2Fv2%2Ftags&post=12529"}],"curies":[{"name":"wp","href":"https:\/\/api.w.org\/{rel}","templated":true}]}}