{"id":12531,"date":"2022-03-07T15:28:00","date_gmt":"2022-03-07T19:28:00","guid":{"rendered":"http:\/\/cenal.gob.ve\/?p=12531"},"modified":"2022-04-13T07:43:03","modified_gmt":"2022-04-13T11:43:03","slug":"el-triunfo-de-la-libertad","status":"publish","type":"post","link":"https:\/\/cenal.gob.ve\/?p=12531","title":{"rendered":"El triunfo de la libertad"},"content":{"rendered":"\n<p>Escrito en calabozos espa\u00f1oles, y publicado en Filadel\u00adfia en 1817, este libro busca darle sustento teol\u00f3gico-pol\u00edtico a la Independencia mediante una lectura liberal y liberadora de la Biblia. La monarqu\u00eda sosten\u00eda que su dominio ten\u00eda origen divino y que al r\u00e9gimen colonial se le deb\u00eda la misma obediencia que a Dios. A esto responde Roscio con una lectura de las Escrituras que demuestra lo contrario: que estas abogan por la soberan\u00eda de los pueblos, que de\u00adfienden la libertad frente al \u201cabuso de los que gobiernan con mando absoluto y su pretendida impunidad\u201d, que legitiman la igualdad, la resistencia a la obediencia ciega y a los tributos arbitrarios, y cuestionan la intromisi\u00f3n de la Iglesia en la pol\u00edtica. Y todo esto bajo la forma de la confesi\u00f3n: \u201cPequ\u00e9, Se\u00f1or, contra ti y contra el g\u00e9nero humano, mientras yo segu\u00eda las banderas del despotismo\u201d, expresa Roscio. Y se\u00f1ala que su pecado era mayor porque se serv\u00eda de la palabra de Dios \u201ccomo si ella se hubiese escrito y transmitido a los mortales para cargarlos de cadenas, para remachar y bendecir los hierros de su esclavitud\u201d.<\/p>\n\n\n\n<p><strong>Juan Germ\u00e1n Roscio<\/strong>&nbsp;Abogado, jurista e ide\u00f3logo de la Independencia, fue uno de los cerebros del 19 de Abril de 1810, miembro del triunvirato que gobern\u00f3 la Primera Rep\u00fablica, corredactor del Acta de la Declaraci\u00f3n de Independencia y de la Constituci\u00f3n de 1811. Desterrado y encarcelado en Espa\u00f1a en 1812, se fug\u00f3 en 1814, pas\u00f3 a Estados Unidos en 1815 y regres\u00f3 a Venezuela en 1818. Fue redactor principal del&nbsp;<em>Correo del Orinoco<\/em>, presidente del Congreso de Angostura, vicepresidente del Departamento de Venezuela y vicepresidente de Colombia. Es autor tambi\u00e9n de&nbsp;<em>El mani\u00adfiesto que hace al mundo la Confederaci\u00f3n Americana de Venezuela<\/em>&nbsp;(1811) y&nbsp;<em>El patriotismo de Nirgua y abuso de los reyes<\/em>&nbsp;(1811).<\/p>\n\n\n\n<p><strong>Juan Germ\u00e1n Roscio<\/strong><br><strong><em>El triunfo de la libertad sobre el despotismo\u00a0<\/em><\/strong><br>Colecci\u00f3n Bicentenario Carabobo 10<br>ISBN 978-980-7301-69-5<br>404 pp.<\/p>\n","protected":false},"excerpt":{"rendered":"<p>Escrito en calabozos espa\u00f1oles, y publicado en Filadel\u00adfia en 1817, este libro busca darle sustento teol\u00f3gico-pol\u00edtico a la Independencia mediante una lectura liberal y liberadora de la Biblia. La monarqu\u00eda [&hellip;]<\/p>\n","protected":false},"author":10,"featured_media":12468,"comment_status":"open","ping_status":"closed","sticky":false,"template":"","format":"standard","meta":{"spay_email":"","jetpack_publicize_message":"","jetpack_is_tweetstorm":false,"jetpack_publicize_feature_enabled":true},"categories":[93,55],"tags":[],"yoast_head":"<!-- This site is optimized with the Yoast SEO plugin v19.8 - https:\/\/yoast.com\/wordpress\/plugins\/seo\/ -->\n<title>El triunfo de la libertad<\/title>\n<meta name=\"robots\" content=\"index, follow, max-snippet:-1, max-image-preview:large, max-video-preview:-1\" \/>\n<link rel=\"canonical\" href=\"https:\/\/cenal.gob.ve\/?p=12531\" \/>\n<meta property=\"og:locale\" content=\"es_ES\" \/>\n<meta property=\"og:type\" content=\"article\" \/>\n<meta property=\"og:title\" content=\"El triunfo de la libertad\" \/>\n<meta property=\"og:description\" content=\"Escrito en calabozos espa\u00f1oles, y publicado en Filadel\u00adfia en 1817, este libro busca darle sustento teol\u00f3gico-pol\u00edtico a la Independencia mediante una lectura liberal y liberadora de la Biblia. La monarqu\u00eda [&hellip;]\" \/>\n<meta property=\"og:url\" content=\"https:\/\/cenal.gob.ve\/?p=12531\" \/>\n<meta property=\"og:site_name\" content=\"Cenal\" \/>\n<meta property=\"article:published_time\" content=\"2022-03-07T19:28:00+00:00\" \/>\n<meta property=\"article:modified_time\" content=\"2022-04-13T11:43:03+00:00\" \/>\n<meta property=\"og:image\" content=\"https:\/\/i0.wp.com\/cenal.gob.ve\/wp-content\/uploads\/2022\/03\/Coleccion-Bicentenario-Carabobo-10-Roscio-Juan-German-El-triunfo-de-la-libertad.jpeg?fit=1088%2C1634&ssl=1\" \/>\n\t<meta property=\"og:image:width\" content=\"1088\" \/>\n\t<meta property=\"og:image:height\" content=\"1634\" \/>\n\t<meta property=\"og:image:type\" content=\"image\/jpeg\" \/>\n<meta name=\"author\" content=\"Prensa Cenal\" \/>\n<meta name=\"twitter:card\" content=\"summary_large_image\" \/>\n<meta name=\"twitter:label1\" content=\"Written by\" \/>\n\t<meta name=\"twitter:data1\" content=\"Prensa Cenal\" \/>\n\t<meta name=\"twitter:label2\" content=\"Est. reading time\" \/>\n\t<meta name=\"twitter:data2\" content=\"2 minutos\" \/>\n<script type=\"application\/ld+json\" class=\"yoast-schema-graph\">{\"@context\":\"https:\/\/schema.org\",\"@graph\":[{\"@type\":\"Article\",\"@id\":\"https:\/\/cenal.gob.ve\/?p=12531#article\",\"isPartOf\":{\"@id\":\"https:\/\/cenal.gob.ve\/?p=12531\"},\"author\":{\"name\":\"Prensa Cenal\",\"@id\":\"https:\/\/cenal.gob.ve\/#\/schema\/person\/e3ed34623f400ffab8bc7a63b2f5533f\"},\"headline\":\"El triunfo de la libertad\",\"datePublished\":\"2022-03-07T19:28:00+00:00\",\"dateModified\":\"2022-04-13T11:43:03+00:00\",\"mainEntityOfPage\":{\"@id\":\"https:\/\/cenal.gob.ve\/?p=12531\"},\"wordCount\":347,\"commentCount\":0,\"publisher\":{\"@id\":\"https:\/\/cenal.gob.ve\/#organization\"},\"articleSection\":[\"Bicentenario Carabobo\",\"Libros\"],\"inLanguage\":\"es\",\"potentialAction\":[{\"@type\":\"CommentAction\",\"name\":\"Comment\",\"target\":[\"https:\/\/cenal.gob.ve\/?p=12531#respond\"]}]},{\"@type\":\"WebPage\",\"@id\":\"https:\/\/cenal.gob.ve\/?p=12531\",\"url\":\"https:\/\/cenal.gob.ve\/?p=12531\",\"name\":\"El triunfo de la libertad\",\"isPartOf\":{\"@id\":\"https:\/\/cenal.gob.ve\/#website\"},\"datePublished\":\"2022-03-07T19:28:00+00:00\",\"dateModified\":\"2022-04-13T11:43:03+00:00\",\"breadcrumb\":{\"@id\":\"https:\/\/cenal.gob.ve\/?p=12531#breadcrumb\"},\"inLanguage\":\"es\",\"potentialAction\":[{\"@type\":\"ReadAction\",\"target\":[\"https:\/\/cenal.gob.ve\/?p=12531\"]}]},{\"@type\":\"BreadcrumbList\",\"@id\":\"https:\/\/cenal.gob.ve\/?p=12531#breadcrumb\",\"itemListElement\":[{\"@type\":\"ListItem\",\"position\":1,\"name\":\"Home\",\"item\":\"https:\/\/cenal.gob.ve\/\"},{\"@type\":\"ListItem\",\"position\":2,\"name\":\"El triunfo de la libertad\"}]},{\"@type\":\"WebSite\",\"@id\":\"https:\/\/cenal.gob.ve\/#website\",\"url\":\"https:\/\/cenal.gob.ve\/\",\"name\":\"Cenal\",\"description\":\"\",\"publisher\":{\"@id\":\"https:\/\/cenal.gob.ve\/#organization\"},\"potentialAction\":[{\"@type\":\"SearchAction\",\"target\":{\"@type\":\"EntryPoint\",\"urlTemplate\":\"https:\/\/cenal.gob.ve\/?s={search_term_string}\"},\"query-input\":\"required name=search_term_string\"}],\"inLanguage\":\"es\"},{\"@type\":\"Organization\",\"@id\":\"https:\/\/cenal.gob.ve\/#organization\",\"name\":\"CENAL\",\"url\":\"https:\/\/cenal.gob.ve\/\",\"sameAs\":[],\"logo\":{\"@type\":\"ImageObject\",\"inLanguage\":\"es\",\"@id\":\"https:\/\/cenal.gob.ve\/#\/schema\/logo\/image\/\",\"url\":\"https:\/\/i0.wp.com\/cenal.gob.ve\/wp-content\/uploads\/2022\/10\/cropped-images.jpg?fit=512%2C512\",\"contentUrl\":\"https:\/\/i0.wp.com\/cenal.gob.ve\/wp-content\/uploads\/2022\/10\/cropped-images.jpg?fit=512%2C512\",\"width\":512,\"height\":512,\"caption\":\"CENAL\"},\"image\":{\"@id\":\"https:\/\/cenal.gob.ve\/#\/schema\/logo\/image\/\"}},{\"@type\":\"Person\",\"@id\":\"https:\/\/cenal.gob.ve\/#\/schema\/person\/e3ed34623f400ffab8bc7a63b2f5533f\",\"name\":\"Prensa Cenal\",\"image\":{\"@type\":\"ImageObject\",\"inLanguage\":\"es\",\"@id\":\"https:\/\/cenal.gob.ve\/#\/schema\/person\/image\/\",\"url\":\"https:\/\/secure.gravatar.com\/avatar\/594b4ed34090910c619ac3679001d491?s=96&d=mm&r=g\",\"contentUrl\":\"https:\/\/secure.gravatar.com\/avatar\/594b4ed34090910c619ac3679001d491?s=96&d=mm&r=g\",\"caption\":\"Prensa Cenal\"},\"url\":\"https:\/\/cenal.gob.ve\/?author=10\"}]}<\/script>\n<!-- \/ Yoast SEO plugin. -->","yoast_head_json":{"title":"El triunfo de la libertad","robots":{"index":"index","follow":"follow","max-snippet":"max-snippet:-1","max-image-preview":"max-image-preview:large","max-video-preview":"max-video-preview:-1"},"canonical":"https:\/\/cenal.gob.ve\/?p=12531","og_locale":"es_ES","og_type":"article","og_title":"El triunfo de la libertad","og_description":"Escrito en calabozos espa\u00f1oles, y publicado en Filadel\u00adfia en 1817, este libro busca darle sustento teol\u00f3gico-pol\u00edtico a la Independencia mediante una lectura liberal y liberadora de la Biblia. La monarqu\u00eda [&hellip;]","og_url":"https:\/\/cenal.gob.ve\/?p=12531","og_site_name":"Cenal","article_published_time":"2022-03-07T19:28:00+00:00","article_modified_time":"2022-04-13T11:43:03+00:00","og_image":[{"width":1088,"height":1634,"url":"https:\/\/i0.wp.com\/cenal.gob.ve\/wp-content\/uploads\/2022\/03\/Coleccion-Bicentenario-Carabobo-10-Roscio-Juan-German-El-triunfo-de-la-libertad.jpeg?fit=1088%2C1634&ssl=1","type":"image\/jpeg"}],"author":"Prensa Cenal","twitter_card":"summary_large_image","twitter_misc":{"Written by":"Prensa Cenal","Est. reading time":"2 minutos"},"schema":{"@context":"https:\/\/schema.org","@graph":[{"@type":"Article","@id":"https:\/\/cenal.gob.ve\/?p=12531#article","isPartOf":{"@id":"https:\/\/cenal.gob.ve\/?p=12531"},"author":{"name":"Prensa Cenal","@id":"https:\/\/cenal.gob.ve\/#\/schema\/person\/e3ed34623f400ffab8bc7a63b2f5533f"},"headline":"El triunfo de la libertad","datePublished":"2022-03-07T19:28:00+00:00","dateModified":"2022-04-13T11:43:03+00:00","mainEntityOfPage":{"@id":"https:\/\/cenal.gob.ve\/?p=12531"},"wordCount":347,"commentCount":0,"publisher":{"@id":"https:\/\/cenal.gob.ve\/#organization"},"articleSection":["Bicentenario Carabobo","Libros"],"inLanguage":"es","potentialAction":[{"@type":"CommentAction","name":"Comment","target":["https:\/\/cenal.gob.ve\/?p=12531#respond"]}]},{"@type":"WebPage","@id":"https:\/\/cenal.gob.ve\/?p=12531","url":"https:\/\/cenal.gob.ve\/?p=12531","name":"El triunfo de la libertad","isPartOf":{"@id":"https:\/\/cenal.gob.ve\/#website"},"datePublished":"2022-03-07T19:28:00+00:00","dateModified":"2022-04-13T11:43:03+00:00","breadcrumb":{"@id":"https:\/\/cenal.gob.ve\/?p=12531#breadcrumb"},"inLanguage":"es","potentialAction":[{"@type":"ReadAction","target":["https:\/\/cenal.gob.ve\/?p=12531"]}]},{"@type":"BreadcrumbList","@id":"https:\/\/cenal.gob.ve\/?p=12531#breadcrumb","itemListElement":[{"@type":"ListItem","position":1,"name":"Home","item":"https:\/\/cenal.gob.ve\/"},{"@type":"ListItem","position":2,"name":"El triunfo de la libertad"}]},{"@type":"WebSite","@id":"https:\/\/cenal.gob.ve\/#website","url":"https:\/\/cenal.gob.ve\/","name":"Cenal","description":"","publisher":{"@id":"https:\/\/cenal.gob.ve\/#organization"},"potentialAction":[{"@type":"SearchAction","target":{"@type":"EntryPoint","urlTemplate":"https:\/\/cenal.gob.ve\/?s={search_term_string}"},"query-input":"required name=search_term_string"}],"inLanguage":"es"},{"@type":"Organization","@id":"https:\/\/cenal.gob.ve\/#organization","name":"CENAL","url":"https:\/\/cenal.gob.ve\/","sameAs":[],"logo":{"@type":"ImageObject","inLanguage":"es","@id":"https:\/\/cenal.gob.ve\/#\/schema\/logo\/image\/","url":"https:\/\/i0.wp.com\/cenal.gob.ve\/wp-content\/uploads\/2022\/10\/cropped-images.jpg?fit=512%2C512","contentUrl":"https:\/\/i0.wp.com\/cenal.gob.ve\/wp-content\/uploads\/2022\/10\/cropped-images.jpg?fit=512%2C512","width":512,"height":512,"caption":"CENAL"},"image":{"@id":"https:\/\/cenal.gob.ve\/#\/schema\/logo\/image\/"}},{"@type":"Person","@id":"https:\/\/cenal.gob.ve\/#\/schema\/person\/e3ed34623f400ffab8bc7a63b2f5533f","name":"Prensa Cenal","image":{"@type":"ImageObject","inLanguage":"es","@id":"https:\/\/cenal.gob.ve\/#\/schema\/person\/image\/","url":"https:\/\/secure.gravatar.com\/avatar\/594b4ed34090910c619ac3679001d491?s=96&d=mm&r=g","contentUrl":"https:\/\/secure.gravatar.com\/avatar\/594b4ed34090910c619ac3679001d491?s=96&d=mm&r=g","caption":"Prensa Cenal"},"url":"https:\/\/cenal.gob.ve\/?author=10"}]}},"jetpack_featured_media_url":"https:\/\/cenal.gob.ve\/wp-content\/uploads\/2022\/03\/Coleccion-Bicentenario-Carabobo-10-Roscio-Juan-German-El-triunfo-de-la-libertad.jpeg","jetpack_publicize_connections":[],"jetpack_shortlink":"https:\/\/wp.me\/p5FMhp-3g7","_links":{"self":[{"href":"https:\/\/cenal.gob.ve\/index.php?rest_route=\/wp\/v2\/posts\/12531"}],"collection":[{"href":"https:\/\/cenal.gob.ve\/index.php?rest_route=\/wp\/v2\/posts"}],"about":[{"href":"https:\/\/cenal.gob.ve\/index.php?rest_route=\/wp\/v2\/types\/post"}],"author":[{"embeddable":true,"href":"https:\/\/cenal.gob.ve\/index.php?rest_route=\/wp\/v2\/users\/10"}],"replies":[{"embeddable":true,"href":"https:\/\/cenal.gob.ve\/index.php?rest_route=%2Fwp%2Fv2%2Fcomments&post=12531"}],"version-history":[{"count":5,"href":"https:\/\/cenal.gob.ve\/index.php?rest_route=\/wp\/v2\/posts\/12531\/revisions"}],"predecessor-version":[{"id":16026,"href":"https:\/\/cenal.gob.ve\/index.php?rest_route=\/wp\/v2\/posts\/12531\/revisions\/16026"}],"wp:featuredmedia":[{"embeddable":true,"href":"https:\/\/cenal.gob.ve\/index.php?rest_route=\/wp\/v2\/media\/12468"}],"wp:attachment":[{"href":"https:\/\/cenal.gob.ve\/index.php?rest_route=%2Fwp%2Fv2%2Fmedia&parent=12531"}],"wp:term":[{"taxonomy":"category","embeddable":true,"href":"https:\/\/cenal.gob.ve\/index.php?rest_route=%2Fwp%2Fv2%2Fcategories&post=12531"},{"taxonomy":"post_tag","embeddable":true,"href":"https:\/\/cenal.gob.ve\/index.php?rest_route=%2Fwp%2Fv2%2Ftags&post=12531"}],"curies":[{"name":"wp","href":"https:\/\/api.w.org\/{rel}","templated":true}]}}