{"id":12532,"date":"2022-03-07T15:28:00","date_gmt":"2022-03-07T19:28:00","guid":{"rendered":"http:\/\/cenal.gob.ve\/?p=12532"},"modified":"2022-04-13T07:44:36","modified_gmt":"2022-04-13T11:44:36","slug":"el-vuelo-del-alcatraz","status":"publish","type":"post","link":"https:\/\/cenal.gob.ve\/?p=12532","title":{"rendered":"El vuelo del alcatraz"},"content":{"rendered":"\n<p>En el campo de batalla, Bol\u00edvar despliega su genio y una extrema habilidad para convocar a aquellos hombres que conformar\u00edan el Alto Mando del Ej\u00e9rcito Libertador. Sin embargo, las pugnas internas son m\u00e1s dif\u00edciles de ganar cuando en su entorno predominan las conjuras, la infidencia y la envidia. Ya sea entre los c\u00edrculos liderados por Francisco de Paula Santander, por Jos\u00e9 Antonio P\u00e1ez o por algunos representantes de la clase conservadora, los resentimientos y los intereses de poder alimentan conspiraciones y debilitan lealtades. Y en el centro de esa compleja trama est\u00e1 la discordia por el proyecto de la Gran Colombia. Es por boca de Jos\u00e9 Palacios, su mayordomo, que apreciaremos el alto vuelo intelectual, estrat\u00e9gico y militar del Libertador, desde el fusilamiento de Piar en 1817 hasta el triunfo en la Batalla de Carabobo en 1821. Palacios reafirma que este vuelo no permiti\u00f3 ver la roca que se estaba creando a su alrededor y que en la sutil analog\u00eda del alcatraz terminar\u00e1 por estrellarse contra el mar. Comienzo y fin persiste en un mismo a\u00f1o, la crisis de 1826, cuando las rivalidades entre Santander y P\u00e1ez son insoslayables.<\/p>\n\n\n\n<p><strong>Francisco Herrera Luque\u00a0<\/strong>(1927-1991).<strong>\u00a0<\/strong>Psiquiatra, docente, historiador, diplom\u00e1tico y narrador. Cofundador de la C\u00e1tedra de Psiquiatr\u00eda de la UCV y de la Sala de Psiquiatr\u00eda de la Cruz Roja, individuo de n\u00famero de la Sociedad de Historia de la Medicina. Uno de los narradores m\u00e1s le\u00eddos en Latinoam\u00e9rica a ra\u00edz de la aparici\u00f3n de\u00a0<em>Boves, el Urogallo<\/em>(1972), propuesta que revitaliza el g\u00e9nero de la novela hist\u00f3rica. Entre sus obras se cuentan\u00a0<em>En la casa del pez que escupe el agua<\/em>\u00a0(1975),\u00a0<em>La luna de Fausto<\/em>\u00a0(1983),\u00a0<em>Manuel Piar, caudillo de dos colores<\/em>\u00a0(1987) y\u00a0<em>Los cuatro reyes de la baraja<\/em> (1991).<\/p>\n\n\n\n<p><strong>Francisco Herrera Luque<br><em>El vuelo del alcatraz<\/em><br><\/strong>Colecci\u00f3n Bicentenario Carabobo 11<br>ISBN 978-980-7301-79-4<br>122 pp.<\/p>\n","protected":false},"excerpt":{"rendered":"<p>En el campo de batalla, Bol\u00edvar despliega su genio y una extrema habilidad para convocar a aquellos hombres que conformar\u00edan el Alto Mando del Ej\u00e9rcito Libertador. Sin embargo, las pugnas [&hellip;]<\/p>\n","protected":false},"author":10,"featured_media":12469,"comment_status":"open","ping_status":"closed","sticky":false,"template":"","format":"standard","meta":{"spay_email":"","jetpack_publicize_message":"","jetpack_is_tweetstorm":false,"jetpack_publicize_feature_enabled":true},"categories":[93,55],"tags":[],"yoast_head":"<!-- This site is optimized with the Yoast SEO plugin v19.8 - https:\/\/yoast.com\/wordpress\/plugins\/seo\/ -->\n<title>El vuelo del alcatraz<\/title>\n<meta name=\"robots\" content=\"index, follow, max-snippet:-1, max-image-preview:large, max-video-preview:-1\" \/>\n<link rel=\"canonical\" href=\"https:\/\/cenal.gob.ve\/?p=12532\" \/>\n<meta property=\"og:locale\" content=\"es_ES\" \/>\n<meta property=\"og:type\" content=\"article\" \/>\n<meta property=\"og:title\" content=\"El vuelo del alcatraz\" \/>\n<meta property=\"og:description\" content=\"En el campo de batalla, Bol\u00edvar despliega su genio y una extrema habilidad para convocar a aquellos hombres que conformar\u00edan el Alto Mando del Ej\u00e9rcito Libertador. Sin embargo, las pugnas [&hellip;]\" \/>\n<meta property=\"og:url\" content=\"https:\/\/cenal.gob.ve\/?p=12532\" \/>\n<meta property=\"og:site_name\" content=\"Cenal\" \/>\n<meta property=\"article:published_time\" content=\"2022-03-07T19:28:00+00:00\" \/>\n<meta property=\"article:modified_time\" content=\"2022-04-13T11:44:36+00:00\" \/>\n<meta property=\"og:image\" content=\"https:\/\/i0.wp.com\/cenal.gob.ve\/wp-content\/uploads\/2022\/03\/Coleccion-Bicentenario-Carabobo-11-Herrera-Luque-Francisco-El-vuelo-del-alcatraz.jpeg?fit=1080%2C1623&ssl=1\" \/>\n\t<meta property=\"og:image:width\" content=\"1080\" \/>\n\t<meta property=\"og:image:height\" content=\"1623\" \/>\n\t<meta property=\"og:image:type\" content=\"image\/jpeg\" \/>\n<meta name=\"author\" content=\"Prensa Cenal\" \/>\n<meta name=\"twitter:card\" content=\"summary_large_image\" \/>\n<meta name=\"twitter:label1\" content=\"Written by\" \/>\n\t<meta name=\"twitter:data1\" content=\"Prensa Cenal\" \/>\n\t<meta name=\"twitter:label2\" content=\"Est. reading time\" \/>\n\t<meta name=\"twitter:data2\" content=\"2 minutos\" \/>\n<script type=\"application\/ld+json\" class=\"yoast-schema-graph\">{\"@context\":\"https:\/\/schema.org\",\"@graph\":[{\"@type\":\"Article\",\"@id\":\"https:\/\/cenal.gob.ve\/?p=12532#article\",\"isPartOf\":{\"@id\":\"https:\/\/cenal.gob.ve\/?p=12532\"},\"author\":{\"name\":\"Prensa Cenal\",\"@id\":\"https:\/\/cenal.gob.ve\/#\/schema\/person\/e3ed34623f400ffab8bc7a63b2f5533f\"},\"headline\":\"El vuelo del alcatraz\",\"datePublished\":\"2022-03-07T19:28:00+00:00\",\"dateModified\":\"2022-04-13T11:44:36+00:00\",\"mainEntityOfPage\":{\"@id\":\"https:\/\/cenal.gob.ve\/?p=12532\"},\"wordCount\":325,\"commentCount\":0,\"publisher\":{\"@id\":\"https:\/\/cenal.gob.ve\/#organization\"},\"articleSection\":[\"Bicentenario Carabobo\",\"Libros\"],\"inLanguage\":\"es\",\"potentialAction\":[{\"@type\":\"CommentAction\",\"name\":\"Comment\",\"target\":[\"https:\/\/cenal.gob.ve\/?p=12532#respond\"]}]},{\"@type\":\"WebPage\",\"@id\":\"https:\/\/cenal.gob.ve\/?p=12532\",\"url\":\"https:\/\/cenal.gob.ve\/?p=12532\",\"name\":\"El vuelo del alcatraz\",\"isPartOf\":{\"@id\":\"https:\/\/cenal.gob.ve\/#website\"},\"datePublished\":\"2022-03-07T19:28:00+00:00\",\"dateModified\":\"2022-04-13T11:44:36+00:00\",\"breadcrumb\":{\"@id\":\"https:\/\/cenal.gob.ve\/?p=12532#breadcrumb\"},\"inLanguage\":\"es\",\"potentialAction\":[{\"@type\":\"ReadAction\",\"target\":[\"https:\/\/cenal.gob.ve\/?p=12532\"]}]},{\"@type\":\"BreadcrumbList\",\"@id\":\"https:\/\/cenal.gob.ve\/?p=12532#breadcrumb\",\"itemListElement\":[{\"@type\":\"ListItem\",\"position\":1,\"name\":\"Home\",\"item\":\"https:\/\/cenal.gob.ve\/\"},{\"@type\":\"ListItem\",\"position\":2,\"name\":\"El vuelo del alcatraz\"}]},{\"@type\":\"WebSite\",\"@id\":\"https:\/\/cenal.gob.ve\/#website\",\"url\":\"https:\/\/cenal.gob.ve\/\",\"name\":\"Cenal\",\"description\":\"\",\"publisher\":{\"@id\":\"https:\/\/cenal.gob.ve\/#organization\"},\"potentialAction\":[{\"@type\":\"SearchAction\",\"target\":{\"@type\":\"EntryPoint\",\"urlTemplate\":\"https:\/\/cenal.gob.ve\/?s={search_term_string}\"},\"query-input\":\"required name=search_term_string\"}],\"inLanguage\":\"es\"},{\"@type\":\"Organization\",\"@id\":\"https:\/\/cenal.gob.ve\/#organization\",\"name\":\"CENAL\",\"url\":\"https:\/\/cenal.gob.ve\/\",\"sameAs\":[],\"logo\":{\"@type\":\"ImageObject\",\"inLanguage\":\"es\",\"@id\":\"https:\/\/cenal.gob.ve\/#\/schema\/logo\/image\/\",\"url\":\"https:\/\/i0.wp.com\/cenal.gob.ve\/wp-content\/uploads\/2022\/10\/cropped-images.jpg?fit=512%2C512\",\"contentUrl\":\"https:\/\/i0.wp.com\/cenal.gob.ve\/wp-content\/uploads\/2022\/10\/cropped-images.jpg?fit=512%2C512\",\"width\":512,\"height\":512,\"caption\":\"CENAL\"},\"image\":{\"@id\":\"https:\/\/cenal.gob.ve\/#\/schema\/logo\/image\/\"}},{\"@type\":\"Person\",\"@id\":\"https:\/\/cenal.gob.ve\/#\/schema\/person\/e3ed34623f400ffab8bc7a63b2f5533f\",\"name\":\"Prensa Cenal\",\"image\":{\"@type\":\"ImageObject\",\"inLanguage\":\"es\",\"@id\":\"https:\/\/cenal.gob.ve\/#\/schema\/person\/image\/\",\"url\":\"https:\/\/secure.gravatar.com\/avatar\/594b4ed34090910c619ac3679001d491?s=96&d=mm&r=g\",\"contentUrl\":\"https:\/\/secure.gravatar.com\/avatar\/594b4ed34090910c619ac3679001d491?s=96&d=mm&r=g\",\"caption\":\"Prensa Cenal\"},\"url\":\"https:\/\/cenal.gob.ve\/?author=10\"}]}<\/script>\n<!-- \/ Yoast SEO plugin. -->","yoast_head_json":{"title":"El vuelo del alcatraz","robots":{"index":"index","follow":"follow","max-snippet":"max-snippet:-1","max-image-preview":"max-image-preview:large","max-video-preview":"max-video-preview:-1"},"canonical":"https:\/\/cenal.gob.ve\/?p=12532","og_locale":"es_ES","og_type":"article","og_title":"El vuelo del alcatraz","og_description":"En el campo de batalla, Bol\u00edvar despliega su genio y una extrema habilidad para convocar a aquellos hombres que conformar\u00edan el Alto Mando del Ej\u00e9rcito Libertador. Sin embargo, las pugnas [&hellip;]","og_url":"https:\/\/cenal.gob.ve\/?p=12532","og_site_name":"Cenal","article_published_time":"2022-03-07T19:28:00+00:00","article_modified_time":"2022-04-13T11:44:36+00:00","og_image":[{"width":1080,"height":1623,"url":"https:\/\/i0.wp.com\/cenal.gob.ve\/wp-content\/uploads\/2022\/03\/Coleccion-Bicentenario-Carabobo-11-Herrera-Luque-Francisco-El-vuelo-del-alcatraz.jpeg?fit=1080%2C1623&ssl=1","type":"image\/jpeg"}],"author":"Prensa Cenal","twitter_card":"summary_large_image","twitter_misc":{"Written by":"Prensa Cenal","Est. reading time":"2 minutos"},"schema":{"@context":"https:\/\/schema.org","@graph":[{"@type":"Article","@id":"https:\/\/cenal.gob.ve\/?p=12532#article","isPartOf":{"@id":"https:\/\/cenal.gob.ve\/?p=12532"},"author":{"name":"Prensa Cenal","@id":"https:\/\/cenal.gob.ve\/#\/schema\/person\/e3ed34623f400ffab8bc7a63b2f5533f"},"headline":"El vuelo del alcatraz","datePublished":"2022-03-07T19:28:00+00:00","dateModified":"2022-04-13T11:44:36+00:00","mainEntityOfPage":{"@id":"https:\/\/cenal.gob.ve\/?p=12532"},"wordCount":325,"commentCount":0,"publisher":{"@id":"https:\/\/cenal.gob.ve\/#organization"},"articleSection":["Bicentenario Carabobo","Libros"],"inLanguage":"es","potentialAction":[{"@type":"CommentAction","name":"Comment","target":["https:\/\/cenal.gob.ve\/?p=12532#respond"]}]},{"@type":"WebPage","@id":"https:\/\/cenal.gob.ve\/?p=12532","url":"https:\/\/cenal.gob.ve\/?p=12532","name":"El vuelo del alcatraz","isPartOf":{"@id":"https:\/\/cenal.gob.ve\/#website"},"datePublished":"2022-03-07T19:28:00+00:00","dateModified":"2022-04-13T11:44:36+00:00","breadcrumb":{"@id":"https:\/\/cenal.gob.ve\/?p=12532#breadcrumb"},"inLanguage":"es","potentialAction":[{"@type":"ReadAction","target":["https:\/\/cenal.gob.ve\/?p=12532"]}]},{"@type":"BreadcrumbList","@id":"https:\/\/cenal.gob.ve\/?p=12532#breadcrumb","itemListElement":[{"@type":"ListItem","position":1,"name":"Home","item":"https:\/\/cenal.gob.ve\/"},{"@type":"ListItem","position":2,"name":"El vuelo del alcatraz"}]},{"@type":"WebSite","@id":"https:\/\/cenal.gob.ve\/#website","url":"https:\/\/cenal.gob.ve\/","name":"Cenal","description":"","publisher":{"@id":"https:\/\/cenal.gob.ve\/#organization"},"potentialAction":[{"@type":"SearchAction","target":{"@type":"EntryPoint","urlTemplate":"https:\/\/cenal.gob.ve\/?s={search_term_string}"},"query-input":"required name=search_term_string"}],"inLanguage":"es"},{"@type":"Organization","@id":"https:\/\/cenal.gob.ve\/#organization","name":"CENAL","url":"https:\/\/cenal.gob.ve\/","sameAs":[],"logo":{"@type":"ImageObject","inLanguage":"es","@id":"https:\/\/cenal.gob.ve\/#\/schema\/logo\/image\/","url":"https:\/\/i0.wp.com\/cenal.gob.ve\/wp-content\/uploads\/2022\/10\/cropped-images.jpg?fit=512%2C512","contentUrl":"https:\/\/i0.wp.com\/cenal.gob.ve\/wp-content\/uploads\/2022\/10\/cropped-images.jpg?fit=512%2C512","width":512,"height":512,"caption":"CENAL"},"image":{"@id":"https:\/\/cenal.gob.ve\/#\/schema\/logo\/image\/"}},{"@type":"Person","@id":"https:\/\/cenal.gob.ve\/#\/schema\/person\/e3ed34623f400ffab8bc7a63b2f5533f","name":"Prensa Cenal","image":{"@type":"ImageObject","inLanguage":"es","@id":"https:\/\/cenal.gob.ve\/#\/schema\/person\/image\/","url":"https:\/\/secure.gravatar.com\/avatar\/594b4ed34090910c619ac3679001d491?s=96&d=mm&r=g","contentUrl":"https:\/\/secure.gravatar.com\/avatar\/594b4ed34090910c619ac3679001d491?s=96&d=mm&r=g","caption":"Prensa Cenal"},"url":"https:\/\/cenal.gob.ve\/?author=10"}]}},"jetpack_featured_media_url":"https:\/\/cenal.gob.ve\/wp-content\/uploads\/2022\/03\/Coleccion-Bicentenario-Carabobo-11-Herrera-Luque-Francisco-El-vuelo-del-alcatraz.jpeg","jetpack_publicize_connections":[],"jetpack_shortlink":"https:\/\/wp.me\/p5FMhp-3g8","_links":{"self":[{"href":"https:\/\/cenal.gob.ve\/index.php?rest_route=\/wp\/v2\/posts\/12532"}],"collection":[{"href":"https:\/\/cenal.gob.ve\/index.php?rest_route=\/wp\/v2\/posts"}],"about":[{"href":"https:\/\/cenal.gob.ve\/index.php?rest_route=\/wp\/v2\/types\/post"}],"author":[{"embeddable":true,"href":"https:\/\/cenal.gob.ve\/index.php?rest_route=\/wp\/v2\/users\/10"}],"replies":[{"embeddable":true,"href":"https:\/\/cenal.gob.ve\/index.php?rest_route=%2Fwp%2Fv2%2Fcomments&post=12532"}],"version-history":[{"count":4,"href":"https:\/\/cenal.gob.ve\/index.php?rest_route=\/wp\/v2\/posts\/12532\/revisions"}],"predecessor-version":[{"id":16029,"href":"https:\/\/cenal.gob.ve\/index.php?rest_route=\/wp\/v2\/posts\/12532\/revisions\/16029"}],"wp:featuredmedia":[{"embeddable":true,"href":"https:\/\/cenal.gob.ve\/index.php?rest_route=\/wp\/v2\/media\/12469"}],"wp:attachment":[{"href":"https:\/\/cenal.gob.ve\/index.php?rest_route=%2Fwp%2Fv2%2Fmedia&parent=12532"}],"wp:term":[{"taxonomy":"category","embeddable":true,"href":"https:\/\/cenal.gob.ve\/index.php?rest_route=%2Fwp%2Fv2%2Fcategories&post=12532"},{"taxonomy":"post_tag","embeddable":true,"href":"https:\/\/cenal.gob.ve\/index.php?rest_route=%2Fwp%2Fv2%2Ftags&post=12532"}],"curies":[{"name":"wp","href":"https:\/\/api.w.org\/{rel}","templated":true}]}}