{"id":12540,"date":"2022-03-07T15:28:00","date_gmt":"2022-03-07T19:28:00","guid":{"rendered":"http:\/\/cenal.gob.ve\/?p=12540"},"modified":"2022-05-23T04:45:57","modified_gmt":"2022-05-23T08:45:57","slug":"el-laberinto-de-los-tres-minotauros","status":"publish","type":"post","link":"https:\/\/cenal.gob.ve\/?p=12540","title":{"rendered":"El laberinto de los tres minotauros"},"content":{"rendered":"\n<p>Frente a la constante pregunta acerca de cu\u00e1l es, en definitiva, el\u00a0<em>verdadero<\/em>\u00a0ser latinoamericano y cu\u00e1l nuestra\u00a0<em>verdadera<\/em>\u00a0identidad, Brice\u00f1o Guerrero posiciona una indagaci\u00f3n cr\u00edtica sobre qu\u00e9 pensamos que somos. Y muestra en qu\u00e9 medida ese pensamiento puede ser una fuente de extrav\u00edo m\u00e1s que de apertura de horizontes para que se produzca en \u201camericano\u201d la toma de conciencia integral de s\u00ed mismo, de su realidad social, de su puesto en el mundo.\u00a0 Como tres minotauros que acechan en el laberinto para devorarnos, somos presa de tres discursos: el discurso europeo segundo, el discurso cristiano-hisp\u00e1nico o mantuano y el discurso salvaje. Aunque ninguno de los tres prevalece sobre el otro, los tres se sabotean entre s\u00ed. E hist\u00f3ricamente ha ganado fuerza la tendencia del discurso mantuano \u201ccomo fuerza silenciosa en el per\u00edodo republicano hasta nuestros d\u00edas, estructurando las aspiraciones y ambiciones en torno a la b\u00fasqueda personal y familiar o cl\u00e1nica de privilegios, noble ociosidad, filiaci\u00f3n y no m\u00e9rito, sobre relaciones se\u00f1oriales de lealtad y protecci\u00f3n\u201d. No sin la resistencia del discurso europeo segundo, que exalta la civilidad, pero favorece formas externas de dominio. Tambi\u00e9n se le opone la \u201csecreta herida\u201d del discurso salvaje, que evoca la inconformidad por los abusos de la conquista y la colonia.\u00a0<\/p>\n\n\n\n<p><strong>Jos\u00e9 Manuel Brice\u00f1o Guerrero <\/strong>Escritor, fil\u00f3sofo, educador, poeta, traductor y pol\u00edglota. Fue distinguido con el Premio Conac de Ensayo Mariano Pic\u00f3n Salas (1982) y el Premio Nacional de Literatura (1992). Nacido en Palmarito, Apure, en 1929. Desde 1961 fue profesor en la Universidad de Los Andes \u2014de la que nunca se jubil\u00f3\u2014 donde cre\u00f3 seminarios en los que se estudiaban las obras m\u00e1s importantes del pensamiento y la literatura en su lengua original. De su ampl\u00edsima obra destacan <em>Am\u00e9rica Latina en el mundo<\/em> (1962), \u00bf<em>Qu\u00e9 es la filosof\u00eda<\/em>? (1969), <em>Discurso salvaje<\/em> (1980), <em>Amor y terror de las palabras<\/em> (1987), <em>El peque\u00f1o arquitecto del universo<\/em> (1990) y <em>Dios es mi laberinto<\/em> (2013). Muri\u00f3 en M\u00e9rida en 2014.<\/p>\n\n\n\n<p><strong>Jos\u00e9 Manuel Brice\u00f1o Guerrero<\/strong><br><em><strong>El laberinto de los tres minotauros<\/strong><\/em><br>Colecci\u00f3n Bicentenario Carabobo 19<br>ISBN 978-980-7301-89-3<br>392 pp.<\/p>\n","protected":false},"excerpt":{"rendered":"<p>Frente a la constante pregunta acerca de cu\u00e1l es, en definitiva, el\u00a0verdadero\u00a0ser latinoamericano y cu\u00e1l nuestra\u00a0verdadera\u00a0identidad, Brice\u00f1o Guerrero posiciona una indagaci\u00f3n cr\u00edtica sobre qu\u00e9 pensamos que somos. Y muestra en [&hellip;]<\/p>\n","protected":false},"author":10,"featured_media":12467,"comment_status":"open","ping_status":"closed","sticky":false,"template":"","format":"standard","meta":{"spay_email":"","jetpack_publicize_message":"","jetpack_is_tweetstorm":false,"jetpack_publicize_feature_enabled":true},"categories":[93,55],"tags":[],"yoast_head":"<!-- This site is optimized with the Yoast SEO plugin v19.8 - https:\/\/yoast.com\/wordpress\/plugins\/seo\/ -->\n<title>El laberinto de los tres minotauros<\/title>\n<meta name=\"robots\" content=\"index, follow, max-snippet:-1, max-image-preview:large, max-video-preview:-1\" \/>\n<link rel=\"canonical\" href=\"https:\/\/cenal.gob.ve\/?p=12540\" \/>\n<meta property=\"og:locale\" content=\"es_ES\" \/>\n<meta property=\"og:type\" content=\"article\" \/>\n<meta property=\"og:title\" content=\"El laberinto de los tres minotauros\" \/>\n<meta property=\"og:description\" content=\"Frente a la constante pregunta acerca de cu\u00e1l es, en definitiva, el\u00a0verdadero\u00a0ser latinoamericano y cu\u00e1l nuestra\u00a0verdadera\u00a0identidad, Brice\u00f1o Guerrero posiciona una indagaci\u00f3n cr\u00edtica sobre qu\u00e9 pensamos que somos. Y muestra en [&hellip;]\" \/>\n<meta property=\"og:url\" content=\"https:\/\/cenal.gob.ve\/?p=12540\" \/>\n<meta property=\"og:site_name\" content=\"Cenal\" \/>\n<meta property=\"article:published_time\" content=\"2022-03-07T19:28:00+00:00\" \/>\n<meta property=\"article:modified_time\" content=\"2022-05-23T08:45:57+00:00\" \/>\n<meta property=\"og:image\" content=\"https:\/\/i0.wp.com\/cenal.gob.ve\/wp-content\/uploads\/2022\/03\/Coleccion-Bicentenario-Carabobo-19-Briceno-Guerrero-Jose-Manuel-El-laberinto-de-los-tres-minotauros.jpg?fit=1091%2C1615&ssl=1\" \/>\n\t<meta property=\"og:image:width\" content=\"1091\" \/>\n\t<meta property=\"og:image:height\" content=\"1615\" \/>\n\t<meta property=\"og:image:type\" content=\"image\/jpeg\" \/>\n<meta name=\"author\" content=\"Prensa Cenal\" \/>\n<meta name=\"twitter:card\" content=\"summary_large_image\" \/>\n<meta name=\"twitter:label1\" content=\"Written by\" \/>\n\t<meta name=\"twitter:data1\" content=\"Prensa Cenal\" \/>\n\t<meta name=\"twitter:label2\" content=\"Est. reading time\" \/>\n\t<meta name=\"twitter:data2\" content=\"2 minutos\" \/>\n<script type=\"application\/ld+json\" class=\"yoast-schema-graph\">{\"@context\":\"https:\/\/schema.org\",\"@graph\":[{\"@type\":\"Article\",\"@id\":\"https:\/\/cenal.gob.ve\/?p=12540#article\",\"isPartOf\":{\"@id\":\"https:\/\/cenal.gob.ve\/?p=12540\"},\"author\":{\"name\":\"Prensa Cenal\",\"@id\":\"https:\/\/cenal.gob.ve\/#\/schema\/person\/e3ed34623f400ffab8bc7a63b2f5533f\"},\"headline\":\"El laberinto de los tres minotauros\",\"datePublished\":\"2022-03-07T19:28:00+00:00\",\"dateModified\":\"2022-05-23T08:45:57+00:00\",\"mainEntityOfPage\":{\"@id\":\"https:\/\/cenal.gob.ve\/?p=12540\"},\"wordCount\":366,\"commentCount\":0,\"publisher\":{\"@id\":\"https:\/\/cenal.gob.ve\/#organization\"},\"articleSection\":[\"Bicentenario Carabobo\",\"Libros\"],\"inLanguage\":\"es\",\"potentialAction\":[{\"@type\":\"CommentAction\",\"name\":\"Comment\",\"target\":[\"https:\/\/cenal.gob.ve\/?p=12540#respond\"]}]},{\"@type\":\"WebPage\",\"@id\":\"https:\/\/cenal.gob.ve\/?p=12540\",\"url\":\"https:\/\/cenal.gob.ve\/?p=12540\",\"name\":\"El laberinto de los tres minotauros\",\"isPartOf\":{\"@id\":\"https:\/\/cenal.gob.ve\/#website\"},\"datePublished\":\"2022-03-07T19:28:00+00:00\",\"dateModified\":\"2022-05-23T08:45:57+00:00\",\"breadcrumb\":{\"@id\":\"https:\/\/cenal.gob.ve\/?p=12540#breadcrumb\"},\"inLanguage\":\"es\",\"potentialAction\":[{\"@type\":\"ReadAction\",\"target\":[\"https:\/\/cenal.gob.ve\/?p=12540\"]}]},{\"@type\":\"BreadcrumbList\",\"@id\":\"https:\/\/cenal.gob.ve\/?p=12540#breadcrumb\",\"itemListElement\":[{\"@type\":\"ListItem\",\"position\":1,\"name\":\"Home\",\"item\":\"https:\/\/cenal.gob.ve\/\"},{\"@type\":\"ListItem\",\"position\":2,\"name\":\"El laberinto de los tres minotauros\"}]},{\"@type\":\"WebSite\",\"@id\":\"https:\/\/cenal.gob.ve\/#website\",\"url\":\"https:\/\/cenal.gob.ve\/\",\"name\":\"Cenal\",\"description\":\"\",\"publisher\":{\"@id\":\"https:\/\/cenal.gob.ve\/#organization\"},\"potentialAction\":[{\"@type\":\"SearchAction\",\"target\":{\"@type\":\"EntryPoint\",\"urlTemplate\":\"https:\/\/cenal.gob.ve\/?s={search_term_string}\"},\"query-input\":\"required name=search_term_string\"}],\"inLanguage\":\"es\"},{\"@type\":\"Organization\",\"@id\":\"https:\/\/cenal.gob.ve\/#organization\",\"name\":\"CENAL\",\"url\":\"https:\/\/cenal.gob.ve\/\",\"sameAs\":[],\"logo\":{\"@type\":\"ImageObject\",\"inLanguage\":\"es\",\"@id\":\"https:\/\/cenal.gob.ve\/#\/schema\/logo\/image\/\",\"url\":\"https:\/\/i0.wp.com\/cenal.gob.ve\/wp-content\/uploads\/2022\/10\/cropped-images.jpg?fit=512%2C512\",\"contentUrl\":\"https:\/\/i0.wp.com\/cenal.gob.ve\/wp-content\/uploads\/2022\/10\/cropped-images.jpg?fit=512%2C512\",\"width\":512,\"height\":512,\"caption\":\"CENAL\"},\"image\":{\"@id\":\"https:\/\/cenal.gob.ve\/#\/schema\/logo\/image\/\"}},{\"@type\":\"Person\",\"@id\":\"https:\/\/cenal.gob.ve\/#\/schema\/person\/e3ed34623f400ffab8bc7a63b2f5533f\",\"name\":\"Prensa Cenal\",\"image\":{\"@type\":\"ImageObject\",\"inLanguage\":\"es\",\"@id\":\"https:\/\/cenal.gob.ve\/#\/schema\/person\/image\/\",\"url\":\"https:\/\/secure.gravatar.com\/avatar\/594b4ed34090910c619ac3679001d491?s=96&d=mm&r=g\",\"contentUrl\":\"https:\/\/secure.gravatar.com\/avatar\/594b4ed34090910c619ac3679001d491?s=96&d=mm&r=g\",\"caption\":\"Prensa Cenal\"},\"url\":\"https:\/\/cenal.gob.ve\/?author=10\"}]}<\/script>\n<!-- \/ Yoast SEO plugin. -->","yoast_head_json":{"title":"El laberinto de los tres minotauros","robots":{"index":"index","follow":"follow","max-snippet":"max-snippet:-1","max-image-preview":"max-image-preview:large","max-video-preview":"max-video-preview:-1"},"canonical":"https:\/\/cenal.gob.ve\/?p=12540","og_locale":"es_ES","og_type":"article","og_title":"El laberinto de los tres minotauros","og_description":"Frente a la constante pregunta acerca de cu\u00e1l es, en definitiva, el\u00a0verdadero\u00a0ser latinoamericano y cu\u00e1l nuestra\u00a0verdadera\u00a0identidad, Brice\u00f1o Guerrero posiciona una indagaci\u00f3n cr\u00edtica sobre qu\u00e9 pensamos que somos. Y muestra en [&hellip;]","og_url":"https:\/\/cenal.gob.ve\/?p=12540","og_site_name":"Cenal","article_published_time":"2022-03-07T19:28:00+00:00","article_modified_time":"2022-05-23T08:45:57+00:00","og_image":[{"width":1091,"height":1615,"url":"https:\/\/i0.wp.com\/cenal.gob.ve\/wp-content\/uploads\/2022\/03\/Coleccion-Bicentenario-Carabobo-19-Briceno-Guerrero-Jose-Manuel-El-laberinto-de-los-tres-minotauros.jpg?fit=1091%2C1615&ssl=1","type":"image\/jpeg"}],"author":"Prensa Cenal","twitter_card":"summary_large_image","twitter_misc":{"Written by":"Prensa Cenal","Est. reading time":"2 minutos"},"schema":{"@context":"https:\/\/schema.org","@graph":[{"@type":"Article","@id":"https:\/\/cenal.gob.ve\/?p=12540#article","isPartOf":{"@id":"https:\/\/cenal.gob.ve\/?p=12540"},"author":{"name":"Prensa Cenal","@id":"https:\/\/cenal.gob.ve\/#\/schema\/person\/e3ed34623f400ffab8bc7a63b2f5533f"},"headline":"El laberinto de los tres minotauros","datePublished":"2022-03-07T19:28:00+00:00","dateModified":"2022-05-23T08:45:57+00:00","mainEntityOfPage":{"@id":"https:\/\/cenal.gob.ve\/?p=12540"},"wordCount":366,"commentCount":0,"publisher":{"@id":"https:\/\/cenal.gob.ve\/#organization"},"articleSection":["Bicentenario Carabobo","Libros"],"inLanguage":"es","potentialAction":[{"@type":"CommentAction","name":"Comment","target":["https:\/\/cenal.gob.ve\/?p=12540#respond"]}]},{"@type":"WebPage","@id":"https:\/\/cenal.gob.ve\/?p=12540","url":"https:\/\/cenal.gob.ve\/?p=12540","name":"El laberinto de los tres minotauros","isPartOf":{"@id":"https:\/\/cenal.gob.ve\/#website"},"datePublished":"2022-03-07T19:28:00+00:00","dateModified":"2022-05-23T08:45:57+00:00","breadcrumb":{"@id":"https:\/\/cenal.gob.ve\/?p=12540#breadcrumb"},"inLanguage":"es","potentialAction":[{"@type":"ReadAction","target":["https:\/\/cenal.gob.ve\/?p=12540"]}]},{"@type":"BreadcrumbList","@id":"https:\/\/cenal.gob.ve\/?p=12540#breadcrumb","itemListElement":[{"@type":"ListItem","position":1,"name":"Home","item":"https:\/\/cenal.gob.ve\/"},{"@type":"ListItem","position":2,"name":"El laberinto de los tres minotauros"}]},{"@type":"WebSite","@id":"https:\/\/cenal.gob.ve\/#website","url":"https:\/\/cenal.gob.ve\/","name":"Cenal","description":"","publisher":{"@id":"https:\/\/cenal.gob.ve\/#organization"},"potentialAction":[{"@type":"SearchAction","target":{"@type":"EntryPoint","urlTemplate":"https:\/\/cenal.gob.ve\/?s={search_term_string}"},"query-input":"required name=search_term_string"}],"inLanguage":"es"},{"@type":"Organization","@id":"https:\/\/cenal.gob.ve\/#organization","name":"CENAL","url":"https:\/\/cenal.gob.ve\/","sameAs":[],"logo":{"@type":"ImageObject","inLanguage":"es","@id":"https:\/\/cenal.gob.ve\/#\/schema\/logo\/image\/","url":"https:\/\/i0.wp.com\/cenal.gob.ve\/wp-content\/uploads\/2022\/10\/cropped-images.jpg?fit=512%2C512","contentUrl":"https:\/\/i0.wp.com\/cenal.gob.ve\/wp-content\/uploads\/2022\/10\/cropped-images.jpg?fit=512%2C512","width":512,"height":512,"caption":"CENAL"},"image":{"@id":"https:\/\/cenal.gob.ve\/#\/schema\/logo\/image\/"}},{"@type":"Person","@id":"https:\/\/cenal.gob.ve\/#\/schema\/person\/e3ed34623f400ffab8bc7a63b2f5533f","name":"Prensa Cenal","image":{"@type":"ImageObject","inLanguage":"es","@id":"https:\/\/cenal.gob.ve\/#\/schema\/person\/image\/","url":"https:\/\/secure.gravatar.com\/avatar\/594b4ed34090910c619ac3679001d491?s=96&d=mm&r=g","contentUrl":"https:\/\/secure.gravatar.com\/avatar\/594b4ed34090910c619ac3679001d491?s=96&d=mm&r=g","caption":"Prensa Cenal"},"url":"https:\/\/cenal.gob.ve\/?author=10"}]}},"jetpack_featured_media_url":"https:\/\/cenal.gob.ve\/wp-content\/uploads\/2022\/03\/Coleccion-Bicentenario-Carabobo-19-Briceno-Guerrero-Jose-Manuel-El-laberinto-de-los-tres-minotauros.jpg","jetpack_publicize_connections":[],"jetpack_shortlink":"https:\/\/wp.me\/p5FMhp-3gg","_links":{"self":[{"href":"https:\/\/cenal.gob.ve\/index.php?rest_route=\/wp\/v2\/posts\/12540"}],"collection":[{"href":"https:\/\/cenal.gob.ve\/index.php?rest_route=\/wp\/v2\/posts"}],"about":[{"href":"https:\/\/cenal.gob.ve\/index.php?rest_route=\/wp\/v2\/types\/post"}],"author":[{"embeddable":true,"href":"https:\/\/cenal.gob.ve\/index.php?rest_route=\/wp\/v2\/users\/10"}],"replies":[{"embeddable":true,"href":"https:\/\/cenal.gob.ve\/index.php?rest_route=%2Fwp%2Fv2%2Fcomments&post=12540"}],"version-history":[{"count":4,"href":"https:\/\/cenal.gob.ve\/index.php?rest_route=\/wp\/v2\/posts\/12540\/revisions"}],"predecessor-version":[{"id":16699,"href":"https:\/\/cenal.gob.ve\/index.php?rest_route=\/wp\/v2\/posts\/12540\/revisions\/16699"}],"wp:featuredmedia":[{"embeddable":true,"href":"https:\/\/cenal.gob.ve\/index.php?rest_route=\/wp\/v2\/media\/12467"}],"wp:attachment":[{"href":"https:\/\/cenal.gob.ve\/index.php?rest_route=%2Fwp%2Fv2%2Fmedia&parent=12540"}],"wp:term":[{"taxonomy":"category","embeddable":true,"href":"https:\/\/cenal.gob.ve\/index.php?rest_route=%2Fwp%2Fv2%2Fcategories&post=12540"},{"taxonomy":"post_tag","embeddable":true,"href":"https:\/\/cenal.gob.ve\/index.php?rest_route=%2Fwp%2Fv2%2Ftags&post=12540"}],"curies":[{"name":"wp","href":"https:\/\/api.w.org\/{rel}","templated":true}]}}