{"id":12541,"date":"2022-03-07T15:28:00","date_gmt":"2022-03-07T19:28:00","guid":{"rendered":"http:\/\/cenal.gob.ve\/?p=12541"},"modified":"2022-05-20T10:17:27","modified_gmt":"2022-05-20T14:17:27","slug":"autobiografia-tomo-i","status":"publish","type":"post","link":"https:\/\/cenal.gob.ve\/?p=12541","title":{"rendered":"Autobiograf\u00eda [tomo I]"},"content":{"rendered":"\n<p>Entre 1867 y 1869 P\u00e1ez public\u00f3 la historia de su vida en dos tomos. En el primero, ofrece el relato de un conjunto de sucesos en los que no escatima detalles sobre su nacimiento y juventud, su formaci\u00f3n militar, sus encuentros con el Libertador y las haza\u00f1as que con apenas 30 a\u00f1os de edad ya lo hab\u00edan convertido en leyenda y le valieron el sobrenombre de Centauro de los Llanos. Este primer tomo recoge sus memorias de 1790 a 1829, un a\u00f1o antes de la ruptura con Colombia. P\u00e1ez pone a la luz los pormenores de las componendas y subterfugios que propiciaron y fraguaron la crisis del a\u00f1o 1826 y que terminaron por convertirlo en la m\u00e1xima autoridad del pa\u00eds. La <em>Autobiograf\u00eda<\/em> no es solo un inventario de las acciones heroicas de uno de los pr\u00f3ceres fundamentales de nuestra historia, sino la reconstrucci\u00f3n de hechos y decisiones pol\u00edticas que fueron determinantes en la historia de la Venezuela independiente.<\/p>\n\n\n\n<p><strong>Jos\u00e9 Antonio P\u00e1ez<\/strong> Nacido en Curpa, Apure, en 1790, se incorpor\u00f3 al ej\u00e9rcito republicano en 1813. Su liderazgo y sus acciones en el campo de batalla lo hicieron merecedor de r\u00e1pidos ascensos militares, el respeto de sus pares y el temor del enemigo. Fue cerebro y coraz\u00f3n del ej\u00e9rcito de llaneros que por tierra, a caballo y a pie cruzaron los Andes, recorrieron buena parte de Suram\u00e9rica y llegaron hasta las costas peruanas para desalojar a las fuerzas espa\u00f1olas. Su acci\u00f3n el 24 de junio de 1821 en Carabobo fue decisiva. Fue presidente de la Rep\u00fablica en tres oportunidades y figura predominante en la pol\u00edtica venezolana hasta 1863, cuando la firma del Tratado de Coche pone fin a la Guerra Federal. Muri\u00f3 en Nueva York en 1873. <\/p>\n\n\n\n<p><strong>Jos\u00e9 Antonio P\u00e1ez<\/strong><br><strong><em>Autobiograf\u00eda<\/em> (tomo I)<\/strong><br>Colecci\u00f3n Bicentenario Carabobo 20<br>ISBN 978-980-7301-73-2<br>698 pp.<\/p>\n","protected":false},"excerpt":{"rendered":"<p>Entre 1867 y 1869 P\u00e1ez public\u00f3 la historia de su vida en dos tomos. En el primero, ofrece el relato de un conjunto de sucesos en los que no escatima [&hellip;]<\/p>\n","protected":false},"author":10,"featured_media":12473,"comment_status":"open","ping_status":"closed","sticky":false,"template":"","format":"standard","meta":{"spay_email":"","jetpack_publicize_message":"","jetpack_is_tweetstorm":false,"jetpack_publicize_feature_enabled":true},"categories":[93,55],"tags":[],"yoast_head":"<!-- This site is optimized with the Yoast SEO plugin v19.8 - https:\/\/yoast.com\/wordpress\/plugins\/seo\/ -->\n<title>Autobiograf\u00eda [tomo I]<\/title>\n<meta name=\"robots\" content=\"index, follow, max-snippet:-1, max-image-preview:large, max-video-preview:-1\" \/>\n<link rel=\"canonical\" href=\"https:\/\/cenal.gob.ve\/?p=12541\" \/>\n<meta property=\"og:locale\" content=\"es_ES\" \/>\n<meta property=\"og:type\" content=\"article\" \/>\n<meta property=\"og:title\" content=\"Autobiograf\u00eda [tomo I]\" \/>\n<meta property=\"og:description\" content=\"Entre 1867 y 1869 P\u00e1ez public\u00f3 la historia de su vida en dos tomos. En el primero, ofrece el relato de un conjunto de sucesos en los que no escatima [&hellip;]\" \/>\n<meta property=\"og:url\" content=\"https:\/\/cenal.gob.ve\/?p=12541\" \/>\n<meta property=\"og:site_name\" content=\"Cenal\" \/>\n<meta property=\"article:published_time\" content=\"2022-03-07T19:28:00+00:00\" \/>\n<meta property=\"article:modified_time\" content=\"2022-05-20T14:17:27+00:00\" \/>\n<meta property=\"og:image\" content=\"https:\/\/i0.wp.com\/cenal.gob.ve\/wp-content\/uploads\/2022\/03\/Coleccion-Bicentenario-Carabobo-20-Paez-Jose-Antonio-Autobiografia-Tomo-I.jpg?fit=1103%2C1617&ssl=1\" \/>\n\t<meta property=\"og:image:width\" content=\"1103\" \/>\n\t<meta property=\"og:image:height\" content=\"1617\" \/>\n\t<meta property=\"og:image:type\" content=\"image\/jpeg\" \/>\n<meta name=\"author\" content=\"Prensa Cenal\" \/>\n<meta name=\"twitter:card\" content=\"summary_large_image\" \/>\n<meta name=\"twitter:label1\" content=\"Written by\" \/>\n\t<meta name=\"twitter:data1\" content=\"Prensa Cenal\" \/>\n\t<meta name=\"twitter:label2\" content=\"Est. reading time\" \/>\n\t<meta name=\"twitter:data2\" content=\"2 minutos\" \/>\n<script type=\"application\/ld+json\" class=\"yoast-schema-graph\">{\"@context\":\"https:\/\/schema.org\",\"@graph\":[{\"@type\":\"Article\",\"@id\":\"https:\/\/cenal.gob.ve\/?p=12541#article\",\"isPartOf\":{\"@id\":\"https:\/\/cenal.gob.ve\/?p=12541\"},\"author\":{\"name\":\"Prensa Cenal\",\"@id\":\"https:\/\/cenal.gob.ve\/#\/schema\/person\/e3ed34623f400ffab8bc7a63b2f5533f\"},\"headline\":\"Autobiograf\u00eda [tomo I]\",\"datePublished\":\"2022-03-07T19:28:00+00:00\",\"dateModified\":\"2022-05-20T14:17:27+00:00\",\"mainEntityOfPage\":{\"@id\":\"https:\/\/cenal.gob.ve\/?p=12541\"},\"wordCount\":318,\"commentCount\":0,\"publisher\":{\"@id\":\"https:\/\/cenal.gob.ve\/#organization\"},\"articleSection\":[\"Bicentenario Carabobo\",\"Libros\"],\"inLanguage\":\"es\",\"potentialAction\":[{\"@type\":\"CommentAction\",\"name\":\"Comment\",\"target\":[\"https:\/\/cenal.gob.ve\/?p=12541#respond\"]}]},{\"@type\":\"WebPage\",\"@id\":\"https:\/\/cenal.gob.ve\/?p=12541\",\"url\":\"https:\/\/cenal.gob.ve\/?p=12541\",\"name\":\"Autobiograf\u00eda [tomo I]\",\"isPartOf\":{\"@id\":\"https:\/\/cenal.gob.ve\/#website\"},\"datePublished\":\"2022-03-07T19:28:00+00:00\",\"dateModified\":\"2022-05-20T14:17:27+00:00\",\"breadcrumb\":{\"@id\":\"https:\/\/cenal.gob.ve\/?p=12541#breadcrumb\"},\"inLanguage\":\"es\",\"potentialAction\":[{\"@type\":\"ReadAction\",\"target\":[\"https:\/\/cenal.gob.ve\/?p=12541\"]}]},{\"@type\":\"BreadcrumbList\",\"@id\":\"https:\/\/cenal.gob.ve\/?p=12541#breadcrumb\",\"itemListElement\":[{\"@type\":\"ListItem\",\"position\":1,\"name\":\"Home\",\"item\":\"https:\/\/cenal.gob.ve\/\"},{\"@type\":\"ListItem\",\"position\":2,\"name\":\"Autobiograf\u00eda [tomo I]\"}]},{\"@type\":\"WebSite\",\"@id\":\"https:\/\/cenal.gob.ve\/#website\",\"url\":\"https:\/\/cenal.gob.ve\/\",\"name\":\"Cenal\",\"description\":\"\",\"publisher\":{\"@id\":\"https:\/\/cenal.gob.ve\/#organization\"},\"potentialAction\":[{\"@type\":\"SearchAction\",\"target\":{\"@type\":\"EntryPoint\",\"urlTemplate\":\"https:\/\/cenal.gob.ve\/?s={search_term_string}\"},\"query-input\":\"required name=search_term_string\"}],\"inLanguage\":\"es\"},{\"@type\":\"Organization\",\"@id\":\"https:\/\/cenal.gob.ve\/#organization\",\"name\":\"CENAL\",\"url\":\"https:\/\/cenal.gob.ve\/\",\"sameAs\":[],\"logo\":{\"@type\":\"ImageObject\",\"inLanguage\":\"es\",\"@id\":\"https:\/\/cenal.gob.ve\/#\/schema\/logo\/image\/\",\"url\":\"https:\/\/i0.wp.com\/cenal.gob.ve\/wp-content\/uploads\/2022\/10\/cropped-images.jpg?fit=512%2C512\",\"contentUrl\":\"https:\/\/i0.wp.com\/cenal.gob.ve\/wp-content\/uploads\/2022\/10\/cropped-images.jpg?fit=512%2C512\",\"width\":512,\"height\":512,\"caption\":\"CENAL\"},\"image\":{\"@id\":\"https:\/\/cenal.gob.ve\/#\/schema\/logo\/image\/\"}},{\"@type\":\"Person\",\"@id\":\"https:\/\/cenal.gob.ve\/#\/schema\/person\/e3ed34623f400ffab8bc7a63b2f5533f\",\"name\":\"Prensa Cenal\",\"image\":{\"@type\":\"ImageObject\",\"inLanguage\":\"es\",\"@id\":\"https:\/\/cenal.gob.ve\/#\/schema\/person\/image\/\",\"url\":\"https:\/\/secure.gravatar.com\/avatar\/594b4ed34090910c619ac3679001d491?s=96&d=mm&r=g\",\"contentUrl\":\"https:\/\/secure.gravatar.com\/avatar\/594b4ed34090910c619ac3679001d491?s=96&d=mm&r=g\",\"caption\":\"Prensa Cenal\"},\"url\":\"https:\/\/cenal.gob.ve\/?author=10\"}]}<\/script>\n<!-- \/ Yoast SEO plugin. -->","yoast_head_json":{"title":"Autobiograf\u00eda [tomo I]","robots":{"index":"index","follow":"follow","max-snippet":"max-snippet:-1","max-image-preview":"max-image-preview:large","max-video-preview":"max-video-preview:-1"},"canonical":"https:\/\/cenal.gob.ve\/?p=12541","og_locale":"es_ES","og_type":"article","og_title":"Autobiograf\u00eda [tomo I]","og_description":"Entre 1867 y 1869 P\u00e1ez public\u00f3 la historia de su vida en dos tomos. En el primero, ofrece el relato de un conjunto de sucesos en los que no escatima [&hellip;]","og_url":"https:\/\/cenal.gob.ve\/?p=12541","og_site_name":"Cenal","article_published_time":"2022-03-07T19:28:00+00:00","article_modified_time":"2022-05-20T14:17:27+00:00","og_image":[{"width":1103,"height":1617,"url":"https:\/\/i0.wp.com\/cenal.gob.ve\/wp-content\/uploads\/2022\/03\/Coleccion-Bicentenario-Carabobo-20-Paez-Jose-Antonio-Autobiografia-Tomo-I.jpg?fit=1103%2C1617&ssl=1","type":"image\/jpeg"}],"author":"Prensa Cenal","twitter_card":"summary_large_image","twitter_misc":{"Written by":"Prensa Cenal","Est. reading time":"2 minutos"},"schema":{"@context":"https:\/\/schema.org","@graph":[{"@type":"Article","@id":"https:\/\/cenal.gob.ve\/?p=12541#article","isPartOf":{"@id":"https:\/\/cenal.gob.ve\/?p=12541"},"author":{"name":"Prensa Cenal","@id":"https:\/\/cenal.gob.ve\/#\/schema\/person\/e3ed34623f400ffab8bc7a63b2f5533f"},"headline":"Autobiograf\u00eda [tomo I]","datePublished":"2022-03-07T19:28:00+00:00","dateModified":"2022-05-20T14:17:27+00:00","mainEntityOfPage":{"@id":"https:\/\/cenal.gob.ve\/?p=12541"},"wordCount":318,"commentCount":0,"publisher":{"@id":"https:\/\/cenal.gob.ve\/#organization"},"articleSection":["Bicentenario Carabobo","Libros"],"inLanguage":"es","potentialAction":[{"@type":"CommentAction","name":"Comment","target":["https:\/\/cenal.gob.ve\/?p=12541#respond"]}]},{"@type":"WebPage","@id":"https:\/\/cenal.gob.ve\/?p=12541","url":"https:\/\/cenal.gob.ve\/?p=12541","name":"Autobiograf\u00eda [tomo I]","isPartOf":{"@id":"https:\/\/cenal.gob.ve\/#website"},"datePublished":"2022-03-07T19:28:00+00:00","dateModified":"2022-05-20T14:17:27+00:00","breadcrumb":{"@id":"https:\/\/cenal.gob.ve\/?p=12541#breadcrumb"},"inLanguage":"es","potentialAction":[{"@type":"ReadAction","target":["https:\/\/cenal.gob.ve\/?p=12541"]}]},{"@type":"BreadcrumbList","@id":"https:\/\/cenal.gob.ve\/?p=12541#breadcrumb","itemListElement":[{"@type":"ListItem","position":1,"name":"Home","item":"https:\/\/cenal.gob.ve\/"},{"@type":"ListItem","position":2,"name":"Autobiograf\u00eda [tomo I]"}]},{"@type":"WebSite","@id":"https:\/\/cenal.gob.ve\/#website","url":"https:\/\/cenal.gob.ve\/","name":"Cenal","description":"","publisher":{"@id":"https:\/\/cenal.gob.ve\/#organization"},"potentialAction":[{"@type":"SearchAction","target":{"@type":"EntryPoint","urlTemplate":"https:\/\/cenal.gob.ve\/?s={search_term_string}"},"query-input":"required name=search_term_string"}],"inLanguage":"es"},{"@type":"Organization","@id":"https:\/\/cenal.gob.ve\/#organization","name":"CENAL","url":"https:\/\/cenal.gob.ve\/","sameAs":[],"logo":{"@type":"ImageObject","inLanguage":"es","@id":"https:\/\/cenal.gob.ve\/#\/schema\/logo\/image\/","url":"https:\/\/i0.wp.com\/cenal.gob.ve\/wp-content\/uploads\/2022\/10\/cropped-images.jpg?fit=512%2C512","contentUrl":"https:\/\/i0.wp.com\/cenal.gob.ve\/wp-content\/uploads\/2022\/10\/cropped-images.jpg?fit=512%2C512","width":512,"height":512,"caption":"CENAL"},"image":{"@id":"https:\/\/cenal.gob.ve\/#\/schema\/logo\/image\/"}},{"@type":"Person","@id":"https:\/\/cenal.gob.ve\/#\/schema\/person\/e3ed34623f400ffab8bc7a63b2f5533f","name":"Prensa Cenal","image":{"@type":"ImageObject","inLanguage":"es","@id":"https:\/\/cenal.gob.ve\/#\/schema\/person\/image\/","url":"https:\/\/secure.gravatar.com\/avatar\/594b4ed34090910c619ac3679001d491?s=96&d=mm&r=g","contentUrl":"https:\/\/secure.gravatar.com\/avatar\/594b4ed34090910c619ac3679001d491?s=96&d=mm&r=g","caption":"Prensa Cenal"},"url":"https:\/\/cenal.gob.ve\/?author=10"}]}},"jetpack_featured_media_url":"https:\/\/cenal.gob.ve\/wp-content\/uploads\/2022\/03\/Coleccion-Bicentenario-Carabobo-20-Paez-Jose-Antonio-Autobiografia-Tomo-I.jpg","jetpack_publicize_connections":[],"jetpack_shortlink":"https:\/\/wp.me\/p5FMhp-3gh","_links":{"self":[{"href":"https:\/\/cenal.gob.ve\/index.php?rest_route=\/wp\/v2\/posts\/12541"}],"collection":[{"href":"https:\/\/cenal.gob.ve\/index.php?rest_route=\/wp\/v2\/posts"}],"about":[{"href":"https:\/\/cenal.gob.ve\/index.php?rest_route=\/wp\/v2\/types\/post"}],"author":[{"embeddable":true,"href":"https:\/\/cenal.gob.ve\/index.php?rest_route=\/wp\/v2\/users\/10"}],"replies":[{"embeddable":true,"href":"https:\/\/cenal.gob.ve\/index.php?rest_route=%2Fwp%2Fv2%2Fcomments&post=12541"}],"version-history":[{"count":4,"href":"https:\/\/cenal.gob.ve\/index.php?rest_route=\/wp\/v2\/posts\/12541\/revisions"}],"predecessor-version":[{"id":16367,"href":"https:\/\/cenal.gob.ve\/index.php?rest_route=\/wp\/v2\/posts\/12541\/revisions\/16367"}],"wp:featuredmedia":[{"embeddable":true,"href":"https:\/\/cenal.gob.ve\/index.php?rest_route=\/wp\/v2\/media\/12473"}],"wp:attachment":[{"href":"https:\/\/cenal.gob.ve\/index.php?rest_route=%2Fwp%2Fv2%2Fmedia&parent=12541"}],"wp:term":[{"taxonomy":"category","embeddable":true,"href":"https:\/\/cenal.gob.ve\/index.php?rest_route=%2Fwp%2Fv2%2Fcategories&post=12541"},{"taxonomy":"post_tag","embeddable":true,"href":"https:\/\/cenal.gob.ve\/index.php?rest_route=%2Fwp%2Fv2%2Ftags&post=12541"}],"curies":[{"name":"wp","href":"https:\/\/api.w.org\/{rel}","templated":true}]}}