{"id":12544,"date":"2022-03-07T15:28:00","date_gmt":"2022-03-07T19:28:00","guid":{"rendered":"http:\/\/cenal.gob.ve\/?p=12544"},"modified":"2022-05-22T21:45:08","modified_gmt":"2022-05-23T01:45:08","slug":"venezuela-violenta","status":"publish","type":"post","link":"https:\/\/cenal.gob.ve\/?p=12544","title":{"rendered":"Venezuela violenta"},"content":{"rendered":"\n<p>Desafiante ensayo donde se analiza desde una mirada pol\u00edtica, hist\u00f3rica y cultural los or\u00edgenes y las causas que determinaron la tipolog\u00eda de la violencia dentro de nuestra psicolog\u00eda nacional. Una violencia que el autor esquematiza en dos planteamientos: \u201cla violencia feudal y la violencia imperialista\u201d. Si bien Araujo la ubica en un contexto hist\u00f3rico, el centro de este estudio no solo est\u00e1 enfocado en los sucesos que configuraron la d\u00e9cada violenta (1960-1970), a\u00f1os que marcaron una serie de eventos pol\u00edticos de relevancia en Venezuela y el mundo. Desde su aparici\u00f3n en 1968, este libro se ha convertido en una referencia obligada al momento de revisitar la Venezuela contempor\u00e1nea, sin embargo, ac\u00e1 se debe subrayar una precisi\u00f3n que el mismo autor advierte: no es un libro contra P\u00e9rez Jim\u00e9nez ni R\u00f3mulo Betancourt ni Leoni, tampoco una apolog\u00eda a la guerrilla; su objetivo es revisar la situaci\u00f3n de una burgues\u00eda dentro del contexto agrario, industrial y petrolero que conllev\u00f3 una forma particular de fracaso social en nuestro pa\u00eds, combinado con una representaci\u00f3n pol\u00edtica que desde el poder utiliz\u00f3 acciones violentas para contrarrestar cualquier posibilidad de repensar lo social y la democracia.\u00a0<\/p>\n\n\n\n<p><strong>Orlando Araujo <\/strong>(1927-1987)<strong> <\/strong>Pol\u00edtico, periodista, economista, cr\u00edtico literario y profesor universitario. Utiliz\u00f3 el ensayo, entre otros g\u00e9neros, como v\u00eda para describir y analizar procesos hist\u00f3ricos, econ\u00f3micos y culturales que contribuyeron a explicar la Venezuela contempor\u00e1nea. Premio al Mejor Libro Infantil en 1972, Premio Nacional de Literatura en 1974 y Menci\u00f3n de Honor de la Unesco para el a\u00f1o 1979. Entre sus obras se destacan: <em>Compa\u00f1ero de viaje<\/em> (1970), <em>Narrativa venezolana contempor\u00e1nea<\/em> (1972), <em>Carta a Sebasti\u00e1n para que no me olvide<\/em> (1988) y <em>Compa\u00f1ero de viaje y otros relatos<\/em> (2005).<\/p>\n\n\n\n<p><strong>Orlando Araujo<\/strong><br><strong><em>Venezuela violenta<\/em><\/strong><br>Colecci\u00f3n Bicentenario Carabobo 22<br>ISBN 978-980-7301-92-3<br>186 pp.<\/p>\n","protected":false},"excerpt":{"rendered":"<p>Desafiante ensayo donde se analiza desde una mirada pol\u00edtica, hist\u00f3rica y cultural los or\u00edgenes y las causas que determinaron la tipolog\u00eda de la violencia dentro de nuestra psicolog\u00eda nacional. Una [&hellip;]<\/p>\n","protected":false},"author":10,"featured_media":12476,"comment_status":"open","ping_status":"closed","sticky":false,"template":"","format":"standard","meta":{"spay_email":"","jetpack_publicize_message":"","jetpack_is_tweetstorm":false,"jetpack_publicize_feature_enabled":true},"categories":[93,55],"tags":[],"yoast_head":"<!-- This site is optimized with the Yoast SEO plugin v19.8 - https:\/\/yoast.com\/wordpress\/plugins\/seo\/ -->\n<title>Venezuela violenta<\/title>\n<meta name=\"robots\" content=\"index, follow, max-snippet:-1, max-image-preview:large, max-video-preview:-1\" \/>\n<link rel=\"canonical\" href=\"https:\/\/cenal.gob.ve\/?p=12544\" \/>\n<meta property=\"og:locale\" content=\"es_ES\" \/>\n<meta property=\"og:type\" content=\"article\" \/>\n<meta property=\"og:title\" content=\"Venezuela violenta\" \/>\n<meta property=\"og:description\" content=\"Desafiante ensayo donde se analiza desde una mirada pol\u00edtica, hist\u00f3rica y cultural los or\u00edgenes y las causas que determinaron la tipolog\u00eda de la violencia dentro de nuestra psicolog\u00eda nacional. Una [&hellip;]\" \/>\n<meta property=\"og:url\" content=\"https:\/\/cenal.gob.ve\/?p=12544\" \/>\n<meta property=\"og:site_name\" content=\"Cenal\" \/>\n<meta property=\"article:published_time\" content=\"2022-03-07T19:28:00+00:00\" \/>\n<meta property=\"article:modified_time\" content=\"2022-05-23T01:45:08+00:00\" \/>\n<meta property=\"og:image\" content=\"https:\/\/i0.wp.com\/cenal.gob.ve\/wp-content\/uploads\/2022\/03\/Coleccion-Bicentenario-Carabobo-22-Araujo-Orlando-Venezuela-violenta.jpg?fit=1072%2C1624&ssl=1\" \/>\n\t<meta property=\"og:image:width\" content=\"1072\" \/>\n\t<meta property=\"og:image:height\" content=\"1624\" \/>\n\t<meta property=\"og:image:type\" content=\"image\/jpeg\" \/>\n<meta name=\"author\" content=\"Prensa Cenal\" \/>\n<meta name=\"twitter:card\" content=\"summary_large_image\" \/>\n<meta name=\"twitter:label1\" content=\"Written by\" \/>\n\t<meta name=\"twitter:data1\" content=\"Prensa Cenal\" \/>\n\t<meta name=\"twitter:label2\" content=\"Est. reading time\" \/>\n\t<meta name=\"twitter:data2\" content=\"2 minutos\" \/>\n<script type=\"application\/ld+json\" class=\"yoast-schema-graph\">{\"@context\":\"https:\/\/schema.org\",\"@graph\":[{\"@type\":\"Article\",\"@id\":\"https:\/\/cenal.gob.ve\/?p=12544#article\",\"isPartOf\":{\"@id\":\"https:\/\/cenal.gob.ve\/?p=12544\"},\"author\":{\"name\":\"Prensa Cenal\",\"@id\":\"https:\/\/cenal.gob.ve\/#\/schema\/person\/e3ed34623f400ffab8bc7a63b2f5533f\"},\"headline\":\"Venezuela violenta\",\"datePublished\":\"2022-03-07T19:28:00+00:00\",\"dateModified\":\"2022-05-23T01:45:08+00:00\",\"mainEntityOfPage\":{\"@id\":\"https:\/\/cenal.gob.ve\/?p=12544\"},\"wordCount\":318,\"commentCount\":0,\"publisher\":{\"@id\":\"https:\/\/cenal.gob.ve\/#organization\"},\"articleSection\":[\"Bicentenario Carabobo\",\"Libros\"],\"inLanguage\":\"es\",\"potentialAction\":[{\"@type\":\"CommentAction\",\"name\":\"Comment\",\"target\":[\"https:\/\/cenal.gob.ve\/?p=12544#respond\"]}]},{\"@type\":\"WebPage\",\"@id\":\"https:\/\/cenal.gob.ve\/?p=12544\",\"url\":\"https:\/\/cenal.gob.ve\/?p=12544\",\"name\":\"Venezuela violenta\",\"isPartOf\":{\"@id\":\"https:\/\/cenal.gob.ve\/#website\"},\"datePublished\":\"2022-03-07T19:28:00+00:00\",\"dateModified\":\"2022-05-23T01:45:08+00:00\",\"breadcrumb\":{\"@id\":\"https:\/\/cenal.gob.ve\/?p=12544#breadcrumb\"},\"inLanguage\":\"es\",\"potentialAction\":[{\"@type\":\"ReadAction\",\"target\":[\"https:\/\/cenal.gob.ve\/?p=12544\"]}]},{\"@type\":\"BreadcrumbList\",\"@id\":\"https:\/\/cenal.gob.ve\/?p=12544#breadcrumb\",\"itemListElement\":[{\"@type\":\"ListItem\",\"position\":1,\"name\":\"Home\",\"item\":\"https:\/\/cenal.gob.ve\/\"},{\"@type\":\"ListItem\",\"position\":2,\"name\":\"Venezuela violenta\"}]},{\"@type\":\"WebSite\",\"@id\":\"https:\/\/cenal.gob.ve\/#website\",\"url\":\"https:\/\/cenal.gob.ve\/\",\"name\":\"Cenal\",\"description\":\"\",\"publisher\":{\"@id\":\"https:\/\/cenal.gob.ve\/#organization\"},\"potentialAction\":[{\"@type\":\"SearchAction\",\"target\":{\"@type\":\"EntryPoint\",\"urlTemplate\":\"https:\/\/cenal.gob.ve\/?s={search_term_string}\"},\"query-input\":\"required name=search_term_string\"}],\"inLanguage\":\"es\"},{\"@type\":\"Organization\",\"@id\":\"https:\/\/cenal.gob.ve\/#organization\",\"name\":\"CENAL\",\"url\":\"https:\/\/cenal.gob.ve\/\",\"sameAs\":[],\"logo\":{\"@type\":\"ImageObject\",\"inLanguage\":\"es\",\"@id\":\"https:\/\/cenal.gob.ve\/#\/schema\/logo\/image\/\",\"url\":\"https:\/\/i0.wp.com\/cenal.gob.ve\/wp-content\/uploads\/2022\/10\/cropped-images.jpg?fit=512%2C512\",\"contentUrl\":\"https:\/\/i0.wp.com\/cenal.gob.ve\/wp-content\/uploads\/2022\/10\/cropped-images.jpg?fit=512%2C512\",\"width\":512,\"height\":512,\"caption\":\"CENAL\"},\"image\":{\"@id\":\"https:\/\/cenal.gob.ve\/#\/schema\/logo\/image\/\"}},{\"@type\":\"Person\",\"@id\":\"https:\/\/cenal.gob.ve\/#\/schema\/person\/e3ed34623f400ffab8bc7a63b2f5533f\",\"name\":\"Prensa Cenal\",\"image\":{\"@type\":\"ImageObject\",\"inLanguage\":\"es\",\"@id\":\"https:\/\/cenal.gob.ve\/#\/schema\/person\/image\/\",\"url\":\"https:\/\/secure.gravatar.com\/avatar\/594b4ed34090910c619ac3679001d491?s=96&d=mm&r=g\",\"contentUrl\":\"https:\/\/secure.gravatar.com\/avatar\/594b4ed34090910c619ac3679001d491?s=96&d=mm&r=g\",\"caption\":\"Prensa Cenal\"},\"url\":\"https:\/\/cenal.gob.ve\/?author=10\"}]}<\/script>\n<!-- \/ Yoast SEO plugin. -->","yoast_head_json":{"title":"Venezuela violenta","robots":{"index":"index","follow":"follow","max-snippet":"max-snippet:-1","max-image-preview":"max-image-preview:large","max-video-preview":"max-video-preview:-1"},"canonical":"https:\/\/cenal.gob.ve\/?p=12544","og_locale":"es_ES","og_type":"article","og_title":"Venezuela violenta","og_description":"Desafiante ensayo donde se analiza desde una mirada pol\u00edtica, hist\u00f3rica y cultural los or\u00edgenes y las causas que determinaron la tipolog\u00eda de la violencia dentro de nuestra psicolog\u00eda nacional. Una [&hellip;]","og_url":"https:\/\/cenal.gob.ve\/?p=12544","og_site_name":"Cenal","article_published_time":"2022-03-07T19:28:00+00:00","article_modified_time":"2022-05-23T01:45:08+00:00","og_image":[{"width":1072,"height":1624,"url":"https:\/\/i0.wp.com\/cenal.gob.ve\/wp-content\/uploads\/2022\/03\/Coleccion-Bicentenario-Carabobo-22-Araujo-Orlando-Venezuela-violenta.jpg?fit=1072%2C1624&ssl=1","type":"image\/jpeg"}],"author":"Prensa Cenal","twitter_card":"summary_large_image","twitter_misc":{"Written by":"Prensa Cenal","Est. reading time":"2 minutos"},"schema":{"@context":"https:\/\/schema.org","@graph":[{"@type":"Article","@id":"https:\/\/cenal.gob.ve\/?p=12544#article","isPartOf":{"@id":"https:\/\/cenal.gob.ve\/?p=12544"},"author":{"name":"Prensa Cenal","@id":"https:\/\/cenal.gob.ve\/#\/schema\/person\/e3ed34623f400ffab8bc7a63b2f5533f"},"headline":"Venezuela violenta","datePublished":"2022-03-07T19:28:00+00:00","dateModified":"2022-05-23T01:45:08+00:00","mainEntityOfPage":{"@id":"https:\/\/cenal.gob.ve\/?p=12544"},"wordCount":318,"commentCount":0,"publisher":{"@id":"https:\/\/cenal.gob.ve\/#organization"},"articleSection":["Bicentenario Carabobo","Libros"],"inLanguage":"es","potentialAction":[{"@type":"CommentAction","name":"Comment","target":["https:\/\/cenal.gob.ve\/?p=12544#respond"]}]},{"@type":"WebPage","@id":"https:\/\/cenal.gob.ve\/?p=12544","url":"https:\/\/cenal.gob.ve\/?p=12544","name":"Venezuela violenta","isPartOf":{"@id":"https:\/\/cenal.gob.ve\/#website"},"datePublished":"2022-03-07T19:28:00+00:00","dateModified":"2022-05-23T01:45:08+00:00","breadcrumb":{"@id":"https:\/\/cenal.gob.ve\/?p=12544#breadcrumb"},"inLanguage":"es","potentialAction":[{"@type":"ReadAction","target":["https:\/\/cenal.gob.ve\/?p=12544"]}]},{"@type":"BreadcrumbList","@id":"https:\/\/cenal.gob.ve\/?p=12544#breadcrumb","itemListElement":[{"@type":"ListItem","position":1,"name":"Home","item":"https:\/\/cenal.gob.ve\/"},{"@type":"ListItem","position":2,"name":"Venezuela violenta"}]},{"@type":"WebSite","@id":"https:\/\/cenal.gob.ve\/#website","url":"https:\/\/cenal.gob.ve\/","name":"Cenal","description":"","publisher":{"@id":"https:\/\/cenal.gob.ve\/#organization"},"potentialAction":[{"@type":"SearchAction","target":{"@type":"EntryPoint","urlTemplate":"https:\/\/cenal.gob.ve\/?s={search_term_string}"},"query-input":"required name=search_term_string"}],"inLanguage":"es"},{"@type":"Organization","@id":"https:\/\/cenal.gob.ve\/#organization","name":"CENAL","url":"https:\/\/cenal.gob.ve\/","sameAs":[],"logo":{"@type":"ImageObject","inLanguage":"es","@id":"https:\/\/cenal.gob.ve\/#\/schema\/logo\/image\/","url":"https:\/\/i0.wp.com\/cenal.gob.ve\/wp-content\/uploads\/2022\/10\/cropped-images.jpg?fit=512%2C512","contentUrl":"https:\/\/i0.wp.com\/cenal.gob.ve\/wp-content\/uploads\/2022\/10\/cropped-images.jpg?fit=512%2C512","width":512,"height":512,"caption":"CENAL"},"image":{"@id":"https:\/\/cenal.gob.ve\/#\/schema\/logo\/image\/"}},{"@type":"Person","@id":"https:\/\/cenal.gob.ve\/#\/schema\/person\/e3ed34623f400ffab8bc7a63b2f5533f","name":"Prensa Cenal","image":{"@type":"ImageObject","inLanguage":"es","@id":"https:\/\/cenal.gob.ve\/#\/schema\/person\/image\/","url":"https:\/\/secure.gravatar.com\/avatar\/594b4ed34090910c619ac3679001d491?s=96&d=mm&r=g","contentUrl":"https:\/\/secure.gravatar.com\/avatar\/594b4ed34090910c619ac3679001d491?s=96&d=mm&r=g","caption":"Prensa Cenal"},"url":"https:\/\/cenal.gob.ve\/?author=10"}]}},"jetpack_featured_media_url":"https:\/\/cenal.gob.ve\/wp-content\/uploads\/2022\/03\/Coleccion-Bicentenario-Carabobo-22-Araujo-Orlando-Venezuela-violenta.jpg","jetpack_publicize_connections":[],"jetpack_shortlink":"https:\/\/wp.me\/p5FMhp-3gk","_links":{"self":[{"href":"https:\/\/cenal.gob.ve\/index.php?rest_route=\/wp\/v2\/posts\/12544"}],"collection":[{"href":"https:\/\/cenal.gob.ve\/index.php?rest_route=\/wp\/v2\/posts"}],"about":[{"href":"https:\/\/cenal.gob.ve\/index.php?rest_route=\/wp\/v2\/types\/post"}],"author":[{"embeddable":true,"href":"https:\/\/cenal.gob.ve\/index.php?rest_route=\/wp\/v2\/users\/10"}],"replies":[{"embeddable":true,"href":"https:\/\/cenal.gob.ve\/index.php?rest_route=%2Fwp%2Fv2%2Fcomments&post=12544"}],"version-history":[{"count":4,"href":"https:\/\/cenal.gob.ve\/index.php?rest_route=\/wp\/v2\/posts\/12544\/revisions"}],"predecessor-version":[{"id":16617,"href":"https:\/\/cenal.gob.ve\/index.php?rest_route=\/wp\/v2\/posts\/12544\/revisions\/16617"}],"wp:featuredmedia":[{"embeddable":true,"href":"https:\/\/cenal.gob.ve\/index.php?rest_route=\/wp\/v2\/media\/12476"}],"wp:attachment":[{"href":"https:\/\/cenal.gob.ve\/index.php?rest_route=%2Fwp%2Fv2%2Fmedia&parent=12544"}],"wp:term":[{"taxonomy":"category","embeddable":true,"href":"https:\/\/cenal.gob.ve\/index.php?rest_route=%2Fwp%2Fv2%2Fcategories&post=12544"},{"taxonomy":"post_tag","embeddable":true,"href":"https:\/\/cenal.gob.ve\/index.php?rest_route=%2Fwp%2Fv2%2Ftags&post=12544"}],"curies":[{"name":"wp","href":"https:\/\/api.w.org\/{rel}","templated":true}]}}