{"id":12548,"date":"2022-03-07T15:28:00","date_gmt":"2022-03-07T19:28:00","guid":{"rendered":"http:\/\/cenal.gob.ve\/?p=12548"},"modified":"2022-05-23T03:55:28","modified_gmt":"2022-05-23T07:55:28","slug":"glosario-de-voces-indigenas-de-venezuela","status":"publish","type":"post","link":"https:\/\/cenal.gob.ve\/?p=12548","title":{"rendered":"Glosario de voces ind\u00edgenas de Venezuela"},"content":{"rendered":"\n<p>Publicado en 1921, este libro compil\u00f3, catalog\u00f3 y defini\u00f3 aquellas palabras de ra\u00edz ind\u00edgena que pod\u00edan considerarse venezolanismos y que eran de uso com\u00fan y extendido entre la gente. Estaba convencido Lisandro Alvarado de que deb\u00edan ser registradas y reconocidas como propias del idioma espa\u00f1ol hablado en Venezuela y, por lo tanto \u2014al igual que muchos vocablos regionales no incluidos en el diccionario de la Real Academia Espa\u00f1ola\u2014&nbsp;ten\u00edan que incluirse en un glosario que se sumara a los que ya circulaban en el continente. Adem\u00e1s de cumplir con esa tarea, procuraba evitar que el pa\u00eds quedara relegado en ese sentido, pues ya para la \u00e9poca, advert\u00eda, \u201ccasi todas las rep\u00fablicas hispanoamericanas tienen diccionarios de sus voces corrientes y modismos\u201d. Palabras como acure, baquiano, cachimbo, conuco, chig\u00fcire, guaraguara, gu\u00e1ramo, lapa, maraco, maute, pita, taguapire, totuma, urumaco, viroviro, yaguasa, entre muchas otras, son presentadas y explicadas seg\u00fan su origen, derivaciones, localizaci\u00f3n geogr\u00e1fica. Tambi\u00e9n se muestran sobre su abolengo y su uso en el habla viva. Todo bajo criterios lexicogr\u00e1ficos y una rigurosa metodolog\u00eda que hicieron de esta una obra fundacional de los estudios ling\u00fc\u00edsticos modernos en Venezuela.<\/p>\n\n\n\n<p><strong>Lisandro Alvarado<\/strong>&nbsp;M\u00e9dico, naturalista, fil\u00f3logo, historiador, etn\u00f3grafo y escritor venezolano nacido en El Tocuyo, Lara, en 1858. Apasionado de la ling\u00fc\u00edstica, lleg\u00f3 a adquirir una formaci\u00f3n tan vasta que ya en vida se le reconoci\u00f3 p\u00fablicamente como sabio. Viajero incansable, conoci\u00f3 como nadie en su tiempo la Venezuela profunda y los pueblos que la habitaban. Tradujo&nbsp;<em>De la naturaleza de las cosas<\/em>, de Lucrecio, y&nbsp;<em>Viaje a las regiones equinocciales del nuevo continente<\/em>, de Alejandro de Humboldt. Fue miembro de las academias de la Medicina, de la Lengua y de la Historia. De sus muchos libros se destacan&nbsp;<em>Historia de la Revoluci\u00f3n Federal en Venezuela&nbsp;<\/em>(1909),&nbsp;<em>Alteraciones fon\u00e9ticas del espa\u00f1ol en Venezuela<\/em>&nbsp;(1909),&nbsp;<em>Glosarios del bajo espa\u00f1ol en Venezuela<\/em>&nbsp;(1929, p\u00f3stumo) y&nbsp;<em>Datos etnogr\u00e1ficos de Venezuela<\/em>, publicado en 1945. Muri\u00f3 en Valencia en 1929.<\/p>\n\n\n\n<p><strong>Lisandro Alvarado&nbsp;<br><em>Glosario de voces ind\u00edgenas de Venezuela<\/em><br><\/strong>Colecci\u00f3n Bicentenario Carabobo 26<br>ISBN 978-980-440-006-3<br>390 pp.<\/p>\n","protected":false},"excerpt":{"rendered":"<p>Publicado en 1921, este libro compil\u00f3, catalog\u00f3 y defini\u00f3 aquellas palabras de ra\u00edz ind\u00edgena que pod\u00edan considerarse venezolanismos y que eran de uso com\u00fan y extendido entre la gente. Estaba [&hellip;]<\/p>\n","protected":false},"author":10,"featured_media":12480,"comment_status":"open","ping_status":"closed","sticky":false,"template":"","format":"standard","meta":{"spay_email":"","jetpack_publicize_message":"","jetpack_is_tweetstorm":false,"jetpack_publicize_feature_enabled":true},"categories":[93,55],"tags":[],"yoast_head":"<!-- This site is optimized with the Yoast SEO plugin v19.8 - https:\/\/yoast.com\/wordpress\/plugins\/seo\/ -->\n<title>Glosario de voces ind\u00edgenas de Venezuela<\/title>\n<meta name=\"robots\" content=\"index, follow, max-snippet:-1, max-image-preview:large, max-video-preview:-1\" \/>\n<link rel=\"canonical\" href=\"https:\/\/cenal.gob.ve\/?p=12548\" \/>\n<meta property=\"og:locale\" content=\"es_ES\" \/>\n<meta property=\"og:type\" content=\"article\" \/>\n<meta property=\"og:title\" content=\"Glosario de voces ind\u00edgenas de Venezuela\" \/>\n<meta property=\"og:description\" content=\"Publicado en 1921, este libro compil\u00f3, catalog\u00f3 y defini\u00f3 aquellas palabras de ra\u00edz ind\u00edgena que pod\u00edan considerarse venezolanismos y que eran de uso com\u00fan y extendido entre la gente. Estaba [&hellip;]\" \/>\n<meta property=\"og:url\" content=\"https:\/\/cenal.gob.ve\/?p=12548\" \/>\n<meta property=\"og:site_name\" content=\"Cenal\" \/>\n<meta property=\"article:published_time\" content=\"2022-03-07T19:28:00+00:00\" \/>\n<meta property=\"article:modified_time\" content=\"2022-05-23T07:55:28+00:00\" \/>\n<meta property=\"og:image\" content=\"https:\/\/i0.wp.com\/cenal.gob.ve\/wp-content\/uploads\/2022\/03\/Coleccion-Bicentenario-Carabobo-26-Alvarado-Lisandro-Glosario-de-voces-indigenas-de-Venezuela.jpeg?fit=1059%2C1563&ssl=1\" \/>\n\t<meta property=\"og:image:width\" content=\"1059\" \/>\n\t<meta property=\"og:image:height\" content=\"1563\" \/>\n\t<meta property=\"og:image:type\" content=\"image\/jpeg\" \/>\n<meta name=\"author\" content=\"Prensa Cenal\" \/>\n<meta name=\"twitter:card\" content=\"summary_large_image\" \/>\n<meta name=\"twitter:label1\" content=\"Written by\" \/>\n\t<meta name=\"twitter:data1\" content=\"Prensa Cenal\" \/>\n\t<meta name=\"twitter:label2\" content=\"Est. reading time\" \/>\n\t<meta name=\"twitter:data2\" content=\"2 minutos\" \/>\n<script type=\"application\/ld+json\" class=\"yoast-schema-graph\">{\"@context\":\"https:\/\/schema.org\",\"@graph\":[{\"@type\":\"Article\",\"@id\":\"https:\/\/cenal.gob.ve\/?p=12548#article\",\"isPartOf\":{\"@id\":\"https:\/\/cenal.gob.ve\/?p=12548\"},\"author\":{\"name\":\"Prensa Cenal\",\"@id\":\"https:\/\/cenal.gob.ve\/#\/schema\/person\/e3ed34623f400ffab8bc7a63b2f5533f\"},\"headline\":\"Glosario de voces ind\u00edgenas de Venezuela\",\"datePublished\":\"2022-03-07T19:28:00+00:00\",\"dateModified\":\"2022-05-23T07:55:28+00:00\",\"mainEntityOfPage\":{\"@id\":\"https:\/\/cenal.gob.ve\/?p=12548\"},\"wordCount\":383,\"commentCount\":0,\"publisher\":{\"@id\":\"https:\/\/cenal.gob.ve\/#organization\"},\"articleSection\":[\"Bicentenario Carabobo\",\"Libros\"],\"inLanguage\":\"es\",\"potentialAction\":[{\"@type\":\"CommentAction\",\"name\":\"Comment\",\"target\":[\"https:\/\/cenal.gob.ve\/?p=12548#respond\"]}]},{\"@type\":\"WebPage\",\"@id\":\"https:\/\/cenal.gob.ve\/?p=12548\",\"url\":\"https:\/\/cenal.gob.ve\/?p=12548\",\"name\":\"Glosario de voces ind\u00edgenas de Venezuela\",\"isPartOf\":{\"@id\":\"https:\/\/cenal.gob.ve\/#website\"},\"datePublished\":\"2022-03-07T19:28:00+00:00\",\"dateModified\":\"2022-05-23T07:55:28+00:00\",\"breadcrumb\":{\"@id\":\"https:\/\/cenal.gob.ve\/?p=12548#breadcrumb\"},\"inLanguage\":\"es\",\"potentialAction\":[{\"@type\":\"ReadAction\",\"target\":[\"https:\/\/cenal.gob.ve\/?p=12548\"]}]},{\"@type\":\"BreadcrumbList\",\"@id\":\"https:\/\/cenal.gob.ve\/?p=12548#breadcrumb\",\"itemListElement\":[{\"@type\":\"ListItem\",\"position\":1,\"name\":\"Home\",\"item\":\"https:\/\/cenal.gob.ve\/\"},{\"@type\":\"ListItem\",\"position\":2,\"name\":\"Glosario de voces ind\u00edgenas de Venezuela\"}]},{\"@type\":\"WebSite\",\"@id\":\"https:\/\/cenal.gob.ve\/#website\",\"url\":\"https:\/\/cenal.gob.ve\/\",\"name\":\"Cenal\",\"description\":\"\",\"publisher\":{\"@id\":\"https:\/\/cenal.gob.ve\/#organization\"},\"potentialAction\":[{\"@type\":\"SearchAction\",\"target\":{\"@type\":\"EntryPoint\",\"urlTemplate\":\"https:\/\/cenal.gob.ve\/?s={search_term_string}\"},\"query-input\":\"required name=search_term_string\"}],\"inLanguage\":\"es\"},{\"@type\":\"Organization\",\"@id\":\"https:\/\/cenal.gob.ve\/#organization\",\"name\":\"CENAL\",\"url\":\"https:\/\/cenal.gob.ve\/\",\"sameAs\":[],\"logo\":{\"@type\":\"ImageObject\",\"inLanguage\":\"es\",\"@id\":\"https:\/\/cenal.gob.ve\/#\/schema\/logo\/image\/\",\"url\":\"https:\/\/i0.wp.com\/cenal.gob.ve\/wp-content\/uploads\/2022\/10\/cropped-images.jpg?fit=512%2C512\",\"contentUrl\":\"https:\/\/i0.wp.com\/cenal.gob.ve\/wp-content\/uploads\/2022\/10\/cropped-images.jpg?fit=512%2C512\",\"width\":512,\"height\":512,\"caption\":\"CENAL\"},\"image\":{\"@id\":\"https:\/\/cenal.gob.ve\/#\/schema\/logo\/image\/\"}},{\"@type\":\"Person\",\"@id\":\"https:\/\/cenal.gob.ve\/#\/schema\/person\/e3ed34623f400ffab8bc7a63b2f5533f\",\"name\":\"Prensa Cenal\",\"image\":{\"@type\":\"ImageObject\",\"inLanguage\":\"es\",\"@id\":\"https:\/\/cenal.gob.ve\/#\/schema\/person\/image\/\",\"url\":\"https:\/\/secure.gravatar.com\/avatar\/594b4ed34090910c619ac3679001d491?s=96&d=mm&r=g\",\"contentUrl\":\"https:\/\/secure.gravatar.com\/avatar\/594b4ed34090910c619ac3679001d491?s=96&d=mm&r=g\",\"caption\":\"Prensa Cenal\"},\"url\":\"https:\/\/cenal.gob.ve\/?author=10\"}]}<\/script>\n<!-- \/ Yoast SEO plugin. -->","yoast_head_json":{"title":"Glosario de voces ind\u00edgenas de Venezuela","robots":{"index":"index","follow":"follow","max-snippet":"max-snippet:-1","max-image-preview":"max-image-preview:large","max-video-preview":"max-video-preview:-1"},"canonical":"https:\/\/cenal.gob.ve\/?p=12548","og_locale":"es_ES","og_type":"article","og_title":"Glosario de voces ind\u00edgenas de Venezuela","og_description":"Publicado en 1921, este libro compil\u00f3, catalog\u00f3 y defini\u00f3 aquellas palabras de ra\u00edz ind\u00edgena que pod\u00edan considerarse venezolanismos y que eran de uso com\u00fan y extendido entre la gente. Estaba [&hellip;]","og_url":"https:\/\/cenal.gob.ve\/?p=12548","og_site_name":"Cenal","article_published_time":"2022-03-07T19:28:00+00:00","article_modified_time":"2022-05-23T07:55:28+00:00","og_image":[{"width":1059,"height":1563,"url":"https:\/\/i0.wp.com\/cenal.gob.ve\/wp-content\/uploads\/2022\/03\/Coleccion-Bicentenario-Carabobo-26-Alvarado-Lisandro-Glosario-de-voces-indigenas-de-Venezuela.jpeg?fit=1059%2C1563&ssl=1","type":"image\/jpeg"}],"author":"Prensa Cenal","twitter_card":"summary_large_image","twitter_misc":{"Written by":"Prensa Cenal","Est. reading time":"2 minutos"},"schema":{"@context":"https:\/\/schema.org","@graph":[{"@type":"Article","@id":"https:\/\/cenal.gob.ve\/?p=12548#article","isPartOf":{"@id":"https:\/\/cenal.gob.ve\/?p=12548"},"author":{"name":"Prensa Cenal","@id":"https:\/\/cenal.gob.ve\/#\/schema\/person\/e3ed34623f400ffab8bc7a63b2f5533f"},"headline":"Glosario de voces ind\u00edgenas de Venezuela","datePublished":"2022-03-07T19:28:00+00:00","dateModified":"2022-05-23T07:55:28+00:00","mainEntityOfPage":{"@id":"https:\/\/cenal.gob.ve\/?p=12548"},"wordCount":383,"commentCount":0,"publisher":{"@id":"https:\/\/cenal.gob.ve\/#organization"},"articleSection":["Bicentenario Carabobo","Libros"],"inLanguage":"es","potentialAction":[{"@type":"CommentAction","name":"Comment","target":["https:\/\/cenal.gob.ve\/?p=12548#respond"]}]},{"@type":"WebPage","@id":"https:\/\/cenal.gob.ve\/?p=12548","url":"https:\/\/cenal.gob.ve\/?p=12548","name":"Glosario de voces ind\u00edgenas de Venezuela","isPartOf":{"@id":"https:\/\/cenal.gob.ve\/#website"},"datePublished":"2022-03-07T19:28:00+00:00","dateModified":"2022-05-23T07:55:28+00:00","breadcrumb":{"@id":"https:\/\/cenal.gob.ve\/?p=12548#breadcrumb"},"inLanguage":"es","potentialAction":[{"@type":"ReadAction","target":["https:\/\/cenal.gob.ve\/?p=12548"]}]},{"@type":"BreadcrumbList","@id":"https:\/\/cenal.gob.ve\/?p=12548#breadcrumb","itemListElement":[{"@type":"ListItem","position":1,"name":"Home","item":"https:\/\/cenal.gob.ve\/"},{"@type":"ListItem","position":2,"name":"Glosario de voces ind\u00edgenas de Venezuela"}]},{"@type":"WebSite","@id":"https:\/\/cenal.gob.ve\/#website","url":"https:\/\/cenal.gob.ve\/","name":"Cenal","description":"","publisher":{"@id":"https:\/\/cenal.gob.ve\/#organization"},"potentialAction":[{"@type":"SearchAction","target":{"@type":"EntryPoint","urlTemplate":"https:\/\/cenal.gob.ve\/?s={search_term_string}"},"query-input":"required name=search_term_string"}],"inLanguage":"es"},{"@type":"Organization","@id":"https:\/\/cenal.gob.ve\/#organization","name":"CENAL","url":"https:\/\/cenal.gob.ve\/","sameAs":[],"logo":{"@type":"ImageObject","inLanguage":"es","@id":"https:\/\/cenal.gob.ve\/#\/schema\/logo\/image\/","url":"https:\/\/i0.wp.com\/cenal.gob.ve\/wp-content\/uploads\/2022\/10\/cropped-images.jpg?fit=512%2C512","contentUrl":"https:\/\/i0.wp.com\/cenal.gob.ve\/wp-content\/uploads\/2022\/10\/cropped-images.jpg?fit=512%2C512","width":512,"height":512,"caption":"CENAL"},"image":{"@id":"https:\/\/cenal.gob.ve\/#\/schema\/logo\/image\/"}},{"@type":"Person","@id":"https:\/\/cenal.gob.ve\/#\/schema\/person\/e3ed34623f400ffab8bc7a63b2f5533f","name":"Prensa Cenal","image":{"@type":"ImageObject","inLanguage":"es","@id":"https:\/\/cenal.gob.ve\/#\/schema\/person\/image\/","url":"https:\/\/secure.gravatar.com\/avatar\/594b4ed34090910c619ac3679001d491?s=96&d=mm&r=g","contentUrl":"https:\/\/secure.gravatar.com\/avatar\/594b4ed34090910c619ac3679001d491?s=96&d=mm&r=g","caption":"Prensa Cenal"},"url":"https:\/\/cenal.gob.ve\/?author=10"}]}},"jetpack_featured_media_url":"https:\/\/cenal.gob.ve\/wp-content\/uploads\/2022\/03\/Coleccion-Bicentenario-Carabobo-26-Alvarado-Lisandro-Glosario-de-voces-indigenas-de-Venezuela.jpeg","jetpack_publicize_connections":[],"jetpack_shortlink":"https:\/\/wp.me\/p5FMhp-3go","_links":{"self":[{"href":"https:\/\/cenal.gob.ve\/index.php?rest_route=\/wp\/v2\/posts\/12548"}],"collection":[{"href":"https:\/\/cenal.gob.ve\/index.php?rest_route=\/wp\/v2\/posts"}],"about":[{"href":"https:\/\/cenal.gob.ve\/index.php?rest_route=\/wp\/v2\/types\/post"}],"author":[{"embeddable":true,"href":"https:\/\/cenal.gob.ve\/index.php?rest_route=\/wp\/v2\/users\/10"}],"replies":[{"embeddable":true,"href":"https:\/\/cenal.gob.ve\/index.php?rest_route=%2Fwp%2Fv2%2Fcomments&post=12548"}],"version-history":[{"count":5,"href":"https:\/\/cenal.gob.ve\/index.php?rest_route=\/wp\/v2\/posts\/12548\/revisions"}],"predecessor-version":[{"id":16646,"href":"https:\/\/cenal.gob.ve\/index.php?rest_route=\/wp\/v2\/posts\/12548\/revisions\/16646"}],"wp:featuredmedia":[{"embeddable":true,"href":"https:\/\/cenal.gob.ve\/index.php?rest_route=\/wp\/v2\/media\/12480"}],"wp:attachment":[{"href":"https:\/\/cenal.gob.ve\/index.php?rest_route=%2Fwp%2Fv2%2Fmedia&parent=12548"}],"wp:term":[{"taxonomy":"category","embeddable":true,"href":"https:\/\/cenal.gob.ve\/index.php?rest_route=%2Fwp%2Fv2%2Fcategories&post=12548"},{"taxonomy":"post_tag","embeddable":true,"href":"https:\/\/cenal.gob.ve\/index.php?rest_route=%2Fwp%2Fv2%2Ftags&post=12548"}],"curies":[{"name":"wp","href":"https:\/\/api.w.org\/{rel}","templated":true}]}}