{"id":12558,"date":"2022-03-07T15:28:00","date_gmt":"2022-03-07T19:28:00","guid":{"rendered":"http:\/\/cenal.gob.ve\/?p=12558"},"modified":"2022-05-23T04:10:27","modified_gmt":"2022-05-23T08:10:27","slug":"cumboto","status":"publish","type":"post","link":"https:\/\/cenal.gob.ve\/?p=12558","title":{"rendered":"Mene &#8211; Cumboto"},"content":{"rendered":"\n<p>Las novelas de Ram\u00f3n D\u00edaz S\u00e1nchez muestran un marcado inter\u00e9s por explorar determinados momentos hist\u00f3ricos a trav\u00e9s de la subjetividad de los grupos sociales que se han visto afectados por su impacto. En <em>Mene<\/em> (1936), cuyo tema central es la irrupci\u00f3n del petr\u00f3leo en un mundo provinciano, se muestra c\u00f3mo ese proceso lleva consigo una violenta dislocaci\u00f3n de la vida cotidiana de los habitantes de Lagunillas y Cabimas. Con el oro negro se aviva una esperanza de prosperidad que, lejos de concretarse, da paso a la ruina y a un destino que puede llegar a ser tr\u00e1gico. La trama de Cumboto, un cuento de siete leguas (1950), se focaliza en la voz de un esclavo llamado Natividad. \u00c9l cuenta la historia de una familia propietaria de una hacienda que data de la Colonia, y de varios personajes que han hecho su vida ah\u00ed. El entrecruzamiento de la religi\u00f3n, la magia negra, la violencia y el sexo han marcado significativamente las relaciones de esta comunidad humana.<\/p>\n\n\n\n<p><strong>Ram\u00f3n D\u00edaz S\u00e1nchez<\/strong> (1903-1968) Periodista, novelista, ensayista, bi\u00f3grafo e historiador. Autor de una vasta obra literaria, sin dejar de lado otras facetas, como diplom\u00e1tico y parlamentario. Individuo de N\u00famero de las Academias de la Lengua y de la Historia. Premio Nacional de Literatura (1950-1952). En sus libros muestra una profunda preocupaci\u00f3n por la historia de Venezuela. Entre sus t\u00edtulos destacan <em>Transici\u00f3n pol\u00edtica y realidad en Venezuela<\/em> (1937); <em>Guzm\u00e1n, elipse de una ambici\u00f3n de poder<\/em> (1950); <em>La Virgen no tiene cara y otros cuentos<\/em> (1951) y <em>Casandra<\/em> (1957).<\/p>\n\n\n\n<p><strong>Ram\u00f3n D\u00edaz S\u00e1nchez<\/strong><br><em><strong>Mene \/ Cumboto<\/strong><\/em><br>Colecci\u00f3n Bicentenario Carabobo 36<br>ISBN 978-980-440-003-2<br>346 pp.<\/p>\n","protected":false},"excerpt":{"rendered":"<p>Las novelas de Ram\u00f3n D\u00edaz S\u00e1nchez muestran un marcado inter\u00e9s por explorar determinados momentos hist\u00f3ricos a trav\u00e9s de la subjetividad de los grupos sociales que se han visto afectados por [&hellip;]<\/p>\n","protected":false},"author":10,"featured_media":12481,"comment_status":"open","ping_status":"closed","sticky":false,"template":"","format":"standard","meta":{"spay_email":"","jetpack_publicize_message":"","jetpack_is_tweetstorm":false,"jetpack_publicize_feature_enabled":true},"categories":[93,55],"tags":[],"yoast_head":"<!-- This site is optimized with the Yoast SEO plugin v19.8 - https:\/\/yoast.com\/wordpress\/plugins\/seo\/ -->\n<title>Mene - Cumboto<\/title>\n<meta name=\"robots\" content=\"index, follow, max-snippet:-1, max-image-preview:large, max-video-preview:-1\" \/>\n<link rel=\"canonical\" href=\"https:\/\/cenal.gob.ve\/?p=12558\" \/>\n<meta property=\"og:locale\" content=\"es_ES\" \/>\n<meta property=\"og:type\" content=\"article\" \/>\n<meta property=\"og:title\" content=\"Mene - Cumboto\" \/>\n<meta property=\"og:description\" content=\"Las novelas de Ram\u00f3n D\u00edaz S\u00e1nchez muestran un marcado inter\u00e9s por explorar determinados momentos hist\u00f3ricos a trav\u00e9s de la subjetividad de los grupos sociales que se han visto afectados por [&hellip;]\" \/>\n<meta property=\"og:url\" content=\"https:\/\/cenal.gob.ve\/?p=12558\" \/>\n<meta property=\"og:site_name\" content=\"Cenal\" \/>\n<meta property=\"article:published_time\" content=\"2022-03-07T19:28:00+00:00\" \/>\n<meta property=\"article:modified_time\" content=\"2022-05-23T08:10:27+00:00\" \/>\n<meta property=\"og:image\" content=\"https:\/\/i0.wp.com\/cenal.gob.ve\/wp-content\/uploads\/2022\/03\/Coleccion-Bicentenario-Carabobo-36-Diaz-Sanchez-Ramon-Mene-\uf022-Cumboto.jpeg?fit=1055%2C1576&ssl=1\" \/>\n\t<meta property=\"og:image:width\" content=\"1055\" \/>\n\t<meta property=\"og:image:height\" content=\"1576\" \/>\n\t<meta property=\"og:image:type\" content=\"image\/jpeg\" \/>\n<meta name=\"author\" content=\"Prensa Cenal\" \/>\n<meta name=\"twitter:card\" content=\"summary_large_image\" \/>\n<meta name=\"twitter:label1\" content=\"Written by\" \/>\n\t<meta name=\"twitter:data1\" content=\"Prensa Cenal\" \/>\n\t<meta name=\"twitter:label2\" content=\"Est. reading time\" \/>\n\t<meta name=\"twitter:data2\" content=\"1 minuto\" \/>\n<script type=\"application\/ld+json\" class=\"yoast-schema-graph\">{\"@context\":\"https:\/\/schema.org\",\"@graph\":[{\"@type\":\"Article\",\"@id\":\"https:\/\/cenal.gob.ve\/?p=12558#article\",\"isPartOf\":{\"@id\":\"https:\/\/cenal.gob.ve\/?p=12558\"},\"author\":{\"name\":\"Prensa Cenal\",\"@id\":\"https:\/\/cenal.gob.ve\/#\/schema\/person\/e3ed34623f400ffab8bc7a63b2f5533f\"},\"headline\":\"Mene &#8211; Cumboto\",\"datePublished\":\"2022-03-07T19:28:00+00:00\",\"dateModified\":\"2022-05-23T08:10:27+00:00\",\"mainEntityOfPage\":{\"@id\":\"https:\/\/cenal.gob.ve\/?p=12558\"},\"wordCount\":289,\"commentCount\":0,\"publisher\":{\"@id\":\"https:\/\/cenal.gob.ve\/#organization\"},\"articleSection\":[\"Bicentenario Carabobo\",\"Libros\"],\"inLanguage\":\"es\",\"potentialAction\":[{\"@type\":\"CommentAction\",\"name\":\"Comment\",\"target\":[\"https:\/\/cenal.gob.ve\/?p=12558#respond\"]}]},{\"@type\":\"WebPage\",\"@id\":\"https:\/\/cenal.gob.ve\/?p=12558\",\"url\":\"https:\/\/cenal.gob.ve\/?p=12558\",\"name\":\"Mene - Cumboto\",\"isPartOf\":{\"@id\":\"https:\/\/cenal.gob.ve\/#website\"},\"datePublished\":\"2022-03-07T19:28:00+00:00\",\"dateModified\":\"2022-05-23T08:10:27+00:00\",\"breadcrumb\":{\"@id\":\"https:\/\/cenal.gob.ve\/?p=12558#breadcrumb\"},\"inLanguage\":\"es\",\"potentialAction\":[{\"@type\":\"ReadAction\",\"target\":[\"https:\/\/cenal.gob.ve\/?p=12558\"]}]},{\"@type\":\"BreadcrumbList\",\"@id\":\"https:\/\/cenal.gob.ve\/?p=12558#breadcrumb\",\"itemListElement\":[{\"@type\":\"ListItem\",\"position\":1,\"name\":\"Home\",\"item\":\"https:\/\/cenal.gob.ve\/\"},{\"@type\":\"ListItem\",\"position\":2,\"name\":\"Mene &#8211; Cumboto\"}]},{\"@type\":\"WebSite\",\"@id\":\"https:\/\/cenal.gob.ve\/#website\",\"url\":\"https:\/\/cenal.gob.ve\/\",\"name\":\"Cenal\",\"description\":\"\",\"publisher\":{\"@id\":\"https:\/\/cenal.gob.ve\/#organization\"},\"potentialAction\":[{\"@type\":\"SearchAction\",\"target\":{\"@type\":\"EntryPoint\",\"urlTemplate\":\"https:\/\/cenal.gob.ve\/?s={search_term_string}\"},\"query-input\":\"required name=search_term_string\"}],\"inLanguage\":\"es\"},{\"@type\":\"Organization\",\"@id\":\"https:\/\/cenal.gob.ve\/#organization\",\"name\":\"CENAL\",\"url\":\"https:\/\/cenal.gob.ve\/\",\"sameAs\":[],\"logo\":{\"@type\":\"ImageObject\",\"inLanguage\":\"es\",\"@id\":\"https:\/\/cenal.gob.ve\/#\/schema\/logo\/image\/\",\"url\":\"https:\/\/i0.wp.com\/cenal.gob.ve\/wp-content\/uploads\/2022\/10\/cropped-images.jpg?fit=512%2C512\",\"contentUrl\":\"https:\/\/i0.wp.com\/cenal.gob.ve\/wp-content\/uploads\/2022\/10\/cropped-images.jpg?fit=512%2C512\",\"width\":512,\"height\":512,\"caption\":\"CENAL\"},\"image\":{\"@id\":\"https:\/\/cenal.gob.ve\/#\/schema\/logo\/image\/\"}},{\"@type\":\"Person\",\"@id\":\"https:\/\/cenal.gob.ve\/#\/schema\/person\/e3ed34623f400ffab8bc7a63b2f5533f\",\"name\":\"Prensa Cenal\",\"image\":{\"@type\":\"ImageObject\",\"inLanguage\":\"es\",\"@id\":\"https:\/\/cenal.gob.ve\/#\/schema\/person\/image\/\",\"url\":\"https:\/\/secure.gravatar.com\/avatar\/594b4ed34090910c619ac3679001d491?s=96&d=mm&r=g\",\"contentUrl\":\"https:\/\/secure.gravatar.com\/avatar\/594b4ed34090910c619ac3679001d491?s=96&d=mm&r=g\",\"caption\":\"Prensa Cenal\"},\"url\":\"https:\/\/cenal.gob.ve\/?author=10\"}]}<\/script>\n<!-- \/ Yoast SEO plugin. -->","yoast_head_json":{"title":"Mene - Cumboto","robots":{"index":"index","follow":"follow","max-snippet":"max-snippet:-1","max-image-preview":"max-image-preview:large","max-video-preview":"max-video-preview:-1"},"canonical":"https:\/\/cenal.gob.ve\/?p=12558","og_locale":"es_ES","og_type":"article","og_title":"Mene - Cumboto","og_description":"Las novelas de Ram\u00f3n D\u00edaz S\u00e1nchez muestran un marcado inter\u00e9s por explorar determinados momentos hist\u00f3ricos a trav\u00e9s de la subjetividad de los grupos sociales que se han visto afectados por [&hellip;]","og_url":"https:\/\/cenal.gob.ve\/?p=12558","og_site_name":"Cenal","article_published_time":"2022-03-07T19:28:00+00:00","article_modified_time":"2022-05-23T08:10:27+00:00","og_image":[{"width":1055,"height":1576,"url":"https:\/\/i0.wp.com\/cenal.gob.ve\/wp-content\/uploads\/2022\/03\/Coleccion-Bicentenario-Carabobo-36-Diaz-Sanchez-Ramon-Mene-\uf022-Cumboto.jpeg?fit=1055%2C1576&ssl=1","type":"image\/jpeg"}],"author":"Prensa Cenal","twitter_card":"summary_large_image","twitter_misc":{"Written by":"Prensa Cenal","Est. reading time":"1 minuto"},"schema":{"@context":"https:\/\/schema.org","@graph":[{"@type":"Article","@id":"https:\/\/cenal.gob.ve\/?p=12558#article","isPartOf":{"@id":"https:\/\/cenal.gob.ve\/?p=12558"},"author":{"name":"Prensa Cenal","@id":"https:\/\/cenal.gob.ve\/#\/schema\/person\/e3ed34623f400ffab8bc7a63b2f5533f"},"headline":"Mene &#8211; Cumboto","datePublished":"2022-03-07T19:28:00+00:00","dateModified":"2022-05-23T08:10:27+00:00","mainEntityOfPage":{"@id":"https:\/\/cenal.gob.ve\/?p=12558"},"wordCount":289,"commentCount":0,"publisher":{"@id":"https:\/\/cenal.gob.ve\/#organization"},"articleSection":["Bicentenario Carabobo","Libros"],"inLanguage":"es","potentialAction":[{"@type":"CommentAction","name":"Comment","target":["https:\/\/cenal.gob.ve\/?p=12558#respond"]}]},{"@type":"WebPage","@id":"https:\/\/cenal.gob.ve\/?p=12558","url":"https:\/\/cenal.gob.ve\/?p=12558","name":"Mene - Cumboto","isPartOf":{"@id":"https:\/\/cenal.gob.ve\/#website"},"datePublished":"2022-03-07T19:28:00+00:00","dateModified":"2022-05-23T08:10:27+00:00","breadcrumb":{"@id":"https:\/\/cenal.gob.ve\/?p=12558#breadcrumb"},"inLanguage":"es","potentialAction":[{"@type":"ReadAction","target":["https:\/\/cenal.gob.ve\/?p=12558"]}]},{"@type":"BreadcrumbList","@id":"https:\/\/cenal.gob.ve\/?p=12558#breadcrumb","itemListElement":[{"@type":"ListItem","position":1,"name":"Home","item":"https:\/\/cenal.gob.ve\/"},{"@type":"ListItem","position":2,"name":"Mene &#8211; Cumboto"}]},{"@type":"WebSite","@id":"https:\/\/cenal.gob.ve\/#website","url":"https:\/\/cenal.gob.ve\/","name":"Cenal","description":"","publisher":{"@id":"https:\/\/cenal.gob.ve\/#organization"},"potentialAction":[{"@type":"SearchAction","target":{"@type":"EntryPoint","urlTemplate":"https:\/\/cenal.gob.ve\/?s={search_term_string}"},"query-input":"required name=search_term_string"}],"inLanguage":"es"},{"@type":"Organization","@id":"https:\/\/cenal.gob.ve\/#organization","name":"CENAL","url":"https:\/\/cenal.gob.ve\/","sameAs":[],"logo":{"@type":"ImageObject","inLanguage":"es","@id":"https:\/\/cenal.gob.ve\/#\/schema\/logo\/image\/","url":"https:\/\/i0.wp.com\/cenal.gob.ve\/wp-content\/uploads\/2022\/10\/cropped-images.jpg?fit=512%2C512","contentUrl":"https:\/\/i0.wp.com\/cenal.gob.ve\/wp-content\/uploads\/2022\/10\/cropped-images.jpg?fit=512%2C512","width":512,"height":512,"caption":"CENAL"},"image":{"@id":"https:\/\/cenal.gob.ve\/#\/schema\/logo\/image\/"}},{"@type":"Person","@id":"https:\/\/cenal.gob.ve\/#\/schema\/person\/e3ed34623f400ffab8bc7a63b2f5533f","name":"Prensa Cenal","image":{"@type":"ImageObject","inLanguage":"es","@id":"https:\/\/cenal.gob.ve\/#\/schema\/person\/image\/","url":"https:\/\/secure.gravatar.com\/avatar\/594b4ed34090910c619ac3679001d491?s=96&d=mm&r=g","contentUrl":"https:\/\/secure.gravatar.com\/avatar\/594b4ed34090910c619ac3679001d491?s=96&d=mm&r=g","caption":"Prensa Cenal"},"url":"https:\/\/cenal.gob.ve\/?author=10"}]}},"jetpack_featured_media_url":"https:\/\/cenal.gob.ve\/wp-content\/uploads\/2022\/03\/Coleccion-Bicentenario-Carabobo-36-Diaz-Sanchez-Ramon-Mene-\uf022-Cumboto.jpeg","jetpack_publicize_connections":[],"jetpack_shortlink":"https:\/\/wp.me\/s5FMhp-cumboto","_links":{"self":[{"href":"https:\/\/cenal.gob.ve\/index.php?rest_route=\/wp\/v2\/posts\/12558"}],"collection":[{"href":"https:\/\/cenal.gob.ve\/index.php?rest_route=\/wp\/v2\/posts"}],"about":[{"href":"https:\/\/cenal.gob.ve\/index.php?rest_route=\/wp\/v2\/types\/post"}],"author":[{"embeddable":true,"href":"https:\/\/cenal.gob.ve\/index.php?rest_route=\/wp\/v2\/users\/10"}],"replies":[{"embeddable":true,"href":"https:\/\/cenal.gob.ve\/index.php?rest_route=%2Fwp%2Fv2%2Fcomments&post=12558"}],"version-history":[{"count":4,"href":"https:\/\/cenal.gob.ve\/index.php?rest_route=\/wp\/v2\/posts\/12558\/revisions"}],"predecessor-version":[{"id":16664,"href":"https:\/\/cenal.gob.ve\/index.php?rest_route=\/wp\/v2\/posts\/12558\/revisions\/16664"}],"wp:featuredmedia":[{"embeddable":true,"href":"https:\/\/cenal.gob.ve\/index.php?rest_route=\/wp\/v2\/media\/12481"}],"wp:attachment":[{"href":"https:\/\/cenal.gob.ve\/index.php?rest_route=%2Fwp%2Fv2%2Fmedia&parent=12558"}],"wp:term":[{"taxonomy":"category","embeddable":true,"href":"https:\/\/cenal.gob.ve\/index.php?rest_route=%2Fwp%2Fv2%2Fcategories&post=12558"},{"taxonomy":"post_tag","embeddable":true,"href":"https:\/\/cenal.gob.ve\/index.php?rest_route=%2Fwp%2Fv2%2Ftags&post=12558"}],"curies":[{"name":"wp","href":"https:\/\/api.w.org\/{rel}","templated":true}]}}