{"id":12604,"date":"2022-03-07T15:28:00","date_gmt":"2022-03-07T19:28:00","guid":{"rendered":"http:\/\/cenal.gob.ve\/?p=12604"},"modified":"2022-05-23T04:48:39","modified_gmt":"2022-05-23T08:48:39","slug":"mujeres-de-la-independencia","status":"publish","type":"post","link":"https:\/\/cenal.gob.ve\/?p=12604","title":{"rendered":"Mujeres de la Independencia (seis biograf\u00edas de mujeres venezolanas)"},"content":{"rendered":"\n<p>La autora re\u00fane las biograf\u00edas de mujeres que se destacaron en la lucha por la Independencia de Venezuela en pleno siglo XIX, cuando se esperaba que sus voces fueran acalladas y relegadas al confinamiento dom\u00e9stico. Los acontecimientos de la gesta emancipadora requer\u00edan de su participaci\u00f3n al lado de los patriotas, pues a todas estas madres, esposas y viudas las mov\u00eda una profunda pasi\u00f3n, un af\u00e1n de libertad y la convicci\u00f3n de que hab\u00eda llegado la hora de refundar la sociedad. Como nos refieren estas p\u00e1ginas, la c\u00e1rcel, las humillaciones p\u00fablicas y el destierro no quebraron el esp\u00edritu de Isabel G\u00f3mez, Josefa Joaquina S\u00e1nchez, Eulalia Ramos S\u00e1nchez, Concepci\u00f3n Mari\u00f1o, Teresita Heredia y Josefa Camejo; hero\u00ednas poco recordadas, pero cuyo esp\u00edritu combativo fue determinante en aquella encrucijada hist\u00f3rica. Por medio de una narrativa audaz y rica documentaci\u00f3n, Carmen Clemente Travieso reivindica la memoria hist\u00f3rica de estas mujeres y de una lucha que ella tambi\u00e9n encabez\u00f3 en su tiempo.<\/p>\n\n\n\n<p><strong>Carmen Clemente Travieso<\/strong>\u00a0Escritora y periodista nacida en Caracas en 1900. Precursora de la lucha feminista en el pa\u00eds, fue la primera mujer en desempe\u00f1arse como reportera tras graduarse en la Universidad Central de Venezuela. Desde las filas del Partido Comunista, luch\u00f3 por reivindicaciones sociales y pol\u00edticas para las mujeres. En 1935, particip\u00f3 en la fundaci\u00f3n de la Agrupaci\u00f3n Cultural Femenina y en 1940 form\u00f3 parte de la Conferencia Preparatoria al Primer Congreso Venezolano de Mujeres, que entre sus acuerdos solicit\u00f3 la reforma constitucional para incluir el derecho de la mujer a elegir y ser elegida en cargos de elecci\u00f3n popular Falleci\u00f3 en Caracas en 1983. Entre sus obras se cuentan:\u00a0<em>Luisa C\u00e1ceres de Arismendi<\/em>\u00a0(1942),\u00a0<em>Mujeres venezolanas y otros reportajes<\/em>\u00a0(1951),\u00a0<em>Teresa Carre\u00f1o. Ensayo biogr\u00e1fico<\/em>\u00a0(1953),\u00a0<em>An\u00e9cdotas y leyendas de la vieja Caracas<\/em>\u00a0(1971), por nombrar algunas.<\/p>\n\n\n\n<p><strong>Carmen Clemente Travieso<br><em>Mujeres de la Independencia (seis biograf\u00edas de mujeres venezolanas)<\/em><br><\/strong>Colecci\u00f3n Bicentenario Carabobo 81<br>ISBN 978-980-440-058-2<strong><br><\/strong>416 pp.<\/p>\n","protected":false},"excerpt":{"rendered":"<p>La autora re\u00fane las biograf\u00edas de mujeres que se destacaron en la lucha por la Independencia de Venezuela en pleno siglo XIX, cuando se esperaba que sus voces fueran acalladas [&hellip;]<\/p>\n","protected":false},"author":10,"featured_media":12771,"comment_status":"open","ping_status":"closed","sticky":false,"template":"","format":"standard","meta":{"spay_email":"","jetpack_publicize_message":"","jetpack_is_tweetstorm":false,"jetpack_publicize_feature_enabled":true},"categories":[93,55],"tags":[],"yoast_head":"<!-- This site is optimized with the Yoast SEO plugin v19.8 - https:\/\/yoast.com\/wordpress\/plugins\/seo\/ -->\n<title>Mujeres de la Independencia (seis biograf\u00edas de mujeres venezolanas)<\/title>\n<meta name=\"robots\" content=\"index, follow, max-snippet:-1, max-image-preview:large, max-video-preview:-1\" \/>\n<link rel=\"canonical\" href=\"https:\/\/cenal.gob.ve\/?p=12604\" \/>\n<meta property=\"og:locale\" content=\"es_ES\" \/>\n<meta property=\"og:type\" content=\"article\" \/>\n<meta property=\"og:title\" content=\"Mujeres de la Independencia (seis biograf\u00edas de mujeres venezolanas)\" \/>\n<meta property=\"og:description\" content=\"La autora re\u00fane las biograf\u00edas de mujeres que se destacaron en la lucha por la Independencia de Venezuela en pleno siglo XIX, cuando se esperaba que sus voces fueran acalladas [&hellip;]\" \/>\n<meta property=\"og:url\" content=\"https:\/\/cenal.gob.ve\/?p=12604\" \/>\n<meta property=\"og:site_name\" content=\"Cenal\" \/>\n<meta property=\"article:published_time\" content=\"2022-03-07T19:28:00+00:00\" \/>\n<meta property=\"article:modified_time\" content=\"2022-05-23T08:48:39+00:00\" \/>\n<meta property=\"og:image\" content=\"https:\/\/i0.wp.com\/cenal.gob.ve\/wp-content\/uploads\/2022\/03\/Coleccion-Bicentenario-Carabobo-81-Clemente-Travieso-Carmen-Mujeres-de-la-Independencia.jpeg?fit=1130%2C1675&ssl=1\" \/>\n\t<meta property=\"og:image:width\" content=\"1130\" \/>\n\t<meta property=\"og:image:height\" content=\"1675\" \/>\n\t<meta property=\"og:image:type\" content=\"image\/jpeg\" \/>\n<meta name=\"author\" content=\"Prensa Cenal\" \/>\n<meta name=\"twitter:card\" content=\"summary_large_image\" \/>\n<meta name=\"twitter:label1\" content=\"Written by\" \/>\n\t<meta name=\"twitter:data1\" content=\"Prensa Cenal\" \/>\n\t<meta name=\"twitter:label2\" content=\"Est. reading time\" \/>\n\t<meta name=\"twitter:data2\" content=\"2 minutos\" \/>\n<script type=\"application\/ld+json\" class=\"yoast-schema-graph\">{\"@context\":\"https:\/\/schema.org\",\"@graph\":[{\"@type\":\"Article\",\"@id\":\"https:\/\/cenal.gob.ve\/?p=12604#article\",\"isPartOf\":{\"@id\":\"https:\/\/cenal.gob.ve\/?p=12604\"},\"author\":{\"name\":\"Prensa Cenal\",\"@id\":\"https:\/\/cenal.gob.ve\/#\/schema\/person\/e3ed34623f400ffab8bc7a63b2f5533f\"},\"headline\":\"Mujeres de la Independencia (seis biograf\u00edas de mujeres venezolanas)\",\"datePublished\":\"2022-03-07T19:28:00+00:00\",\"dateModified\":\"2022-05-23T08:48:39+00:00\",\"mainEntityOfPage\":{\"@id\":\"https:\/\/cenal.gob.ve\/?p=12604\"},\"wordCount\":353,\"commentCount\":0,\"publisher\":{\"@id\":\"https:\/\/cenal.gob.ve\/#organization\"},\"articleSection\":[\"Bicentenario Carabobo\",\"Libros\"],\"inLanguage\":\"es\",\"potentialAction\":[{\"@type\":\"CommentAction\",\"name\":\"Comment\",\"target\":[\"https:\/\/cenal.gob.ve\/?p=12604#respond\"]}]},{\"@type\":\"WebPage\",\"@id\":\"https:\/\/cenal.gob.ve\/?p=12604\",\"url\":\"https:\/\/cenal.gob.ve\/?p=12604\",\"name\":\"Mujeres de la Independencia (seis biograf\u00edas de mujeres venezolanas)\",\"isPartOf\":{\"@id\":\"https:\/\/cenal.gob.ve\/#website\"},\"datePublished\":\"2022-03-07T19:28:00+00:00\",\"dateModified\":\"2022-05-23T08:48:39+00:00\",\"breadcrumb\":{\"@id\":\"https:\/\/cenal.gob.ve\/?p=12604#breadcrumb\"},\"inLanguage\":\"es\",\"potentialAction\":[{\"@type\":\"ReadAction\",\"target\":[\"https:\/\/cenal.gob.ve\/?p=12604\"]}]},{\"@type\":\"BreadcrumbList\",\"@id\":\"https:\/\/cenal.gob.ve\/?p=12604#breadcrumb\",\"itemListElement\":[{\"@type\":\"ListItem\",\"position\":1,\"name\":\"Home\",\"item\":\"https:\/\/cenal.gob.ve\/\"},{\"@type\":\"ListItem\",\"position\":2,\"name\":\"Mujeres de la Independencia (seis biograf\u00edas de mujeres venezolanas)\"}]},{\"@type\":\"WebSite\",\"@id\":\"https:\/\/cenal.gob.ve\/#website\",\"url\":\"https:\/\/cenal.gob.ve\/\",\"name\":\"Cenal\",\"description\":\"\",\"publisher\":{\"@id\":\"https:\/\/cenal.gob.ve\/#organization\"},\"potentialAction\":[{\"@type\":\"SearchAction\",\"target\":{\"@type\":\"EntryPoint\",\"urlTemplate\":\"https:\/\/cenal.gob.ve\/?s={search_term_string}\"},\"query-input\":\"required name=search_term_string\"}],\"inLanguage\":\"es\"},{\"@type\":\"Organization\",\"@id\":\"https:\/\/cenal.gob.ve\/#organization\",\"name\":\"CENAL\",\"url\":\"https:\/\/cenal.gob.ve\/\",\"sameAs\":[],\"logo\":{\"@type\":\"ImageObject\",\"inLanguage\":\"es\",\"@id\":\"https:\/\/cenal.gob.ve\/#\/schema\/logo\/image\/\",\"url\":\"https:\/\/i0.wp.com\/cenal.gob.ve\/wp-content\/uploads\/2022\/10\/cropped-images.jpg?fit=512%2C512\",\"contentUrl\":\"https:\/\/i0.wp.com\/cenal.gob.ve\/wp-content\/uploads\/2022\/10\/cropped-images.jpg?fit=512%2C512\",\"width\":512,\"height\":512,\"caption\":\"CENAL\"},\"image\":{\"@id\":\"https:\/\/cenal.gob.ve\/#\/schema\/logo\/image\/\"}},{\"@type\":\"Person\",\"@id\":\"https:\/\/cenal.gob.ve\/#\/schema\/person\/e3ed34623f400ffab8bc7a63b2f5533f\",\"name\":\"Prensa Cenal\",\"image\":{\"@type\":\"ImageObject\",\"inLanguage\":\"es\",\"@id\":\"https:\/\/cenal.gob.ve\/#\/schema\/person\/image\/\",\"url\":\"https:\/\/secure.gravatar.com\/avatar\/594b4ed34090910c619ac3679001d491?s=96&d=mm&r=g\",\"contentUrl\":\"https:\/\/secure.gravatar.com\/avatar\/594b4ed34090910c619ac3679001d491?s=96&d=mm&r=g\",\"caption\":\"Prensa Cenal\"},\"url\":\"https:\/\/cenal.gob.ve\/?author=10\"}]}<\/script>\n<!-- \/ Yoast SEO plugin. -->","yoast_head_json":{"title":"Mujeres de la Independencia (seis biograf\u00edas de mujeres venezolanas)","robots":{"index":"index","follow":"follow","max-snippet":"max-snippet:-1","max-image-preview":"max-image-preview:large","max-video-preview":"max-video-preview:-1"},"canonical":"https:\/\/cenal.gob.ve\/?p=12604","og_locale":"es_ES","og_type":"article","og_title":"Mujeres de la Independencia (seis biograf\u00edas de mujeres venezolanas)","og_description":"La autora re\u00fane las biograf\u00edas de mujeres que se destacaron en la lucha por la Independencia de Venezuela en pleno siglo XIX, cuando se esperaba que sus voces fueran acalladas [&hellip;]","og_url":"https:\/\/cenal.gob.ve\/?p=12604","og_site_name":"Cenal","article_published_time":"2022-03-07T19:28:00+00:00","article_modified_time":"2022-05-23T08:48:39+00:00","og_image":[{"width":1130,"height":1675,"url":"https:\/\/i0.wp.com\/cenal.gob.ve\/wp-content\/uploads\/2022\/03\/Coleccion-Bicentenario-Carabobo-81-Clemente-Travieso-Carmen-Mujeres-de-la-Independencia.jpeg?fit=1130%2C1675&ssl=1","type":"image\/jpeg"}],"author":"Prensa Cenal","twitter_card":"summary_large_image","twitter_misc":{"Written by":"Prensa Cenal","Est. reading time":"2 minutos"},"schema":{"@context":"https:\/\/schema.org","@graph":[{"@type":"Article","@id":"https:\/\/cenal.gob.ve\/?p=12604#article","isPartOf":{"@id":"https:\/\/cenal.gob.ve\/?p=12604"},"author":{"name":"Prensa Cenal","@id":"https:\/\/cenal.gob.ve\/#\/schema\/person\/e3ed34623f400ffab8bc7a63b2f5533f"},"headline":"Mujeres de la Independencia (seis biograf\u00edas de mujeres venezolanas)","datePublished":"2022-03-07T19:28:00+00:00","dateModified":"2022-05-23T08:48:39+00:00","mainEntityOfPage":{"@id":"https:\/\/cenal.gob.ve\/?p=12604"},"wordCount":353,"commentCount":0,"publisher":{"@id":"https:\/\/cenal.gob.ve\/#organization"},"articleSection":["Bicentenario Carabobo","Libros"],"inLanguage":"es","potentialAction":[{"@type":"CommentAction","name":"Comment","target":["https:\/\/cenal.gob.ve\/?p=12604#respond"]}]},{"@type":"WebPage","@id":"https:\/\/cenal.gob.ve\/?p=12604","url":"https:\/\/cenal.gob.ve\/?p=12604","name":"Mujeres de la Independencia (seis biograf\u00edas de mujeres venezolanas)","isPartOf":{"@id":"https:\/\/cenal.gob.ve\/#website"},"datePublished":"2022-03-07T19:28:00+00:00","dateModified":"2022-05-23T08:48:39+00:00","breadcrumb":{"@id":"https:\/\/cenal.gob.ve\/?p=12604#breadcrumb"},"inLanguage":"es","potentialAction":[{"@type":"ReadAction","target":["https:\/\/cenal.gob.ve\/?p=12604"]}]},{"@type":"BreadcrumbList","@id":"https:\/\/cenal.gob.ve\/?p=12604#breadcrumb","itemListElement":[{"@type":"ListItem","position":1,"name":"Home","item":"https:\/\/cenal.gob.ve\/"},{"@type":"ListItem","position":2,"name":"Mujeres de la Independencia (seis biograf\u00edas de mujeres venezolanas)"}]},{"@type":"WebSite","@id":"https:\/\/cenal.gob.ve\/#website","url":"https:\/\/cenal.gob.ve\/","name":"Cenal","description":"","publisher":{"@id":"https:\/\/cenal.gob.ve\/#organization"},"potentialAction":[{"@type":"SearchAction","target":{"@type":"EntryPoint","urlTemplate":"https:\/\/cenal.gob.ve\/?s={search_term_string}"},"query-input":"required name=search_term_string"}],"inLanguage":"es"},{"@type":"Organization","@id":"https:\/\/cenal.gob.ve\/#organization","name":"CENAL","url":"https:\/\/cenal.gob.ve\/","sameAs":[],"logo":{"@type":"ImageObject","inLanguage":"es","@id":"https:\/\/cenal.gob.ve\/#\/schema\/logo\/image\/","url":"https:\/\/i0.wp.com\/cenal.gob.ve\/wp-content\/uploads\/2022\/10\/cropped-images.jpg?fit=512%2C512","contentUrl":"https:\/\/i0.wp.com\/cenal.gob.ve\/wp-content\/uploads\/2022\/10\/cropped-images.jpg?fit=512%2C512","width":512,"height":512,"caption":"CENAL"},"image":{"@id":"https:\/\/cenal.gob.ve\/#\/schema\/logo\/image\/"}},{"@type":"Person","@id":"https:\/\/cenal.gob.ve\/#\/schema\/person\/e3ed34623f400ffab8bc7a63b2f5533f","name":"Prensa Cenal","image":{"@type":"ImageObject","inLanguage":"es","@id":"https:\/\/cenal.gob.ve\/#\/schema\/person\/image\/","url":"https:\/\/secure.gravatar.com\/avatar\/594b4ed34090910c619ac3679001d491?s=96&d=mm&r=g","contentUrl":"https:\/\/secure.gravatar.com\/avatar\/594b4ed34090910c619ac3679001d491?s=96&d=mm&r=g","caption":"Prensa Cenal"},"url":"https:\/\/cenal.gob.ve\/?author=10"}]}},"jetpack_featured_media_url":"https:\/\/cenal.gob.ve\/wp-content\/uploads\/2022\/03\/Coleccion-Bicentenario-Carabobo-81-Clemente-Travieso-Carmen-Mujeres-de-la-Independencia.jpeg","jetpack_publicize_connections":[],"jetpack_shortlink":"https:\/\/wp.me\/p5FMhp-3hi","_links":{"self":[{"href":"https:\/\/cenal.gob.ve\/index.php?rest_route=\/wp\/v2\/posts\/12604"}],"collection":[{"href":"https:\/\/cenal.gob.ve\/index.php?rest_route=\/wp\/v2\/posts"}],"about":[{"href":"https:\/\/cenal.gob.ve\/index.php?rest_route=\/wp\/v2\/types\/post"}],"author":[{"embeddable":true,"href":"https:\/\/cenal.gob.ve\/index.php?rest_route=\/wp\/v2\/users\/10"}],"replies":[{"embeddable":true,"href":"https:\/\/cenal.gob.ve\/index.php?rest_route=%2Fwp%2Fv2%2Fcomments&post=12604"}],"version-history":[{"count":4,"href":"https:\/\/cenal.gob.ve\/index.php?rest_route=\/wp\/v2\/posts\/12604\/revisions"}],"predecessor-version":[{"id":16705,"href":"https:\/\/cenal.gob.ve\/index.php?rest_route=\/wp\/v2\/posts\/12604\/revisions\/16705"}],"wp:featuredmedia":[{"embeddable":true,"href":"https:\/\/cenal.gob.ve\/index.php?rest_route=\/wp\/v2\/media\/12771"}],"wp:attachment":[{"href":"https:\/\/cenal.gob.ve\/index.php?rest_route=%2Fwp%2Fv2%2Fmedia&parent=12604"}],"wp:term":[{"taxonomy":"category","embeddable":true,"href":"https:\/\/cenal.gob.ve\/index.php?rest_route=%2Fwp%2Fv2%2Fcategories&post=12604"},{"taxonomy":"post_tag","embeddable":true,"href":"https:\/\/cenal.gob.ve\/index.php?rest_route=%2Fwp%2Fv2%2Ftags&post=12604"}],"curies":[{"name":"wp","href":"https:\/\/api.w.org\/{rel}","templated":true}]}}