{"id":12972,"date":"2022-03-08T12:38:05","date_gmt":"2022-03-08T16:38:05","guid":{"rendered":"http:\/\/cenal.gob.ve\/?p=12972"},"modified":"2022-05-26T15:29:31","modified_gmt":"2022-05-26T19:29:31","slug":"ramon-palomares-para-ninas-y-ninos","status":"publish","type":"post","link":"https:\/\/cenal.gob.ve\/?p=12972","title":{"rendered":"Ram\u00f3n Palomares para ni\u00f1as y ni\u00f1os"},"content":{"rendered":"\n<p><strong>\u00bfQui\u00e9n es Ram\u00f3n Palomares?<\/strong><\/p>\n\n\n\n<p>El poeta Ram\u00f3n Palomares naci\u00f3 en un pueblo de los Andes venezolanos, en Escuque, estado Trujillo, el d\u00eda 7 de mayo de 1935. Es profesor jubilado de la Universidad de Los Andes y gran conocedor de la Historia y de la Bot\u00e1nica. En 1974 le fue otorgado el Premio Nacional de Literatura. Posteriormente ha recibido una serie de reconocimientos que corresponden al lugar que ocupa su obra en la poes\u00eda venezolana y latinoamericana.<\/p>\n\n\n\n<p>Durante su infancia, Palomares tuvo dos figuras maternas importantes: la de su madre biol\u00f3gica y la de su madre adoptiva (Polimnia); ellas y los hermanos del poeta, como familia, tienen un espacio importante en su escritura, nacida de sus afectos.<\/p>\n\n\n\n<p>En la poes\u00eda de Ram\u00f3n Palomares est\u00e1 presente siempre, como tel\u00f3n de fondo, el paisaje andino en todas sus formas: la flora y la fauna, la idea del tiempo, los cielos, las monta\u00f1as, los r\u00edos. Tambi\u00e9n la actividad, las costumbres de los pueblos de la cordillera. Muchas de esas costumbres tienen que ver con lo religioso, pero tambi\u00e9n con los modos del monta\u00f1\u00e9s, que son distintos a los del habitante de la costa.<\/p>\n\n\n\n<p>Algunas de sus obras publicadas son: <em>El reino <\/em>(1958), <em>Paisano <\/em>(1964), <em>Santiago de Le\u00f3n de Caracas <\/em>(1967), <em>La rana, el tigre, los muchachos y el juego: mito de los indios makiritares <\/em>(coautor con David Alizo, 1969), <em>Adi\u00f3s Escuque <\/em>(1974), <em>Eleg\u00eda 1830 <\/em>(1980), <em>M\u00e9rida, elogio de sus r\u00edos <\/em>(1984), <em>Alegres provincias: homenaje a Humboldt <\/em>(1988) y en 2006 la Fundaci\u00f3n Biblioteca Ayacucho edit\u00f3 el volumen <em>Vuelta a casa<\/em>, libro que re\u00fane una amplia selecci\u00f3n de toda la obra del autor.<\/p>\n\n\n\n<p><\/p>\n\n\n\n<p><strong>Ram\u00f3n Palomares para ni\u00f1as y ni\u00f1os<br><\/strong><em>Selecci\u00f3n de Laura Antillano<br>Ilustraciones de Clementina Cort\u00e9s<br><\/em>Cenal<br>ISBN 978-980-6470-34-7<br>60 pp<br><\/p>\n","protected":false},"excerpt":{"rendered":"<p>\u00bfQui\u00e9n es Ram\u00f3n Palomares? El poeta Ram\u00f3n Palomares naci\u00f3 en un pueblo de los Andes venezolanos, en Escuque, estado Trujillo, el d\u00eda 7 de mayo de 1935. Es profesor jubilado [&hellip;]<\/p>\n","protected":false},"author":10,"featured_media":784,"comment_status":"open","ping_status":"open","sticky":false,"template":"","format":"standard","meta":{"spay_email":"","jetpack_publicize_message":"","jetpack_is_tweetstorm":false,"jetpack_publicize_feature_enabled":true},"categories":[55,94],"tags":[97,96,98],"yoast_head":"<!-- This site is optimized with the Yoast SEO plugin v19.8 - https:\/\/yoast.com\/wordpress\/plugins\/seo\/ -->\n<title>Ram\u00f3n Palomares para ni\u00f1as y ni\u00f1os<\/title>\n<meta name=\"robots\" content=\"index, follow, max-snippet:-1, max-image-preview:large, max-video-preview:-1\" \/>\n<link rel=\"canonical\" href=\"https:\/\/cenal.gob.ve\/?p=12972\" \/>\n<meta property=\"og:locale\" content=\"es_ES\" \/>\n<meta property=\"og:type\" content=\"article\" \/>\n<meta property=\"og:title\" content=\"Ram\u00f3n Palomares para ni\u00f1as y ni\u00f1os\" \/>\n<meta property=\"og:description\" content=\"\u00bfQui\u00e9n es Ram\u00f3n Palomares? El poeta Ram\u00f3n Palomares naci\u00f3 en un pueblo de los Andes venezolanos, en Escuque, estado Trujillo, el d\u00eda 7 de mayo de 1935. Es profesor jubilado [&hellip;]\" \/>\n<meta property=\"og:url\" content=\"https:\/\/cenal.gob.ve\/?p=12972\" \/>\n<meta property=\"og:site_name\" content=\"Cenal\" \/>\n<meta property=\"article:published_time\" content=\"2022-03-08T16:38:05+00:00\" \/>\n<meta property=\"article:modified_time\" content=\"2022-05-26T19:29:31+00:00\" \/>\n<meta property=\"og:image\" content=\"https:\/\/i0.wp.com\/cenal.gob.ve\/wp-content\/uploads\/2021\/08\/Ramo\u0301n-Palomares-para-nin\u0303as-y-nin\u0303os-1.jpg?fit=595%2C510&ssl=1\" \/>\n\t<meta property=\"og:image:width\" content=\"595\" \/>\n\t<meta property=\"og:image:height\" content=\"510\" \/>\n\t<meta property=\"og:image:type\" content=\"image\/jpeg\" \/>\n<meta name=\"author\" content=\"Prensa Cenal\" \/>\n<meta name=\"twitter:card\" content=\"summary_large_image\" \/>\n<meta name=\"twitter:label1\" content=\"Written by\" \/>\n\t<meta name=\"twitter:data1\" content=\"Prensa Cenal\" \/>\n\t<meta name=\"twitter:label2\" content=\"Est. reading time\" \/>\n\t<meta name=\"twitter:data2\" content=\"2 minutos\" \/>\n<script type=\"application\/ld+json\" class=\"yoast-schema-graph\">{\"@context\":\"https:\/\/schema.org\",\"@graph\":[{\"@type\":\"Article\",\"@id\":\"https:\/\/cenal.gob.ve\/?p=12972#article\",\"isPartOf\":{\"@id\":\"https:\/\/cenal.gob.ve\/?p=12972\"},\"author\":{\"name\":\"Prensa Cenal\",\"@id\":\"https:\/\/cenal.gob.ve\/#\/schema\/person\/e3ed34623f400ffab8bc7a63b2f5533f\"},\"headline\":\"Ram\u00f3n Palomares para ni\u00f1as y ni\u00f1os\",\"datePublished\":\"2022-03-08T16:38:05+00:00\",\"dateModified\":\"2022-05-26T19:29:31+00:00\",\"mainEntityOfPage\":{\"@id\":\"https:\/\/cenal.gob.ve\/?p=12972\"},\"wordCount\":310,\"commentCount\":0,\"publisher\":{\"@id\":\"https:\/\/cenal.gob.ve\/#organization\"},\"keywords\":[\"Libros infantiles\",\"Poes\u00eda para ni\u00f1os y ni\u00f1as\",\"Ram\u00f3n Palomares\"],\"articleSection\":[\"Libros\",\"Poes\u00eda para ni\u00f1os\"],\"inLanguage\":\"es\",\"potentialAction\":[{\"@type\":\"CommentAction\",\"name\":\"Comment\",\"target\":[\"https:\/\/cenal.gob.ve\/?p=12972#respond\"]}]},{\"@type\":\"WebPage\",\"@id\":\"https:\/\/cenal.gob.ve\/?p=12972\",\"url\":\"https:\/\/cenal.gob.ve\/?p=12972\",\"name\":\"Ram\u00f3n Palomares para ni\u00f1as y ni\u00f1os\",\"isPartOf\":{\"@id\":\"https:\/\/cenal.gob.ve\/#website\"},\"datePublished\":\"2022-03-08T16:38:05+00:00\",\"dateModified\":\"2022-05-26T19:29:31+00:00\",\"breadcrumb\":{\"@id\":\"https:\/\/cenal.gob.ve\/?p=12972#breadcrumb\"},\"inLanguage\":\"es\",\"potentialAction\":[{\"@type\":\"ReadAction\",\"target\":[\"https:\/\/cenal.gob.ve\/?p=12972\"]}]},{\"@type\":\"BreadcrumbList\",\"@id\":\"https:\/\/cenal.gob.ve\/?p=12972#breadcrumb\",\"itemListElement\":[{\"@type\":\"ListItem\",\"position\":1,\"name\":\"Home\",\"item\":\"https:\/\/cenal.gob.ve\/\"},{\"@type\":\"ListItem\",\"position\":2,\"name\":\"Ram\u00f3n Palomares para ni\u00f1as y ni\u00f1os\"}]},{\"@type\":\"WebSite\",\"@id\":\"https:\/\/cenal.gob.ve\/#website\",\"url\":\"https:\/\/cenal.gob.ve\/\",\"name\":\"Cenal\",\"description\":\"\",\"publisher\":{\"@id\":\"https:\/\/cenal.gob.ve\/#organization\"},\"potentialAction\":[{\"@type\":\"SearchAction\",\"target\":{\"@type\":\"EntryPoint\",\"urlTemplate\":\"https:\/\/cenal.gob.ve\/?s={search_term_string}\"},\"query-input\":\"required name=search_term_string\"}],\"inLanguage\":\"es\"},{\"@type\":\"Organization\",\"@id\":\"https:\/\/cenal.gob.ve\/#organization\",\"name\":\"CENAL\",\"url\":\"https:\/\/cenal.gob.ve\/\",\"sameAs\":[],\"logo\":{\"@type\":\"ImageObject\",\"inLanguage\":\"es\",\"@id\":\"https:\/\/cenal.gob.ve\/#\/schema\/logo\/image\/\",\"url\":\"https:\/\/i0.wp.com\/cenal.gob.ve\/wp-content\/uploads\/2022\/10\/cropped-images.jpg?fit=512%2C512\",\"contentUrl\":\"https:\/\/i0.wp.com\/cenal.gob.ve\/wp-content\/uploads\/2022\/10\/cropped-images.jpg?fit=512%2C512\",\"width\":512,\"height\":512,\"caption\":\"CENAL\"},\"image\":{\"@id\":\"https:\/\/cenal.gob.ve\/#\/schema\/logo\/image\/\"}},{\"@type\":\"Person\",\"@id\":\"https:\/\/cenal.gob.ve\/#\/schema\/person\/e3ed34623f400ffab8bc7a63b2f5533f\",\"name\":\"Prensa Cenal\",\"image\":{\"@type\":\"ImageObject\",\"inLanguage\":\"es\",\"@id\":\"https:\/\/cenal.gob.ve\/#\/schema\/person\/image\/\",\"url\":\"https:\/\/secure.gravatar.com\/avatar\/594b4ed34090910c619ac3679001d491?s=96&d=mm&r=g\",\"contentUrl\":\"https:\/\/secure.gravatar.com\/avatar\/594b4ed34090910c619ac3679001d491?s=96&d=mm&r=g\",\"caption\":\"Prensa Cenal\"},\"url\":\"https:\/\/cenal.gob.ve\/?author=10\"}]}<\/script>\n<!-- \/ Yoast SEO plugin. -->","yoast_head_json":{"title":"Ram\u00f3n Palomares para ni\u00f1as y ni\u00f1os","robots":{"index":"index","follow":"follow","max-snippet":"max-snippet:-1","max-image-preview":"max-image-preview:large","max-video-preview":"max-video-preview:-1"},"canonical":"https:\/\/cenal.gob.ve\/?p=12972","og_locale":"es_ES","og_type":"article","og_title":"Ram\u00f3n Palomares para ni\u00f1as y ni\u00f1os","og_description":"\u00bfQui\u00e9n es Ram\u00f3n Palomares? El poeta Ram\u00f3n Palomares naci\u00f3 en un pueblo de los Andes venezolanos, en Escuque, estado Trujillo, el d\u00eda 7 de mayo de 1935. Es profesor jubilado [&hellip;]","og_url":"https:\/\/cenal.gob.ve\/?p=12972","og_site_name":"Cenal","article_published_time":"2022-03-08T16:38:05+00:00","article_modified_time":"2022-05-26T19:29:31+00:00","og_image":[{"width":595,"height":510,"url":"https:\/\/i0.wp.com\/cenal.gob.ve\/wp-content\/uploads\/2021\/08\/Ramo\u0301n-Palomares-para-nin\u0303as-y-nin\u0303os-1.jpg?fit=595%2C510&ssl=1","type":"image\/jpeg"}],"author":"Prensa Cenal","twitter_card":"summary_large_image","twitter_misc":{"Written by":"Prensa Cenal","Est. reading time":"2 minutos"},"schema":{"@context":"https:\/\/schema.org","@graph":[{"@type":"Article","@id":"https:\/\/cenal.gob.ve\/?p=12972#article","isPartOf":{"@id":"https:\/\/cenal.gob.ve\/?p=12972"},"author":{"name":"Prensa Cenal","@id":"https:\/\/cenal.gob.ve\/#\/schema\/person\/e3ed34623f400ffab8bc7a63b2f5533f"},"headline":"Ram\u00f3n Palomares para ni\u00f1as y ni\u00f1os","datePublished":"2022-03-08T16:38:05+00:00","dateModified":"2022-05-26T19:29:31+00:00","mainEntityOfPage":{"@id":"https:\/\/cenal.gob.ve\/?p=12972"},"wordCount":310,"commentCount":0,"publisher":{"@id":"https:\/\/cenal.gob.ve\/#organization"},"keywords":["Libros infantiles","Poes\u00eda para ni\u00f1os y ni\u00f1as","Ram\u00f3n Palomares"],"articleSection":["Libros","Poes\u00eda para ni\u00f1os"],"inLanguage":"es","potentialAction":[{"@type":"CommentAction","name":"Comment","target":["https:\/\/cenal.gob.ve\/?p=12972#respond"]}]},{"@type":"WebPage","@id":"https:\/\/cenal.gob.ve\/?p=12972","url":"https:\/\/cenal.gob.ve\/?p=12972","name":"Ram\u00f3n Palomares para ni\u00f1as y ni\u00f1os","isPartOf":{"@id":"https:\/\/cenal.gob.ve\/#website"},"datePublished":"2022-03-08T16:38:05+00:00","dateModified":"2022-05-26T19:29:31+00:00","breadcrumb":{"@id":"https:\/\/cenal.gob.ve\/?p=12972#breadcrumb"},"inLanguage":"es","potentialAction":[{"@type":"ReadAction","target":["https:\/\/cenal.gob.ve\/?p=12972"]}]},{"@type":"BreadcrumbList","@id":"https:\/\/cenal.gob.ve\/?p=12972#breadcrumb","itemListElement":[{"@type":"ListItem","position":1,"name":"Home","item":"https:\/\/cenal.gob.ve\/"},{"@type":"ListItem","position":2,"name":"Ram\u00f3n Palomares para ni\u00f1as y ni\u00f1os"}]},{"@type":"WebSite","@id":"https:\/\/cenal.gob.ve\/#website","url":"https:\/\/cenal.gob.ve\/","name":"Cenal","description":"","publisher":{"@id":"https:\/\/cenal.gob.ve\/#organization"},"potentialAction":[{"@type":"SearchAction","target":{"@type":"EntryPoint","urlTemplate":"https:\/\/cenal.gob.ve\/?s={search_term_string}"},"query-input":"required name=search_term_string"}],"inLanguage":"es"},{"@type":"Organization","@id":"https:\/\/cenal.gob.ve\/#organization","name":"CENAL","url":"https:\/\/cenal.gob.ve\/","sameAs":[],"logo":{"@type":"ImageObject","inLanguage":"es","@id":"https:\/\/cenal.gob.ve\/#\/schema\/logo\/image\/","url":"https:\/\/i0.wp.com\/cenal.gob.ve\/wp-content\/uploads\/2022\/10\/cropped-images.jpg?fit=512%2C512","contentUrl":"https:\/\/i0.wp.com\/cenal.gob.ve\/wp-content\/uploads\/2022\/10\/cropped-images.jpg?fit=512%2C512","width":512,"height":512,"caption":"CENAL"},"image":{"@id":"https:\/\/cenal.gob.ve\/#\/schema\/logo\/image\/"}},{"@type":"Person","@id":"https:\/\/cenal.gob.ve\/#\/schema\/person\/e3ed34623f400ffab8bc7a63b2f5533f","name":"Prensa Cenal","image":{"@type":"ImageObject","inLanguage":"es","@id":"https:\/\/cenal.gob.ve\/#\/schema\/person\/image\/","url":"https:\/\/secure.gravatar.com\/avatar\/594b4ed34090910c619ac3679001d491?s=96&d=mm&r=g","contentUrl":"https:\/\/secure.gravatar.com\/avatar\/594b4ed34090910c619ac3679001d491?s=96&d=mm&r=g","caption":"Prensa Cenal"},"url":"https:\/\/cenal.gob.ve\/?author=10"}]}},"jetpack_featured_media_url":"https:\/\/cenal.gob.ve\/wp-content\/uploads\/2021\/08\/Ramo\u0301n-Palomares-para-nin\u0303as-y-nin\u0303os-1.jpg","jetpack_publicize_connections":[],"jetpack_shortlink":"https:\/\/wp.me\/p5FMhp-3ne","_links":{"self":[{"href":"https:\/\/cenal.gob.ve\/index.php?rest_route=\/wp\/v2\/posts\/12972"}],"collection":[{"href":"https:\/\/cenal.gob.ve\/index.php?rest_route=\/wp\/v2\/posts"}],"about":[{"href":"https:\/\/cenal.gob.ve\/index.php?rest_route=\/wp\/v2\/types\/post"}],"author":[{"embeddable":true,"href":"https:\/\/cenal.gob.ve\/index.php?rest_route=\/wp\/v2\/users\/10"}],"replies":[{"embeddable":true,"href":"https:\/\/cenal.gob.ve\/index.php?rest_route=%2Fwp%2Fv2%2Fcomments&post=12972"}],"version-history":[{"count":3,"href":"https:\/\/cenal.gob.ve\/index.php?rest_route=\/wp\/v2\/posts\/12972\/revisions"}],"predecessor-version":[{"id":17164,"href":"https:\/\/cenal.gob.ve\/index.php?rest_route=\/wp\/v2\/posts\/12972\/revisions\/17164"}],"wp:featuredmedia":[{"embeddable":true,"href":"https:\/\/cenal.gob.ve\/index.php?rest_route=\/wp\/v2\/media\/784"}],"wp:attachment":[{"href":"https:\/\/cenal.gob.ve\/index.php?rest_route=%2Fwp%2Fv2%2Fmedia&parent=12972"}],"wp:term":[{"taxonomy":"category","embeddable":true,"href":"https:\/\/cenal.gob.ve\/index.php?rest_route=%2Fwp%2Fv2%2Fcategories&post=12972"},{"taxonomy":"post_tag","embeddable":true,"href":"https:\/\/cenal.gob.ve\/index.php?rest_route=%2Fwp%2Fv2%2Ftags&post=12972"}],"curies":[{"name":"wp","href":"https:\/\/api.w.org\/{rel}","templated":true}]}}