{"id":16389,"date":"2022-05-20T13:55:45","date_gmt":"2022-05-20T17:55:45","guid":{"rendered":"http:\/\/cenal.gob.ve\/?p=16389"},"modified":"2022-05-24T10:31:44","modified_gmt":"2022-05-24T14:31:44","slug":"tiempo-de-ezequiel-zamora","status":"publish","type":"post","link":"https:\/\/cenal.gob.ve\/?p=16389","title":{"rendered":"Tiempo de Ezequiel Zamora"},"content":{"rendered":"\n<p>Como lo indica su t\u00edtulo, esta no una obra biogr\u00e1fica, sino la exploraci\u00f3n a fondo de momento hist\u00f3rico. Momento que es terrible y promisorio a la vez: la Guerra Federal, que se ense\u00f1orea de casi toda Venezuela y va sembrando la ruina, es al mismo tiempo, para decenas de miles de hombres y mujeres despose\u00eddos, la esperanza de un orden que les garantice libertad, democracia y derecho a la tierra. Ese es el contexto que Brito Figueroa se esfuerza en analizar con el mayor rigor y alejado de prejuicios y simplificaciones para darnos la posibilidad de comprender un fen\u00f3meno que marc\u00f3 de forma definitoria la historia venezolana.<\/p>\n\n\n\n<p>Entre las conclusiones a las que arriba el autor, tiene especial relevancia la constataci\u00f3n de que no se trat\u00f3 de un choque entre caudillos que llevaron a morir en las trincheras a la gente del pueblo, sino expresi\u00f3n de una gran rebeli\u00f3n popular que no duda en calificar como lucha de clases. En ese sentido, recupera para la memoria colectiva \u2014y para la historiograf\u00eda\u2014 la insurrecci\u00f3n campesina de 1846, \u201cguerra esclavos y campesinos enfeudados contra la clase terrateniente en su totalidad y contra el Estado identificado con los intereses de las clases dominantes\u201d.&nbsp;<\/p>\n\n\n\n<p>Es por eso, revela Brito Figueroa, que, a pesar del impacto real de aquel hecho, muy poco se hab\u00eda estudiado hasta el momento en que public\u00f3 esta obra por primera vez. Por eso, al tratar de traer presente a Ezequiel Zamora \u2014liberado del manto de prejuicios y criterios hist\u00f3ricos interesados\u2014 descubre para las nuevas generaciones la historia de un pueblo rebelde que siempre le dio batalla al r\u00e9gimen de dominio impuesto por los capitales y sus agentes pol\u00edticos.<\/p>\n\n\n\n<p><strong>Federico Brito Figueroa<\/strong>&nbsp;(1921-2000) Como historiador, su obra se caracteriza por abordar los sucesos a luz de su contexto econ\u00f3mico y social. Desde muy joven milit\u00f3 en organizaciones pol\u00edticas de izquierda por lo que sufri\u00f3 c\u00e1rcel y exilio. Public\u00f3 m\u00e1s de treinta obras y fue merecedor de diversos premios y reconocimientos. Entre sus obras, vale destacar:&nbsp;<em>El problema tierra y esclavos en la historia de Venezuela<\/em>&nbsp;(1973),&nbsp;<em>Historia econ\u00f3mica y social de Venezuela: Una estructura para su estudio<\/em>&nbsp;(1974) y&nbsp;<em>La estructura econ\u00f3mica de Venezuela colonial<\/em>&nbsp;(1983).<\/p>\n\n\n\n<p><strong>Federico Brito Figueroa<br><em>Tiempo de Ezequiel Zamora<br><\/em><\/strong>Colecci\u00f3n Bicentenario Carabobo 85<br>ISBN 978-980-440-072-8<br>692 pp.<\/p>\n","protected":false},"excerpt":{"rendered":"<p>Como lo indica su t\u00edtulo, esta no una obra biogr\u00e1fica, sino la exploraci\u00f3n a fondo de momento hist\u00f3rico. Momento que es terrible y promisorio a la vez: la Guerra Federal, [&hellip;]<\/p>\n","protected":false},"author":10,"featured_media":16390,"comment_status":"open","ping_status":"closed","sticky":false,"template":"","format":"standard","meta":{"spay_email":"","jetpack_publicize_message":"","jetpack_is_tweetstorm":false,"jetpack_publicize_feature_enabled":true},"categories":[93,55],"tags":[],"yoast_head":"<!-- This site is optimized with the Yoast SEO plugin v19.8 - https:\/\/yoast.com\/wordpress\/plugins\/seo\/ -->\n<title>Tiempo de Ezequiel Zamora<\/title>\n<meta name=\"robots\" content=\"index, follow, max-snippet:-1, max-image-preview:large, max-video-preview:-1\" \/>\n<link rel=\"canonical\" href=\"https:\/\/cenal.gob.ve\/?p=16389\" \/>\n<meta property=\"og:locale\" content=\"es_ES\" \/>\n<meta property=\"og:type\" content=\"article\" \/>\n<meta property=\"og:title\" content=\"Tiempo de Ezequiel Zamora\" \/>\n<meta property=\"og:description\" content=\"Como lo indica su t\u00edtulo, esta no una obra biogr\u00e1fica, sino la exploraci\u00f3n a fondo de momento hist\u00f3rico. Momento que es terrible y promisorio a la vez: la Guerra Federal, [&hellip;]\" \/>\n<meta property=\"og:url\" content=\"https:\/\/cenal.gob.ve\/?p=16389\" \/>\n<meta property=\"og:site_name\" content=\"Cenal\" \/>\n<meta property=\"article:published_time\" content=\"2022-05-20T17:55:45+00:00\" \/>\n<meta property=\"article:modified_time\" content=\"2022-05-24T14:31:44+00:00\" \/>\n<meta property=\"og:image\" content=\"https:\/\/i0.wp.com\/cenal.gob.ve\/wp-content\/uploads\/2022\/05\/Tiempo-de-Ezequiel-Zamora.png?fit=577%2C840&ssl=1\" \/>\n\t<meta property=\"og:image:width\" content=\"577\" \/>\n\t<meta property=\"og:image:height\" content=\"840\" \/>\n\t<meta property=\"og:image:type\" content=\"image\/png\" \/>\n<meta name=\"author\" content=\"Prensa Cenal\" \/>\n<meta name=\"twitter:card\" content=\"summary_large_image\" \/>\n<meta name=\"twitter:label1\" content=\"Written by\" \/>\n\t<meta name=\"twitter:data1\" content=\"Prensa Cenal\" \/>\n\t<meta name=\"twitter:label2\" content=\"Est. reading time\" \/>\n\t<meta name=\"twitter:data2\" content=\"2 minutos\" \/>\n<script type=\"application\/ld+json\" class=\"yoast-schema-graph\">{\"@context\":\"https:\/\/schema.org\",\"@graph\":[{\"@type\":\"Article\",\"@id\":\"https:\/\/cenal.gob.ve\/?p=16389#article\",\"isPartOf\":{\"@id\":\"https:\/\/cenal.gob.ve\/?p=16389\"},\"author\":{\"name\":\"Prensa Cenal\",\"@id\":\"https:\/\/cenal.gob.ve\/#\/schema\/person\/e3ed34623f400ffab8bc7a63b2f5533f\"},\"headline\":\"Tiempo de Ezequiel Zamora\",\"datePublished\":\"2022-05-20T17:55:45+00:00\",\"dateModified\":\"2022-05-24T14:31:44+00:00\",\"mainEntityOfPage\":{\"@id\":\"https:\/\/cenal.gob.ve\/?p=16389\"},\"wordCount\":410,\"commentCount\":0,\"publisher\":{\"@id\":\"https:\/\/cenal.gob.ve\/#organization\"},\"articleSection\":[\"Bicentenario Carabobo\",\"Libros\"],\"inLanguage\":\"es\",\"potentialAction\":[{\"@type\":\"CommentAction\",\"name\":\"Comment\",\"target\":[\"https:\/\/cenal.gob.ve\/?p=16389#respond\"]}]},{\"@type\":\"WebPage\",\"@id\":\"https:\/\/cenal.gob.ve\/?p=16389\",\"url\":\"https:\/\/cenal.gob.ve\/?p=16389\",\"name\":\"Tiempo de Ezequiel Zamora\",\"isPartOf\":{\"@id\":\"https:\/\/cenal.gob.ve\/#website\"},\"datePublished\":\"2022-05-20T17:55:45+00:00\",\"dateModified\":\"2022-05-24T14:31:44+00:00\",\"breadcrumb\":{\"@id\":\"https:\/\/cenal.gob.ve\/?p=16389#breadcrumb\"},\"inLanguage\":\"es\",\"potentialAction\":[{\"@type\":\"ReadAction\",\"target\":[\"https:\/\/cenal.gob.ve\/?p=16389\"]}]},{\"@type\":\"BreadcrumbList\",\"@id\":\"https:\/\/cenal.gob.ve\/?p=16389#breadcrumb\",\"itemListElement\":[{\"@type\":\"ListItem\",\"position\":1,\"name\":\"Home\",\"item\":\"https:\/\/cenal.gob.ve\/\"},{\"@type\":\"ListItem\",\"position\":2,\"name\":\"Tiempo de Ezequiel Zamora\"}]},{\"@type\":\"WebSite\",\"@id\":\"https:\/\/cenal.gob.ve\/#website\",\"url\":\"https:\/\/cenal.gob.ve\/\",\"name\":\"Cenal\",\"description\":\"\",\"publisher\":{\"@id\":\"https:\/\/cenal.gob.ve\/#organization\"},\"potentialAction\":[{\"@type\":\"SearchAction\",\"target\":{\"@type\":\"EntryPoint\",\"urlTemplate\":\"https:\/\/cenal.gob.ve\/?s={search_term_string}\"},\"query-input\":\"required name=search_term_string\"}],\"inLanguage\":\"es\"},{\"@type\":\"Organization\",\"@id\":\"https:\/\/cenal.gob.ve\/#organization\",\"name\":\"CENAL\",\"url\":\"https:\/\/cenal.gob.ve\/\",\"sameAs\":[],\"logo\":{\"@type\":\"ImageObject\",\"inLanguage\":\"es\",\"@id\":\"https:\/\/cenal.gob.ve\/#\/schema\/logo\/image\/\",\"url\":\"https:\/\/i0.wp.com\/cenal.gob.ve\/wp-content\/uploads\/2022\/10\/cropped-images.jpg?fit=512%2C512\",\"contentUrl\":\"https:\/\/i0.wp.com\/cenal.gob.ve\/wp-content\/uploads\/2022\/10\/cropped-images.jpg?fit=512%2C512\",\"width\":512,\"height\":512,\"caption\":\"CENAL\"},\"image\":{\"@id\":\"https:\/\/cenal.gob.ve\/#\/schema\/logo\/image\/\"}},{\"@type\":\"Person\",\"@id\":\"https:\/\/cenal.gob.ve\/#\/schema\/person\/e3ed34623f400ffab8bc7a63b2f5533f\",\"name\":\"Prensa Cenal\",\"image\":{\"@type\":\"ImageObject\",\"inLanguage\":\"es\",\"@id\":\"https:\/\/cenal.gob.ve\/#\/schema\/person\/image\/\",\"url\":\"https:\/\/secure.gravatar.com\/avatar\/594b4ed34090910c619ac3679001d491?s=96&d=mm&r=g\",\"contentUrl\":\"https:\/\/secure.gravatar.com\/avatar\/594b4ed34090910c619ac3679001d491?s=96&d=mm&r=g\",\"caption\":\"Prensa Cenal\"},\"url\":\"https:\/\/cenal.gob.ve\/?author=10\"}]}<\/script>\n<!-- \/ Yoast SEO plugin. -->","yoast_head_json":{"title":"Tiempo de Ezequiel Zamora","robots":{"index":"index","follow":"follow","max-snippet":"max-snippet:-1","max-image-preview":"max-image-preview:large","max-video-preview":"max-video-preview:-1"},"canonical":"https:\/\/cenal.gob.ve\/?p=16389","og_locale":"es_ES","og_type":"article","og_title":"Tiempo de Ezequiel Zamora","og_description":"Como lo indica su t\u00edtulo, esta no una obra biogr\u00e1fica, sino la exploraci\u00f3n a fondo de momento hist\u00f3rico. Momento que es terrible y promisorio a la vez: la Guerra Federal, [&hellip;]","og_url":"https:\/\/cenal.gob.ve\/?p=16389","og_site_name":"Cenal","article_published_time":"2022-05-20T17:55:45+00:00","article_modified_time":"2022-05-24T14:31:44+00:00","og_image":[{"width":577,"height":840,"url":"https:\/\/i0.wp.com\/cenal.gob.ve\/wp-content\/uploads\/2022\/05\/Tiempo-de-Ezequiel-Zamora.png?fit=577%2C840&ssl=1","type":"image\/png"}],"author":"Prensa Cenal","twitter_card":"summary_large_image","twitter_misc":{"Written by":"Prensa Cenal","Est. reading time":"2 minutos"},"schema":{"@context":"https:\/\/schema.org","@graph":[{"@type":"Article","@id":"https:\/\/cenal.gob.ve\/?p=16389#article","isPartOf":{"@id":"https:\/\/cenal.gob.ve\/?p=16389"},"author":{"name":"Prensa Cenal","@id":"https:\/\/cenal.gob.ve\/#\/schema\/person\/e3ed34623f400ffab8bc7a63b2f5533f"},"headline":"Tiempo de Ezequiel Zamora","datePublished":"2022-05-20T17:55:45+00:00","dateModified":"2022-05-24T14:31:44+00:00","mainEntityOfPage":{"@id":"https:\/\/cenal.gob.ve\/?p=16389"},"wordCount":410,"commentCount":0,"publisher":{"@id":"https:\/\/cenal.gob.ve\/#organization"},"articleSection":["Bicentenario Carabobo","Libros"],"inLanguage":"es","potentialAction":[{"@type":"CommentAction","name":"Comment","target":["https:\/\/cenal.gob.ve\/?p=16389#respond"]}]},{"@type":"WebPage","@id":"https:\/\/cenal.gob.ve\/?p=16389","url":"https:\/\/cenal.gob.ve\/?p=16389","name":"Tiempo de Ezequiel Zamora","isPartOf":{"@id":"https:\/\/cenal.gob.ve\/#website"},"datePublished":"2022-05-20T17:55:45+00:00","dateModified":"2022-05-24T14:31:44+00:00","breadcrumb":{"@id":"https:\/\/cenal.gob.ve\/?p=16389#breadcrumb"},"inLanguage":"es","potentialAction":[{"@type":"ReadAction","target":["https:\/\/cenal.gob.ve\/?p=16389"]}]},{"@type":"BreadcrumbList","@id":"https:\/\/cenal.gob.ve\/?p=16389#breadcrumb","itemListElement":[{"@type":"ListItem","position":1,"name":"Home","item":"https:\/\/cenal.gob.ve\/"},{"@type":"ListItem","position":2,"name":"Tiempo de Ezequiel Zamora"}]},{"@type":"WebSite","@id":"https:\/\/cenal.gob.ve\/#website","url":"https:\/\/cenal.gob.ve\/","name":"Cenal","description":"","publisher":{"@id":"https:\/\/cenal.gob.ve\/#organization"},"potentialAction":[{"@type":"SearchAction","target":{"@type":"EntryPoint","urlTemplate":"https:\/\/cenal.gob.ve\/?s={search_term_string}"},"query-input":"required name=search_term_string"}],"inLanguage":"es"},{"@type":"Organization","@id":"https:\/\/cenal.gob.ve\/#organization","name":"CENAL","url":"https:\/\/cenal.gob.ve\/","sameAs":[],"logo":{"@type":"ImageObject","inLanguage":"es","@id":"https:\/\/cenal.gob.ve\/#\/schema\/logo\/image\/","url":"https:\/\/i0.wp.com\/cenal.gob.ve\/wp-content\/uploads\/2022\/10\/cropped-images.jpg?fit=512%2C512","contentUrl":"https:\/\/i0.wp.com\/cenal.gob.ve\/wp-content\/uploads\/2022\/10\/cropped-images.jpg?fit=512%2C512","width":512,"height":512,"caption":"CENAL"},"image":{"@id":"https:\/\/cenal.gob.ve\/#\/schema\/logo\/image\/"}},{"@type":"Person","@id":"https:\/\/cenal.gob.ve\/#\/schema\/person\/e3ed34623f400ffab8bc7a63b2f5533f","name":"Prensa Cenal","image":{"@type":"ImageObject","inLanguage":"es","@id":"https:\/\/cenal.gob.ve\/#\/schema\/person\/image\/","url":"https:\/\/secure.gravatar.com\/avatar\/594b4ed34090910c619ac3679001d491?s=96&d=mm&r=g","contentUrl":"https:\/\/secure.gravatar.com\/avatar\/594b4ed34090910c619ac3679001d491?s=96&d=mm&r=g","caption":"Prensa Cenal"},"url":"https:\/\/cenal.gob.ve\/?author=10"}]}},"jetpack_featured_media_url":"https:\/\/cenal.gob.ve\/wp-content\/uploads\/2022\/05\/Tiempo-de-Ezequiel-Zamora.png","jetpack_publicize_connections":[],"jetpack_shortlink":"https:\/\/wp.me\/p5FMhp-4gl","_links":{"self":[{"href":"https:\/\/cenal.gob.ve\/index.php?rest_route=\/wp\/v2\/posts\/16389"}],"collection":[{"href":"https:\/\/cenal.gob.ve\/index.php?rest_route=\/wp\/v2\/posts"}],"about":[{"href":"https:\/\/cenal.gob.ve\/index.php?rest_route=\/wp\/v2\/types\/post"}],"author":[{"embeddable":true,"href":"https:\/\/cenal.gob.ve\/index.php?rest_route=\/wp\/v2\/users\/10"}],"replies":[{"embeddable":true,"href":"https:\/\/cenal.gob.ve\/index.php?rest_route=%2Fwp%2Fv2%2Fcomments&post=16389"}],"version-history":[{"count":10,"href":"https:\/\/cenal.gob.ve\/index.php?rest_route=\/wp\/v2\/posts\/16389\/revisions"}],"predecessor-version":[{"id":16975,"href":"https:\/\/cenal.gob.ve\/index.php?rest_route=\/wp\/v2\/posts\/16389\/revisions\/16975"}],"wp:featuredmedia":[{"embeddable":true,"href":"https:\/\/cenal.gob.ve\/index.php?rest_route=\/wp\/v2\/media\/16390"}],"wp:attachment":[{"href":"https:\/\/cenal.gob.ve\/index.php?rest_route=%2Fwp%2Fv2%2Fmedia&parent=16389"}],"wp:term":[{"taxonomy":"category","embeddable":true,"href":"https:\/\/cenal.gob.ve\/index.php?rest_route=%2Fwp%2Fv2%2Fcategories&post=16389"},{"taxonomy":"post_tag","embeddable":true,"href":"https:\/\/cenal.gob.ve\/index.php?rest_route=%2Fwp%2Fv2%2Ftags&post=16389"}],"curies":[{"name":"wp","href":"https:\/\/api.w.org\/{rel}","templated":true}]}}