{"id":17440,"date":"2022-06-03T14:20:12","date_gmt":"2022-06-03T18:20:12","guid":{"rendered":"http:\/\/cenal.gob.ve\/?p=17440"},"modified":"2022-06-03T14:26:26","modified_gmt":"2022-06-03T18:26:26","slug":"conversaron-sobre-salir-de-la-colonia-de-vladimir-acosta-en-17-filven-cojedes","status":"publish","type":"post","link":"https:\/\/cenal.gob.ve\/?p=17440","title":{"rendered":"Conversaron sobre \u201cSalir de la Colonia\u201d de Vladimir Acosta en 17\u00aa Filven Cojedes"},"content":{"rendered":"\n<p>Durante la 17 Feria Internacional del Libro de Venezuela (Filven) cap\u00edtulo Cojedes se realiz\u00f3 un conversatorio sobre el libro <em>\u201cSalir de la Colonia\u201d<\/em>, del historiador Vladimir Acosta, quien es escritor nacional homenajeado en la m\u00e1xima fiesta literaria del pa\u00eds.<br><br>El escritor invitado William Garc\u00eda, a cargo de la presentaci\u00f3n de esta publicaci\u00f3n editada por Monte \u00c1vila, asegur\u00f3 que el texto forma parte de la nueva metodolog\u00eda narrativa de los hechos hist\u00f3ricos, estructurado en 7 cap\u00edtulos, y, adem\u00e1s, goza de una autonom\u00eda absoluta de la redacci\u00f3n.<br><br>En ese mismo sentido, Garc\u00eda detall\u00f3 que la esencia de este libro es explicar c\u00f3mo el poder extranjero penetra subjetivamente la memoria y la conciencia de los pueblos, especialmente los de Am\u00e9rica.<br><br>A su vez, detall\u00f3 que Acosta enmarc\u00f3 su obra en Venezuela, explicando los 300 a\u00f1os de coloniaje y c\u00f3mo los mecanismos y m\u00e9todos ideol\u00f3gicos aplicados en la transformaci\u00f3n de una sociedad con mentalidad societaria pas\u00f3 a una mentalidad de colonialismo para rendirle culto al monarca.<br><br>\u201cSi hubo algo fuerte que romper en la guerra de la independencia, fue la creencia de que el rey era un representante de Dios en la tierra. Dirigirse con palabras contestatarias era una ofensa, estaba considerado una blasfemia desde el punto de vista de la legislaci\u00f3n espa\u00f1ola. Eso poco nos han explicado\u201d, sentenci\u00f3 Garc\u00eda.<\/p>\n\n\n\n<figure class=\"wp-block-image size-full\"><img width=\"1024\" height=\"570\" src=\"http:\/\/cenal.gob.ve\/wp-content\/uploads\/2022\/06\/formato-fotos-filven2.png\" alt=\"\" class=\"wp-image-17451\" srcset=\"https:\/\/cenal.gob.ve\/wp-content\/uploads\/2022\/06\/formato-fotos-filven2.png 1024w, https:\/\/cenal.gob.ve\/wp-content\/uploads\/2022\/06\/formato-fotos-filven2-300x167.png 300w, https:\/\/cenal.gob.ve\/wp-content\/uploads\/2022\/06\/formato-fotos-filven2-768x428.png 768w\" sizes=\"(max-width: 1024px) 100vw, 1024px\" \/><figcaption>William Garc\u00eda durante la presentaci\u00f3n<\/figcaption><\/figure>\n\n\n\n<p>Asimismo, el escritor explic\u00f3 que en cap\u00edtulos de <em>Salir de la Colonia<\/em>, Acosta plasma c\u00f3mo potencias europeas fueron incubando un prototipo cultural. Adem\u00e1s, c\u00f3mo fue penetrando Estados Unidos de Norteam\u00e9rica con elementos medi\u00e1ticos poderosos, como el cine.<\/p>\n\n\n\n<p>Por \u00faltimo, Garc\u00eda indic\u00f3 que Acosta, al hacer una ligera lectura del panorama actual, se ha dado cuenta de lo dif\u00edcil que ha sido salir de la colonia, ya que a\u00fan se siguen copiando modas y costumbres de la naci\u00f3n norteamericana.<\/p>\n\n\n\n<p>\u201cLa invasi\u00f3n no es solamente econ\u00f3mica, la invasi\u00f3n no es solamente medi\u00e1tica, sino que penetra culturalmente donde est\u00e1 la carga m\u00e1s poderosa\u201d.<\/p>\n\n\n\n<p>La 17 edici\u00f3n de la Filven Cojedes, que se desarrolla del 2 a 4 de junio, en los espacios de la Universidad Deportiva del Sur, cuenta con una variada programaci\u00f3n que incluye pabell\u00f3n infantil, exposiciones artesanales y un espacio gastron\u00f3mico donde particularmente se puede degustar la mejor variedad de los derivados del mango.<\/p>\n","protected":false},"excerpt":{"rendered":"<p>Durante la 17 Feria Internacional del Libro de Venezuela (Filven) cap\u00edtulo Cojedes se realiz\u00f3 un conversatorio sobre el libro \u201cSalir de la Colonia\u201d, del historiador Vladimir Acosta, quien es escritor [&hellip;]<\/p>\n","protected":false},"author":10,"featured_media":17450,"comment_status":"open","ping_status":"open","sticky":false,"template":"","format":"standard","meta":{"spay_email":"","jetpack_publicize_message":"","jetpack_is_tweetstorm":false,"jetpack_publicize_feature_enabled":true},"categories":[12],"tags":[],"yoast_head":"<!-- This site is optimized with the Yoast SEO plugin v19.8 - https:\/\/yoast.com\/wordpress\/plugins\/seo\/ -->\n<title>Conversaron sobre \u201cSalir de la Colonia\u201d de Vladimir Acosta en 17\u00aa Filven Cojedes<\/title>\n<meta name=\"robots\" content=\"index, follow, max-snippet:-1, max-image-preview:large, max-video-preview:-1\" \/>\n<link rel=\"canonical\" href=\"https:\/\/cenal.gob.ve\/?p=17440\" \/>\n<meta property=\"og:locale\" content=\"es_ES\" \/>\n<meta property=\"og:type\" content=\"article\" \/>\n<meta property=\"og:title\" content=\"Conversaron sobre \u201cSalir de la Colonia\u201d de Vladimir Acosta en 17\u00aa Filven Cojedes\" \/>\n<meta property=\"og:description\" content=\"Durante la 17 Feria Internacional del Libro de Venezuela (Filven) cap\u00edtulo Cojedes se realiz\u00f3 un conversatorio sobre el libro \u201cSalir de la Colonia\u201d, del historiador Vladimir Acosta, quien es escritor [&hellip;]\" \/>\n<meta property=\"og:url\" content=\"https:\/\/cenal.gob.ve\/?p=17440\" \/>\n<meta property=\"og:site_name\" content=\"Cenal\" \/>\n<meta property=\"article:published_time\" content=\"2022-06-03T18:20:12+00:00\" \/>\n<meta property=\"article:modified_time\" content=\"2022-06-03T18:26:26+00:00\" \/>\n<meta property=\"og:image\" content=\"https:\/\/i0.wp.com\/cenal.gob.ve\/wp-content\/uploads\/2022\/06\/FSaZXrBXEAAQMqx.jpeg?fit=768%2C512&ssl=1\" \/>\n\t<meta property=\"og:image:width\" content=\"768\" \/>\n\t<meta property=\"og:image:height\" content=\"512\" \/>\n\t<meta property=\"og:image:type\" content=\"image\/jpeg\" \/>\n<meta name=\"author\" content=\"Prensa Cenal\" \/>\n<meta name=\"twitter:card\" content=\"summary_large_image\" \/>\n<meta name=\"twitter:label1\" content=\"Written by\" \/>\n\t<meta name=\"twitter:data1\" content=\"Prensa Cenal\" \/>\n\t<meta name=\"twitter:label2\" content=\"Est. reading time\" \/>\n\t<meta name=\"twitter:data2\" content=\"2 minutos\" \/>\n<script type=\"application\/ld+json\" class=\"yoast-schema-graph\">{\"@context\":\"https:\/\/schema.org\",\"@graph\":[{\"@type\":\"Article\",\"@id\":\"https:\/\/cenal.gob.ve\/?p=17440#article\",\"isPartOf\":{\"@id\":\"https:\/\/cenal.gob.ve\/?p=17440\"},\"author\":{\"name\":\"Prensa Cenal\",\"@id\":\"https:\/\/cenal.gob.ve\/#\/schema\/person\/e3ed34623f400ffab8bc7a63b2f5533f\"},\"headline\":\"Conversaron sobre \u201cSalir de la Colonia\u201d de Vladimir Acosta en 17\u00aa Filven Cojedes\",\"datePublished\":\"2022-06-03T18:20:12+00:00\",\"dateModified\":\"2022-06-03T18:26:26+00:00\",\"mainEntityOfPage\":{\"@id\":\"https:\/\/cenal.gob.ve\/?p=17440\"},\"wordCount\":424,\"commentCount\":0,\"publisher\":{\"@id\":\"https:\/\/cenal.gob.ve\/#organization\"},\"articleSection\":[\"Filven\"],\"inLanguage\":\"es\",\"potentialAction\":[{\"@type\":\"CommentAction\",\"name\":\"Comment\",\"target\":[\"https:\/\/cenal.gob.ve\/?p=17440#respond\"]}]},{\"@type\":\"WebPage\",\"@id\":\"https:\/\/cenal.gob.ve\/?p=17440\",\"url\":\"https:\/\/cenal.gob.ve\/?p=17440\",\"name\":\"Conversaron sobre \u201cSalir de la Colonia\u201d de Vladimir Acosta en 17\u00aa Filven Cojedes\",\"isPartOf\":{\"@id\":\"https:\/\/cenal.gob.ve\/#website\"},\"datePublished\":\"2022-06-03T18:20:12+00:00\",\"dateModified\":\"2022-06-03T18:26:26+00:00\",\"breadcrumb\":{\"@id\":\"https:\/\/cenal.gob.ve\/?p=17440#breadcrumb\"},\"inLanguage\":\"es\",\"potentialAction\":[{\"@type\":\"ReadAction\",\"target\":[\"https:\/\/cenal.gob.ve\/?p=17440\"]}]},{\"@type\":\"BreadcrumbList\",\"@id\":\"https:\/\/cenal.gob.ve\/?p=17440#breadcrumb\",\"itemListElement\":[{\"@type\":\"ListItem\",\"position\":1,\"name\":\"Home\",\"item\":\"https:\/\/cenal.gob.ve\/\"},{\"@type\":\"ListItem\",\"position\":2,\"name\":\"Conversaron sobre \u201cSalir de la Colonia\u201d de Vladimir Acosta en 17\u00aa Filven Cojedes\"}]},{\"@type\":\"WebSite\",\"@id\":\"https:\/\/cenal.gob.ve\/#website\",\"url\":\"https:\/\/cenal.gob.ve\/\",\"name\":\"Cenal\",\"description\":\"\",\"publisher\":{\"@id\":\"https:\/\/cenal.gob.ve\/#organization\"},\"potentialAction\":[{\"@type\":\"SearchAction\",\"target\":{\"@type\":\"EntryPoint\",\"urlTemplate\":\"https:\/\/cenal.gob.ve\/?s={search_term_string}\"},\"query-input\":\"required name=search_term_string\"}],\"inLanguage\":\"es\"},{\"@type\":\"Organization\",\"@id\":\"https:\/\/cenal.gob.ve\/#organization\",\"name\":\"CENAL\",\"url\":\"https:\/\/cenal.gob.ve\/\",\"sameAs\":[],\"logo\":{\"@type\":\"ImageObject\",\"inLanguage\":\"es\",\"@id\":\"https:\/\/cenal.gob.ve\/#\/schema\/logo\/image\/\",\"url\":\"https:\/\/i0.wp.com\/cenal.gob.ve\/wp-content\/uploads\/2022\/10\/cropped-images.jpg?fit=512%2C512\",\"contentUrl\":\"https:\/\/i0.wp.com\/cenal.gob.ve\/wp-content\/uploads\/2022\/10\/cropped-images.jpg?fit=512%2C512\",\"width\":512,\"height\":512,\"caption\":\"CENAL\"},\"image\":{\"@id\":\"https:\/\/cenal.gob.ve\/#\/schema\/logo\/image\/\"}},{\"@type\":\"Person\",\"@id\":\"https:\/\/cenal.gob.ve\/#\/schema\/person\/e3ed34623f400ffab8bc7a63b2f5533f\",\"name\":\"Prensa Cenal\",\"image\":{\"@type\":\"ImageObject\",\"inLanguage\":\"es\",\"@id\":\"https:\/\/cenal.gob.ve\/#\/schema\/person\/image\/\",\"url\":\"https:\/\/secure.gravatar.com\/avatar\/594b4ed34090910c619ac3679001d491?s=96&d=mm&r=g\",\"contentUrl\":\"https:\/\/secure.gravatar.com\/avatar\/594b4ed34090910c619ac3679001d491?s=96&d=mm&r=g\",\"caption\":\"Prensa Cenal\"},\"url\":\"https:\/\/cenal.gob.ve\/?author=10\"}]}<\/script>\n<!-- \/ Yoast SEO plugin. -->","yoast_head_json":{"title":"Conversaron sobre \u201cSalir de la Colonia\u201d de Vladimir Acosta en 17\u00aa Filven Cojedes","robots":{"index":"index","follow":"follow","max-snippet":"max-snippet:-1","max-image-preview":"max-image-preview:large","max-video-preview":"max-video-preview:-1"},"canonical":"https:\/\/cenal.gob.ve\/?p=17440","og_locale":"es_ES","og_type":"article","og_title":"Conversaron sobre \u201cSalir de la Colonia\u201d de Vladimir Acosta en 17\u00aa Filven Cojedes","og_description":"Durante la 17 Feria Internacional del Libro de Venezuela (Filven) cap\u00edtulo Cojedes se realiz\u00f3 un conversatorio sobre el libro \u201cSalir de la Colonia\u201d, del historiador Vladimir Acosta, quien es escritor [&hellip;]","og_url":"https:\/\/cenal.gob.ve\/?p=17440","og_site_name":"Cenal","article_published_time":"2022-06-03T18:20:12+00:00","article_modified_time":"2022-06-03T18:26:26+00:00","og_image":[{"width":768,"height":512,"url":"https:\/\/i0.wp.com\/cenal.gob.ve\/wp-content\/uploads\/2022\/06\/FSaZXrBXEAAQMqx.jpeg?fit=768%2C512&ssl=1","type":"image\/jpeg"}],"author":"Prensa Cenal","twitter_card":"summary_large_image","twitter_misc":{"Written by":"Prensa Cenal","Est. reading time":"2 minutos"},"schema":{"@context":"https:\/\/schema.org","@graph":[{"@type":"Article","@id":"https:\/\/cenal.gob.ve\/?p=17440#article","isPartOf":{"@id":"https:\/\/cenal.gob.ve\/?p=17440"},"author":{"name":"Prensa Cenal","@id":"https:\/\/cenal.gob.ve\/#\/schema\/person\/e3ed34623f400ffab8bc7a63b2f5533f"},"headline":"Conversaron sobre \u201cSalir de la Colonia\u201d de Vladimir Acosta en 17\u00aa Filven Cojedes","datePublished":"2022-06-03T18:20:12+00:00","dateModified":"2022-06-03T18:26:26+00:00","mainEntityOfPage":{"@id":"https:\/\/cenal.gob.ve\/?p=17440"},"wordCount":424,"commentCount":0,"publisher":{"@id":"https:\/\/cenal.gob.ve\/#organization"},"articleSection":["Filven"],"inLanguage":"es","potentialAction":[{"@type":"CommentAction","name":"Comment","target":["https:\/\/cenal.gob.ve\/?p=17440#respond"]}]},{"@type":"WebPage","@id":"https:\/\/cenal.gob.ve\/?p=17440","url":"https:\/\/cenal.gob.ve\/?p=17440","name":"Conversaron sobre \u201cSalir de la Colonia\u201d de Vladimir Acosta en 17\u00aa Filven Cojedes","isPartOf":{"@id":"https:\/\/cenal.gob.ve\/#website"},"datePublished":"2022-06-03T18:20:12+00:00","dateModified":"2022-06-03T18:26:26+00:00","breadcrumb":{"@id":"https:\/\/cenal.gob.ve\/?p=17440#breadcrumb"},"inLanguage":"es","potentialAction":[{"@type":"ReadAction","target":["https:\/\/cenal.gob.ve\/?p=17440"]}]},{"@type":"BreadcrumbList","@id":"https:\/\/cenal.gob.ve\/?p=17440#breadcrumb","itemListElement":[{"@type":"ListItem","position":1,"name":"Home","item":"https:\/\/cenal.gob.ve\/"},{"@type":"ListItem","position":2,"name":"Conversaron sobre \u201cSalir de la Colonia\u201d de Vladimir Acosta en 17\u00aa Filven Cojedes"}]},{"@type":"WebSite","@id":"https:\/\/cenal.gob.ve\/#website","url":"https:\/\/cenal.gob.ve\/","name":"Cenal","description":"","publisher":{"@id":"https:\/\/cenal.gob.ve\/#organization"},"potentialAction":[{"@type":"SearchAction","target":{"@type":"EntryPoint","urlTemplate":"https:\/\/cenal.gob.ve\/?s={search_term_string}"},"query-input":"required name=search_term_string"}],"inLanguage":"es"},{"@type":"Organization","@id":"https:\/\/cenal.gob.ve\/#organization","name":"CENAL","url":"https:\/\/cenal.gob.ve\/","sameAs":[],"logo":{"@type":"ImageObject","inLanguage":"es","@id":"https:\/\/cenal.gob.ve\/#\/schema\/logo\/image\/","url":"https:\/\/i0.wp.com\/cenal.gob.ve\/wp-content\/uploads\/2022\/10\/cropped-images.jpg?fit=512%2C512","contentUrl":"https:\/\/i0.wp.com\/cenal.gob.ve\/wp-content\/uploads\/2022\/10\/cropped-images.jpg?fit=512%2C512","width":512,"height":512,"caption":"CENAL"},"image":{"@id":"https:\/\/cenal.gob.ve\/#\/schema\/logo\/image\/"}},{"@type":"Person","@id":"https:\/\/cenal.gob.ve\/#\/schema\/person\/e3ed34623f400ffab8bc7a63b2f5533f","name":"Prensa Cenal","image":{"@type":"ImageObject","inLanguage":"es","@id":"https:\/\/cenal.gob.ve\/#\/schema\/person\/image\/","url":"https:\/\/secure.gravatar.com\/avatar\/594b4ed34090910c619ac3679001d491?s=96&d=mm&r=g","contentUrl":"https:\/\/secure.gravatar.com\/avatar\/594b4ed34090910c619ac3679001d491?s=96&d=mm&r=g","caption":"Prensa Cenal"},"url":"https:\/\/cenal.gob.ve\/?author=10"}]}},"jetpack_featured_media_url":"https:\/\/cenal.gob.ve\/wp-content\/uploads\/2022\/06\/FSaZXrBXEAAQMqx.jpeg","jetpack_publicize_connections":[],"jetpack_shortlink":"https:\/\/wp.me\/p5FMhp-4xi","_links":{"self":[{"href":"https:\/\/cenal.gob.ve\/index.php?rest_route=\/wp\/v2\/posts\/17440"}],"collection":[{"href":"https:\/\/cenal.gob.ve\/index.php?rest_route=\/wp\/v2\/posts"}],"about":[{"href":"https:\/\/cenal.gob.ve\/index.php?rest_route=\/wp\/v2\/types\/post"}],"author":[{"embeddable":true,"href":"https:\/\/cenal.gob.ve\/index.php?rest_route=\/wp\/v2\/users\/10"}],"replies":[{"embeddable":true,"href":"https:\/\/cenal.gob.ve\/index.php?rest_route=%2Fwp%2Fv2%2Fcomments&post=17440"}],"version-history":[{"count":5,"href":"https:\/\/cenal.gob.ve\/index.php?rest_route=\/wp\/v2\/posts\/17440\/revisions"}],"predecessor-version":[{"id":17455,"href":"https:\/\/cenal.gob.ve\/index.php?rest_route=\/wp\/v2\/posts\/17440\/revisions\/17455"}],"wp:featuredmedia":[{"embeddable":true,"href":"https:\/\/cenal.gob.ve\/index.php?rest_route=\/wp\/v2\/media\/17450"}],"wp:attachment":[{"href":"https:\/\/cenal.gob.ve\/index.php?rest_route=%2Fwp%2Fv2%2Fmedia&parent=17440"}],"wp:term":[{"taxonomy":"category","embeddable":true,"href":"https:\/\/cenal.gob.ve\/index.php?rest_route=%2Fwp%2Fv2%2Fcategories&post=17440"},{"taxonomy":"post_tag","embeddable":true,"href":"https:\/\/cenal.gob.ve\/index.php?rest_route=%2Fwp%2Fv2%2Ftags&post=17440"}],"curies":[{"name":"wp","href":"https:\/\/api.w.org\/{rel}","templated":true}]}}