{"id":17458,"date":"2022-06-03T15:20:58","date_gmt":"2022-06-03T19:20:58","guid":{"rendered":"http:\/\/cenal.gob.ve\/?p=17458"},"modified":"2022-06-03T15:29:52","modified_gmt":"2022-06-03T19:29:52","slug":"ninos-y-ninas-de-barinas-leen-el-parte-de-carabobo-de-bolivar-durante-17a-filven","status":"publish","type":"post","link":"https:\/\/cenal.gob.ve\/?p=17458","title":{"rendered":"Ni\u00f1os y ni\u00f1as de Barinas leen el Parte de Carabobo de Bol\u00edvar durante 17\u00aa Filven"},"content":{"rendered":"\n<p>Durante la 17\u00aa Feria Internacional del Libro de Venezuela (Filven) cap\u00edtulo Barinas se entregaron a ni\u00f1os y ni\u00f1as de este estado ejemplares del c\u00e9lebre Parte de Carabobo del Libertador Sim\u00f3n Bol\u00edvar, uno de los textos centrales del Plan Nacional de Lectura Manuel Vadell que desarrolla el Ministerio del Poder Popular para la Cultura, a trav\u00e9s del Centro Nacional del Libro (Cenal).<\/p>\n\n\n\n<p>Los peque\u00f1os lectores que recibieron estos ejemplares son estudiantes de la escuela Grupo Escolar Estado Gu\u00e1rico, ubicada en Barinas, capital de la entidad llanera, donde el Comandante Eterno Hugo Ch\u00e1vez Fr\u00edas tambi\u00e9n recibi\u00f3 educaci\u00f3n durante su ni\u00f1ez.<\/p>\n\n\n\n<p>Est\u00e1n participando durante la Filven en actividades de formaci\u00f3n lectora adecuadas al p\u00fablico infantil, desarrolladas en los espacios del Teatro Jos\u00e9 Esteban Ru\u00edz Guevara.<\/p>\n\n\n\n<p>La finalidad es que los ni\u00f1os y ni\u00f1as puedan conocer la historia patria a trav\u00e9s de las l\u00edneas que ofrece el texto del Libertador.<\/p>\n\n\n\n<p>En el Pabell\u00f3n Infantil de la Filven Barinas tambi\u00e9n los peque\u00f1os pueden disfrutar de una variada programaci\u00f3n con cuentacuentos y manifestaciones art\u00edsticas.<\/p>\n\n\n\n<p>La 17\u00aa Filven est\u00e1 instalada en la ciudad de Barinas, en el Teatro Jos\u00e9 Esteban Ru\u00edz Guevara y la Casa Cultural del Alba Venezuela, hasta este s\u00e1bado 4 de junio.<\/p>\n\n\n\n<figure class=\"wp-block-image size-large\"><img width=\"1024\" height=\"682\" src=\"http:\/\/cenal.gob.ve\/wp-content\/uploads\/2022\/06\/FUSEVAdX0AIhLsa-1024x682.jpeg\" alt=\"\" class=\"wp-image-17461\" srcset=\"https:\/\/cenal.gob.ve\/wp-content\/uploads\/2022\/06\/FUSEVAdX0AIhLsa-1024x682.jpeg 1024w, https:\/\/cenal.gob.ve\/wp-content\/uploads\/2022\/06\/FUSEVAdX0AIhLsa-300x200.jpeg 300w, https:\/\/cenal.gob.ve\/wp-content\/uploads\/2022\/06\/FUSEVAdX0AIhLsa-768x511.jpeg 768w, https:\/\/cenal.gob.ve\/wp-content\/uploads\/2022\/06\/FUSEVAdX0AIhLsa.jpeg 1280w\" sizes=\"(max-width: 1024px) 100vw, 1024px\" \/><\/figure>\n\n\n\n<figure class=\"wp-block-image size-full\"><img width=\"1024\" height=\"682\" src=\"http:\/\/cenal.gob.ve\/wp-content\/uploads\/2022\/06\/FUSEU2MX0AUS0jK.jpeg\" alt=\"\" class=\"wp-image-17463\" srcset=\"https:\/\/cenal.gob.ve\/wp-content\/uploads\/2022\/06\/FUSEU2MX0AUS0jK.jpeg 1024w, https:\/\/cenal.gob.ve\/wp-content\/uploads\/2022\/06\/FUSEU2MX0AUS0jK-300x200.jpeg 300w, https:\/\/cenal.gob.ve\/wp-content\/uploads\/2022\/06\/FUSEU2MX0AUS0jK-768x512.jpeg 768w\" sizes=\"(max-width: 1024px) 100vw, 1024px\" \/><\/figure>\n","protected":false},"excerpt":{"rendered":"<p>Durante la 17\u00aa Feria Internacional del Libro de Venezuela (Filven) cap\u00edtulo Barinas se entregaron a ni\u00f1os y ni\u00f1as de este estado ejemplares del c\u00e9lebre Parte de Carabobo del Libertador Sim\u00f3n [&hellip;]<\/p>\n","protected":false},"author":10,"featured_media":17460,"comment_status":"open","ping_status":"open","sticky":false,"template":"","format":"standard","meta":{"spay_email":"","jetpack_publicize_message":"","jetpack_is_tweetstorm":false,"jetpack_publicize_feature_enabled":true},"categories":[12,107],"tags":[],"yoast_head":"<!-- This site is optimized with the Yoast SEO plugin v19.8 - https:\/\/yoast.com\/wordpress\/plugins\/seo\/ -->\n<title>Ni\u00f1os y ni\u00f1as de Barinas leen el Parte de Carabobo de Bol\u00edvar durante 17\u00aa Filven<\/title>\n<meta name=\"robots\" content=\"index, follow, max-snippet:-1, max-image-preview:large, max-video-preview:-1\" \/>\n<link rel=\"canonical\" href=\"https:\/\/cenal.gob.ve\/?p=17458\" \/>\n<meta property=\"og:locale\" content=\"es_ES\" \/>\n<meta property=\"og:type\" content=\"article\" \/>\n<meta property=\"og:title\" content=\"Ni\u00f1os y ni\u00f1as de Barinas leen el Parte de Carabobo de Bol\u00edvar durante 17\u00aa Filven\" \/>\n<meta property=\"og:description\" content=\"Durante la 17\u00aa Feria Internacional del Libro de Venezuela (Filven) cap\u00edtulo Barinas se entregaron a ni\u00f1os y ni\u00f1as de este estado ejemplares del c\u00e9lebre Parte de Carabobo del Libertador Sim\u00f3n [&hellip;]\" \/>\n<meta property=\"og:url\" content=\"https:\/\/cenal.gob.ve\/?p=17458\" \/>\n<meta property=\"og:site_name\" content=\"Cenal\" \/>\n<meta property=\"article:published_time\" content=\"2022-06-03T19:20:58+00:00\" \/>\n<meta property=\"article:modified_time\" content=\"2022-06-03T19:29:52+00:00\" \/>\n<meta property=\"og:image\" content=\"https:\/\/i0.wp.com\/cenal.gob.ve\/wp-content\/uploads\/2022\/06\/FUSEVNtX0A8dj4R.jpeg?fit=1280%2C852&ssl=1\" \/>\n\t<meta property=\"og:image:width\" content=\"1280\" \/>\n\t<meta property=\"og:image:height\" content=\"852\" \/>\n\t<meta property=\"og:image:type\" content=\"image\/jpeg\" \/>\n<meta name=\"author\" content=\"Prensa Cenal\" \/>\n<meta name=\"twitter:card\" content=\"summary_large_image\" \/>\n<meta name=\"twitter:label1\" content=\"Written by\" \/>\n\t<meta name=\"twitter:data1\" content=\"Prensa Cenal\" \/>\n\t<meta name=\"twitter:label2\" content=\"Est. reading time\" \/>\n\t<meta name=\"twitter:data2\" content=\"1 minuto\" \/>\n<script type=\"application\/ld+json\" class=\"yoast-schema-graph\">{\"@context\":\"https:\/\/schema.org\",\"@graph\":[{\"@type\":\"Article\",\"@id\":\"https:\/\/cenal.gob.ve\/?p=17458#article\",\"isPartOf\":{\"@id\":\"https:\/\/cenal.gob.ve\/?p=17458\"},\"author\":{\"name\":\"Prensa Cenal\",\"@id\":\"https:\/\/cenal.gob.ve\/#\/schema\/person\/e3ed34623f400ffab8bc7a63b2f5533f\"},\"headline\":\"Ni\u00f1os y ni\u00f1as de Barinas leen el Parte de Carabobo de Bol\u00edvar durante 17\u00aa Filven\",\"datePublished\":\"2022-06-03T19:20:58+00:00\",\"dateModified\":\"2022-06-03T19:29:52+00:00\",\"mainEntityOfPage\":{\"@id\":\"https:\/\/cenal.gob.ve\/?p=17458\"},\"wordCount\":241,\"commentCount\":0,\"publisher\":{\"@id\":\"https:\/\/cenal.gob.ve\/#organization\"},\"articleSection\":[\"Filven\",\"Plan Nacional de Lectura\"],\"inLanguage\":\"es\",\"potentialAction\":[{\"@type\":\"CommentAction\",\"name\":\"Comment\",\"target\":[\"https:\/\/cenal.gob.ve\/?p=17458#respond\"]}]},{\"@type\":\"WebPage\",\"@id\":\"https:\/\/cenal.gob.ve\/?p=17458\",\"url\":\"https:\/\/cenal.gob.ve\/?p=17458\",\"name\":\"Ni\u00f1os y ni\u00f1as de Barinas leen el Parte de Carabobo de Bol\u00edvar durante 17\u00aa Filven\",\"isPartOf\":{\"@id\":\"https:\/\/cenal.gob.ve\/#website\"},\"datePublished\":\"2022-06-03T19:20:58+00:00\",\"dateModified\":\"2022-06-03T19:29:52+00:00\",\"breadcrumb\":{\"@id\":\"https:\/\/cenal.gob.ve\/?p=17458#breadcrumb\"},\"inLanguage\":\"es\",\"potentialAction\":[{\"@type\":\"ReadAction\",\"target\":[\"https:\/\/cenal.gob.ve\/?p=17458\"]}]},{\"@type\":\"BreadcrumbList\",\"@id\":\"https:\/\/cenal.gob.ve\/?p=17458#breadcrumb\",\"itemListElement\":[{\"@type\":\"ListItem\",\"position\":1,\"name\":\"Home\",\"item\":\"https:\/\/cenal.gob.ve\/\"},{\"@type\":\"ListItem\",\"position\":2,\"name\":\"Ni\u00f1os y ni\u00f1as de Barinas leen el Parte de Carabobo de Bol\u00edvar durante 17\u00aa Filven\"}]},{\"@type\":\"WebSite\",\"@id\":\"https:\/\/cenal.gob.ve\/#website\",\"url\":\"https:\/\/cenal.gob.ve\/\",\"name\":\"Cenal\",\"description\":\"\",\"publisher\":{\"@id\":\"https:\/\/cenal.gob.ve\/#organization\"},\"potentialAction\":[{\"@type\":\"SearchAction\",\"target\":{\"@type\":\"EntryPoint\",\"urlTemplate\":\"https:\/\/cenal.gob.ve\/?s={search_term_string}\"},\"query-input\":\"required name=search_term_string\"}],\"inLanguage\":\"es\"},{\"@type\":\"Organization\",\"@id\":\"https:\/\/cenal.gob.ve\/#organization\",\"name\":\"CENAL\",\"url\":\"https:\/\/cenal.gob.ve\/\",\"sameAs\":[],\"logo\":{\"@type\":\"ImageObject\",\"inLanguage\":\"es\",\"@id\":\"https:\/\/cenal.gob.ve\/#\/schema\/logo\/image\/\",\"url\":\"https:\/\/i0.wp.com\/cenal.gob.ve\/wp-content\/uploads\/2022\/10\/cropped-images.jpg?fit=512%2C512\",\"contentUrl\":\"https:\/\/i0.wp.com\/cenal.gob.ve\/wp-content\/uploads\/2022\/10\/cropped-images.jpg?fit=512%2C512\",\"width\":512,\"height\":512,\"caption\":\"CENAL\"},\"image\":{\"@id\":\"https:\/\/cenal.gob.ve\/#\/schema\/logo\/image\/\"}},{\"@type\":\"Person\",\"@id\":\"https:\/\/cenal.gob.ve\/#\/schema\/person\/e3ed34623f400ffab8bc7a63b2f5533f\",\"name\":\"Prensa Cenal\",\"image\":{\"@type\":\"ImageObject\",\"inLanguage\":\"es\",\"@id\":\"https:\/\/cenal.gob.ve\/#\/schema\/person\/image\/\",\"url\":\"https:\/\/secure.gravatar.com\/avatar\/594b4ed34090910c619ac3679001d491?s=96&d=mm&r=g\",\"contentUrl\":\"https:\/\/secure.gravatar.com\/avatar\/594b4ed34090910c619ac3679001d491?s=96&d=mm&r=g\",\"caption\":\"Prensa Cenal\"},\"url\":\"https:\/\/cenal.gob.ve\/?author=10\"}]}<\/script>\n<!-- \/ Yoast SEO plugin. -->","yoast_head_json":{"title":"Ni\u00f1os y ni\u00f1as de Barinas leen el Parte de Carabobo de Bol\u00edvar durante 17\u00aa Filven","robots":{"index":"index","follow":"follow","max-snippet":"max-snippet:-1","max-image-preview":"max-image-preview:large","max-video-preview":"max-video-preview:-1"},"canonical":"https:\/\/cenal.gob.ve\/?p=17458","og_locale":"es_ES","og_type":"article","og_title":"Ni\u00f1os y ni\u00f1as de Barinas leen el Parte de Carabobo de Bol\u00edvar durante 17\u00aa Filven","og_description":"Durante la 17\u00aa Feria Internacional del Libro de Venezuela (Filven) cap\u00edtulo Barinas se entregaron a ni\u00f1os y ni\u00f1as de este estado ejemplares del c\u00e9lebre Parte de Carabobo del Libertador Sim\u00f3n [&hellip;]","og_url":"https:\/\/cenal.gob.ve\/?p=17458","og_site_name":"Cenal","article_published_time":"2022-06-03T19:20:58+00:00","article_modified_time":"2022-06-03T19:29:52+00:00","og_image":[{"width":1280,"height":852,"url":"https:\/\/i0.wp.com\/cenal.gob.ve\/wp-content\/uploads\/2022\/06\/FUSEVNtX0A8dj4R.jpeg?fit=1280%2C852&ssl=1","type":"image\/jpeg"}],"author":"Prensa Cenal","twitter_card":"summary_large_image","twitter_misc":{"Written by":"Prensa Cenal","Est. reading time":"1 minuto"},"schema":{"@context":"https:\/\/schema.org","@graph":[{"@type":"Article","@id":"https:\/\/cenal.gob.ve\/?p=17458#article","isPartOf":{"@id":"https:\/\/cenal.gob.ve\/?p=17458"},"author":{"name":"Prensa Cenal","@id":"https:\/\/cenal.gob.ve\/#\/schema\/person\/e3ed34623f400ffab8bc7a63b2f5533f"},"headline":"Ni\u00f1os y ni\u00f1as de Barinas leen el Parte de Carabobo de Bol\u00edvar durante 17\u00aa Filven","datePublished":"2022-06-03T19:20:58+00:00","dateModified":"2022-06-03T19:29:52+00:00","mainEntityOfPage":{"@id":"https:\/\/cenal.gob.ve\/?p=17458"},"wordCount":241,"commentCount":0,"publisher":{"@id":"https:\/\/cenal.gob.ve\/#organization"},"articleSection":["Filven","Plan Nacional de Lectura"],"inLanguage":"es","potentialAction":[{"@type":"CommentAction","name":"Comment","target":["https:\/\/cenal.gob.ve\/?p=17458#respond"]}]},{"@type":"WebPage","@id":"https:\/\/cenal.gob.ve\/?p=17458","url":"https:\/\/cenal.gob.ve\/?p=17458","name":"Ni\u00f1os y ni\u00f1as de Barinas leen el Parte de Carabobo de Bol\u00edvar durante 17\u00aa Filven","isPartOf":{"@id":"https:\/\/cenal.gob.ve\/#website"},"datePublished":"2022-06-03T19:20:58+00:00","dateModified":"2022-06-03T19:29:52+00:00","breadcrumb":{"@id":"https:\/\/cenal.gob.ve\/?p=17458#breadcrumb"},"inLanguage":"es","potentialAction":[{"@type":"ReadAction","target":["https:\/\/cenal.gob.ve\/?p=17458"]}]},{"@type":"BreadcrumbList","@id":"https:\/\/cenal.gob.ve\/?p=17458#breadcrumb","itemListElement":[{"@type":"ListItem","position":1,"name":"Home","item":"https:\/\/cenal.gob.ve\/"},{"@type":"ListItem","position":2,"name":"Ni\u00f1os y ni\u00f1as de Barinas leen el Parte de Carabobo de Bol\u00edvar durante 17\u00aa Filven"}]},{"@type":"WebSite","@id":"https:\/\/cenal.gob.ve\/#website","url":"https:\/\/cenal.gob.ve\/","name":"Cenal","description":"","publisher":{"@id":"https:\/\/cenal.gob.ve\/#organization"},"potentialAction":[{"@type":"SearchAction","target":{"@type":"EntryPoint","urlTemplate":"https:\/\/cenal.gob.ve\/?s={search_term_string}"},"query-input":"required name=search_term_string"}],"inLanguage":"es"},{"@type":"Organization","@id":"https:\/\/cenal.gob.ve\/#organization","name":"CENAL","url":"https:\/\/cenal.gob.ve\/","sameAs":[],"logo":{"@type":"ImageObject","inLanguage":"es","@id":"https:\/\/cenal.gob.ve\/#\/schema\/logo\/image\/","url":"https:\/\/i0.wp.com\/cenal.gob.ve\/wp-content\/uploads\/2022\/10\/cropped-images.jpg?fit=512%2C512","contentUrl":"https:\/\/i0.wp.com\/cenal.gob.ve\/wp-content\/uploads\/2022\/10\/cropped-images.jpg?fit=512%2C512","width":512,"height":512,"caption":"CENAL"},"image":{"@id":"https:\/\/cenal.gob.ve\/#\/schema\/logo\/image\/"}},{"@type":"Person","@id":"https:\/\/cenal.gob.ve\/#\/schema\/person\/e3ed34623f400ffab8bc7a63b2f5533f","name":"Prensa Cenal","image":{"@type":"ImageObject","inLanguage":"es","@id":"https:\/\/cenal.gob.ve\/#\/schema\/person\/image\/","url":"https:\/\/secure.gravatar.com\/avatar\/594b4ed34090910c619ac3679001d491?s=96&d=mm&r=g","contentUrl":"https:\/\/secure.gravatar.com\/avatar\/594b4ed34090910c619ac3679001d491?s=96&d=mm&r=g","caption":"Prensa Cenal"},"url":"https:\/\/cenal.gob.ve\/?author=10"}]}},"jetpack_featured_media_url":"https:\/\/cenal.gob.ve\/wp-content\/uploads\/2022\/06\/FUSEVNtX0A8dj4R.jpeg","jetpack_publicize_connections":[],"jetpack_shortlink":"https:\/\/wp.me\/p5FMhp-4xA","_links":{"self":[{"href":"https:\/\/cenal.gob.ve\/index.php?rest_route=\/wp\/v2\/posts\/17458"}],"collection":[{"href":"https:\/\/cenal.gob.ve\/index.php?rest_route=\/wp\/v2\/posts"}],"about":[{"href":"https:\/\/cenal.gob.ve\/index.php?rest_route=\/wp\/v2\/types\/post"}],"author":[{"embeddable":true,"href":"https:\/\/cenal.gob.ve\/index.php?rest_route=\/wp\/v2\/users\/10"}],"replies":[{"embeddable":true,"href":"https:\/\/cenal.gob.ve\/index.php?rest_route=%2Fwp%2Fv2%2Fcomments&post=17458"}],"version-history":[{"count":4,"href":"https:\/\/cenal.gob.ve\/index.php?rest_route=\/wp\/v2\/posts\/17458\/revisions"}],"predecessor-version":[{"id":17467,"href":"https:\/\/cenal.gob.ve\/index.php?rest_route=\/wp\/v2\/posts\/17458\/revisions\/17467"}],"wp:featuredmedia":[{"embeddable":true,"href":"https:\/\/cenal.gob.ve\/index.php?rest_route=\/wp\/v2\/media\/17460"}],"wp:attachment":[{"href":"https:\/\/cenal.gob.ve\/index.php?rest_route=%2Fwp%2Fv2%2Fmedia&parent=17458"}],"wp:term":[{"taxonomy":"category","embeddable":true,"href":"https:\/\/cenal.gob.ve\/index.php?rest_route=%2Fwp%2Fv2%2Fcategories&post=17458"},{"taxonomy":"post_tag","embeddable":true,"href":"https:\/\/cenal.gob.ve\/index.php?rest_route=%2Fwp%2Fv2%2Ftags&post=17458"}],"curies":[{"name":"wp","href":"https:\/\/api.w.org\/{rel}","templated":true}]}}