{"id":17585,"date":"2022-06-09T17:47:09","date_gmt":"2022-06-09T21:47:09","guid":{"rendered":"http:\/\/cenal.gob.ve\/?p=17585"},"modified":"2022-06-09T17:57:03","modified_gmt":"2022-06-09T21:57:03","slug":"presentaron-solo-de-reynaldo-perez-so-en-17a-filven-carabobo","status":"publish","type":"post","link":"https:\/\/cenal.gob.ve\/?p=17585","title":{"rendered":"Presentaron Solo de Reynaldo P\u00e9rez S\u00f3 en 17\u00aa Filven Carabobo"},"content":{"rendered":"\n<p>En el primer d\u00eda de la 17\u00aa Feria Internacional del Libro de Venezuela (Filven), instalada en el Museo de Arte Valencia, se present\u00f3 la compilaci\u00f3n po\u00e9tica <em>Solo<\/em> del escritor regional homenajeado Reynaldo P\u00e9rez S\u00f3, publicada por Monte \u00c1vila.<\/p>\n\n\n\n<p>Estuvieron a&nbsp;cargo de la presentaci\u00f3n Antonio Trujillo y C\u00e9sar Panza, quienes elogiaron la obra del poeta, traductor y m\u00e9dico.<\/p>\n\n\n\n<p>Panza es poeta, traductor y editor valenciano, y en sus palabras, se\u00f1al\u00f3 que esta es un monumento a la vida y al amor.<\/p>\n\n\n\n<figure class=\"wp-block-image size-large is-resized\"><img src=\"http:\/\/cenal.gob.ve\/wp-content\/uploads\/2022\/06\/WhatsApp-Image-2022-06-09-at-5.28.41-PM-1024x682.jpeg\" alt=\"\" class=\"wp-image-17605\" width=\"848\" height=\"564\" srcset=\"https:\/\/cenal.gob.ve\/wp-content\/uploads\/2022\/06\/WhatsApp-Image-2022-06-09-at-5.28.41-PM-1024x682.jpeg 1024w, https:\/\/cenal.gob.ve\/wp-content\/uploads\/2022\/06\/WhatsApp-Image-2022-06-09-at-5.28.41-PM-300x200.jpeg 300w, https:\/\/cenal.gob.ve\/wp-content\/uploads\/2022\/06\/WhatsApp-Image-2022-06-09-at-5.28.41-PM-768x511.jpeg 768w, https:\/\/cenal.gob.ve\/wp-content\/uploads\/2022\/06\/WhatsApp-Image-2022-06-09-at-5.28.41-PM.jpeg 1080w\" sizes=\"(max-width: 848px) 100vw, 848px\" \/><figcaption>C\u00e9sar Panza<\/figcaption><\/figure>\n\n\n\n<p>Trujillo, por su parte, recogiendo frases de Mart\u00ed, record\u00f3 que la poes\u00eda es buena si es \u00fatil, y para \u00e9l ha as\u00ed ha sucedido con la poes\u00eda del autor de<em> Para morirnos de otro sue\u00f1o<\/em> (1971).<\/p>\n\n\n\n<figure class=\"wp-block-image size-large\"><img width=\"1024\" height=\"682\" src=\"http:\/\/cenal.gob.ve\/wp-content\/uploads\/2022\/06\/WhatsApp-Image-2022-06-09-at-5.28.42-PM-1024x682.jpeg\" alt=\"\" class=\"wp-image-17607\" srcset=\"https:\/\/cenal.gob.ve\/wp-content\/uploads\/2022\/06\/WhatsApp-Image-2022-06-09-at-5.28.42-PM-1024x682.jpeg 1024w, https:\/\/cenal.gob.ve\/wp-content\/uploads\/2022\/06\/WhatsApp-Image-2022-06-09-at-5.28.42-PM-300x200.jpeg 300w, https:\/\/cenal.gob.ve\/wp-content\/uploads\/2022\/06\/WhatsApp-Image-2022-06-09-at-5.28.42-PM-768x511.jpeg 768w, https:\/\/cenal.gob.ve\/wp-content\/uploads\/2022\/06\/WhatsApp-Image-2022-06-09-at-5.28.42-PM.jpeg 1080w\" sizes=\"(max-width: 1024px) 100vw, 1024px\" \/><figcaption>Antonio Trujillo<\/figcaption><\/figure>\n\n\n\n<p>&#8220;Doy fe del impacto como lector de unos textos que invitan a no mentir y a no mentirme&#8221;, expres\u00f3 Trujillo, quien se desempe\u00f1a como director y fundador de la revista literaria Trapos y Helechos.<\/p>\n\n\n\n<p>P\u00e9rez S\u00f3 dijo sentirse gratamente sorprendido por las palabras acerca de su obra, as\u00ed como por el cari\u00f1o del p\u00fablico lector. &#8220;Yo nunca esper\u00e9 ser P\u00e9rez S\u00f3&#8221;, manifest\u00f3 agradecido por el homenaje.<\/p>\n\n\n\n<figure class=\"wp-block-image size-large\"><img width=\"1024\" height=\"682\" src=\"http:\/\/cenal.gob.ve\/wp-content\/uploads\/2022\/06\/WhatsApp-Image-2022-06-09-at-5.28.40-PM-1024x682.jpeg\" alt=\"\" class=\"wp-image-17608\" srcset=\"https:\/\/cenal.gob.ve\/wp-content\/uploads\/2022\/06\/WhatsApp-Image-2022-06-09-at-5.28.40-PM-1024x682.jpeg 1024w, https:\/\/cenal.gob.ve\/wp-content\/uploads\/2022\/06\/WhatsApp-Image-2022-06-09-at-5.28.40-PM-300x200.jpeg 300w, https:\/\/cenal.gob.ve\/wp-content\/uploads\/2022\/06\/WhatsApp-Image-2022-06-09-at-5.28.40-PM-768x511.jpeg 768w, https:\/\/cenal.gob.ve\/wp-content\/uploads\/2022\/06\/WhatsApp-Image-2022-06-09-at-5.28.40-PM.jpeg 1080w\" sizes=\"(max-width: 1024px) 100vw, 1024px\" \/><figcaption>Reynaldo P\u00e9rez S\u00f3<\/figcaption><\/figure>\n\n\n\n<p>Acto seguido, ley\u00f3 algunos fragmentos de sus poemas. Se oy\u00f3 en su voz, por ejemplo, &#8220;te d\u00ed el alma m\u00eda&#8230;&#8221;.<\/p>\n\n\n\n<p>Solo comprende 9 libros, tres de ellos in\u00e9ditos, el resto corresponde a ediciones publicadas anteriormente por el mismo sello editorial.<\/p>\n\n\n\n<p>El poemario se une a la colecci\u00f3n Altazor de la editorial Monte \u00c1vila.<\/p>\n\n\n\n<p><strong>La condici\u00f3n humana de P\u00e9rez S\u00f3<\/strong><\/p>\n\n\n\n<p>No renunciar a la condici\u00f3n de ser humano, d\u00eda y noche, ha definido a este poeta, quien ha llegado a decir que no podr\u00eda escribir un verso sin tener un compromiso&nbsp;social.<\/p>\n\n\n\n<p>Es cofundador y director&nbsp;de la revista Poes\u00eda, publicada por la editorial de la Universidad de Carabobo, Premio Nacional de Cultura, menci\u00f3n Literatura (2019-2020).&nbsp;<\/p>\n\n\n\n<p>Sus primeros versos, de acuerdo con sus declaraciones, tuvieron nacimiento a los 11 a\u00f1os en el periodismo escolar.&nbsp;<\/p>\n\n\n\n<p>Ha buscado plasmar en sus escritos la vida en todas sus facetas, integral, con autenticidad, con car\u00e1cter de justicia, sin da\u00f1ar a nadie, porque ha llegado decir el mismo P\u00e9rez So \u201clas palabras sirven, lo sabemos, hasta para hacer miserables a los dem\u00e1s\u201d.<\/p>\n\n\n\n<p>Fue en 1971 cuando public\u00f3 su primer libro, titulado <em>Para morirnos de otro sue\u00f1o<\/em>, donde revela que\u00a0\u201clos que so\u00f1amos sentimos el sue\u00f1o m\u00e1s hermoso\u201d.\u00a0<\/p>\n\n\n\n<p><em>Tanmatra<\/em> (1972); <em>Nuevos Poemas<\/em> (1975); <em>25 Poemas<\/em> (1982); <em>Matadero<\/em> (1986); <em>Reclamo<\/em> (1992); <em>Px <\/em>(1996) y <em>Solonbra<\/em> (1998) son otras de sus obras.<\/p>\n","protected":false},"excerpt":{"rendered":"<p>En el primer d\u00eda de la 17\u00aa Feria Internacional del Libro de Venezuela (Filven), instalada en el Museo de Arte Valencia, se present\u00f3 la compilaci\u00f3n po\u00e9tica Solo del escritor regional [&hellip;]<\/p>\n","protected":false},"author":10,"featured_media":17599,"comment_status":"open","ping_status":"open","sticky":false,"template":"","format":"standard","meta":{"spay_email":"","jetpack_publicize_message":"","jetpack_is_tweetstorm":false,"jetpack_publicize_feature_enabled":true},"categories":[12],"tags":[],"yoast_head":"<!-- This site is optimized with the Yoast SEO plugin v19.8 - https:\/\/yoast.com\/wordpress\/plugins\/seo\/ -->\n<title>Presentaron Solo de Reynaldo P\u00e9rez S\u00f3 en 17\u00aa Filven Carabobo<\/title>\n<meta name=\"robots\" content=\"index, follow, max-snippet:-1, max-image-preview:large, max-video-preview:-1\" \/>\n<link rel=\"canonical\" href=\"https:\/\/cenal.gob.ve\/?p=17585\" \/>\n<meta property=\"og:locale\" content=\"es_ES\" \/>\n<meta property=\"og:type\" content=\"article\" \/>\n<meta property=\"og:title\" content=\"Presentaron Solo de Reynaldo P\u00e9rez S\u00f3 en 17\u00aa Filven Carabobo\" \/>\n<meta property=\"og:description\" content=\"En el primer d\u00eda de la 17\u00aa Feria Internacional del Libro de Venezuela (Filven), instalada en el Museo de Arte Valencia, se present\u00f3 la compilaci\u00f3n po\u00e9tica Solo del escritor regional [&hellip;]\" \/>\n<meta property=\"og:url\" content=\"https:\/\/cenal.gob.ve\/?p=17585\" \/>\n<meta property=\"og:site_name\" content=\"Cenal\" \/>\n<meta property=\"article:published_time\" content=\"2022-06-09T21:47:09+00:00\" \/>\n<meta property=\"article:modified_time\" content=\"2022-06-09T21:57:03+00:00\" \/>\n<meta property=\"og:image\" content=\"https:\/\/i0.wp.com\/cenal.gob.ve\/wp-content\/uploads\/2022\/06\/1654809989888.jpg?fit=1200%2C680&ssl=1\" \/>\n\t<meta property=\"og:image:width\" content=\"1200\" \/>\n\t<meta property=\"og:image:height\" content=\"680\" \/>\n\t<meta property=\"og:image:type\" content=\"image\/jpeg\" \/>\n<meta name=\"author\" content=\"Prensa Cenal\" \/>\n<meta name=\"twitter:card\" content=\"summary_large_image\" \/>\n<meta name=\"twitter:label1\" content=\"Written by\" \/>\n\t<meta name=\"twitter:data1\" content=\"Prensa Cenal\" \/>\n\t<meta name=\"twitter:label2\" content=\"Est. reading time\" \/>\n\t<meta name=\"twitter:data2\" content=\"2 minutos\" \/>\n<script type=\"application\/ld+json\" class=\"yoast-schema-graph\">{\"@context\":\"https:\/\/schema.org\",\"@graph\":[{\"@type\":\"Article\",\"@id\":\"https:\/\/cenal.gob.ve\/?p=17585#article\",\"isPartOf\":{\"@id\":\"https:\/\/cenal.gob.ve\/?p=17585\"},\"author\":{\"name\":\"Prensa Cenal\",\"@id\":\"https:\/\/cenal.gob.ve\/#\/schema\/person\/e3ed34623f400ffab8bc7a63b2f5533f\"},\"headline\":\"Presentaron Solo de Reynaldo P\u00e9rez S\u00f3 en 17\u00aa Filven Carabobo\",\"datePublished\":\"2022-06-09T21:47:09+00:00\",\"dateModified\":\"2022-06-09T21:57:03+00:00\",\"mainEntityOfPage\":{\"@id\":\"https:\/\/cenal.gob.ve\/?p=17585\"},\"wordCount\":452,\"commentCount\":0,\"publisher\":{\"@id\":\"https:\/\/cenal.gob.ve\/#organization\"},\"articleSection\":[\"Filven\"],\"inLanguage\":\"es\",\"potentialAction\":[{\"@type\":\"CommentAction\",\"name\":\"Comment\",\"target\":[\"https:\/\/cenal.gob.ve\/?p=17585#respond\"]}]},{\"@type\":\"WebPage\",\"@id\":\"https:\/\/cenal.gob.ve\/?p=17585\",\"url\":\"https:\/\/cenal.gob.ve\/?p=17585\",\"name\":\"Presentaron Solo de Reynaldo P\u00e9rez S\u00f3 en 17\u00aa Filven Carabobo\",\"isPartOf\":{\"@id\":\"https:\/\/cenal.gob.ve\/#website\"},\"datePublished\":\"2022-06-09T21:47:09+00:00\",\"dateModified\":\"2022-06-09T21:57:03+00:00\",\"breadcrumb\":{\"@id\":\"https:\/\/cenal.gob.ve\/?p=17585#breadcrumb\"},\"inLanguage\":\"es\",\"potentialAction\":[{\"@type\":\"ReadAction\",\"target\":[\"https:\/\/cenal.gob.ve\/?p=17585\"]}]},{\"@type\":\"BreadcrumbList\",\"@id\":\"https:\/\/cenal.gob.ve\/?p=17585#breadcrumb\",\"itemListElement\":[{\"@type\":\"ListItem\",\"position\":1,\"name\":\"Home\",\"item\":\"https:\/\/cenal.gob.ve\/\"},{\"@type\":\"ListItem\",\"position\":2,\"name\":\"Presentaron Solo de Reynaldo P\u00e9rez S\u00f3 en 17\u00aa Filven Carabobo\"}]},{\"@type\":\"WebSite\",\"@id\":\"https:\/\/cenal.gob.ve\/#website\",\"url\":\"https:\/\/cenal.gob.ve\/\",\"name\":\"Cenal\",\"description\":\"\",\"publisher\":{\"@id\":\"https:\/\/cenal.gob.ve\/#organization\"},\"potentialAction\":[{\"@type\":\"SearchAction\",\"target\":{\"@type\":\"EntryPoint\",\"urlTemplate\":\"https:\/\/cenal.gob.ve\/?s={search_term_string}\"},\"query-input\":\"required name=search_term_string\"}],\"inLanguage\":\"es\"},{\"@type\":\"Organization\",\"@id\":\"https:\/\/cenal.gob.ve\/#organization\",\"name\":\"CENAL\",\"url\":\"https:\/\/cenal.gob.ve\/\",\"sameAs\":[],\"logo\":{\"@type\":\"ImageObject\",\"inLanguage\":\"es\",\"@id\":\"https:\/\/cenal.gob.ve\/#\/schema\/logo\/image\/\",\"url\":\"https:\/\/i0.wp.com\/cenal.gob.ve\/wp-content\/uploads\/2022\/10\/cropped-images.jpg?fit=512%2C512\",\"contentUrl\":\"https:\/\/i0.wp.com\/cenal.gob.ve\/wp-content\/uploads\/2022\/10\/cropped-images.jpg?fit=512%2C512\",\"width\":512,\"height\":512,\"caption\":\"CENAL\"},\"image\":{\"@id\":\"https:\/\/cenal.gob.ve\/#\/schema\/logo\/image\/\"}},{\"@type\":\"Person\",\"@id\":\"https:\/\/cenal.gob.ve\/#\/schema\/person\/e3ed34623f400ffab8bc7a63b2f5533f\",\"name\":\"Prensa Cenal\",\"image\":{\"@type\":\"ImageObject\",\"inLanguage\":\"es\",\"@id\":\"https:\/\/cenal.gob.ve\/#\/schema\/person\/image\/\",\"url\":\"https:\/\/secure.gravatar.com\/avatar\/594b4ed34090910c619ac3679001d491?s=96&d=mm&r=g\",\"contentUrl\":\"https:\/\/secure.gravatar.com\/avatar\/594b4ed34090910c619ac3679001d491?s=96&d=mm&r=g\",\"caption\":\"Prensa Cenal\"},\"url\":\"https:\/\/cenal.gob.ve\/?author=10\"}]}<\/script>\n<!-- \/ Yoast SEO plugin. -->","yoast_head_json":{"title":"Presentaron Solo de Reynaldo P\u00e9rez S\u00f3 en 17\u00aa Filven Carabobo","robots":{"index":"index","follow":"follow","max-snippet":"max-snippet:-1","max-image-preview":"max-image-preview:large","max-video-preview":"max-video-preview:-1"},"canonical":"https:\/\/cenal.gob.ve\/?p=17585","og_locale":"es_ES","og_type":"article","og_title":"Presentaron Solo de Reynaldo P\u00e9rez S\u00f3 en 17\u00aa Filven Carabobo","og_description":"En el primer d\u00eda de la 17\u00aa Feria Internacional del Libro de Venezuela (Filven), instalada en el Museo de Arte Valencia, se present\u00f3 la compilaci\u00f3n po\u00e9tica Solo del escritor regional [&hellip;]","og_url":"https:\/\/cenal.gob.ve\/?p=17585","og_site_name":"Cenal","article_published_time":"2022-06-09T21:47:09+00:00","article_modified_time":"2022-06-09T21:57:03+00:00","og_image":[{"width":1200,"height":680,"url":"https:\/\/i0.wp.com\/cenal.gob.ve\/wp-content\/uploads\/2022\/06\/1654809989888.jpg?fit=1200%2C680&ssl=1","type":"image\/jpeg"}],"author":"Prensa Cenal","twitter_card":"summary_large_image","twitter_misc":{"Written by":"Prensa Cenal","Est. reading time":"2 minutos"},"schema":{"@context":"https:\/\/schema.org","@graph":[{"@type":"Article","@id":"https:\/\/cenal.gob.ve\/?p=17585#article","isPartOf":{"@id":"https:\/\/cenal.gob.ve\/?p=17585"},"author":{"name":"Prensa Cenal","@id":"https:\/\/cenal.gob.ve\/#\/schema\/person\/e3ed34623f400ffab8bc7a63b2f5533f"},"headline":"Presentaron Solo de Reynaldo P\u00e9rez S\u00f3 en 17\u00aa Filven Carabobo","datePublished":"2022-06-09T21:47:09+00:00","dateModified":"2022-06-09T21:57:03+00:00","mainEntityOfPage":{"@id":"https:\/\/cenal.gob.ve\/?p=17585"},"wordCount":452,"commentCount":0,"publisher":{"@id":"https:\/\/cenal.gob.ve\/#organization"},"articleSection":["Filven"],"inLanguage":"es","potentialAction":[{"@type":"CommentAction","name":"Comment","target":["https:\/\/cenal.gob.ve\/?p=17585#respond"]}]},{"@type":"WebPage","@id":"https:\/\/cenal.gob.ve\/?p=17585","url":"https:\/\/cenal.gob.ve\/?p=17585","name":"Presentaron Solo de Reynaldo P\u00e9rez S\u00f3 en 17\u00aa Filven Carabobo","isPartOf":{"@id":"https:\/\/cenal.gob.ve\/#website"},"datePublished":"2022-06-09T21:47:09+00:00","dateModified":"2022-06-09T21:57:03+00:00","breadcrumb":{"@id":"https:\/\/cenal.gob.ve\/?p=17585#breadcrumb"},"inLanguage":"es","potentialAction":[{"@type":"ReadAction","target":["https:\/\/cenal.gob.ve\/?p=17585"]}]},{"@type":"BreadcrumbList","@id":"https:\/\/cenal.gob.ve\/?p=17585#breadcrumb","itemListElement":[{"@type":"ListItem","position":1,"name":"Home","item":"https:\/\/cenal.gob.ve\/"},{"@type":"ListItem","position":2,"name":"Presentaron Solo de Reynaldo P\u00e9rez S\u00f3 en 17\u00aa Filven Carabobo"}]},{"@type":"WebSite","@id":"https:\/\/cenal.gob.ve\/#website","url":"https:\/\/cenal.gob.ve\/","name":"Cenal","description":"","publisher":{"@id":"https:\/\/cenal.gob.ve\/#organization"},"potentialAction":[{"@type":"SearchAction","target":{"@type":"EntryPoint","urlTemplate":"https:\/\/cenal.gob.ve\/?s={search_term_string}"},"query-input":"required name=search_term_string"}],"inLanguage":"es"},{"@type":"Organization","@id":"https:\/\/cenal.gob.ve\/#organization","name":"CENAL","url":"https:\/\/cenal.gob.ve\/","sameAs":[],"logo":{"@type":"ImageObject","inLanguage":"es","@id":"https:\/\/cenal.gob.ve\/#\/schema\/logo\/image\/","url":"https:\/\/i0.wp.com\/cenal.gob.ve\/wp-content\/uploads\/2022\/10\/cropped-images.jpg?fit=512%2C512","contentUrl":"https:\/\/i0.wp.com\/cenal.gob.ve\/wp-content\/uploads\/2022\/10\/cropped-images.jpg?fit=512%2C512","width":512,"height":512,"caption":"CENAL"},"image":{"@id":"https:\/\/cenal.gob.ve\/#\/schema\/logo\/image\/"}},{"@type":"Person","@id":"https:\/\/cenal.gob.ve\/#\/schema\/person\/e3ed34623f400ffab8bc7a63b2f5533f","name":"Prensa Cenal","image":{"@type":"ImageObject","inLanguage":"es","@id":"https:\/\/cenal.gob.ve\/#\/schema\/person\/image\/","url":"https:\/\/secure.gravatar.com\/avatar\/594b4ed34090910c619ac3679001d491?s=96&d=mm&r=g","contentUrl":"https:\/\/secure.gravatar.com\/avatar\/594b4ed34090910c619ac3679001d491?s=96&d=mm&r=g","caption":"Prensa Cenal"},"url":"https:\/\/cenal.gob.ve\/?author=10"}]}},"jetpack_featured_media_url":"https:\/\/cenal.gob.ve\/wp-content\/uploads\/2022\/06\/1654809989888.jpg","jetpack_publicize_connections":[],"jetpack_shortlink":"https:\/\/wp.me\/p5FMhp-4zD","_links":{"self":[{"href":"https:\/\/cenal.gob.ve\/index.php?rest_route=\/wp\/v2\/posts\/17585"}],"collection":[{"href":"https:\/\/cenal.gob.ve\/index.php?rest_route=\/wp\/v2\/posts"}],"about":[{"href":"https:\/\/cenal.gob.ve\/index.php?rest_route=\/wp\/v2\/types\/post"}],"author":[{"embeddable":true,"href":"https:\/\/cenal.gob.ve\/index.php?rest_route=\/wp\/v2\/users\/10"}],"replies":[{"embeddable":true,"href":"https:\/\/cenal.gob.ve\/index.php?rest_route=%2Fwp%2Fv2%2Fcomments&post=17585"}],"version-history":[{"count":6,"href":"https:\/\/cenal.gob.ve\/index.php?rest_route=\/wp\/v2\/posts\/17585\/revisions"}],"predecessor-version":[{"id":17614,"href":"https:\/\/cenal.gob.ve\/index.php?rest_route=\/wp\/v2\/posts\/17585\/revisions\/17614"}],"wp:featuredmedia":[{"embeddable":true,"href":"https:\/\/cenal.gob.ve\/index.php?rest_route=\/wp\/v2\/media\/17599"}],"wp:attachment":[{"href":"https:\/\/cenal.gob.ve\/index.php?rest_route=%2Fwp%2Fv2%2Fmedia&parent=17585"}],"wp:term":[{"taxonomy":"category","embeddable":true,"href":"https:\/\/cenal.gob.ve\/index.php?rest_route=%2Fwp%2Fv2%2Fcategories&post=17585"},{"taxonomy":"post_tag","embeddable":true,"href":"https:\/\/cenal.gob.ve\/index.php?rest_route=%2Fwp%2Fv2%2Ftags&post=17585"}],"curies":[{"name":"wp","href":"https:\/\/api.w.org\/{rel}","templated":true}]}}