{"id":17591,"date":"2022-06-09T17:29:16","date_gmt":"2022-06-09T21:29:16","guid":{"rendered":"http:\/\/cenal.gob.ve\/?p=17591"},"modified":"2022-06-09T18:05:39","modified_gmt":"2022-06-09T22:05:39","slug":"17a-filven-llego-a-carabobo","status":"publish","type":"post","link":"https:\/\/cenal.gob.ve\/?p=17591","title":{"rendered":"17\u00aa Filven lleg\u00f3 a Carabobo\u00a0"},"content":{"rendered":"\n<p>Este jueves 9 de junio, se instal\u00f3 en Carabobo la 17\u00aa Feria Internacional del Libro de Venezuela (Filven), en el Museo de Arte de Valencia (Muva), bajo el lema Leer independiza y en homenaje al poeta Reynaldo P\u00e9rez S\u00f3.<\/p>\n\n\n\n<p>Tambi\u00e9n la Filven Carabobo abri\u00f3 actividades en otros emblem\u00e1ticos espacios del casco hist\u00f3rico de la ciudad de Valencia, como el Centro Cultural Nelson Mandela, el Centro de Artes Vivas Alexis Mujica (Cavam) y el Museo Casa P\u00e1ez.<\/p>\n\n\n\n<figure class=\"wp-block-image size-large\"><img width=\"1024\" height=\"768\" src=\"http:\/\/cenal.gob.ve\/wp-content\/uploads\/2022\/06\/WhatsApp-Image-2022-06-09-at-3.34.04-PM-1-1024x768.jpeg\" alt=\"\" class=\"wp-image-17602\" srcset=\"https:\/\/cenal.gob.ve\/wp-content\/uploads\/2022\/06\/WhatsApp-Image-2022-06-09-at-3.34.04-PM-1-1024x768.jpeg 1024w, https:\/\/cenal.gob.ve\/wp-content\/uploads\/2022\/06\/WhatsApp-Image-2022-06-09-at-3.34.04-PM-1-300x225.jpeg 300w, https:\/\/cenal.gob.ve\/wp-content\/uploads\/2022\/06\/WhatsApp-Image-2022-06-09-at-3.34.04-PM-1-768x576.jpeg 768w, https:\/\/cenal.gob.ve\/wp-content\/uploads\/2022\/06\/WhatsApp-Image-2022-06-09-at-3.34.04-PM-1.jpeg 1080w\" sizes=\"(max-width: 1024px) 100vw, 1024px\" \/><\/figure>\n\n\n\n<p>El acto inaugural en el Muva cont\u00f3 con la participaci\u00f3n del Ministro del Poder Popular para la Cultura, Ernesto Villegas, quien recorri\u00f3 el recinto ferial en compa\u00f1\u00eda de representantes del Gabinete Estadal de Cultura y del Centro Nacional del Libro (Cenal), y del alcalde del Municipio Valencia Julio Fuenmayor, quienes han trabajado coordinadamente para el logro de esta fiesta literaria.<\/p>\n\n\n\n<figure class=\"wp-block-image size-large\"><img width=\"1024\" height=\"645\" src=\"http:\/\/cenal.gob.ve\/wp-content\/uploads\/2022\/06\/WhatsApp-Image-2022-06-09-at-3.34.19-PM-1024x645.jpeg\" alt=\"\" class=\"wp-image-17600\" srcset=\"https:\/\/cenal.gob.ve\/wp-content\/uploads\/2022\/06\/WhatsApp-Image-2022-06-09-at-3.34.19-PM-1024x645.jpeg 1024w, https:\/\/cenal.gob.ve\/wp-content\/uploads\/2022\/06\/WhatsApp-Image-2022-06-09-at-3.34.19-PM-300x189.jpeg 300w, https:\/\/cenal.gob.ve\/wp-content\/uploads\/2022\/06\/WhatsApp-Image-2022-06-09-at-3.34.19-PM-768x484.jpeg 768w, https:\/\/cenal.gob.ve\/wp-content\/uploads\/2022\/06\/WhatsApp-Image-2022-06-09-at-3.34.19-PM.jpeg 1080w\" sizes=\"(max-width: 1024px) 100vw, 1024px\" \/><\/figure>\n\n\n\n<p>La banda Sinf\u00f3nica 24 de Junio ameniz\u00f3 el acto de instalaci\u00f3n, como antesala de recitales y conciertos que podr\u00e1 disfrutar el p\u00fablico que se acerque, adem\u00e1s de las presentaciones de libros.<\/p>\n\n\n\n<p>Tambi\u00e9n la 17\u00aa Filven Carabobo ofrece, hasta el domingo 12, diversas actividades culturales y de formaci\u00f3n relacionadas con en el teatro y la pintura.<\/p>\n\n\n\n<p>Los ni\u00f1os y ni\u00f1as cuentan con el tradicional pabell\u00f3n infantil, donde Misi\u00f3n Cultura estar\u00e1 presente con actividades como &#8220;Cu\u00e9ntalo t\u00fa&#8221;, entre otras instituciones que compartir\u00e1n con los peque\u00f1os.<\/p>\n\n\n\n<figure class=\"wp-block-image size-large\"><img width=\"1024\" height=\"682\" src=\"http:\/\/cenal.gob.ve\/wp-content\/uploads\/2022\/06\/WhatsApp-Image-2022-06-09-at-3.34.12-PM-1024x682.jpeg\" alt=\"\" class=\"wp-image-17595\" srcset=\"https:\/\/cenal.gob.ve\/wp-content\/uploads\/2022\/06\/WhatsApp-Image-2022-06-09-at-3.34.12-PM-1024x682.jpeg 1024w, https:\/\/cenal.gob.ve\/wp-content\/uploads\/2022\/06\/WhatsApp-Image-2022-06-09-at-3.34.12-PM-300x200.jpeg 300w, https:\/\/cenal.gob.ve\/wp-content\/uploads\/2022\/06\/WhatsApp-Image-2022-06-09-at-3.34.12-PM-768x511.jpeg 768w, https:\/\/cenal.gob.ve\/wp-content\/uploads\/2022\/06\/WhatsApp-Image-2022-06-09-at-3.34.12-PM.jpeg 1080w\" sizes=\"(max-width: 1024px) 100vw, 1024px\" \/><\/figure>\n\n\n\n<p><strong>Solo de Reinaldo P\u00e9rez S\u00f3<\/strong><\/p>\n\n\n\n<p>En este primer d\u00eda se present\u00f3 la compilaci\u00f3n po\u00e9tica <em>Solo<\/em> del escritor regional homenajeado Reynaldo P\u00e9rez S\u00f3, publicada por Monte \u00c1vila, a cargo de Antonio Trujillo y C\u00e9sar Panza.<\/p>\n\n\n\n<p>Tambi\u00e9n se presentaron <em>Me har\u00e9 de aire<\/em>, de Laura Antillano, y <em>Conspiraci\u00f3n en el Mercado<\/em>, de C\u00f3simo Mandrillo, en la sala Mar\u00eda Luisa Escobar.<\/p>\n\n\n\n<p>Igualmente se incluyeron en la programaci\u00f3n la presentaci\u00f3n de <em>El habla del Venezolano<\/em>, de Isabel Rivero de Armas; <em>Ligereza de coraz\u00f3n<\/em>, de Yris Villamizar; <em>Humus<\/em>, de Leonardo Alezones.<\/p>\n\n\n\n<p><strong>Exposiciones<\/strong><\/p>\n\n\n\n<p>El p\u00fablico puede visitar en la sala Luis Eduardo Ch\u00e1vez del Muva las exposiciones Colecci\u00f3n del Museo de Arte Valencia \u2013 FMV y Editoriales del Estado.<\/p>\n\n\n\n<p>Igualmente, el p\u00fablico puede disfrutar de las exposiciones Santiago Pol y la revista Poes\u00eda (colecci\u00f3n Pedro T\u00e9llez) y Editoriales Independientes y UC.<\/p>\n\n\n\n<p>Adem\u00e1s, se inaugur\u00f3 la Exposici\u00f3n Sanjuaneros de Valencia.<\/p>\n\n\n\n<p>En el Centro Mandela tambi\u00e9n se da cabida a una exposici\u00f3n de dibujos infantiles a homenajeados de Filven.<\/p>\n\n\n\n<p>En la Casa P\u00e1ez, los visitantes pueden disfrutar de la exposici\u00f3n de libros antiguos y la presentaci\u00f3n del manuscrito de Francisco Gonz\u00e1lez Guinand.<\/p>\n","protected":false},"excerpt":{"rendered":"<p>Este jueves 9 de junio, se instal\u00f3 en Carabobo la 17\u00aa Feria Internacional del Libro de Venezuela (Filven), en el Museo de Arte de Valencia (Muva), bajo el lema Leer [&hellip;]<\/p>\n","protected":false},"author":10,"featured_media":17593,"comment_status":"open","ping_status":"open","sticky":false,"template":"","format":"standard","meta":{"spay_email":"","jetpack_publicize_message":"","jetpack_is_tweetstorm":false,"jetpack_publicize_feature_enabled":true},"categories":[12],"tags":[],"yoast_head":"<!-- This site is optimized with the Yoast SEO plugin v19.8 - https:\/\/yoast.com\/wordpress\/plugins\/seo\/ -->\n<title>17\u00aa Filven lleg\u00f3 a Carabobo\u00a0<\/title>\n<meta name=\"robots\" content=\"index, follow, max-snippet:-1, max-image-preview:large, max-video-preview:-1\" \/>\n<link rel=\"canonical\" href=\"https:\/\/cenal.gob.ve\/?p=17591\" \/>\n<meta property=\"og:locale\" content=\"es_ES\" \/>\n<meta property=\"og:type\" content=\"article\" \/>\n<meta property=\"og:title\" content=\"17\u00aa Filven lleg\u00f3 a Carabobo\u00a0\" \/>\n<meta property=\"og:description\" content=\"Este jueves 9 de junio, se instal\u00f3 en Carabobo la 17\u00aa Feria Internacional del Libro de Venezuela (Filven), en el Museo de Arte de Valencia (Muva), bajo el lema Leer [&hellip;]\" \/>\n<meta property=\"og:url\" content=\"https:\/\/cenal.gob.ve\/?p=17591\" \/>\n<meta property=\"og:site_name\" content=\"Cenal\" \/>\n<meta property=\"article:published_time\" content=\"2022-06-09T21:29:16+00:00\" \/>\n<meta property=\"article:modified_time\" content=\"2022-06-09T22:05:39+00:00\" \/>\n<meta property=\"og:image\" content=\"https:\/\/i0.wp.com\/cenal.gob.ve\/wp-content\/uploads\/2022\/06\/WhatsApp-Image-2022-06-09-at-3.34.11-PM.jpeg?fit=1080%2C719&ssl=1\" \/>\n\t<meta property=\"og:image:width\" content=\"1080\" \/>\n\t<meta property=\"og:image:height\" content=\"719\" \/>\n\t<meta property=\"og:image:type\" content=\"image\/jpeg\" \/>\n<meta name=\"author\" content=\"Prensa Cenal\" \/>\n<meta name=\"twitter:card\" content=\"summary_large_image\" \/>\n<meta name=\"twitter:label1\" content=\"Written by\" \/>\n\t<meta name=\"twitter:data1\" content=\"Prensa Cenal\" \/>\n\t<meta name=\"twitter:label2\" content=\"Est. reading time\" \/>\n\t<meta name=\"twitter:data2\" content=\"2 minutos\" \/>\n<script type=\"application\/ld+json\" class=\"yoast-schema-graph\">{\"@context\":\"https:\/\/schema.org\",\"@graph\":[{\"@type\":\"Article\",\"@id\":\"https:\/\/cenal.gob.ve\/?p=17591#article\",\"isPartOf\":{\"@id\":\"https:\/\/cenal.gob.ve\/?p=17591\"},\"author\":{\"name\":\"Prensa Cenal\",\"@id\":\"https:\/\/cenal.gob.ve\/#\/schema\/person\/e3ed34623f400ffab8bc7a63b2f5533f\"},\"headline\":\"17\u00aa Filven lleg\u00f3 a Carabobo\u00a0\",\"datePublished\":\"2022-06-09T21:29:16+00:00\",\"dateModified\":\"2022-06-09T22:05:39+00:00\",\"mainEntityOfPage\":{\"@id\":\"https:\/\/cenal.gob.ve\/?p=17591\"},\"wordCount\":449,\"commentCount\":0,\"publisher\":{\"@id\":\"https:\/\/cenal.gob.ve\/#organization\"},\"articleSection\":[\"Filven\"],\"inLanguage\":\"es\",\"potentialAction\":[{\"@type\":\"CommentAction\",\"name\":\"Comment\",\"target\":[\"https:\/\/cenal.gob.ve\/?p=17591#respond\"]}]},{\"@type\":\"WebPage\",\"@id\":\"https:\/\/cenal.gob.ve\/?p=17591\",\"url\":\"https:\/\/cenal.gob.ve\/?p=17591\",\"name\":\"17\u00aa Filven lleg\u00f3 a Carabobo\u00a0\",\"isPartOf\":{\"@id\":\"https:\/\/cenal.gob.ve\/#website\"},\"datePublished\":\"2022-06-09T21:29:16+00:00\",\"dateModified\":\"2022-06-09T22:05:39+00:00\",\"breadcrumb\":{\"@id\":\"https:\/\/cenal.gob.ve\/?p=17591#breadcrumb\"},\"inLanguage\":\"es\",\"potentialAction\":[{\"@type\":\"ReadAction\",\"target\":[\"https:\/\/cenal.gob.ve\/?p=17591\"]}]},{\"@type\":\"BreadcrumbList\",\"@id\":\"https:\/\/cenal.gob.ve\/?p=17591#breadcrumb\",\"itemListElement\":[{\"@type\":\"ListItem\",\"position\":1,\"name\":\"Home\",\"item\":\"https:\/\/cenal.gob.ve\/\"},{\"@type\":\"ListItem\",\"position\":2,\"name\":\"17\u00aa Filven lleg\u00f3 a Carabobo\u00a0\"}]},{\"@type\":\"WebSite\",\"@id\":\"https:\/\/cenal.gob.ve\/#website\",\"url\":\"https:\/\/cenal.gob.ve\/\",\"name\":\"Cenal\",\"description\":\"\",\"publisher\":{\"@id\":\"https:\/\/cenal.gob.ve\/#organization\"},\"potentialAction\":[{\"@type\":\"SearchAction\",\"target\":{\"@type\":\"EntryPoint\",\"urlTemplate\":\"https:\/\/cenal.gob.ve\/?s={search_term_string}\"},\"query-input\":\"required name=search_term_string\"}],\"inLanguage\":\"es\"},{\"@type\":\"Organization\",\"@id\":\"https:\/\/cenal.gob.ve\/#organization\",\"name\":\"CENAL\",\"url\":\"https:\/\/cenal.gob.ve\/\",\"sameAs\":[],\"logo\":{\"@type\":\"ImageObject\",\"inLanguage\":\"es\",\"@id\":\"https:\/\/cenal.gob.ve\/#\/schema\/logo\/image\/\",\"url\":\"https:\/\/i0.wp.com\/cenal.gob.ve\/wp-content\/uploads\/2022\/10\/cropped-images.jpg?fit=512%2C512\",\"contentUrl\":\"https:\/\/i0.wp.com\/cenal.gob.ve\/wp-content\/uploads\/2022\/10\/cropped-images.jpg?fit=512%2C512\",\"width\":512,\"height\":512,\"caption\":\"CENAL\"},\"image\":{\"@id\":\"https:\/\/cenal.gob.ve\/#\/schema\/logo\/image\/\"}},{\"@type\":\"Person\",\"@id\":\"https:\/\/cenal.gob.ve\/#\/schema\/person\/e3ed34623f400ffab8bc7a63b2f5533f\",\"name\":\"Prensa Cenal\",\"image\":{\"@type\":\"ImageObject\",\"inLanguage\":\"es\",\"@id\":\"https:\/\/cenal.gob.ve\/#\/schema\/person\/image\/\",\"url\":\"https:\/\/secure.gravatar.com\/avatar\/594b4ed34090910c619ac3679001d491?s=96&d=mm&r=g\",\"contentUrl\":\"https:\/\/secure.gravatar.com\/avatar\/594b4ed34090910c619ac3679001d491?s=96&d=mm&r=g\",\"caption\":\"Prensa Cenal\"},\"url\":\"https:\/\/cenal.gob.ve\/?author=10\"}]}<\/script>\n<!-- \/ Yoast SEO plugin. -->","yoast_head_json":{"title":"17\u00aa Filven lleg\u00f3 a Carabobo\u00a0","robots":{"index":"index","follow":"follow","max-snippet":"max-snippet:-1","max-image-preview":"max-image-preview:large","max-video-preview":"max-video-preview:-1"},"canonical":"https:\/\/cenal.gob.ve\/?p=17591","og_locale":"es_ES","og_type":"article","og_title":"17\u00aa Filven lleg\u00f3 a Carabobo\u00a0","og_description":"Este jueves 9 de junio, se instal\u00f3 en Carabobo la 17\u00aa Feria Internacional del Libro de Venezuela (Filven), en el Museo de Arte de Valencia (Muva), bajo el lema Leer [&hellip;]","og_url":"https:\/\/cenal.gob.ve\/?p=17591","og_site_name":"Cenal","article_published_time":"2022-06-09T21:29:16+00:00","article_modified_time":"2022-06-09T22:05:39+00:00","og_image":[{"width":1080,"height":719,"url":"https:\/\/i0.wp.com\/cenal.gob.ve\/wp-content\/uploads\/2022\/06\/WhatsApp-Image-2022-06-09-at-3.34.11-PM.jpeg?fit=1080%2C719&ssl=1","type":"image\/jpeg"}],"author":"Prensa Cenal","twitter_card":"summary_large_image","twitter_misc":{"Written by":"Prensa Cenal","Est. reading time":"2 minutos"},"schema":{"@context":"https:\/\/schema.org","@graph":[{"@type":"Article","@id":"https:\/\/cenal.gob.ve\/?p=17591#article","isPartOf":{"@id":"https:\/\/cenal.gob.ve\/?p=17591"},"author":{"name":"Prensa Cenal","@id":"https:\/\/cenal.gob.ve\/#\/schema\/person\/e3ed34623f400ffab8bc7a63b2f5533f"},"headline":"17\u00aa Filven lleg\u00f3 a Carabobo\u00a0","datePublished":"2022-06-09T21:29:16+00:00","dateModified":"2022-06-09T22:05:39+00:00","mainEntityOfPage":{"@id":"https:\/\/cenal.gob.ve\/?p=17591"},"wordCount":449,"commentCount":0,"publisher":{"@id":"https:\/\/cenal.gob.ve\/#organization"},"articleSection":["Filven"],"inLanguage":"es","potentialAction":[{"@type":"CommentAction","name":"Comment","target":["https:\/\/cenal.gob.ve\/?p=17591#respond"]}]},{"@type":"WebPage","@id":"https:\/\/cenal.gob.ve\/?p=17591","url":"https:\/\/cenal.gob.ve\/?p=17591","name":"17\u00aa Filven lleg\u00f3 a Carabobo\u00a0","isPartOf":{"@id":"https:\/\/cenal.gob.ve\/#website"},"datePublished":"2022-06-09T21:29:16+00:00","dateModified":"2022-06-09T22:05:39+00:00","breadcrumb":{"@id":"https:\/\/cenal.gob.ve\/?p=17591#breadcrumb"},"inLanguage":"es","potentialAction":[{"@type":"ReadAction","target":["https:\/\/cenal.gob.ve\/?p=17591"]}]},{"@type":"BreadcrumbList","@id":"https:\/\/cenal.gob.ve\/?p=17591#breadcrumb","itemListElement":[{"@type":"ListItem","position":1,"name":"Home","item":"https:\/\/cenal.gob.ve\/"},{"@type":"ListItem","position":2,"name":"17\u00aa Filven lleg\u00f3 a Carabobo\u00a0"}]},{"@type":"WebSite","@id":"https:\/\/cenal.gob.ve\/#website","url":"https:\/\/cenal.gob.ve\/","name":"Cenal","description":"","publisher":{"@id":"https:\/\/cenal.gob.ve\/#organization"},"potentialAction":[{"@type":"SearchAction","target":{"@type":"EntryPoint","urlTemplate":"https:\/\/cenal.gob.ve\/?s={search_term_string}"},"query-input":"required name=search_term_string"}],"inLanguage":"es"},{"@type":"Organization","@id":"https:\/\/cenal.gob.ve\/#organization","name":"CENAL","url":"https:\/\/cenal.gob.ve\/","sameAs":[],"logo":{"@type":"ImageObject","inLanguage":"es","@id":"https:\/\/cenal.gob.ve\/#\/schema\/logo\/image\/","url":"https:\/\/i0.wp.com\/cenal.gob.ve\/wp-content\/uploads\/2022\/10\/cropped-images.jpg?fit=512%2C512","contentUrl":"https:\/\/i0.wp.com\/cenal.gob.ve\/wp-content\/uploads\/2022\/10\/cropped-images.jpg?fit=512%2C512","width":512,"height":512,"caption":"CENAL"},"image":{"@id":"https:\/\/cenal.gob.ve\/#\/schema\/logo\/image\/"}},{"@type":"Person","@id":"https:\/\/cenal.gob.ve\/#\/schema\/person\/e3ed34623f400ffab8bc7a63b2f5533f","name":"Prensa Cenal","image":{"@type":"ImageObject","inLanguage":"es","@id":"https:\/\/cenal.gob.ve\/#\/schema\/person\/image\/","url":"https:\/\/secure.gravatar.com\/avatar\/594b4ed34090910c619ac3679001d491?s=96&d=mm&r=g","contentUrl":"https:\/\/secure.gravatar.com\/avatar\/594b4ed34090910c619ac3679001d491?s=96&d=mm&r=g","caption":"Prensa Cenal"},"url":"https:\/\/cenal.gob.ve\/?author=10"}]}},"jetpack_featured_media_url":"https:\/\/cenal.gob.ve\/wp-content\/uploads\/2022\/06\/WhatsApp-Image-2022-06-09-at-3.34.11-PM.jpeg","jetpack_publicize_connections":[],"jetpack_shortlink":"https:\/\/wp.me\/p5FMhp-4zJ","_links":{"self":[{"href":"https:\/\/cenal.gob.ve\/index.php?rest_route=\/wp\/v2\/posts\/17591"}],"collection":[{"href":"https:\/\/cenal.gob.ve\/index.php?rest_route=\/wp\/v2\/posts"}],"about":[{"href":"https:\/\/cenal.gob.ve\/index.php?rest_route=\/wp\/v2\/types\/post"}],"author":[{"embeddable":true,"href":"https:\/\/cenal.gob.ve\/index.php?rest_route=\/wp\/v2\/users\/10"}],"replies":[{"embeddable":true,"href":"https:\/\/cenal.gob.ve\/index.php?rest_route=%2Fwp%2Fv2%2Fcomments&post=17591"}],"version-history":[{"count":5,"href":"https:\/\/cenal.gob.ve\/index.php?rest_route=\/wp\/v2\/posts\/17591\/revisions"}],"predecessor-version":[{"id":17615,"href":"https:\/\/cenal.gob.ve\/index.php?rest_route=\/wp\/v2\/posts\/17591\/revisions\/17615"}],"wp:featuredmedia":[{"embeddable":true,"href":"https:\/\/cenal.gob.ve\/index.php?rest_route=\/wp\/v2\/media\/17593"}],"wp:attachment":[{"href":"https:\/\/cenal.gob.ve\/index.php?rest_route=%2Fwp%2Fv2%2Fmedia&parent=17591"}],"wp:term":[{"taxonomy":"category","embeddable":true,"href":"https:\/\/cenal.gob.ve\/index.php?rest_route=%2Fwp%2Fv2%2Fcategories&post=17591"},{"taxonomy":"post_tag","embeddable":true,"href":"https:\/\/cenal.gob.ve\/index.php?rest_route=%2Fwp%2Fv2%2Ftags&post=17591"}],"curies":[{"name":"wp","href":"https:\/\/api.w.org\/{rel}","templated":true}]}}