{"id":17645,"date":"2022-06-10T19:25:17","date_gmt":"2022-06-10T23:25:17","guid":{"rendered":"http:\/\/cenal.gob.ve\/?p=17645"},"modified":"2022-06-10T19:53:45","modified_gmt":"2022-06-10T23:53:45","slug":"comparten-legado-de-nelson-mandela-durante-la-17a-filven-carabobo","status":"publish","type":"post","link":"https:\/\/cenal.gob.ve\/?p=17645","title":{"rendered":"Comparten legado de Nelson Mandela durante la 17\u00aa Filven Carabobo"},"content":{"rendered":"\n<p>El Centro Nelson Mandela de Valencia es uno de los espacios donde tambi\u00e9n se est\u00e1 desarrollando el cap\u00edtulo Carabobo de la 17\u00aa Feria Internacional del Libro de Venezuela (Filven), adem\u00e1s del Museo de Arte Valencia, sede principal de la fiesta literaria. <\/p>\n\n\n\n<p>Se trata de un recinto para las artes y la cultura, inaugurado en marzo pasado, hecho que coincidi\u00f3 con la conmemoraci\u00f3n de los 30 a\u00f1os de la visita del l\u00edder sudafricano a Valencia, cuya lucha contra la discriminaci\u00f3n tambi\u00e9n ha sido inspiraci\u00f3n para la Revoluci\u00f3n Bolivariana. <\/p>\n\n\n\n<p>Mientras el p\u00fablico disfruta de la Filven tambi\u00e9n puede acceder a documentos, obras de arte  y objetos significativos de su vida y su visita a la capital de Carabobo. <\/p>\n\n\n\n<p>Este s\u00e1bado 11, a las 2:00 pm, entre otras actividades, ah\u00ed hablar\u00e1n de &#8220;El decenio internacional de los afrodescendientes 2015-2024&#8221; y &#8220;Presencia de Nelson Mandela en Valencia&#8221;, a cargo de Di\u00f3genes D\u00edaz. <\/p>\n\n\n\n<p><strong>Dibujos de homenajeados<\/strong> <\/p>\n\n\n\n<p>En esta sede de la Filven se puede apreciar, adem\u00e1s, la exposici\u00f3n de dibujos infantiles a homenajeados de la m\u00e1xima fiesta literaria.<\/p>\n\n\n\n<figure class=\"wp-block-image size-large\"><img width=\"1024\" height=\"768\" src=\"http:\/\/cenal.gob.ve\/wp-content\/uploads\/2022\/06\/IMG-20220610-WA0047-1024x768.jpg\" alt=\"\" class=\"wp-image-17648\" srcset=\"https:\/\/cenal.gob.ve\/wp-content\/uploads\/2022\/06\/IMG-20220610-WA0047-1024x768.jpg 1024w, https:\/\/cenal.gob.ve\/wp-content\/uploads\/2022\/06\/IMG-20220610-WA0047-300x225.jpg 300w, https:\/\/cenal.gob.ve\/wp-content\/uploads\/2022\/06\/IMG-20220610-WA0047-768x576.jpg 768w, https:\/\/cenal.gob.ve\/wp-content\/uploads\/2022\/06\/IMG-20220610-WA0047.jpg 1080w\" sizes=\"(max-width: 1024px) 100vw, 1024px\" \/><\/figure>\n\n\n\n<p>Los ni\u00f1os y ni\u00f1as pueden disfrutar de un circuito educativo.<\/p>\n\n\n\n<p>Se est\u00e1n realizando ponencias sobre diversos temas. <\/p>\n\n\n\n<p>Tambi\u00e9n este s\u00e1bado 11, en horas de la ma\u00f1ana, hablar\u00e1n de &#8220;Arte, belleza y educaci\u00f3n para los nuevos tiempos. Hacia una est\u00e9tica revolucionaria&#8221; y sobre &#8220;Intravagancias: el poema de las cosas dichas con el cuerpo&#8221;.<\/p>\n\n\n\n<p>La Filven Carabobo culmina el domingo 12 de junio. Tambi\u00e9n hay actividades hasta ese d\u00eda en la Casa P\u00e1ez y el Centro de Artes Vivas Alexis Mujica. <\/p>\n","protected":false},"excerpt":{"rendered":"<p>El Centro Nelson Mandela de Valencia es uno de los espacios donde tambi\u00e9n se est\u00e1 desarrollando el cap\u00edtulo Carabobo de la 17\u00aa Feria Internacional del Libro de Venezuela (Filven), adem\u00e1s [&hellip;]<\/p>\n","protected":false},"author":10,"featured_media":17646,"comment_status":"open","ping_status":"open","sticky":false,"template":"","format":"standard","meta":{"spay_email":"","jetpack_publicize_message":"","jetpack_is_tweetstorm":false,"jetpack_publicize_feature_enabled":true},"categories":[12],"tags":[],"yoast_head":"<!-- This site is optimized with the Yoast SEO plugin v19.8 - https:\/\/yoast.com\/wordpress\/plugins\/seo\/ -->\n<title>Comparten legado de Nelson Mandela durante la 17\u00aa Filven Carabobo<\/title>\n<meta name=\"robots\" content=\"index, follow, max-snippet:-1, max-image-preview:large, max-video-preview:-1\" \/>\n<link rel=\"canonical\" href=\"https:\/\/cenal.gob.ve\/?p=17645\" \/>\n<meta property=\"og:locale\" content=\"es_ES\" \/>\n<meta property=\"og:type\" content=\"article\" \/>\n<meta property=\"og:title\" content=\"Comparten legado de Nelson Mandela durante la 17\u00aa Filven Carabobo\" \/>\n<meta property=\"og:description\" content=\"El Centro Nelson Mandela de Valencia es uno de los espacios donde tambi\u00e9n se est\u00e1 desarrollando el cap\u00edtulo Carabobo de la 17\u00aa Feria Internacional del Libro de Venezuela (Filven), adem\u00e1s [&hellip;]\" \/>\n<meta property=\"og:url\" content=\"https:\/\/cenal.gob.ve\/?p=17645\" \/>\n<meta property=\"og:site_name\" content=\"Cenal\" \/>\n<meta property=\"article:published_time\" content=\"2022-06-10T23:25:17+00:00\" \/>\n<meta property=\"article:modified_time\" content=\"2022-06-10T23:53:45+00:00\" \/>\n<meta property=\"og:image\" content=\"https:\/\/i0.wp.com\/cenal.gob.ve\/wp-content\/uploads\/2022\/06\/IMG_10062022_190044_1200_x_680_pixel.jpg?fit=1200%2C680&ssl=1\" \/>\n\t<meta property=\"og:image:width\" content=\"1200\" \/>\n\t<meta property=\"og:image:height\" content=\"680\" \/>\n\t<meta property=\"og:image:type\" content=\"image\/jpeg\" \/>\n<meta name=\"author\" content=\"Prensa Cenal\" \/>\n<meta name=\"twitter:card\" content=\"summary_large_image\" \/>\n<meta name=\"twitter:label1\" content=\"Written by\" \/>\n\t<meta name=\"twitter:data1\" content=\"Prensa Cenal\" \/>\n\t<meta name=\"twitter:label2\" content=\"Est. reading time\" \/>\n\t<meta name=\"twitter:data2\" content=\"1 minuto\" \/>\n<script type=\"application\/ld+json\" class=\"yoast-schema-graph\">{\"@context\":\"https:\/\/schema.org\",\"@graph\":[{\"@type\":\"Article\",\"@id\":\"https:\/\/cenal.gob.ve\/?p=17645#article\",\"isPartOf\":{\"@id\":\"https:\/\/cenal.gob.ve\/?p=17645\"},\"author\":{\"name\":\"Prensa Cenal\",\"@id\":\"https:\/\/cenal.gob.ve\/#\/schema\/person\/e3ed34623f400ffab8bc7a63b2f5533f\"},\"headline\":\"Comparten legado de Nelson Mandela durante la 17\u00aa Filven Carabobo\",\"datePublished\":\"2022-06-10T23:25:17+00:00\",\"dateModified\":\"2022-06-10T23:53:45+00:00\",\"mainEntityOfPage\":{\"@id\":\"https:\/\/cenal.gob.ve\/?p=17645\"},\"wordCount\":286,\"commentCount\":0,\"publisher\":{\"@id\":\"https:\/\/cenal.gob.ve\/#organization\"},\"articleSection\":[\"Filven\"],\"inLanguage\":\"es\",\"potentialAction\":[{\"@type\":\"CommentAction\",\"name\":\"Comment\",\"target\":[\"https:\/\/cenal.gob.ve\/?p=17645#respond\"]}]},{\"@type\":\"WebPage\",\"@id\":\"https:\/\/cenal.gob.ve\/?p=17645\",\"url\":\"https:\/\/cenal.gob.ve\/?p=17645\",\"name\":\"Comparten legado de Nelson Mandela durante la 17\u00aa Filven Carabobo\",\"isPartOf\":{\"@id\":\"https:\/\/cenal.gob.ve\/#website\"},\"datePublished\":\"2022-06-10T23:25:17+00:00\",\"dateModified\":\"2022-06-10T23:53:45+00:00\",\"breadcrumb\":{\"@id\":\"https:\/\/cenal.gob.ve\/?p=17645#breadcrumb\"},\"inLanguage\":\"es\",\"potentialAction\":[{\"@type\":\"ReadAction\",\"target\":[\"https:\/\/cenal.gob.ve\/?p=17645\"]}]},{\"@type\":\"BreadcrumbList\",\"@id\":\"https:\/\/cenal.gob.ve\/?p=17645#breadcrumb\",\"itemListElement\":[{\"@type\":\"ListItem\",\"position\":1,\"name\":\"Home\",\"item\":\"https:\/\/cenal.gob.ve\/\"},{\"@type\":\"ListItem\",\"position\":2,\"name\":\"Comparten legado de Nelson Mandela durante la 17\u00aa Filven Carabobo\"}]},{\"@type\":\"WebSite\",\"@id\":\"https:\/\/cenal.gob.ve\/#website\",\"url\":\"https:\/\/cenal.gob.ve\/\",\"name\":\"Cenal\",\"description\":\"\",\"publisher\":{\"@id\":\"https:\/\/cenal.gob.ve\/#organization\"},\"potentialAction\":[{\"@type\":\"SearchAction\",\"target\":{\"@type\":\"EntryPoint\",\"urlTemplate\":\"https:\/\/cenal.gob.ve\/?s={search_term_string}\"},\"query-input\":\"required name=search_term_string\"}],\"inLanguage\":\"es\"},{\"@type\":\"Organization\",\"@id\":\"https:\/\/cenal.gob.ve\/#organization\",\"name\":\"CENAL\",\"url\":\"https:\/\/cenal.gob.ve\/\",\"sameAs\":[],\"logo\":{\"@type\":\"ImageObject\",\"inLanguage\":\"es\",\"@id\":\"https:\/\/cenal.gob.ve\/#\/schema\/logo\/image\/\",\"url\":\"https:\/\/i0.wp.com\/cenal.gob.ve\/wp-content\/uploads\/2022\/10\/cropped-images.jpg?fit=512%2C512\",\"contentUrl\":\"https:\/\/i0.wp.com\/cenal.gob.ve\/wp-content\/uploads\/2022\/10\/cropped-images.jpg?fit=512%2C512\",\"width\":512,\"height\":512,\"caption\":\"CENAL\"},\"image\":{\"@id\":\"https:\/\/cenal.gob.ve\/#\/schema\/logo\/image\/\"}},{\"@type\":\"Person\",\"@id\":\"https:\/\/cenal.gob.ve\/#\/schema\/person\/e3ed34623f400ffab8bc7a63b2f5533f\",\"name\":\"Prensa Cenal\",\"image\":{\"@type\":\"ImageObject\",\"inLanguage\":\"es\",\"@id\":\"https:\/\/cenal.gob.ve\/#\/schema\/person\/image\/\",\"url\":\"https:\/\/secure.gravatar.com\/avatar\/594b4ed34090910c619ac3679001d491?s=96&d=mm&r=g\",\"contentUrl\":\"https:\/\/secure.gravatar.com\/avatar\/594b4ed34090910c619ac3679001d491?s=96&d=mm&r=g\",\"caption\":\"Prensa Cenal\"},\"url\":\"https:\/\/cenal.gob.ve\/?author=10\"}]}<\/script>\n<!-- \/ Yoast SEO plugin. -->","yoast_head_json":{"title":"Comparten legado de Nelson Mandela durante la 17\u00aa Filven Carabobo","robots":{"index":"index","follow":"follow","max-snippet":"max-snippet:-1","max-image-preview":"max-image-preview:large","max-video-preview":"max-video-preview:-1"},"canonical":"https:\/\/cenal.gob.ve\/?p=17645","og_locale":"es_ES","og_type":"article","og_title":"Comparten legado de Nelson Mandela durante la 17\u00aa Filven Carabobo","og_description":"El Centro Nelson Mandela de Valencia es uno de los espacios donde tambi\u00e9n se est\u00e1 desarrollando el cap\u00edtulo Carabobo de la 17\u00aa Feria Internacional del Libro de Venezuela (Filven), adem\u00e1s [&hellip;]","og_url":"https:\/\/cenal.gob.ve\/?p=17645","og_site_name":"Cenal","article_published_time":"2022-06-10T23:25:17+00:00","article_modified_time":"2022-06-10T23:53:45+00:00","og_image":[{"width":1200,"height":680,"url":"https:\/\/i0.wp.com\/cenal.gob.ve\/wp-content\/uploads\/2022\/06\/IMG_10062022_190044_1200_x_680_pixel.jpg?fit=1200%2C680&ssl=1","type":"image\/jpeg"}],"author":"Prensa Cenal","twitter_card":"summary_large_image","twitter_misc":{"Written by":"Prensa Cenal","Est. reading time":"1 minuto"},"schema":{"@context":"https:\/\/schema.org","@graph":[{"@type":"Article","@id":"https:\/\/cenal.gob.ve\/?p=17645#article","isPartOf":{"@id":"https:\/\/cenal.gob.ve\/?p=17645"},"author":{"name":"Prensa Cenal","@id":"https:\/\/cenal.gob.ve\/#\/schema\/person\/e3ed34623f400ffab8bc7a63b2f5533f"},"headline":"Comparten legado de Nelson Mandela durante la 17\u00aa Filven Carabobo","datePublished":"2022-06-10T23:25:17+00:00","dateModified":"2022-06-10T23:53:45+00:00","mainEntityOfPage":{"@id":"https:\/\/cenal.gob.ve\/?p=17645"},"wordCount":286,"commentCount":0,"publisher":{"@id":"https:\/\/cenal.gob.ve\/#organization"},"articleSection":["Filven"],"inLanguage":"es","potentialAction":[{"@type":"CommentAction","name":"Comment","target":["https:\/\/cenal.gob.ve\/?p=17645#respond"]}]},{"@type":"WebPage","@id":"https:\/\/cenal.gob.ve\/?p=17645","url":"https:\/\/cenal.gob.ve\/?p=17645","name":"Comparten legado de Nelson Mandela durante la 17\u00aa Filven Carabobo","isPartOf":{"@id":"https:\/\/cenal.gob.ve\/#website"},"datePublished":"2022-06-10T23:25:17+00:00","dateModified":"2022-06-10T23:53:45+00:00","breadcrumb":{"@id":"https:\/\/cenal.gob.ve\/?p=17645#breadcrumb"},"inLanguage":"es","potentialAction":[{"@type":"ReadAction","target":["https:\/\/cenal.gob.ve\/?p=17645"]}]},{"@type":"BreadcrumbList","@id":"https:\/\/cenal.gob.ve\/?p=17645#breadcrumb","itemListElement":[{"@type":"ListItem","position":1,"name":"Home","item":"https:\/\/cenal.gob.ve\/"},{"@type":"ListItem","position":2,"name":"Comparten legado de Nelson Mandela durante la 17\u00aa Filven Carabobo"}]},{"@type":"WebSite","@id":"https:\/\/cenal.gob.ve\/#website","url":"https:\/\/cenal.gob.ve\/","name":"Cenal","description":"","publisher":{"@id":"https:\/\/cenal.gob.ve\/#organization"},"potentialAction":[{"@type":"SearchAction","target":{"@type":"EntryPoint","urlTemplate":"https:\/\/cenal.gob.ve\/?s={search_term_string}"},"query-input":"required name=search_term_string"}],"inLanguage":"es"},{"@type":"Organization","@id":"https:\/\/cenal.gob.ve\/#organization","name":"CENAL","url":"https:\/\/cenal.gob.ve\/","sameAs":[],"logo":{"@type":"ImageObject","inLanguage":"es","@id":"https:\/\/cenal.gob.ve\/#\/schema\/logo\/image\/","url":"https:\/\/i0.wp.com\/cenal.gob.ve\/wp-content\/uploads\/2022\/10\/cropped-images.jpg?fit=512%2C512","contentUrl":"https:\/\/i0.wp.com\/cenal.gob.ve\/wp-content\/uploads\/2022\/10\/cropped-images.jpg?fit=512%2C512","width":512,"height":512,"caption":"CENAL"},"image":{"@id":"https:\/\/cenal.gob.ve\/#\/schema\/logo\/image\/"}},{"@type":"Person","@id":"https:\/\/cenal.gob.ve\/#\/schema\/person\/e3ed34623f400ffab8bc7a63b2f5533f","name":"Prensa Cenal","image":{"@type":"ImageObject","inLanguage":"es","@id":"https:\/\/cenal.gob.ve\/#\/schema\/person\/image\/","url":"https:\/\/secure.gravatar.com\/avatar\/594b4ed34090910c619ac3679001d491?s=96&d=mm&r=g","contentUrl":"https:\/\/secure.gravatar.com\/avatar\/594b4ed34090910c619ac3679001d491?s=96&d=mm&r=g","caption":"Prensa Cenal"},"url":"https:\/\/cenal.gob.ve\/?author=10"}]}},"jetpack_featured_media_url":"https:\/\/cenal.gob.ve\/wp-content\/uploads\/2022\/06\/IMG_10062022_190044_1200_x_680_pixel.jpg","jetpack_publicize_connections":[],"jetpack_shortlink":"https:\/\/wp.me\/p5FMhp-4AB","_links":{"self":[{"href":"https:\/\/cenal.gob.ve\/index.php?rest_route=\/wp\/v2\/posts\/17645"}],"collection":[{"href":"https:\/\/cenal.gob.ve\/index.php?rest_route=\/wp\/v2\/posts"}],"about":[{"href":"https:\/\/cenal.gob.ve\/index.php?rest_route=\/wp\/v2\/types\/post"}],"author":[{"embeddable":true,"href":"https:\/\/cenal.gob.ve\/index.php?rest_route=\/wp\/v2\/users\/10"}],"replies":[{"embeddable":true,"href":"https:\/\/cenal.gob.ve\/index.php?rest_route=%2Fwp%2Fv2%2Fcomments&post=17645"}],"version-history":[{"count":6,"href":"https:\/\/cenal.gob.ve\/index.php?rest_route=\/wp\/v2\/posts\/17645\/revisions"}],"predecessor-version":[{"id":17667,"href":"https:\/\/cenal.gob.ve\/index.php?rest_route=\/wp\/v2\/posts\/17645\/revisions\/17667"}],"wp:featuredmedia":[{"embeddable":true,"href":"https:\/\/cenal.gob.ve\/index.php?rest_route=\/wp\/v2\/media\/17646"}],"wp:attachment":[{"href":"https:\/\/cenal.gob.ve\/index.php?rest_route=%2Fwp%2Fv2%2Fmedia&parent=17645"}],"wp:term":[{"taxonomy":"category","embeddable":true,"href":"https:\/\/cenal.gob.ve\/index.php?rest_route=%2Fwp%2Fv2%2Fcategories&post=17645"},{"taxonomy":"post_tag","embeddable":true,"href":"https:\/\/cenal.gob.ve\/index.php?rest_route=%2Fwp%2Fv2%2Ftags&post=17645"}],"curies":[{"name":"wp","href":"https:\/\/api.w.org\/{rel}","templated":true}]}}