{"id":17884,"date":"2022-06-16T15:32:44","date_gmt":"2022-06-16T19:32:44","guid":{"rendered":"http:\/\/cenal.gob.ve\/?p=17884"},"modified":"2022-06-17T12:50:36","modified_gmt":"2022-06-17T16:50:36","slug":"instalada-en-lara-la-17a-filven","status":"publish","type":"post","link":"https:\/\/cenal.gob.ve\/?p=17884","title":{"rendered":"Instalada en Lara la 17\u00aa Filven"},"content":{"rendered":"\n<p>Con diversas expresiones culturales y al comp\u00e1s del tradicional tamunangue, este jueves 16 de junio se abrieron las puertas de la 17\u00aa Feria Internacional del Libro de Venezuela (Filven) cap\u00edtulo Lara, en la Biblioteca P\u00fablica P\u00edo Tamayo de Barquisimeto, bajo el lema Leer independiza.<\/p>\n\n\n\n<p>Las autoridades larenses junto al pueblo celebran que la ciudad crepuscular sea capital cultural del pa\u00eds por tres d\u00edas, hasta este 18 de junio, y que la Filven sirva como vitrina para exaltar la historia y memoria colectiva del pueblo a trav\u00e9s de los libros y el arte.<\/p>\n\n\n\n<p>El acto inaugural estuvo encabezado por el gobernador Adolfo Pereira, junto a representantes de la alcald\u00eda del municipio Iribarren, Gabinete Estadal de Cultura y del Centro Nacional del Libro (Cenal).<\/p>\n\n\n\n<figure class=\"wp-block-image size-full\"><img width=\"1024\" height=\"570\" src=\"http:\/\/cenal.gob.ve\/wp-content\/uploads\/2022\/06\/formato-fotos-filven.png\" alt=\"\" class=\"wp-image-17887\" srcset=\"https:\/\/cenal.gob.ve\/wp-content\/uploads\/2022\/06\/formato-fotos-filven.png 1024w, https:\/\/cenal.gob.ve\/wp-content\/uploads\/2022\/06\/formato-fotos-filven-300x167.png 300w, https:\/\/cenal.gob.ve\/wp-content\/uploads\/2022\/06\/formato-fotos-filven-768x428.png 768w\" sizes=\"(max-width: 1024px) 100vw, 1024px\" \/><\/figure>\n\n\n\n<p>Entre las actividades iniciales, la agrupaci\u00f3n teatral infantil Colmenita Bolivariana realiz\u00f3 escenificaciones para rendir un c\u00e1lido homenaje p\u00f3stumo a la escritora regional Carmen Graciela Delgado de Anzola, as\u00ed como al pr\u00f3cer Pedro Le\u00f3n Torres, nacido el 25 de junio de 1788.<\/p>\n\n\n\n<p>El p\u00fablico presente recibi\u00f3 ejemplares del Discurso de Angostura y del Parte de Carabobo, textos centrales del Plan Nacional de Lectura Manuel Vadell que desarrolla el Ministerio del Poder Popular para la Cultura, a trav\u00e9s del Cenal, con el fin de incentivar los c\u00edrculos de lectores en el territorio larense.<\/p>\n\n\n\n<p>Al finalizar el acto de instalaci\u00f3n, las autoridades locales y de cultura recorrieron el recinto ferial, donde se aprecian textos de diversos g\u00e9neros literarios, y tambi\u00e9n se puede disfrutar la amplia gastronom\u00eda y artesan\u00eda propia de la regi\u00f3n.<\/p>\n\n\n\n<p><strong>M\u00e1s de veinte expositores<\/strong><\/p>\n\n\n\n<p>En esta edici\u00f3n participan m\u00e1s de veinte expositores con diversos t\u00edtulos, entre ellos Librer\u00edas del Sur, con los publicados por el Ministerio del Poder Popular para la Cultura a trav\u00e9s de sus editoriales El perro y la rana, Biblioteca Ayacucho y Monte \u00c1vila.<\/p>\n\n\n\n<p>Tambi\u00e9n est\u00e1n presentes otras editoriales p\u00fablicas, privadas e independientes; se pueden hallar publicaciones de Trinchera, Vadell Hermanos, Librer\u00edas JL, Contra Viento y Marea, Editorial Vida Universal y otras.<\/p>\n\n\n\n<p>Los lectores larenses est\u00e1n felices y expresaron su satisfacci\u00f3n, como Antonio Pav\u00f3n, para quien este evento fomenta las manifestaciones art\u00edsticas y literarias.<\/p>\n\n\n\n<p>\u201cEl arte en sus m\u00faltiples representaciones es necesaria para combatir la cultura de la muerte. La Filven alimenta la calidad de vida espiritual\u201d, refiri\u00f3 el barquisimetano.<\/p>\n\n\n\n<p><strong>Programaci\u00f3n hasta el 18 de junio<\/strong><\/p>\n\n\n\n<p>Para este viernes 17 se programaron las presentaciones de los libros <em>Expediente Negro <\/em>de Jos\u00e9 Vicente Rangel y <em>Jos\u00e9 Vicente hoy,<\/em> compilaci\u00f3n de Ana \u00c1valos; <em>Barismo en Casa<\/em>, de Elba Torres; <em>Los nacimientos y de c\u00f3mo el colibr\u00ed obtuvo el verde cobrizo<\/em>, de Graciela Anzola; <em>El siglo de la p\u00f3lvora y otros escritos<\/em>, de Pedro Calzadilla; <em>Cuentos de mi Comarca San Francisco<\/em>, <em>Cuentos para la historia<\/em> y <em>Cuentos de la provincia torrense<\/em>, de Edecio Riera.<\/p>\n\n\n\n<p>Tambi\u00e9n, <em>Producci\u00f3n y consumo comunal de las artes<\/em>, de Anny Anzola; <em>Solo<\/em>, de Reinaldo P\u00e9rez S\u00f3; <em>Los tiempos del yomeacuerdo<\/em>, de Digna A. Luna; y el bautizo de los libros del Sistema Editorial Regional \u201c12 Autores y una sola Pasi\u00f3n\u201d.<\/p>\n\n\n\n<p>Para el s\u00e1bado 18 las actividades continuar\u00e1n con las presentaciones de <em>Estaci\u00f3n del Fin del Mundo<\/em> y <em>Elenco del m\u00e1s all\u00e1,<\/em> de Mariela Garmendia; y de Crist\u00f3bal Jim\u00e9nez <em>Botal\u00f3n de Luna<\/em> y <em>Corr\u00edo Apure\u00f1o.<\/em><\/p>\n\n\n\n<p>Los peque\u00f1os tambi\u00e9n cuentan con el tradicional pabell\u00f3n infantil y entre sus actividades se disponen lecturas libres, talleres, dramatizaciones y t\u00edteres.<\/p>\n","protected":false},"excerpt":{"rendered":"<p>Con diversas expresiones culturales y al comp\u00e1s del tradicional tamunangue, este jueves 16 de junio se abrieron las puertas de la 17\u00aa Feria Internacional del Libro de Venezuela (Filven) cap\u00edtulo [&hellip;]<\/p>\n","protected":false},"author":10,"featured_media":17915,"comment_status":"open","ping_status":"open","sticky":false,"template":"","format":"standard","meta":{"spay_email":"","jetpack_publicize_message":"","jetpack_is_tweetstorm":false,"jetpack_publicize_feature_enabled":true},"categories":[12],"tags":[],"yoast_head":"<!-- This site is optimized with the Yoast SEO plugin v19.8 - https:\/\/yoast.com\/wordpress\/plugins\/seo\/ -->\n<title>Instalada en Lara la 17\u00aa Filven<\/title>\n<meta name=\"robots\" content=\"index, follow, max-snippet:-1, max-image-preview:large, max-video-preview:-1\" \/>\n<link rel=\"canonical\" href=\"https:\/\/cenal.gob.ve\/?p=17884\" \/>\n<meta property=\"og:locale\" content=\"es_ES\" \/>\n<meta property=\"og:type\" content=\"article\" \/>\n<meta property=\"og:title\" content=\"Instalada en Lara la 17\u00aa Filven\" \/>\n<meta property=\"og:description\" content=\"Con diversas expresiones culturales y al comp\u00e1s del tradicional tamunangue, este jueves 16 de junio se abrieron las puertas de la 17\u00aa Feria Internacional del Libro de Venezuela (Filven) cap\u00edtulo [&hellip;]\" \/>\n<meta property=\"og:url\" content=\"https:\/\/cenal.gob.ve\/?p=17884\" \/>\n<meta property=\"og:site_name\" content=\"Cenal\" \/>\n<meta property=\"article:published_time\" content=\"2022-06-16T19:32:44+00:00\" \/>\n<meta property=\"article:modified_time\" content=\"2022-06-17T16:50:36+00:00\" \/>\n<meta property=\"og:image\" content=\"https:\/\/i0.wp.com\/cenal.gob.ve\/wp-content\/uploads\/2022\/06\/formato-fotos-filven1-1.png?fit=1024%2C570&ssl=1\" \/>\n\t<meta property=\"og:image:width\" content=\"1024\" \/>\n\t<meta property=\"og:image:height\" content=\"570\" \/>\n\t<meta property=\"og:image:type\" content=\"image\/png\" \/>\n<meta name=\"author\" content=\"Prensa Cenal\" \/>\n<meta name=\"twitter:card\" content=\"summary_large_image\" \/>\n<meta name=\"twitter:label1\" content=\"Written by\" \/>\n\t<meta name=\"twitter:data1\" content=\"Prensa Cenal\" \/>\n\t<meta name=\"twitter:label2\" content=\"Est. reading time\" \/>\n\t<meta name=\"twitter:data2\" content=\"3 minutos\" \/>\n<script type=\"application\/ld+json\" class=\"yoast-schema-graph\">{\"@context\":\"https:\/\/schema.org\",\"@graph\":[{\"@type\":\"Article\",\"@id\":\"https:\/\/cenal.gob.ve\/?p=17884#article\",\"isPartOf\":{\"@id\":\"https:\/\/cenal.gob.ve\/?p=17884\"},\"author\":{\"name\":\"Prensa Cenal\",\"@id\":\"https:\/\/cenal.gob.ve\/#\/schema\/person\/e3ed34623f400ffab8bc7a63b2f5533f\"},\"headline\":\"Instalada en Lara la 17\u00aa Filven\",\"datePublished\":\"2022-06-16T19:32:44+00:00\",\"dateModified\":\"2022-06-17T16:50:36+00:00\",\"mainEntityOfPage\":{\"@id\":\"https:\/\/cenal.gob.ve\/?p=17884\"},\"wordCount\":604,\"commentCount\":0,\"publisher\":{\"@id\":\"https:\/\/cenal.gob.ve\/#organization\"},\"articleSection\":[\"Filven\"],\"inLanguage\":\"es\",\"potentialAction\":[{\"@type\":\"CommentAction\",\"name\":\"Comment\",\"target\":[\"https:\/\/cenal.gob.ve\/?p=17884#respond\"]}]},{\"@type\":\"WebPage\",\"@id\":\"https:\/\/cenal.gob.ve\/?p=17884\",\"url\":\"https:\/\/cenal.gob.ve\/?p=17884\",\"name\":\"Instalada en Lara la 17\u00aa Filven\",\"isPartOf\":{\"@id\":\"https:\/\/cenal.gob.ve\/#website\"},\"datePublished\":\"2022-06-16T19:32:44+00:00\",\"dateModified\":\"2022-06-17T16:50:36+00:00\",\"breadcrumb\":{\"@id\":\"https:\/\/cenal.gob.ve\/?p=17884#breadcrumb\"},\"inLanguage\":\"es\",\"potentialAction\":[{\"@type\":\"ReadAction\",\"target\":[\"https:\/\/cenal.gob.ve\/?p=17884\"]}]},{\"@type\":\"BreadcrumbList\",\"@id\":\"https:\/\/cenal.gob.ve\/?p=17884#breadcrumb\",\"itemListElement\":[{\"@type\":\"ListItem\",\"position\":1,\"name\":\"Home\",\"item\":\"https:\/\/cenal.gob.ve\/\"},{\"@type\":\"ListItem\",\"position\":2,\"name\":\"Instalada en Lara la 17\u00aa Filven\"}]},{\"@type\":\"WebSite\",\"@id\":\"https:\/\/cenal.gob.ve\/#website\",\"url\":\"https:\/\/cenal.gob.ve\/\",\"name\":\"Cenal\",\"description\":\"\",\"publisher\":{\"@id\":\"https:\/\/cenal.gob.ve\/#organization\"},\"potentialAction\":[{\"@type\":\"SearchAction\",\"target\":{\"@type\":\"EntryPoint\",\"urlTemplate\":\"https:\/\/cenal.gob.ve\/?s={search_term_string}\"},\"query-input\":\"required name=search_term_string\"}],\"inLanguage\":\"es\"},{\"@type\":\"Organization\",\"@id\":\"https:\/\/cenal.gob.ve\/#organization\",\"name\":\"CENAL\",\"url\":\"https:\/\/cenal.gob.ve\/\",\"sameAs\":[],\"logo\":{\"@type\":\"ImageObject\",\"inLanguage\":\"es\",\"@id\":\"https:\/\/cenal.gob.ve\/#\/schema\/logo\/image\/\",\"url\":\"https:\/\/i0.wp.com\/cenal.gob.ve\/wp-content\/uploads\/2022\/10\/cropped-images.jpg?fit=512%2C512\",\"contentUrl\":\"https:\/\/i0.wp.com\/cenal.gob.ve\/wp-content\/uploads\/2022\/10\/cropped-images.jpg?fit=512%2C512\",\"width\":512,\"height\":512,\"caption\":\"CENAL\"},\"image\":{\"@id\":\"https:\/\/cenal.gob.ve\/#\/schema\/logo\/image\/\"}},{\"@type\":\"Person\",\"@id\":\"https:\/\/cenal.gob.ve\/#\/schema\/person\/e3ed34623f400ffab8bc7a63b2f5533f\",\"name\":\"Prensa Cenal\",\"image\":{\"@type\":\"ImageObject\",\"inLanguage\":\"es\",\"@id\":\"https:\/\/cenal.gob.ve\/#\/schema\/person\/image\/\",\"url\":\"https:\/\/secure.gravatar.com\/avatar\/594b4ed34090910c619ac3679001d491?s=96&d=mm&r=g\",\"contentUrl\":\"https:\/\/secure.gravatar.com\/avatar\/594b4ed34090910c619ac3679001d491?s=96&d=mm&r=g\",\"caption\":\"Prensa Cenal\"},\"url\":\"https:\/\/cenal.gob.ve\/?author=10\"}]}<\/script>\n<!-- \/ Yoast SEO plugin. -->","yoast_head_json":{"title":"Instalada en Lara la 17\u00aa Filven","robots":{"index":"index","follow":"follow","max-snippet":"max-snippet:-1","max-image-preview":"max-image-preview:large","max-video-preview":"max-video-preview:-1"},"canonical":"https:\/\/cenal.gob.ve\/?p=17884","og_locale":"es_ES","og_type":"article","og_title":"Instalada en Lara la 17\u00aa Filven","og_description":"Con diversas expresiones culturales y al comp\u00e1s del tradicional tamunangue, este jueves 16 de junio se abrieron las puertas de la 17\u00aa Feria Internacional del Libro de Venezuela (Filven) cap\u00edtulo [&hellip;]","og_url":"https:\/\/cenal.gob.ve\/?p=17884","og_site_name":"Cenal","article_published_time":"2022-06-16T19:32:44+00:00","article_modified_time":"2022-06-17T16:50:36+00:00","og_image":[{"width":1024,"height":570,"url":"https:\/\/i0.wp.com\/cenal.gob.ve\/wp-content\/uploads\/2022\/06\/formato-fotos-filven1-1.png?fit=1024%2C570&ssl=1","type":"image\/png"}],"author":"Prensa Cenal","twitter_card":"summary_large_image","twitter_misc":{"Written by":"Prensa Cenal","Est. reading time":"3 minutos"},"schema":{"@context":"https:\/\/schema.org","@graph":[{"@type":"Article","@id":"https:\/\/cenal.gob.ve\/?p=17884#article","isPartOf":{"@id":"https:\/\/cenal.gob.ve\/?p=17884"},"author":{"name":"Prensa Cenal","@id":"https:\/\/cenal.gob.ve\/#\/schema\/person\/e3ed34623f400ffab8bc7a63b2f5533f"},"headline":"Instalada en Lara la 17\u00aa Filven","datePublished":"2022-06-16T19:32:44+00:00","dateModified":"2022-06-17T16:50:36+00:00","mainEntityOfPage":{"@id":"https:\/\/cenal.gob.ve\/?p=17884"},"wordCount":604,"commentCount":0,"publisher":{"@id":"https:\/\/cenal.gob.ve\/#organization"},"articleSection":["Filven"],"inLanguage":"es","potentialAction":[{"@type":"CommentAction","name":"Comment","target":["https:\/\/cenal.gob.ve\/?p=17884#respond"]}]},{"@type":"WebPage","@id":"https:\/\/cenal.gob.ve\/?p=17884","url":"https:\/\/cenal.gob.ve\/?p=17884","name":"Instalada en Lara la 17\u00aa Filven","isPartOf":{"@id":"https:\/\/cenal.gob.ve\/#website"},"datePublished":"2022-06-16T19:32:44+00:00","dateModified":"2022-06-17T16:50:36+00:00","breadcrumb":{"@id":"https:\/\/cenal.gob.ve\/?p=17884#breadcrumb"},"inLanguage":"es","potentialAction":[{"@type":"ReadAction","target":["https:\/\/cenal.gob.ve\/?p=17884"]}]},{"@type":"BreadcrumbList","@id":"https:\/\/cenal.gob.ve\/?p=17884#breadcrumb","itemListElement":[{"@type":"ListItem","position":1,"name":"Home","item":"https:\/\/cenal.gob.ve\/"},{"@type":"ListItem","position":2,"name":"Instalada en Lara la 17\u00aa Filven"}]},{"@type":"WebSite","@id":"https:\/\/cenal.gob.ve\/#website","url":"https:\/\/cenal.gob.ve\/","name":"Cenal","description":"","publisher":{"@id":"https:\/\/cenal.gob.ve\/#organization"},"potentialAction":[{"@type":"SearchAction","target":{"@type":"EntryPoint","urlTemplate":"https:\/\/cenal.gob.ve\/?s={search_term_string}"},"query-input":"required name=search_term_string"}],"inLanguage":"es"},{"@type":"Organization","@id":"https:\/\/cenal.gob.ve\/#organization","name":"CENAL","url":"https:\/\/cenal.gob.ve\/","sameAs":[],"logo":{"@type":"ImageObject","inLanguage":"es","@id":"https:\/\/cenal.gob.ve\/#\/schema\/logo\/image\/","url":"https:\/\/i0.wp.com\/cenal.gob.ve\/wp-content\/uploads\/2022\/10\/cropped-images.jpg?fit=512%2C512","contentUrl":"https:\/\/i0.wp.com\/cenal.gob.ve\/wp-content\/uploads\/2022\/10\/cropped-images.jpg?fit=512%2C512","width":512,"height":512,"caption":"CENAL"},"image":{"@id":"https:\/\/cenal.gob.ve\/#\/schema\/logo\/image\/"}},{"@type":"Person","@id":"https:\/\/cenal.gob.ve\/#\/schema\/person\/e3ed34623f400ffab8bc7a63b2f5533f","name":"Prensa Cenal","image":{"@type":"ImageObject","inLanguage":"es","@id":"https:\/\/cenal.gob.ve\/#\/schema\/person\/image\/","url":"https:\/\/secure.gravatar.com\/avatar\/594b4ed34090910c619ac3679001d491?s=96&d=mm&r=g","contentUrl":"https:\/\/secure.gravatar.com\/avatar\/594b4ed34090910c619ac3679001d491?s=96&d=mm&r=g","caption":"Prensa Cenal"},"url":"https:\/\/cenal.gob.ve\/?author=10"}]}},"jetpack_featured_media_url":"https:\/\/cenal.gob.ve\/wp-content\/uploads\/2022\/06\/formato-fotos-filven1-1.png","jetpack_publicize_connections":[],"jetpack_shortlink":"https:\/\/wp.me\/p5FMhp-4Es","_links":{"self":[{"href":"https:\/\/cenal.gob.ve\/index.php?rest_route=\/wp\/v2\/posts\/17884"}],"collection":[{"href":"https:\/\/cenal.gob.ve\/index.php?rest_route=\/wp\/v2\/posts"}],"about":[{"href":"https:\/\/cenal.gob.ve\/index.php?rest_route=\/wp\/v2\/types\/post"}],"author":[{"embeddable":true,"href":"https:\/\/cenal.gob.ve\/index.php?rest_route=\/wp\/v2\/users\/10"}],"replies":[{"embeddable":true,"href":"https:\/\/cenal.gob.ve\/index.php?rest_route=%2Fwp%2Fv2%2Fcomments&post=17884"}],"version-history":[{"count":4,"href":"https:\/\/cenal.gob.ve\/index.php?rest_route=\/wp\/v2\/posts\/17884\/revisions"}],"predecessor-version":[{"id":17892,"href":"https:\/\/cenal.gob.ve\/index.php?rest_route=\/wp\/v2\/posts\/17884\/revisions\/17892"}],"wp:featuredmedia":[{"embeddable":true,"href":"https:\/\/cenal.gob.ve\/index.php?rest_route=\/wp\/v2\/media\/17915"}],"wp:attachment":[{"href":"https:\/\/cenal.gob.ve\/index.php?rest_route=%2Fwp%2Fv2%2Fmedia&parent=17884"}],"wp:term":[{"taxonomy":"category","embeddable":true,"href":"https:\/\/cenal.gob.ve\/index.php?rest_route=%2Fwp%2Fv2%2Fcategories&post=17884"},{"taxonomy":"post_tag","embeddable":true,"href":"https:\/\/cenal.gob.ve\/index.php?rest_route=%2Fwp%2Fv2%2Ftags&post=17884"}],"curies":[{"name":"wp","href":"https:\/\/api.w.org\/{rel}","templated":true}]}}