{"id":18160,"date":"2022-07-08T15:50:26","date_gmt":"2022-07-08T19:50:26","guid":{"rendered":"http:\/\/cenal.gob.ve\/?p=18160"},"modified":"2022-07-08T22:32:48","modified_gmt":"2022-07-09T02:32:48","slug":"destacan-obra-de-humberto-mata-durante-17a-filven-delta-amacuro","status":"publish","type":"post","link":"https:\/\/cenal.gob.ve\/?p=18160","title":{"rendered":"Destacan obra de Humberto Mata durante 17\u00aa Filven Delta Amacuro"},"content":{"rendered":"\n<p>Durante el cap\u00edtulo Delta Amacuro de la 17\u00aa Feria Internacional del Libro de Venezuela (Filven), instalada en Tucupita desde el 7 al 9 de julio, se record\u00f3 y celebr\u00f3 la obra del escritor deltano Humberto Mata (Tucupita 1949 &#8211; Caracas 2017).<\/p>\n\n\n\n<p>En el auditorio Oriwakanoko tuvo lugar la ponencia <em>Viaje al coraz\u00f3n<\/em> de Humberto Mata, a cargo de Elis Labrador, por la Fundaci\u00f3n Editorial El Perro y La Rana.<\/p>\n\n\n\n<p>Labrador, editor e investigador, explic\u00f3 que dos elementos que caracterizan parte de la narrativa de este autor son el Delta como una representaci\u00f3n del tiempo: el eterno transcurrir que \u201cdurando se destruye\u201d y la familia como una extensi\u00f3n de su propia humanidad.&nbsp;<\/p>\n\n\n\n<figure class=\"wp-block-image size-large\"><img width=\"1024\" height=\"683\" src=\"http:\/\/cenal.gob.ve\/wp-content\/uploads\/2022\/07\/Elis-Labrador-1024x683.jpg\" alt=\"\" class=\"wp-image-18168\" srcset=\"https:\/\/cenal.gob.ve\/wp-content\/uploads\/2022\/07\/Elis-Labrador-1024x683.jpg 1024w, https:\/\/cenal.gob.ve\/wp-content\/uploads\/2022\/07\/Elis-Labrador-300x200.jpg 300w, https:\/\/cenal.gob.ve\/wp-content\/uploads\/2022\/07\/Elis-Labrador-768x512.jpg 768w, https:\/\/cenal.gob.ve\/wp-content\/uploads\/2022\/07\/Elis-Labrador-640x427.jpg 640w, https:\/\/cenal.gob.ve\/wp-content\/uploads\/2022\/07\/Elis-Labrador.jpg 1080w\" sizes=\"(max-width: 1024px) 100vw, 1024px\" \/><\/figure>\n\n\n\n<p>La infancia plena en el verdor del paisaje, grandes ca\u00f1os donde dormitaban caimanes, inundaciones, entre otros t\u00f3picos, dominan gran parte de las obras literarias de Mata, sostuvo.<\/p>\n\n\n\n<p><strong>El tiempo de Mata<\/strong><\/p>\n\n\n\n<p>Labrador destac\u00f3 que en <em>Im\u00e1genes y conductos <\/em>en 1970, el primer libro de cuentos de Mata, ya se reconoc\u00eda el valor literario de estos relatos a juzgar por comentarios de Juan Liscano y Orlando Araujo.<\/p>\n\n\n\n<figure class=\"wp-block-image size-large\"><img width=\"1024\" height=\"768\" src=\"http:\/\/cenal.gob.ve\/wp-content\/uploads\/2022\/07\/Elis-Labrador1-1024x768.jpg\" alt=\"\" class=\"wp-image-18169\" srcset=\"https:\/\/cenal.gob.ve\/wp-content\/uploads\/2022\/07\/Elis-Labrador1-1024x768.jpg 1024w, https:\/\/cenal.gob.ve\/wp-content\/uploads\/2022\/07\/Elis-Labrador1-300x225.jpg 300w, https:\/\/cenal.gob.ve\/wp-content\/uploads\/2022\/07\/Elis-Labrador1-768x576.jpg 768w, https:\/\/cenal.gob.ve\/wp-content\/uploads\/2022\/07\/Elis-Labrador1-640x480.jpg 640w, https:\/\/cenal.gob.ve\/wp-content\/uploads\/2022\/07\/Elis-Labrador1.jpg 1080w\" sizes=\"(max-width: 1024px) 100vw, 1024px\" \/><\/figure>\n\n\n\n<p>En una primera lectura, sostiene Labrador, estos relatos advierten de ciertas obsesiones, como el eterno transcurrir del tiempo o la constante perspectiva de los personajes que ondulan entre la reflexi\u00f3n, y, adem\u00e1s, se\u00f1ala que el Delta deja de ser un referente geogr\u00e1fico y misterioso para integrarse de una forma simb\u00f3lica al imaginario del autor.&nbsp;<\/p>\n\n\n\n<p>Las preocupaciones de Mata no estar\u00edan aisladas, pues, de acuerdo con el editor de El perro y la rana, para quienes revisen <em>Im\u00e1genes y conductos<\/em> (1970) hasta Una colina de hojas que respira (2017) encontrar\u00e1n una misma l\u00ednea que se diversifica constantemente con recursos que solo la literatura permite recrear.&nbsp;<\/p>\n\n\n\n<p>\u201cEl problema de Humberto Mata es el mismo que el de Her\u00e1clito, Elliot y Borges, es el tiempo: entiende que todo gesto, palabra o emoci\u00f3n ya ha sido dicha, o sentida anteriormente, que nuestra existencia es el reflejo presencial de un tiempo medible y eterno, idea plat\u00f3nica que transcurre con la imagen del propio Delta\u201d, indic\u00f3.<\/p>\n\n\n\n<p><strong>Libros de Mata en la Filven<\/strong><\/p>\n\n\n\n<p><em>El otro Delta<\/em>, publicado por Monte \u00c1vila Editores (2017), que es una antolog\u00eda homenaje, y <em>Boquer\u00f3n y otros relatos<\/em> (2002) y <em>Pie de P\u00e1gina<\/em> (2007), editados por la Fundaci\u00f3n Editorial El Perro y La Rana, son algunas de las obras compartidas en la Filven Delta Amacuro, y pueden hallarse en Librer\u00edas del Sur.<\/p>\n\n\n\n<figure class=\"wp-block-image size-large\"><img width=\"1024\" height=\"768\" src=\"http:\/\/cenal.gob.ve\/wp-content\/uploads\/2022\/07\/IMG-20220708-WA0017-1024x768.jpg\" alt=\"\" class=\"wp-image-18170\" srcset=\"https:\/\/cenal.gob.ve\/wp-content\/uploads\/2022\/07\/IMG-20220708-WA0017-1024x768.jpg 1024w, https:\/\/cenal.gob.ve\/wp-content\/uploads\/2022\/07\/IMG-20220708-WA0017-300x225.jpg 300w, https:\/\/cenal.gob.ve\/wp-content\/uploads\/2022\/07\/IMG-20220708-WA0017-768x576.jpg 768w, https:\/\/cenal.gob.ve\/wp-content\/uploads\/2022\/07\/IMG-20220708-WA0017-640x480.jpg 640w, https:\/\/cenal.gob.ve\/wp-content\/uploads\/2022\/07\/IMG-20220708-WA0017.jpg 1080w\" sizes=\"(max-width: 1024px) 100vw, 1024px\" \/><\/figure>\n\n\n\n<p>Humberto Mata fue&nbsp;narrador, ensayista y cr\u00edtico de arte, colaborador en numerosas p\u00e1ginas literarias y de cr\u00f3nicas de peri\u00f3dicos venezolanos; fue presidente de la Fundaci\u00f3n Biblioteca Ayacucho y miembro fundador de la Galer\u00eda de Arte Nacional.&nbsp;<\/p>\n\n\n\n<p>Conforman tambi\u00e9n parte de sus obras en el g\u00e9nero narrativa: <em>Revelaciones a una dama que teje<\/em>, Monte \u00c1vila Editores (2007);&nbsp;<em>Im\u00e1genes y Conductos<\/em> (1970), su primer libro, un compendio de cuentos; <em>Pieles de leopardo<\/em> (1978), <em>Luces<\/em> (1983), <em>Toro-Toro<\/em> (1991) y <em>La mujer emplumada<\/em> (2016), reeditada p\u00f3stumamente como Una colina de hojas que respira (2017), t\u00edtulo ganador &nbsp;en la categor\u00eda Mejor libro del X Premio Nacional del Libro 2016-2017.<\/p>\n\n\n\n<p><strong>Encuentros en Filven<\/strong><\/p>\n\n\n\n<p>Por otra parte, la jornada literaria de este viernes incluy\u00f3 el conversatorio de Rafael Lugo sobre el origen de los ancestros Warao.<\/p>\n\n\n\n<figure class=\"wp-block-image size-large\"><img width=\"1024\" height=\"722\" src=\"http:\/\/cenal.gob.ve\/wp-content\/uploads\/2022\/07\/IMG-20220708-WA0061-1-1024x722.jpg\" alt=\"\" class=\"wp-image-18182\" srcset=\"https:\/\/cenal.gob.ve\/wp-content\/uploads\/2022\/07\/IMG-20220708-WA0061-1-1024x722.jpg 1024w, https:\/\/cenal.gob.ve\/wp-content\/uploads\/2022\/07\/IMG-20220708-WA0061-1-300x211.jpg 300w, https:\/\/cenal.gob.ve\/wp-content\/uploads\/2022\/07\/IMG-20220708-WA0061-1-768x541.jpg 768w, https:\/\/cenal.gob.ve\/wp-content\/uploads\/2022\/07\/IMG-20220708-WA0061-1-640x451.jpg 640w, https:\/\/cenal.gob.ve\/wp-content\/uploads\/2022\/07\/IMG-20220708-WA0061-1.jpg 1080w\" sizes=\"(max-width: 1024px) 100vw, 1024px\" \/><\/figure>\n\n\n\n<figure class=\"wp-block-image size-large\"><img width=\"1024\" height=\"683\" src=\"http:\/\/cenal.gob.ve\/wp-content\/uploads\/2022\/07\/IMG-20220708-WA0048-1-1024x683.jpg\" alt=\"\" class=\"wp-image-18183\" srcset=\"https:\/\/cenal.gob.ve\/wp-content\/uploads\/2022\/07\/IMG-20220708-WA0048-1-1024x683.jpg 1024w, https:\/\/cenal.gob.ve\/wp-content\/uploads\/2022\/07\/IMG-20220708-WA0048-1-300x200.jpg 300w, https:\/\/cenal.gob.ve\/wp-content\/uploads\/2022\/07\/IMG-20220708-WA0048-1-768x512.jpg 768w, https:\/\/cenal.gob.ve\/wp-content\/uploads\/2022\/07\/IMG-20220708-WA0048-1-640x427.jpg 640w, https:\/\/cenal.gob.ve\/wp-content\/uploads\/2022\/07\/IMG-20220708-WA0048-1.jpg 1080w\" sizes=\"(max-width: 1024px) 100vw, 1024px\" \/><\/figure>\n\n\n\n<p>Adem\u00e1s, la poeta Ismari Marcano ofreci\u00f3 un conversatorio titulado El hecho po\u00e9tico, en el que disert\u00f3 acerca de los tipos de poes\u00eda, como la cl\u00e1sica, el verso libre y la prosa po\u00e9tica.<\/p>\n\n\n\n<p>Tony Tong, poeta y pintor, abord\u00f3 la historia de la Diosa Kaya, a prop\u00f3sito del acercamiento en esta Filven a las obras indigenistas.&nbsp;<\/p>\n\n\n\n<figure class=\"wp-block-image size-large\"><img width=\"1024\" height=\"906\" src=\"http:\/\/cenal.gob.ve\/wp-content\/uploads\/2022\/07\/IMG-20220708-WA0047-1-1024x906.jpg\" alt=\"\" class=\"wp-image-18181\" srcset=\"https:\/\/cenal.gob.ve\/wp-content\/uploads\/2022\/07\/IMG-20220708-WA0047-1-1024x906.jpg 1024w, https:\/\/cenal.gob.ve\/wp-content\/uploads\/2022\/07\/IMG-20220708-WA0047-1-300x266.jpg 300w, https:\/\/cenal.gob.ve\/wp-content\/uploads\/2022\/07\/IMG-20220708-WA0047-1-768x680.jpg 768w, https:\/\/cenal.gob.ve\/wp-content\/uploads\/2022\/07\/IMG-20220708-WA0047-1-640x567.jpg 640w, https:\/\/cenal.gob.ve\/wp-content\/uploads\/2022\/07\/IMG-20220708-WA0047-1.jpg 1080w\" sizes=\"(max-width: 1024px) 100vw, 1024px\" \/><\/figure>\n\n\n\n<p>El escritor invitado Miguel Barreto Mendoza tambi\u00e9n tuvo una participaci\u00f3n con la presentaci\u00f3n del libro de Earle Herrera <em>Cien veces Ch\u00e1vez<\/em>, y el reconocido ensayista Celso Medina present\u00f3 los libros <em>Conspiraci\u00f3n en el<\/em> <em>mercado<\/em> y <em>Los poemas de Sa\u2019awa <\/em>de C\u00f3simo Mandrillo.<\/p>\n\n\n\n<p>Hubo cantos y m\u00fasica para amenizar el ambiente y tambi\u00e9n los ni\u00f1os y ni\u00f1as disfrutaron en el Liceo Bolivariano N\u00e9stor Luis P\u00e9rez de actividades art\u00edsticas.<\/p>\n\n\n\n<figure class=\"wp-block-image size-large\"><img width=\"1024\" height=\"683\" src=\"http:\/\/cenal.gob.ve\/wp-content\/uploads\/2022\/07\/IMG-20220708-WA0044-1-1024x683.jpg\" alt=\"\" class=\"wp-image-18180\" srcset=\"https:\/\/cenal.gob.ve\/wp-content\/uploads\/2022\/07\/IMG-20220708-WA0044-1-1024x683.jpg 1024w, https:\/\/cenal.gob.ve\/wp-content\/uploads\/2022\/07\/IMG-20220708-WA0044-1-300x200.jpg 300w, https:\/\/cenal.gob.ve\/wp-content\/uploads\/2022\/07\/IMG-20220708-WA0044-1-768x512.jpg 768w, https:\/\/cenal.gob.ve\/wp-content\/uploads\/2022\/07\/IMG-20220708-WA0044-1-640x427.jpg 640w, https:\/\/cenal.gob.ve\/wp-content\/uploads\/2022\/07\/IMG-20220708-WA0044-1.jpg 1080w\" sizes=\"(max-width: 1024px) 100vw, 1024px\" \/><\/figure>\n","protected":false},"excerpt":{"rendered":"<p>Durante el cap\u00edtulo Delta Amacuro de la 17\u00aa Feria Internacional del Libro de Venezuela (Filven), instalada en Tucupita desde el 7 al 9 de julio, se record\u00f3 y celebr\u00f3 la [&hellip;]<\/p>\n","protected":false},"author":10,"featured_media":18166,"comment_status":"open","ping_status":"closed","sticky":false,"template":"","format":"standard","meta":{"spay_email":"","jetpack_publicize_message":"","jetpack_is_tweetstorm":false,"jetpack_publicize_feature_enabled":true},"categories":[12],"tags":[],"yoast_head":"<!-- This site is optimized with the Yoast SEO plugin v19.8 - https:\/\/yoast.com\/wordpress\/plugins\/seo\/ -->\n<title>Destacan obra de Humberto Mata durante 17\u00aa Filven Delta Amacuro<\/title>\n<meta name=\"robots\" content=\"index, follow, max-snippet:-1, max-image-preview:large, max-video-preview:-1\" \/>\n<link rel=\"canonical\" href=\"https:\/\/cenal.gob.ve\/?p=18160\" \/>\n<meta property=\"og:locale\" content=\"es_ES\" \/>\n<meta property=\"og:type\" content=\"article\" \/>\n<meta property=\"og:title\" content=\"Destacan obra de Humberto Mata durante 17\u00aa Filven Delta Amacuro\" \/>\n<meta property=\"og:description\" content=\"Durante el cap\u00edtulo Delta Amacuro de la 17\u00aa Feria Internacional del Libro de Venezuela (Filven), instalada en Tucupita desde el 7 al 9 de julio, se record\u00f3 y celebr\u00f3 la [&hellip;]\" \/>\n<meta property=\"og:url\" content=\"https:\/\/cenal.gob.ve\/?p=18160\" \/>\n<meta property=\"og:site_name\" content=\"Cenal\" \/>\n<meta property=\"article:published_time\" content=\"2022-07-08T19:50:26+00:00\" \/>\n<meta property=\"article:modified_time\" content=\"2022-07-09T02:32:48+00:00\" \/>\n<meta property=\"og:image\" content=\"https:\/\/i0.wp.com\/cenal.gob.ve\/wp-content\/uploads\/2022\/07\/Destacan-obra-de-Humberto-Mata-durante-17a-Filven-.jpg?fit=1080%2C720&ssl=1\" \/>\n\t<meta property=\"og:image:width\" content=\"1080\" \/>\n\t<meta property=\"og:image:height\" content=\"720\" \/>\n\t<meta property=\"og:image:type\" content=\"image\/jpeg\" \/>\n<meta name=\"author\" content=\"Prensa Cenal\" \/>\n<meta name=\"twitter:card\" content=\"summary_large_image\" \/>\n<meta name=\"twitter:label1\" content=\"Written by\" \/>\n\t<meta name=\"twitter:data1\" content=\"Prensa Cenal\" \/>\n\t<meta name=\"twitter:label2\" content=\"Est. reading time\" \/>\n\t<meta name=\"twitter:data2\" content=\"3 minutos\" \/>\n<script type=\"application\/ld+json\" class=\"yoast-schema-graph\">{\"@context\":\"https:\/\/schema.org\",\"@graph\":[{\"@type\":\"Article\",\"@id\":\"https:\/\/cenal.gob.ve\/?p=18160#article\",\"isPartOf\":{\"@id\":\"https:\/\/cenal.gob.ve\/?p=18160\"},\"author\":{\"name\":\"Prensa Cenal\",\"@id\":\"https:\/\/cenal.gob.ve\/#\/schema\/person\/e3ed34623f400ffab8bc7a63b2f5533f\"},\"headline\":\"Destacan obra de Humberto Mata durante 17\u00aa Filven Delta Amacuro\",\"datePublished\":\"2022-07-08T19:50:26+00:00\",\"dateModified\":\"2022-07-09T02:32:48+00:00\",\"mainEntityOfPage\":{\"@id\":\"https:\/\/cenal.gob.ve\/?p=18160\"},\"wordCount\":704,\"commentCount\":0,\"publisher\":{\"@id\":\"https:\/\/cenal.gob.ve\/#organization\"},\"articleSection\":[\"Filven\"],\"inLanguage\":\"es\",\"potentialAction\":[{\"@type\":\"CommentAction\",\"name\":\"Comment\",\"target\":[\"https:\/\/cenal.gob.ve\/?p=18160#respond\"]}]},{\"@type\":\"WebPage\",\"@id\":\"https:\/\/cenal.gob.ve\/?p=18160\",\"url\":\"https:\/\/cenal.gob.ve\/?p=18160\",\"name\":\"Destacan obra de Humberto Mata durante 17\u00aa Filven Delta Amacuro\",\"isPartOf\":{\"@id\":\"https:\/\/cenal.gob.ve\/#website\"},\"datePublished\":\"2022-07-08T19:50:26+00:00\",\"dateModified\":\"2022-07-09T02:32:48+00:00\",\"breadcrumb\":{\"@id\":\"https:\/\/cenal.gob.ve\/?p=18160#breadcrumb\"},\"inLanguage\":\"es\",\"potentialAction\":[{\"@type\":\"ReadAction\",\"target\":[\"https:\/\/cenal.gob.ve\/?p=18160\"]}]},{\"@type\":\"BreadcrumbList\",\"@id\":\"https:\/\/cenal.gob.ve\/?p=18160#breadcrumb\",\"itemListElement\":[{\"@type\":\"ListItem\",\"position\":1,\"name\":\"Home\",\"item\":\"https:\/\/cenal.gob.ve\/\"},{\"@type\":\"ListItem\",\"position\":2,\"name\":\"Destacan obra de Humberto Mata durante 17\u00aa Filven Delta Amacuro\"}]},{\"@type\":\"WebSite\",\"@id\":\"https:\/\/cenal.gob.ve\/#website\",\"url\":\"https:\/\/cenal.gob.ve\/\",\"name\":\"Cenal\",\"description\":\"\",\"publisher\":{\"@id\":\"https:\/\/cenal.gob.ve\/#organization\"},\"potentialAction\":[{\"@type\":\"SearchAction\",\"target\":{\"@type\":\"EntryPoint\",\"urlTemplate\":\"https:\/\/cenal.gob.ve\/?s={search_term_string}\"},\"query-input\":\"required name=search_term_string\"}],\"inLanguage\":\"es\"},{\"@type\":\"Organization\",\"@id\":\"https:\/\/cenal.gob.ve\/#organization\",\"name\":\"CENAL\",\"url\":\"https:\/\/cenal.gob.ve\/\",\"sameAs\":[],\"logo\":{\"@type\":\"ImageObject\",\"inLanguage\":\"es\",\"@id\":\"https:\/\/cenal.gob.ve\/#\/schema\/logo\/image\/\",\"url\":\"https:\/\/i0.wp.com\/cenal.gob.ve\/wp-content\/uploads\/2022\/10\/cropped-images.jpg?fit=512%2C512\",\"contentUrl\":\"https:\/\/i0.wp.com\/cenal.gob.ve\/wp-content\/uploads\/2022\/10\/cropped-images.jpg?fit=512%2C512\",\"width\":512,\"height\":512,\"caption\":\"CENAL\"},\"image\":{\"@id\":\"https:\/\/cenal.gob.ve\/#\/schema\/logo\/image\/\"}},{\"@type\":\"Person\",\"@id\":\"https:\/\/cenal.gob.ve\/#\/schema\/person\/e3ed34623f400ffab8bc7a63b2f5533f\",\"name\":\"Prensa Cenal\",\"image\":{\"@type\":\"ImageObject\",\"inLanguage\":\"es\",\"@id\":\"https:\/\/cenal.gob.ve\/#\/schema\/person\/image\/\",\"url\":\"https:\/\/secure.gravatar.com\/avatar\/594b4ed34090910c619ac3679001d491?s=96&d=mm&r=g\",\"contentUrl\":\"https:\/\/secure.gravatar.com\/avatar\/594b4ed34090910c619ac3679001d491?s=96&d=mm&r=g\",\"caption\":\"Prensa Cenal\"},\"url\":\"https:\/\/cenal.gob.ve\/?author=10\"}]}<\/script>\n<!-- \/ Yoast SEO plugin. -->","yoast_head_json":{"title":"Destacan obra de Humberto Mata durante 17\u00aa Filven Delta Amacuro","robots":{"index":"index","follow":"follow","max-snippet":"max-snippet:-1","max-image-preview":"max-image-preview:large","max-video-preview":"max-video-preview:-1"},"canonical":"https:\/\/cenal.gob.ve\/?p=18160","og_locale":"es_ES","og_type":"article","og_title":"Destacan obra de Humberto Mata durante 17\u00aa Filven Delta Amacuro","og_description":"Durante el cap\u00edtulo Delta Amacuro de la 17\u00aa Feria Internacional del Libro de Venezuela (Filven), instalada en Tucupita desde el 7 al 9 de julio, se record\u00f3 y celebr\u00f3 la [&hellip;]","og_url":"https:\/\/cenal.gob.ve\/?p=18160","og_site_name":"Cenal","article_published_time":"2022-07-08T19:50:26+00:00","article_modified_time":"2022-07-09T02:32:48+00:00","og_image":[{"width":1080,"height":720,"url":"https:\/\/i0.wp.com\/cenal.gob.ve\/wp-content\/uploads\/2022\/07\/Destacan-obra-de-Humberto-Mata-durante-17a-Filven-.jpg?fit=1080%2C720&ssl=1","type":"image\/jpeg"}],"author":"Prensa Cenal","twitter_card":"summary_large_image","twitter_misc":{"Written by":"Prensa Cenal","Est. reading time":"3 minutos"},"schema":{"@context":"https:\/\/schema.org","@graph":[{"@type":"Article","@id":"https:\/\/cenal.gob.ve\/?p=18160#article","isPartOf":{"@id":"https:\/\/cenal.gob.ve\/?p=18160"},"author":{"name":"Prensa Cenal","@id":"https:\/\/cenal.gob.ve\/#\/schema\/person\/e3ed34623f400ffab8bc7a63b2f5533f"},"headline":"Destacan obra de Humberto Mata durante 17\u00aa Filven Delta Amacuro","datePublished":"2022-07-08T19:50:26+00:00","dateModified":"2022-07-09T02:32:48+00:00","mainEntityOfPage":{"@id":"https:\/\/cenal.gob.ve\/?p=18160"},"wordCount":704,"commentCount":0,"publisher":{"@id":"https:\/\/cenal.gob.ve\/#organization"},"articleSection":["Filven"],"inLanguage":"es","potentialAction":[{"@type":"CommentAction","name":"Comment","target":["https:\/\/cenal.gob.ve\/?p=18160#respond"]}]},{"@type":"WebPage","@id":"https:\/\/cenal.gob.ve\/?p=18160","url":"https:\/\/cenal.gob.ve\/?p=18160","name":"Destacan obra de Humberto Mata durante 17\u00aa Filven Delta Amacuro","isPartOf":{"@id":"https:\/\/cenal.gob.ve\/#website"},"datePublished":"2022-07-08T19:50:26+00:00","dateModified":"2022-07-09T02:32:48+00:00","breadcrumb":{"@id":"https:\/\/cenal.gob.ve\/?p=18160#breadcrumb"},"inLanguage":"es","potentialAction":[{"@type":"ReadAction","target":["https:\/\/cenal.gob.ve\/?p=18160"]}]},{"@type":"BreadcrumbList","@id":"https:\/\/cenal.gob.ve\/?p=18160#breadcrumb","itemListElement":[{"@type":"ListItem","position":1,"name":"Home","item":"https:\/\/cenal.gob.ve\/"},{"@type":"ListItem","position":2,"name":"Destacan obra de Humberto Mata durante 17\u00aa Filven Delta Amacuro"}]},{"@type":"WebSite","@id":"https:\/\/cenal.gob.ve\/#website","url":"https:\/\/cenal.gob.ve\/","name":"Cenal","description":"","publisher":{"@id":"https:\/\/cenal.gob.ve\/#organization"},"potentialAction":[{"@type":"SearchAction","target":{"@type":"EntryPoint","urlTemplate":"https:\/\/cenal.gob.ve\/?s={search_term_string}"},"query-input":"required name=search_term_string"}],"inLanguage":"es"},{"@type":"Organization","@id":"https:\/\/cenal.gob.ve\/#organization","name":"CENAL","url":"https:\/\/cenal.gob.ve\/","sameAs":[],"logo":{"@type":"ImageObject","inLanguage":"es","@id":"https:\/\/cenal.gob.ve\/#\/schema\/logo\/image\/","url":"https:\/\/i0.wp.com\/cenal.gob.ve\/wp-content\/uploads\/2022\/10\/cropped-images.jpg?fit=512%2C512","contentUrl":"https:\/\/i0.wp.com\/cenal.gob.ve\/wp-content\/uploads\/2022\/10\/cropped-images.jpg?fit=512%2C512","width":512,"height":512,"caption":"CENAL"},"image":{"@id":"https:\/\/cenal.gob.ve\/#\/schema\/logo\/image\/"}},{"@type":"Person","@id":"https:\/\/cenal.gob.ve\/#\/schema\/person\/e3ed34623f400ffab8bc7a63b2f5533f","name":"Prensa Cenal","image":{"@type":"ImageObject","inLanguage":"es","@id":"https:\/\/cenal.gob.ve\/#\/schema\/person\/image\/","url":"https:\/\/secure.gravatar.com\/avatar\/594b4ed34090910c619ac3679001d491?s=96&d=mm&r=g","contentUrl":"https:\/\/secure.gravatar.com\/avatar\/594b4ed34090910c619ac3679001d491?s=96&d=mm&r=g","caption":"Prensa Cenal"},"url":"https:\/\/cenal.gob.ve\/?author=10"}]}},"jetpack_featured_media_url":"https:\/\/cenal.gob.ve\/wp-content\/uploads\/2022\/07\/Destacan-obra-de-Humberto-Mata-durante-17a-Filven-.jpg","jetpack_publicize_connections":[],"jetpack_shortlink":"https:\/\/wp.me\/p5FMhp-4IU","_links":{"self":[{"href":"https:\/\/cenal.gob.ve\/index.php?rest_route=\/wp\/v2\/posts\/18160"}],"collection":[{"href":"https:\/\/cenal.gob.ve\/index.php?rest_route=\/wp\/v2\/posts"}],"about":[{"href":"https:\/\/cenal.gob.ve\/index.php?rest_route=\/wp\/v2\/types\/post"}],"author":[{"embeddable":true,"href":"https:\/\/cenal.gob.ve\/index.php?rest_route=\/wp\/v2\/users\/10"}],"replies":[{"embeddable":true,"href":"https:\/\/cenal.gob.ve\/index.php?rest_route=%2Fwp%2Fv2%2Fcomments&post=18160"}],"version-history":[{"count":6,"href":"https:\/\/cenal.gob.ve\/index.php?rest_route=\/wp\/v2\/posts\/18160\/revisions"}],"predecessor-version":[{"id":18185,"href":"https:\/\/cenal.gob.ve\/index.php?rest_route=\/wp\/v2\/posts\/18160\/revisions\/18185"}],"wp:featuredmedia":[{"embeddable":true,"href":"https:\/\/cenal.gob.ve\/index.php?rest_route=\/wp\/v2\/media\/18166"}],"wp:attachment":[{"href":"https:\/\/cenal.gob.ve\/index.php?rest_route=%2Fwp%2Fv2%2Fmedia&parent=18160"}],"wp:term":[{"taxonomy":"category","embeddable":true,"href":"https:\/\/cenal.gob.ve\/index.php?rest_route=%2Fwp%2Fv2%2Fcategories&post=18160"},{"taxonomy":"post_tag","embeddable":true,"href":"https:\/\/cenal.gob.ve\/index.php?rest_route=%2Fwp%2Fv2%2Ftags&post=18160"}],"curies":[{"name":"wp","href":"https:\/\/api.w.org\/{rel}","templated":true}]}}