{"id":18272,"date":"2022-07-15T09:50:32","date_gmt":"2022-07-15T13:50:32","guid":{"rendered":"http:\/\/cenal.gob.ve\/?p=18272"},"modified":"2022-07-15T09:52:56","modified_gmt":"2022-07-15T13:52:56","slug":"17a-filven-portuguesa-abre-sus-puertas-en-acarigua","status":"publish","type":"post","link":"https:\/\/cenal.gob.ve\/?p=18272","title":{"rendered":"17\u00aa Filven Portuguesa abre sus puertas en Acarigua"},"content":{"rendered":"\n<p>La 17\u00aa Feria Internacional del Libro de Venezuela (Filven), cap\u00edtulo Portuguesa, se instal\u00f3 en la ciudad de Acarigua, este jueves 14 de julio, en el patio central de la Aldea Metropolitana UNEARTE del municipio P\u00e1ez.<\/p>\n\n\n\n<p>Las autoridades portuguese\u00f1as en compa\u00f1\u00eda del pueblo catalogan la llegada de la Filven a la entidad llanera como una fiesta donde convergen las voces literarias y las artes liberadoras del pueblo.<\/p>\n\n\n\n<p>Entre los acordes del joropo llanero y de expresiones art\u00edsticas de ni\u00f1os y j\u00f3venes, la m\u00e1xima fiesta literaria se inaugur\u00f3 con un acto encabezado por el alcalde del municipio P\u00e1ez, Rafael Torrealba; el director del Gabinete&nbsp; Estatal de Cultura, Owaldo Musset,&nbsp; y representantes de la Gobernaci\u00f3n del estado y del Centro Nacional del Libro (Cenal).<\/p>\n\n\n\n<p>Para el alcalde Torrealba, la llegada de Filven a Portuguesa representa un avance en el desarrollo de las fuerzas creativas del pueblo en el campo literario, y que a prop\u00f3sito de esta edici\u00f3n se pueden visualizar.<\/p>\n\n\n\n<p>\u201cLa mejor forma de acceder al conocimiento es a trav\u00e9s de los libros, bien sea en f\u00edsico o digital. Estamos en una era donde la prioridad debe ser la lectura\u201d, resalt\u00f3 el alcalde del municipio P\u00e1ez.<\/p>\n\n\n\n<figure class=\"wp-block-image size-large\"><img width=\"1024\" height=\"1024\" src=\"http:\/\/cenal.gob.ve\/wp-content\/uploads\/2022\/07\/1657891751578-1024x1024.jpg\" alt=\"\" class=\"wp-image-18283\" srcset=\"https:\/\/cenal.gob.ve\/wp-content\/uploads\/2022\/07\/1657891751578-1024x1024.jpg 1024w, https:\/\/cenal.gob.ve\/wp-content\/uploads\/2022\/07\/1657891751578-300x300.jpg 300w, https:\/\/cenal.gob.ve\/wp-content\/uploads\/2022\/07\/1657891751578-150x150.jpg 150w, https:\/\/cenal.gob.ve\/wp-content\/uploads\/2022\/07\/1657891751578-768x768.jpg 768w, https:\/\/cenal.gob.ve\/wp-content\/uploads\/2022\/07\/1657891751578-640x640.jpg 640w, https:\/\/cenal.gob.ve\/wp-content\/uploads\/2022\/07\/1657891751578.jpg 1080w\" sizes=\"(max-width: 1024px) 100vw, 1024px\" \/><\/figure>\n\n\n\n<p>Entretanto, Musset valora en el acto de leer el gesto m\u00e1s sublime del ser humano para acercarse al saber, al tiempo que aprovech\u00f3 la ocasi\u00f3n para invitar a la poblaci\u00f3n a visitar los espacios del recinto ferial durante estos tres d\u00edas y as\u00ed abrazar el libro como parte del crecimiento integral del ser humano.<\/p>\n\n\n\n<p>Tras finalizar el acto de instalaci\u00f3n, las autoridades locales y de cultura disfrutaron del talento musical del ni\u00f1o Luis Blanco, exponente de la m\u00fasica llanera local con discapacidad visual.<\/p>\n\n\n\n<p>Se pueden apreciar tambi\u00e9n textos de diversos g\u00e9neros literarios y tambi\u00e9n disfrutar la amplia gastronom\u00eda, cultura y artesan\u00eda propia de la regi\u00f3n.<\/p>\n\n\n\n<p><strong>Fuerzas creadoras del pueblo<\/strong><\/p>\n\n\n\n<p>Como parte de la jornada de apertura, las autoridades realizaron entrega de reconocimientos a los escritores regionales homenajeados Armando Gonz\u00e1lez Segovia y Luisa Vel\u00e1squez, por sus amplios aportes en el campo hist\u00f3rico y literario en la entidad.<\/p>\n\n\n\n<figure class=\"wp-block-gallery has-nested-images columns-default is-cropped\">\n<figure class=\"wp-block-image size-large\"><img width=\"1024\" height=\"1024\" data-id=\"18289\"  src=\"http:\/\/cenal.gob.ve\/wp-content\/uploads\/2022\/07\/1657893083526-1024x1024.jpg\" alt=\"\" class=\"wp-image-18289\" srcset=\"https:\/\/cenal.gob.ve\/wp-content\/uploads\/2022\/07\/1657893083526-1024x1024.jpg 1024w, https:\/\/cenal.gob.ve\/wp-content\/uploads\/2022\/07\/1657893083526-300x300.jpg 300w, https:\/\/cenal.gob.ve\/wp-content\/uploads\/2022\/07\/1657893083526-150x150.jpg 150w, https:\/\/cenal.gob.ve\/wp-content\/uploads\/2022\/07\/1657893083526-768x768.jpg 768w, https:\/\/cenal.gob.ve\/wp-content\/uploads\/2022\/07\/1657893083526-640x640.jpg 640w, https:\/\/cenal.gob.ve\/wp-content\/uploads\/2022\/07\/1657893083526.jpg 1080w\" sizes=\"(max-width: 1024px) 100vw, 1024px\" \/><\/figure>\n<\/figure>\n\n\n\n<p>Armando Gonz\u00e1lez Segovia, ganador del Premio Nacional de Historia del Centro Nacional de Estudios Hist\u00f3ricos (2021), con m\u00e1s de 14 publicaciones y m\u00e1s de 30 art\u00edculos especializados. La escritora e historiadora Luisa Vel\u00e1squez es coautora de diversos libros y autora de numerosos art\u00edculos vinculados a la historia, la pol\u00edtica y la educaci\u00f3n, publicados en prensa y revistas especializadas.<\/p>\n\n\n\n<p>El escritor, historiador y profesor Armando Gonz\u00e1lez Segovia agradeci\u00f3 que la fiesta del libro y la palabra llegue a todo el pa\u00eds para visibilizar las fuerzas creadoras del pueblo.<\/p>\n\n\n\n<p>\u201cEl di\u00e1logo y el intercambio de saberes de nuestro pueblo es necesario para acercar los textos a la realidad. Nosotros los campesinos somos palabra viva\u201d, comenta Gonz\u00e1lez lleno de emoci\u00f3n al reivindicar sus ra\u00edces campesinas.<\/p>\n\n\n\n<p>Por su parte, la escritora y tambi\u00e9n historiadora Luisa Vel\u00e1squez defendi\u00f3 que la palabra es el arma del que sabe dialogar, y en tal sentido comenta que la Filven es un espacio para el di\u00e1logo de saberes.<\/p>\n\n\n\n<p>\u201cLa Filven nos ofrece la oportunidad de ponernos en contacto con la producci\u00f3n literaria y la investigaci\u00f3n y las \u00faltimas ediciones\u201d, dijo mientras se proclama amante de la lectura en todos sus g\u00e9neros.<\/p>\n\n\n\n<p>Los escritores nacionales homenajeados son Jos\u00e9 Vicente Rangel Vale (1929-2020) y Vladimir Acosta.<\/p>\n\n\n\n<p><strong>M\u00e1s de treinta presentaciones de libros<\/strong><\/p>\n\n\n\n<p>Durante el acto inaugural, las autoridades indicaron que el p\u00fablico tendr\u00e1 acceso a m\u00e1s de treinta presentaciones de libros y cincuenta actividades art\u00edsticas y culturales.<\/p>\n\n\n\n<p>Precisamente, el p\u00fablico da muestra de su satisfacci\u00f3n por la Filven en tierras portuguese\u00f1as, y para Carmen Trujillo los libros representan su inspiraci\u00f3n desde su ni\u00f1ez. \u201cCada persona tiene un gusto por la lectura, de todos los libros uno aprende\u201d, manifest\u00f3.<\/p>\n\n\n\n<p>Participan adem\u00e1s expositores con ejemplares de diversos t\u00edtulos, entre ellos los publicados por el Ministerio del Poder Popular para la Cultura a trav\u00e9s de las editoriales El perro y la rana, Biblioteca Ayacucho y Monte \u00c1vila.<\/p>\n\n\n\n<p>Tambi\u00e9n est\u00e1n presentes otras editoriales privadas e independientes; se pueden hallar publicaciones de Trinchera, Vadell Hermanos, Libros Le\u00eddos, Librer\u00edas JL, IPASME Acarigua y otras.<\/p>\n\n\n\n<p><strong>Actividades inaugurales<\/strong><\/p>\n\n\n\n<p>Entre las actividades de este jueves 14, se llev\u00f3 a cabo la presentaci\u00f3n del libro&nbsp;<em>\u00daltima p\u00e1gina<\/em>. Cronicuentos, del escritor Igor Delgado Senior, editado por El Perro y la Rana, el cual es una obra bajo el g\u00e9nero de ficci\u00f3n, sustentado en noticias de la prensa de la \u201cp\u00e1gina roja\u201d, as\u00ed llamada por la publicaci\u00f3n, en la \u00faltima p\u00e1gina de los peri\u00f3dicos de los sucesos criminales que conmocionaban a la sociedad venezolana.&nbsp;<\/p>\n\n\n\n<figure class=\"wp-block-gallery has-nested-images columns-default is-cropped\">\n<figure class=\"wp-block-image size-large\"><img width=\"1024\" height=\"1024\" data-id=\"18276\"  src=\"http:\/\/cenal.gob.ve\/wp-content\/uploads\/2022\/07\/IMG-20220714-WA0116-1024x1024.jpg\" alt=\"\" class=\"wp-image-18276\" srcset=\"https:\/\/cenal.gob.ve\/wp-content\/uploads\/2022\/07\/IMG-20220714-WA0116-1024x1024.jpg 1024w, https:\/\/cenal.gob.ve\/wp-content\/uploads\/2022\/07\/IMG-20220714-WA0116-300x300.jpg 300w, https:\/\/cenal.gob.ve\/wp-content\/uploads\/2022\/07\/IMG-20220714-WA0116-150x150.jpg 150w, https:\/\/cenal.gob.ve\/wp-content\/uploads\/2022\/07\/IMG-20220714-WA0116-768x768.jpg 768w, https:\/\/cenal.gob.ve\/wp-content\/uploads\/2022\/07\/IMG-20220714-WA0116-640x640.jpg 640w, https:\/\/cenal.gob.ve\/wp-content\/uploads\/2022\/07\/IMG-20220714-WA0116.jpg 1080w\" sizes=\"(max-width: 1024px) 100vw, 1024px\" \/><\/figure>\n<\/figure>\n\n\n\n<p>Igualmente, se ofreci\u00f3 la presentaci\u00f3n del libro&nbsp;<em>Kowai la piedra abuela<\/em>, de la escritora y artista visual Hanneke \u201cJuana\u201d Wagenaar y editado por El perro y la rana, a cargo de la escritora Mary Monteiro.<\/p>\n\n\n\n<figure class=\"wp-block-image size-large\"><img width=\"1024\" height=\"1024\" src=\"http:\/\/cenal.gob.ve\/wp-content\/uploads\/2022\/07\/1657892602209-1024x1024.jpg\" alt=\"\" class=\"wp-image-18282\" srcset=\"https:\/\/cenal.gob.ve\/wp-content\/uploads\/2022\/07\/1657892602209-1024x1024.jpg 1024w, https:\/\/cenal.gob.ve\/wp-content\/uploads\/2022\/07\/1657892602209-300x300.jpg 300w, https:\/\/cenal.gob.ve\/wp-content\/uploads\/2022\/07\/1657892602209-150x150.jpg 150w, https:\/\/cenal.gob.ve\/wp-content\/uploads\/2022\/07\/1657892602209-768x768.jpg 768w, https:\/\/cenal.gob.ve\/wp-content\/uploads\/2022\/07\/1657892602209-640x640.jpg 640w, https:\/\/cenal.gob.ve\/wp-content\/uploads\/2022\/07\/1657892602209.jpg 1080w\" sizes=\"(max-width: 1024px) 100vw, 1024px\" \/><\/figure>\n\n\n\n<p>Tambi\u00e9n se mostr\u00f3, la obra&nbsp;12 sentenciados,&nbsp;publicada por el Fondo Editorial de la Asamblea Nacional William Lara, a cargo de Hermes Hern\u00e1ndez, y el libro&nbsp;Los tiempos del yomeacuerdo.<\/p>\n\n\n\n<figure class=\"wp-block-image size-full\"><img width=\"1000\" height=\"750\" src=\"http:\/\/cenal.gob.ve\/wp-content\/uploads\/2022\/07\/IMG-20220714-WA0126.jpg\" alt=\"\" class=\"wp-image-18279\" srcset=\"https:\/\/cenal.gob.ve\/wp-content\/uploads\/2022\/07\/IMG-20220714-WA0126.jpg 1000w, https:\/\/cenal.gob.ve\/wp-content\/uploads\/2022\/07\/IMG-20220714-WA0126-300x225.jpg 300w, https:\/\/cenal.gob.ve\/wp-content\/uploads\/2022\/07\/IMG-20220714-WA0126-768x576.jpg 768w, https:\/\/cenal.gob.ve\/wp-content\/uploads\/2022\/07\/IMG-20220714-WA0126-640x480.jpg 640w\" sizes=\"(max-width: 1000px) 100vw, 1000px\" \/><\/figure>\n\n\n\n<p>Al caer la tarde, se realiz\u00f3 un encuentro literario titulado \u201cVoces femeninas del estado Portuguesa\u201d, donde se presentar\u00e1 el libro&nbsp;<em>Una Vida, Una Historia un Verso<\/em>.<\/p>\n\n\n\n<figure class=\"wp-block-image size-full\"><img width=\"1000\" height=\"750\" src=\"http:\/\/cenal.gob.ve\/wp-content\/uploads\/2022\/07\/IMG-20220714-WA0129.jpg\" alt=\"\" class=\"wp-image-18280\" srcset=\"https:\/\/cenal.gob.ve\/wp-content\/uploads\/2022\/07\/IMG-20220714-WA0129.jpg 1000w, https:\/\/cenal.gob.ve\/wp-content\/uploads\/2022\/07\/IMG-20220714-WA0129-300x225.jpg 300w, https:\/\/cenal.gob.ve\/wp-content\/uploads\/2022\/07\/IMG-20220714-WA0129-768x576.jpg 768w, https:\/\/cenal.gob.ve\/wp-content\/uploads\/2022\/07\/IMG-20220714-WA0129-640x480.jpg 640w\" sizes=\"(max-width: 1000px) 100vw, 1000px\" \/><\/figure>\n\n\n\n<p><strong>Programaci\u00f3n hasta el 16 de julio<\/strong><\/p>\n\n\n\n<p>Entre las actividades para este viernes 15 est\u00e1n la presentaci\u00f3n de la historiograf\u00eda del escritor homenajeado Armando Gonz\u00e1lez Segovia; y tambi\u00e9n las presentaciones de los libros&nbsp;<em>Al\u00ed Primera. Su dura y terca perseverancia revolucionaria<\/em> de Ramiro Ru\u00edz Primera;&nbsp;<em>El lenguaje infantil<\/em>,&nbsp;de Isabel Rivero D\u00b4Armas;&nbsp;<em>Tiempos del vivir<\/em>, de Octavio Beaumont Rodr\u00edguez;&nbsp;<em>Waika la respondona<\/em>, de Mar\u00eda Centeno. <\/p>\n\n\n\n<p>Asimismo, el libro de Juan Ram\u00f3n Guzm\u00e1n&nbsp;Ch\u00e1vez, <em>el libro y la cultura; M\u00e1s alto que el Chimborazo,&nbsp;<\/em>de Amilcar Brice\u00f1o; y finalmente, el encuentro literario titulado \u201cVoces femeninas del estado Portuguesa\u201d, donde se presentar\u00e1 el libro&nbsp;<em>Escasez de Luz<\/em>, de Antonio Vargas.<\/p>\n\n\n\n<p>Para el s\u00e1bado 16, se presentar\u00e1n los t\u00edtulos&nbsp;<em>80 a\u00f1os del cantor del pueblo<\/em>: <em>Al\u00ed Primera; Expediente Negro;<\/em> <em>Jos\u00e9 Vicente Rangel, ejemplo de lucha; Fractales F\u00e9lix Gerardi; Xin Chao;&nbsp;y&nbsp;Pusimos la bomba\u2026 \u00bfy qu\u00e9?.<\/em><\/p>\n\n\n\n<figure class=\"wp-block-image size-large\"><img width=\"1024\" height=\"1024\" src=\"http:\/\/cenal.gob.ve\/wp-content\/uploads\/2022\/07\/1657892602227-1024x1024.jpg\" alt=\"\" class=\"wp-image-18284\" srcset=\"https:\/\/cenal.gob.ve\/wp-content\/uploads\/2022\/07\/1657892602227-1024x1024.jpg 1024w, https:\/\/cenal.gob.ve\/wp-content\/uploads\/2022\/07\/1657892602227-300x300.jpg 300w, https:\/\/cenal.gob.ve\/wp-content\/uploads\/2022\/07\/1657892602227-150x150.jpg 150w, https:\/\/cenal.gob.ve\/wp-content\/uploads\/2022\/07\/1657892602227-768x768.jpg 768w, https:\/\/cenal.gob.ve\/wp-content\/uploads\/2022\/07\/1657892602227-640x640.jpg 640w, https:\/\/cenal.gob.ve\/wp-content\/uploads\/2022\/07\/1657892602227.jpg 1080w\" sizes=\"(max-width: 1024px) 100vw, 1024px\" \/><\/figure>\n\n\n\n<p>Los peque\u00f1os tambi\u00e9n disfrutan del tradicional pabell\u00f3n infantil y entre sus actividades se disponen lecturas libres, cuentacuentos, talleres, dramatizaciones y t\u00edteres.<\/p>\n\n\n\n<p><\/p>\n","protected":false},"excerpt":{"rendered":"<p>La 17\u00aa Feria Internacional del Libro de Venezuela (Filven), cap\u00edtulo Portuguesa, se instal\u00f3 en la ciudad de Acarigua, este jueves 14 de julio, en el patio central de la Aldea [&hellip;]<\/p>\n","protected":false},"author":10,"featured_media":18286,"comment_status":"open","ping_status":"closed","sticky":false,"template":"","format":"standard","meta":{"spay_email":"","jetpack_publicize_message":"","jetpack_is_tweetstorm":false,"jetpack_publicize_feature_enabled":true},"categories":[12],"tags":[],"yoast_head":"<!-- This site is optimized with the Yoast SEO plugin v19.8 - https:\/\/yoast.com\/wordpress\/plugins\/seo\/ -->\n<title>17\u00aa Filven Portuguesa abre sus puertas en Acarigua<\/title>\n<meta name=\"robots\" content=\"index, follow, max-snippet:-1, max-image-preview:large, max-video-preview:-1\" \/>\n<link rel=\"canonical\" href=\"https:\/\/cenal.gob.ve\/?p=18272\" \/>\n<meta property=\"og:locale\" content=\"es_ES\" \/>\n<meta property=\"og:type\" content=\"article\" \/>\n<meta property=\"og:title\" content=\"17\u00aa Filven Portuguesa abre sus puertas en Acarigua\" \/>\n<meta property=\"og:description\" content=\"La 17\u00aa Feria Internacional del Libro de Venezuela (Filven), cap\u00edtulo Portuguesa, se instal\u00f3 en la ciudad de Acarigua, este jueves 14 de julio, en el patio central de la Aldea [&hellip;]\" \/>\n<meta property=\"og:url\" content=\"https:\/\/cenal.gob.ve\/?p=18272\" \/>\n<meta property=\"og:site_name\" content=\"Cenal\" \/>\n<meta property=\"article:published_time\" content=\"2022-07-15T13:50:32+00:00\" \/>\n<meta property=\"article:modified_time\" content=\"2022-07-15T13:52:56+00:00\" \/>\n<meta property=\"og:image\" content=\"https:\/\/i0.wp.com\/cenal.gob.ve\/wp-content\/uploads\/2022\/07\/17a-Filven-Portuguesa-abre-sus-puertas-en-Acarigua-1.jpg?fit=1200%2C668&ssl=1\" \/>\n\t<meta property=\"og:image:width\" content=\"1200\" \/>\n\t<meta property=\"og:image:height\" content=\"668\" \/>\n\t<meta property=\"og:image:type\" content=\"image\/jpeg\" \/>\n<meta name=\"author\" content=\"Prensa Cenal\" \/>\n<meta name=\"twitter:card\" content=\"summary_large_image\" \/>\n<meta name=\"twitter:label1\" content=\"Written by\" \/>\n\t<meta name=\"twitter:data1\" content=\"Prensa Cenal\" \/>\n\t<meta name=\"twitter:label2\" content=\"Est. reading time\" \/>\n\t<meta name=\"twitter:data2\" content=\"6 minutos\" \/>\n<script type=\"application\/ld+json\" class=\"yoast-schema-graph\">{\"@context\":\"https:\/\/schema.org\",\"@graph\":[{\"@type\":\"Article\",\"@id\":\"https:\/\/cenal.gob.ve\/?p=18272#article\",\"isPartOf\":{\"@id\":\"https:\/\/cenal.gob.ve\/?p=18272\"},\"author\":{\"name\":\"Prensa Cenal\",\"@id\":\"https:\/\/cenal.gob.ve\/#\/schema\/person\/e3ed34623f400ffab8bc7a63b2f5533f\"},\"headline\":\"17\u00aa Filven Portuguesa abre sus puertas en Acarigua\",\"datePublished\":\"2022-07-15T13:50:32+00:00\",\"dateModified\":\"2022-07-15T13:52:56+00:00\",\"mainEntityOfPage\":{\"@id\":\"https:\/\/cenal.gob.ve\/?p=18272\"},\"wordCount\":1123,\"commentCount\":0,\"publisher\":{\"@id\":\"https:\/\/cenal.gob.ve\/#organization\"},\"articleSection\":[\"Filven\"],\"inLanguage\":\"es\",\"potentialAction\":[{\"@type\":\"CommentAction\",\"name\":\"Comment\",\"target\":[\"https:\/\/cenal.gob.ve\/?p=18272#respond\"]}]},{\"@type\":\"WebPage\",\"@id\":\"https:\/\/cenal.gob.ve\/?p=18272\",\"url\":\"https:\/\/cenal.gob.ve\/?p=18272\",\"name\":\"17\u00aa Filven Portuguesa abre sus puertas en Acarigua\",\"isPartOf\":{\"@id\":\"https:\/\/cenal.gob.ve\/#website\"},\"datePublished\":\"2022-07-15T13:50:32+00:00\",\"dateModified\":\"2022-07-15T13:52:56+00:00\",\"breadcrumb\":{\"@id\":\"https:\/\/cenal.gob.ve\/?p=18272#breadcrumb\"},\"inLanguage\":\"es\",\"potentialAction\":[{\"@type\":\"ReadAction\",\"target\":[\"https:\/\/cenal.gob.ve\/?p=18272\"]}]},{\"@type\":\"BreadcrumbList\",\"@id\":\"https:\/\/cenal.gob.ve\/?p=18272#breadcrumb\",\"itemListElement\":[{\"@type\":\"ListItem\",\"position\":1,\"name\":\"Home\",\"item\":\"https:\/\/cenal.gob.ve\/\"},{\"@type\":\"ListItem\",\"position\":2,\"name\":\"17\u00aa Filven Portuguesa abre sus puertas en Acarigua\"}]},{\"@type\":\"WebSite\",\"@id\":\"https:\/\/cenal.gob.ve\/#website\",\"url\":\"https:\/\/cenal.gob.ve\/\",\"name\":\"Cenal\",\"description\":\"\",\"publisher\":{\"@id\":\"https:\/\/cenal.gob.ve\/#organization\"},\"potentialAction\":[{\"@type\":\"SearchAction\",\"target\":{\"@type\":\"EntryPoint\",\"urlTemplate\":\"https:\/\/cenal.gob.ve\/?s={search_term_string}\"},\"query-input\":\"required name=search_term_string\"}],\"inLanguage\":\"es\"},{\"@type\":\"Organization\",\"@id\":\"https:\/\/cenal.gob.ve\/#organization\",\"name\":\"CENAL\",\"url\":\"https:\/\/cenal.gob.ve\/\",\"sameAs\":[],\"logo\":{\"@type\":\"ImageObject\",\"inLanguage\":\"es\",\"@id\":\"https:\/\/cenal.gob.ve\/#\/schema\/logo\/image\/\",\"url\":\"https:\/\/i0.wp.com\/cenal.gob.ve\/wp-content\/uploads\/2022\/10\/cropped-images.jpg?fit=512%2C512\",\"contentUrl\":\"https:\/\/i0.wp.com\/cenal.gob.ve\/wp-content\/uploads\/2022\/10\/cropped-images.jpg?fit=512%2C512\",\"width\":512,\"height\":512,\"caption\":\"CENAL\"},\"image\":{\"@id\":\"https:\/\/cenal.gob.ve\/#\/schema\/logo\/image\/\"}},{\"@type\":\"Person\",\"@id\":\"https:\/\/cenal.gob.ve\/#\/schema\/person\/e3ed34623f400ffab8bc7a63b2f5533f\",\"name\":\"Prensa Cenal\",\"image\":{\"@type\":\"ImageObject\",\"inLanguage\":\"es\",\"@id\":\"https:\/\/cenal.gob.ve\/#\/schema\/person\/image\/\",\"url\":\"https:\/\/secure.gravatar.com\/avatar\/594b4ed34090910c619ac3679001d491?s=96&d=mm&r=g\",\"contentUrl\":\"https:\/\/secure.gravatar.com\/avatar\/594b4ed34090910c619ac3679001d491?s=96&d=mm&r=g\",\"caption\":\"Prensa Cenal\"},\"url\":\"https:\/\/cenal.gob.ve\/?author=10\"}]}<\/script>\n<!-- \/ Yoast SEO plugin. -->","yoast_head_json":{"title":"17\u00aa Filven Portuguesa abre sus puertas en Acarigua","robots":{"index":"index","follow":"follow","max-snippet":"max-snippet:-1","max-image-preview":"max-image-preview:large","max-video-preview":"max-video-preview:-1"},"canonical":"https:\/\/cenal.gob.ve\/?p=18272","og_locale":"es_ES","og_type":"article","og_title":"17\u00aa Filven Portuguesa abre sus puertas en Acarigua","og_description":"La 17\u00aa Feria Internacional del Libro de Venezuela (Filven), cap\u00edtulo Portuguesa, se instal\u00f3 en la ciudad de Acarigua, este jueves 14 de julio, en el patio central de la Aldea [&hellip;]","og_url":"https:\/\/cenal.gob.ve\/?p=18272","og_site_name":"Cenal","article_published_time":"2022-07-15T13:50:32+00:00","article_modified_time":"2022-07-15T13:52:56+00:00","og_image":[{"width":1200,"height":668,"url":"https:\/\/i0.wp.com\/cenal.gob.ve\/wp-content\/uploads\/2022\/07\/17a-Filven-Portuguesa-abre-sus-puertas-en-Acarigua-1.jpg?fit=1200%2C668&ssl=1","type":"image\/jpeg"}],"author":"Prensa Cenal","twitter_card":"summary_large_image","twitter_misc":{"Written by":"Prensa Cenal","Est. reading time":"6 minutos"},"schema":{"@context":"https:\/\/schema.org","@graph":[{"@type":"Article","@id":"https:\/\/cenal.gob.ve\/?p=18272#article","isPartOf":{"@id":"https:\/\/cenal.gob.ve\/?p=18272"},"author":{"name":"Prensa Cenal","@id":"https:\/\/cenal.gob.ve\/#\/schema\/person\/e3ed34623f400ffab8bc7a63b2f5533f"},"headline":"17\u00aa Filven Portuguesa abre sus puertas en Acarigua","datePublished":"2022-07-15T13:50:32+00:00","dateModified":"2022-07-15T13:52:56+00:00","mainEntityOfPage":{"@id":"https:\/\/cenal.gob.ve\/?p=18272"},"wordCount":1123,"commentCount":0,"publisher":{"@id":"https:\/\/cenal.gob.ve\/#organization"},"articleSection":["Filven"],"inLanguage":"es","potentialAction":[{"@type":"CommentAction","name":"Comment","target":["https:\/\/cenal.gob.ve\/?p=18272#respond"]}]},{"@type":"WebPage","@id":"https:\/\/cenal.gob.ve\/?p=18272","url":"https:\/\/cenal.gob.ve\/?p=18272","name":"17\u00aa Filven Portuguesa abre sus puertas en Acarigua","isPartOf":{"@id":"https:\/\/cenal.gob.ve\/#website"},"datePublished":"2022-07-15T13:50:32+00:00","dateModified":"2022-07-15T13:52:56+00:00","breadcrumb":{"@id":"https:\/\/cenal.gob.ve\/?p=18272#breadcrumb"},"inLanguage":"es","potentialAction":[{"@type":"ReadAction","target":["https:\/\/cenal.gob.ve\/?p=18272"]}]},{"@type":"BreadcrumbList","@id":"https:\/\/cenal.gob.ve\/?p=18272#breadcrumb","itemListElement":[{"@type":"ListItem","position":1,"name":"Home","item":"https:\/\/cenal.gob.ve\/"},{"@type":"ListItem","position":2,"name":"17\u00aa Filven Portuguesa abre sus puertas en Acarigua"}]},{"@type":"WebSite","@id":"https:\/\/cenal.gob.ve\/#website","url":"https:\/\/cenal.gob.ve\/","name":"Cenal","description":"","publisher":{"@id":"https:\/\/cenal.gob.ve\/#organization"},"potentialAction":[{"@type":"SearchAction","target":{"@type":"EntryPoint","urlTemplate":"https:\/\/cenal.gob.ve\/?s={search_term_string}"},"query-input":"required name=search_term_string"}],"inLanguage":"es"},{"@type":"Organization","@id":"https:\/\/cenal.gob.ve\/#organization","name":"CENAL","url":"https:\/\/cenal.gob.ve\/","sameAs":[],"logo":{"@type":"ImageObject","inLanguage":"es","@id":"https:\/\/cenal.gob.ve\/#\/schema\/logo\/image\/","url":"https:\/\/i0.wp.com\/cenal.gob.ve\/wp-content\/uploads\/2022\/10\/cropped-images.jpg?fit=512%2C512","contentUrl":"https:\/\/i0.wp.com\/cenal.gob.ve\/wp-content\/uploads\/2022\/10\/cropped-images.jpg?fit=512%2C512","width":512,"height":512,"caption":"CENAL"},"image":{"@id":"https:\/\/cenal.gob.ve\/#\/schema\/logo\/image\/"}},{"@type":"Person","@id":"https:\/\/cenal.gob.ve\/#\/schema\/person\/e3ed34623f400ffab8bc7a63b2f5533f","name":"Prensa Cenal","image":{"@type":"ImageObject","inLanguage":"es","@id":"https:\/\/cenal.gob.ve\/#\/schema\/person\/image\/","url":"https:\/\/secure.gravatar.com\/avatar\/594b4ed34090910c619ac3679001d491?s=96&d=mm&r=g","contentUrl":"https:\/\/secure.gravatar.com\/avatar\/594b4ed34090910c619ac3679001d491?s=96&d=mm&r=g","caption":"Prensa Cenal"},"url":"https:\/\/cenal.gob.ve\/?author=10"}]}},"jetpack_featured_media_url":"https:\/\/cenal.gob.ve\/wp-content\/uploads\/2022\/07\/17a-Filven-Portuguesa-abre-sus-puertas-en-Acarigua-1.jpg","jetpack_publicize_connections":[],"jetpack_shortlink":"https:\/\/wp.me\/p5FMhp-4KI","_links":{"self":[{"href":"https:\/\/cenal.gob.ve\/index.php?rest_route=\/wp\/v2\/posts\/18272"}],"collection":[{"href":"https:\/\/cenal.gob.ve\/index.php?rest_route=\/wp\/v2\/posts"}],"about":[{"href":"https:\/\/cenal.gob.ve\/index.php?rest_route=\/wp\/v2\/types\/post"}],"author":[{"embeddable":true,"href":"https:\/\/cenal.gob.ve\/index.php?rest_route=\/wp\/v2\/users\/10"}],"replies":[{"embeddable":true,"href":"https:\/\/cenal.gob.ve\/index.php?rest_route=%2Fwp%2Fv2%2Fcomments&post=18272"}],"version-history":[{"count":4,"href":"https:\/\/cenal.gob.ve\/index.php?rest_route=\/wp\/v2\/posts\/18272\/revisions"}],"predecessor-version":[{"id":18291,"href":"https:\/\/cenal.gob.ve\/index.php?rest_route=\/wp\/v2\/posts\/18272\/revisions\/18291"}],"wp:featuredmedia":[{"embeddable":true,"href":"https:\/\/cenal.gob.ve\/index.php?rest_route=\/wp\/v2\/media\/18286"}],"wp:attachment":[{"href":"https:\/\/cenal.gob.ve\/index.php?rest_route=%2Fwp%2Fv2%2Fmedia&parent=18272"}],"wp:term":[{"taxonomy":"category","embeddable":true,"href":"https:\/\/cenal.gob.ve\/index.php?rest_route=%2Fwp%2Fv2%2Fcategories&post=18272"},{"taxonomy":"post_tag","embeddable":true,"href":"https:\/\/cenal.gob.ve\/index.php?rest_route=%2Fwp%2Fv2%2Ftags&post=18272"}],"curies":[{"name":"wp","href":"https:\/\/api.w.org\/{rel}","templated":true}]}}