{"id":18531,"date":"2022-07-24T12:49:18","date_gmt":"2022-07-24T16:49:18","guid":{"rendered":"http:\/\/cenal.gob.ve\/?p=18531"},"modified":"2022-08-01T11:33:11","modified_gmt":"2022-08-01T15:33:11","slug":"la-biblioteca-del-libertador","status":"publish","type":"post","link":"https:\/\/cenal.gob.ve\/?p=18531","title":{"rendered":"La biblioteca del Libertador"},"content":{"rendered":"\n<p>La educaci\u00f3n de Bol\u00edvar, a\u00f1os atr\u00e1s, le permiti\u00f3 tener acceso a las bibliotecas autorizadas por la censura colonial y tambi\u00e9n a bibliotecas contrarias a la Santa Inquisici\u00f3n. Libros prohibidos y sin embargo conocidos por aquellos contempor\u00e1neos al Sim\u00f3n Bol\u00edvar que, sin saberlo quiz\u00e1s, se prepara para su destino: la libertad de los pa\u00edses oprimidos por la corona espa\u00f1ola. El fallecimiento de su esposa lo aleja de su otro sino: el convertirse un consecuente heredero de papeles, legajos administrativos que pesaban los frutos producidos por sus tierras, ventas e ingresos, n\u00famero rojos preocupaciones cotidianas, la negaci\u00f3n de este rol lo llevar\u00e1 al hombre pol\u00e9mico de voz met\u00e1lica y grave, de apotegmas prodigiosos y revolucionarios, algunos dir\u00e1n que es mejor no dejarlo hablar, ya sab\u00edan que en \u00e9l dominaba el arte de la oratoria: inducir, argumentar y convencer, \u00bfno son estas cualidades las que se encuentran tambi\u00e9n en los libros?<\/p>\n\n\n\n<p>Las lecturas nos preparan para los momentos m\u00e1s dif\u00edciles en nuestras vidas, ciertas son luces que nos se\u00f1alan que las experiencias de otros hombres y mujeres, sus acciones y sus desventuras parecen ser las nuestras, entonces comprendemos que ante la inequidad y la posible derrota, persistir\u00e1 la voluntad como representaci\u00f3n de nuestra existencia. Este es el objetivo de los libros o uno de los tantos, no es sencillo saber cu\u00e1l ser\u00e1 la marca que deja un libro en nosotros.<\/p>\n","protected":false},"excerpt":{"rendered":"<p>Las lecturas nos preparan para los momentos m\u00e1s dif\u00edciles en nuestras vidas, ciertas son luces que nos se\u00f1alan que las experiencias de otros hombres y mujeres, sus acciones y sus desventuras parecen ser las nuestras, entonces comprendemos que ante la inequidad y la posible derrota, persistir\u00e1 la voluntad como representaci\u00f3n de nuestra existencia. Este es el objetivo de los libros o uno de los tantos, no es sencillo saber cu\u00e1l ser\u00e1 la marca que deja un libro en nosotros.<\/p>\n","protected":false},"author":10,"featured_media":18532,"comment_status":"open","ping_status":"closed","sticky":false,"template":"","format":"standard","meta":{"spay_email":"","jetpack_publicize_message":"","jetpack_is_tweetstorm":false,"jetpack_publicize_feature_enabled":true},"categories":[55,57],"tags":[153,82],"yoast_head":"<!-- This site is optimized with the Yoast SEO plugin v19.8 - https:\/\/yoast.com\/wordpress\/plugins\/seo\/ -->\n<title>La biblioteca del Libertador<\/title>\n<meta name=\"robots\" content=\"index, follow, max-snippet:-1, max-image-preview:large, max-video-preview:-1\" \/>\n<link rel=\"canonical\" href=\"https:\/\/cenal.gob.ve\/?p=18531\" \/>\n<meta property=\"og:locale\" content=\"es_ES\" \/>\n<meta property=\"og:type\" content=\"article\" \/>\n<meta property=\"og:title\" content=\"La biblioteca del Libertador\" \/>\n<meta property=\"og:description\" content=\"Las lecturas nos preparan para los momentos m\u00e1s dif\u00edciles en nuestras vidas, ciertas son luces que nos se\u00f1alan que las experiencias de otros hombres y mujeres, sus acciones y sus desventuras parecen ser las nuestras, entonces comprendemos que ante la inequidad y la posible derrota, persistir\u00e1 la voluntad como representaci\u00f3n de nuestra existencia. Este es el objetivo de los libros o uno de los tantos, no es sencillo saber cu\u00e1l ser\u00e1 la marca que deja un libro en nosotros.\" \/>\n<meta property=\"og:url\" content=\"https:\/\/cenal.gob.ve\/?p=18531\" \/>\n<meta property=\"og:site_name\" content=\"Cenal\" \/>\n<meta property=\"article:published_time\" content=\"2022-07-24T16:49:18+00:00\" \/>\n<meta property=\"article:modified_time\" content=\"2022-08-01T15:33:11+00:00\" \/>\n<meta property=\"og:image\" content=\"https:\/\/i0.wp.com\/cenal.gob.ve\/wp-content\/uploads\/2022\/07\/La-biblioteca-del-libertador-portada-RC.jpg?fit=600%2C926&ssl=1\" \/>\n\t<meta property=\"og:image:width\" content=\"600\" \/>\n\t<meta property=\"og:image:height\" content=\"926\" \/>\n\t<meta property=\"og:image:type\" content=\"image\/jpeg\" \/>\n<meta name=\"author\" content=\"Prensa Cenal\" \/>\n<meta name=\"twitter:card\" content=\"summary_large_image\" \/>\n<meta name=\"twitter:label1\" content=\"Written by\" \/>\n\t<meta name=\"twitter:data1\" content=\"Prensa Cenal\" \/>\n\t<meta name=\"twitter:label2\" content=\"Est. reading time\" \/>\n\t<meta name=\"twitter:data2\" content=\"1 minuto\" \/>\n<script type=\"application\/ld+json\" class=\"yoast-schema-graph\">{\"@context\":\"https:\/\/schema.org\",\"@graph\":[{\"@type\":\"Article\",\"@id\":\"https:\/\/cenal.gob.ve\/?p=18531#article\",\"isPartOf\":{\"@id\":\"https:\/\/cenal.gob.ve\/?p=18531\"},\"author\":{\"name\":\"Prensa Cenal\",\"@id\":\"https:\/\/cenal.gob.ve\/#\/schema\/person\/e3ed34623f400ffab8bc7a63b2f5533f\"},\"headline\":\"La biblioteca del Libertador\",\"datePublished\":\"2022-07-24T16:49:18+00:00\",\"dateModified\":\"2022-08-01T15:33:11+00:00\",\"mainEntityOfPage\":{\"@id\":\"https:\/\/cenal.gob.ve\/?p=18531\"},\"wordCount\":255,\"commentCount\":0,\"publisher\":{\"@id\":\"https:\/\/cenal.gob.ve\/#organization\"},\"keywords\":[\"Manuel P\u00e9rez Vila\",\"Sim\u00f3n Bol\u00edvar\"],\"articleSection\":[\"Libros\",\"Plan Nacional de Lectura\"],\"inLanguage\":\"es\",\"potentialAction\":[{\"@type\":\"CommentAction\",\"name\":\"Comment\",\"target\":[\"https:\/\/cenal.gob.ve\/?p=18531#respond\"]}]},{\"@type\":\"WebPage\",\"@id\":\"https:\/\/cenal.gob.ve\/?p=18531\",\"url\":\"https:\/\/cenal.gob.ve\/?p=18531\",\"name\":\"La biblioteca del Libertador\",\"isPartOf\":{\"@id\":\"https:\/\/cenal.gob.ve\/#website\"},\"datePublished\":\"2022-07-24T16:49:18+00:00\",\"dateModified\":\"2022-08-01T15:33:11+00:00\",\"breadcrumb\":{\"@id\":\"https:\/\/cenal.gob.ve\/?p=18531#breadcrumb\"},\"inLanguage\":\"es\",\"potentialAction\":[{\"@type\":\"ReadAction\",\"target\":[\"https:\/\/cenal.gob.ve\/?p=18531\"]}]},{\"@type\":\"BreadcrumbList\",\"@id\":\"https:\/\/cenal.gob.ve\/?p=18531#breadcrumb\",\"itemListElement\":[{\"@type\":\"ListItem\",\"position\":1,\"name\":\"Home\",\"item\":\"https:\/\/cenal.gob.ve\/\"},{\"@type\":\"ListItem\",\"position\":2,\"name\":\"La biblioteca del Libertador\"}]},{\"@type\":\"WebSite\",\"@id\":\"https:\/\/cenal.gob.ve\/#website\",\"url\":\"https:\/\/cenal.gob.ve\/\",\"name\":\"Cenal\",\"description\":\"\",\"publisher\":{\"@id\":\"https:\/\/cenal.gob.ve\/#organization\"},\"potentialAction\":[{\"@type\":\"SearchAction\",\"target\":{\"@type\":\"EntryPoint\",\"urlTemplate\":\"https:\/\/cenal.gob.ve\/?s={search_term_string}\"},\"query-input\":\"required name=search_term_string\"}],\"inLanguage\":\"es\"},{\"@type\":\"Organization\",\"@id\":\"https:\/\/cenal.gob.ve\/#organization\",\"name\":\"CENAL\",\"url\":\"https:\/\/cenal.gob.ve\/\",\"sameAs\":[],\"logo\":{\"@type\":\"ImageObject\",\"inLanguage\":\"es\",\"@id\":\"https:\/\/cenal.gob.ve\/#\/schema\/logo\/image\/\",\"url\":\"https:\/\/i0.wp.com\/cenal.gob.ve\/wp-content\/uploads\/2022\/10\/cropped-images.jpg?fit=512%2C512\",\"contentUrl\":\"https:\/\/i0.wp.com\/cenal.gob.ve\/wp-content\/uploads\/2022\/10\/cropped-images.jpg?fit=512%2C512\",\"width\":512,\"height\":512,\"caption\":\"CENAL\"},\"image\":{\"@id\":\"https:\/\/cenal.gob.ve\/#\/schema\/logo\/image\/\"}},{\"@type\":\"Person\",\"@id\":\"https:\/\/cenal.gob.ve\/#\/schema\/person\/e3ed34623f400ffab8bc7a63b2f5533f\",\"name\":\"Prensa Cenal\",\"image\":{\"@type\":\"ImageObject\",\"inLanguage\":\"es\",\"@id\":\"https:\/\/cenal.gob.ve\/#\/schema\/person\/image\/\",\"url\":\"https:\/\/secure.gravatar.com\/avatar\/594b4ed34090910c619ac3679001d491?s=96&d=mm&r=g\",\"contentUrl\":\"https:\/\/secure.gravatar.com\/avatar\/594b4ed34090910c619ac3679001d491?s=96&d=mm&r=g\",\"caption\":\"Prensa Cenal\"},\"url\":\"https:\/\/cenal.gob.ve\/?author=10\"}]}<\/script>\n<!-- \/ Yoast SEO plugin. -->","yoast_head_json":{"title":"La biblioteca del Libertador","robots":{"index":"index","follow":"follow","max-snippet":"max-snippet:-1","max-image-preview":"max-image-preview:large","max-video-preview":"max-video-preview:-1"},"canonical":"https:\/\/cenal.gob.ve\/?p=18531","og_locale":"es_ES","og_type":"article","og_title":"La biblioteca del Libertador","og_description":"Las lecturas nos preparan para los momentos m\u00e1s dif\u00edciles en nuestras vidas, ciertas son luces que nos se\u00f1alan que las experiencias de otros hombres y mujeres, sus acciones y sus desventuras parecen ser las nuestras, entonces comprendemos que ante la inequidad y la posible derrota, persistir\u00e1 la voluntad como representaci\u00f3n de nuestra existencia. Este es el objetivo de los libros o uno de los tantos, no es sencillo saber cu\u00e1l ser\u00e1 la marca que deja un libro en nosotros.","og_url":"https:\/\/cenal.gob.ve\/?p=18531","og_site_name":"Cenal","article_published_time":"2022-07-24T16:49:18+00:00","article_modified_time":"2022-08-01T15:33:11+00:00","og_image":[{"width":600,"height":926,"url":"https:\/\/i0.wp.com\/cenal.gob.ve\/wp-content\/uploads\/2022\/07\/La-biblioteca-del-libertador-portada-RC.jpg?fit=600%2C926&ssl=1","type":"image\/jpeg"}],"author":"Prensa Cenal","twitter_card":"summary_large_image","twitter_misc":{"Written by":"Prensa Cenal","Est. reading time":"1 minuto"},"schema":{"@context":"https:\/\/schema.org","@graph":[{"@type":"Article","@id":"https:\/\/cenal.gob.ve\/?p=18531#article","isPartOf":{"@id":"https:\/\/cenal.gob.ve\/?p=18531"},"author":{"name":"Prensa Cenal","@id":"https:\/\/cenal.gob.ve\/#\/schema\/person\/e3ed34623f400ffab8bc7a63b2f5533f"},"headline":"La biblioteca del Libertador","datePublished":"2022-07-24T16:49:18+00:00","dateModified":"2022-08-01T15:33:11+00:00","mainEntityOfPage":{"@id":"https:\/\/cenal.gob.ve\/?p=18531"},"wordCount":255,"commentCount":0,"publisher":{"@id":"https:\/\/cenal.gob.ve\/#organization"},"keywords":["Manuel P\u00e9rez Vila","Sim\u00f3n Bol\u00edvar"],"articleSection":["Libros","Plan Nacional de Lectura"],"inLanguage":"es","potentialAction":[{"@type":"CommentAction","name":"Comment","target":["https:\/\/cenal.gob.ve\/?p=18531#respond"]}]},{"@type":"WebPage","@id":"https:\/\/cenal.gob.ve\/?p=18531","url":"https:\/\/cenal.gob.ve\/?p=18531","name":"La biblioteca del Libertador","isPartOf":{"@id":"https:\/\/cenal.gob.ve\/#website"},"datePublished":"2022-07-24T16:49:18+00:00","dateModified":"2022-08-01T15:33:11+00:00","breadcrumb":{"@id":"https:\/\/cenal.gob.ve\/?p=18531#breadcrumb"},"inLanguage":"es","potentialAction":[{"@type":"ReadAction","target":["https:\/\/cenal.gob.ve\/?p=18531"]}]},{"@type":"BreadcrumbList","@id":"https:\/\/cenal.gob.ve\/?p=18531#breadcrumb","itemListElement":[{"@type":"ListItem","position":1,"name":"Home","item":"https:\/\/cenal.gob.ve\/"},{"@type":"ListItem","position":2,"name":"La biblioteca del Libertador"}]},{"@type":"WebSite","@id":"https:\/\/cenal.gob.ve\/#website","url":"https:\/\/cenal.gob.ve\/","name":"Cenal","description":"","publisher":{"@id":"https:\/\/cenal.gob.ve\/#organization"},"potentialAction":[{"@type":"SearchAction","target":{"@type":"EntryPoint","urlTemplate":"https:\/\/cenal.gob.ve\/?s={search_term_string}"},"query-input":"required name=search_term_string"}],"inLanguage":"es"},{"@type":"Organization","@id":"https:\/\/cenal.gob.ve\/#organization","name":"CENAL","url":"https:\/\/cenal.gob.ve\/","sameAs":[],"logo":{"@type":"ImageObject","inLanguage":"es","@id":"https:\/\/cenal.gob.ve\/#\/schema\/logo\/image\/","url":"https:\/\/i0.wp.com\/cenal.gob.ve\/wp-content\/uploads\/2022\/10\/cropped-images.jpg?fit=512%2C512","contentUrl":"https:\/\/i0.wp.com\/cenal.gob.ve\/wp-content\/uploads\/2022\/10\/cropped-images.jpg?fit=512%2C512","width":512,"height":512,"caption":"CENAL"},"image":{"@id":"https:\/\/cenal.gob.ve\/#\/schema\/logo\/image\/"}},{"@type":"Person","@id":"https:\/\/cenal.gob.ve\/#\/schema\/person\/e3ed34623f400ffab8bc7a63b2f5533f","name":"Prensa Cenal","image":{"@type":"ImageObject","inLanguage":"es","@id":"https:\/\/cenal.gob.ve\/#\/schema\/person\/image\/","url":"https:\/\/secure.gravatar.com\/avatar\/594b4ed34090910c619ac3679001d491?s=96&d=mm&r=g","contentUrl":"https:\/\/secure.gravatar.com\/avatar\/594b4ed34090910c619ac3679001d491?s=96&d=mm&r=g","caption":"Prensa Cenal"},"url":"https:\/\/cenal.gob.ve\/?author=10"}]}},"jetpack_featured_media_url":"https:\/\/cenal.gob.ve\/wp-content\/uploads\/2022\/07\/La-biblioteca-del-libertador-portada-RC.jpg","jetpack_publicize_connections":[],"jetpack_shortlink":"https:\/\/wp.me\/p5FMhp-4OT","_links":{"self":[{"href":"https:\/\/cenal.gob.ve\/index.php?rest_route=\/wp\/v2\/posts\/18531"}],"collection":[{"href":"https:\/\/cenal.gob.ve\/index.php?rest_route=\/wp\/v2\/posts"}],"about":[{"href":"https:\/\/cenal.gob.ve\/index.php?rest_route=\/wp\/v2\/types\/post"}],"author":[{"embeddable":true,"href":"https:\/\/cenal.gob.ve\/index.php?rest_route=\/wp\/v2\/users\/10"}],"replies":[{"embeddable":true,"href":"https:\/\/cenal.gob.ve\/index.php?rest_route=%2Fwp%2Fv2%2Fcomments&post=18531"}],"version-history":[{"count":5,"href":"https:\/\/cenal.gob.ve\/index.php?rest_route=\/wp\/v2\/posts\/18531\/revisions"}],"predecessor-version":[{"id":18541,"href":"https:\/\/cenal.gob.ve\/index.php?rest_route=\/wp\/v2\/posts\/18531\/revisions\/18541"}],"wp:featuredmedia":[{"embeddable":true,"href":"https:\/\/cenal.gob.ve\/index.php?rest_route=\/wp\/v2\/media\/18532"}],"wp:attachment":[{"href":"https:\/\/cenal.gob.ve\/index.php?rest_route=%2Fwp%2Fv2%2Fmedia&parent=18531"}],"wp:term":[{"taxonomy":"category","embeddable":true,"href":"https:\/\/cenal.gob.ve\/index.php?rest_route=%2Fwp%2Fv2%2Fcategories&post=18531"},{"taxonomy":"post_tag","embeddable":true,"href":"https:\/\/cenal.gob.ve\/index.php?rest_route=%2Fwp%2Fv2%2Ftags&post=18531"}],"curies":[{"name":"wp","href":"https:\/\/api.w.org\/{rel}","templated":true}]}}