{"id":18842,"date":"2022-08-18T12:45:39","date_gmt":"2022-08-18T16:45:39","guid":{"rendered":"http:\/\/cenal.gob.ve\/?p=18842"},"modified":"2022-08-24T11:49:11","modified_gmt":"2022-08-24T15:49:11","slug":"venezuela-su-imagen-desvelada","status":"publish","type":"post","link":"https:\/\/cenal.gob.ve\/?p=18842","title":{"rendered":"Venezuela, su imagen desvelada"},"content":{"rendered":"\n<p>\u201c\u00bfQu\u00e9 somos, en cuanto pa\u00eds? \u00bfDe d\u00f3nde venimos, y ad\u00f3nde vamos, en cuanto pueblo? \u00bfSomos, acaso, almas esclavas, que no saben adquirir una libertad propia, rescatando su dignidad de a\u00f1ejas servidumbres? \u00bfQu\u00e9 significan las palabras: colonialismo, colonizaci\u00f3n, colonia, coloniaje?\u201d Estas son algunas de las dudas que el autor despeja,&nbsp;<em>heterodoxamente<\/em>, desde una posici\u00f3n pol\u00edtica comprometida con la transformaci\u00f3n revolucionaria&nbsp;<em>no euroc\u00e9ntrica y Bolivariana<\/em>&nbsp;de la sociedad venezolana y latinoamericana, con lo que se adelanta m\u00e1s de cuarenta a\u00f1os al punto de vista conocido&nbsp;hoy&nbsp;como&nbsp;Modernidad\/Colonialidad. Un libro irreverente desde el comienzo hasta el final, porque cuando se public\u00f3, 1969, predominaba en Am\u00e9rica Latina el marxismo-leninismo sovi\u00e9tico y cualquier intento de alterar esa interpretaci\u00f3n era considerado herej\u00eda y tratado como tal. El autor rompi\u00f3 radicalmente con aquel dogma y construy\u00f3 una&nbsp;Filosof\u00eda de la Historia latinoamericanista, basada en el pensamiento de&nbsp;Sim\u00f3n Bol\u00edvar&nbsp;y en la&nbsp;integraci\u00f3n de tres conceptos aislados en las teor\u00edas marxistas de su momento: imperialismo, comercialismo (capitalismo) y colonialismo. Esta trilog\u00eda en el enfoque y el n\u00facleo radical bolivariano, le permite construir un nuevo concepto para diagnosticar nuestra realidad societaria:&nbsp;<em>Coloniaje<\/em>. Un concepto original que opone al de&nbsp;neocolonialismo&nbsp;para iluminar nuestra peculiar realidad como pa\u00eds y que despliega en toda su potencia comprensiva en su libro magno, titulado&nbsp;<em>El coloniaje<\/em>.<\/p>\n\n\n\n<p><strong>Edgar Gabald\u00f3n M\u00e1rquez<\/strong>. Pol\u00edtico, escritor, periodista, editor y combatiente revolucionario en los a\u00f1os sesenta. Naci\u00f3 en Bocon\u00f3, Trujillo, en 1921. Sus estudios sobre el coloniaje y el imperialismo han sido un valioso aporte en la historia de las ideas y para comprender el desarrollo hist\u00f3rico latinoamericano. Muri\u00f3 en Ciudad de M\u00e9xico en el a\u00f1o 2000. Entre sus obras se cuentan: <em>El M\u00e9xico virreinal y la sublevaci\u00f3n de Caracas<\/em>, <em>1810 <\/em>(1971); <em>El coloniaje, la formaci\u00f3n societaria de nuestro continente <\/em>(1976); <em>Bol\u00edvar en la canciller\u00eda mexicana <\/em>(1983) y <em>Por el camino de Chimiro, con la brigada de los r\u00edos y las filas <\/em>(2007).<\/p>\n\n\n\n<p><strong>Edgar Gabald\u00f3n M\u00e1rquez<\/strong><br><strong><em>Venezuela, su imagen desvelada<br><\/em><\/strong>Colecci\u00f3n Bicentenario Carabobo 103<br>305 pp<br>ISBN 978-980-440-090-2<\/p>\n","protected":false},"excerpt":{"rendered":"<p>\u201c\u00bfQu\u00e9 somos, en cuanto pa\u00eds? \u00bfDe d\u00f3nde venimos, y ad\u00f3nde vamos, en cuanto pueblo? \u00bfSomos, acaso, almas esclavas, que no saben adquirir una libertad propia, rescatando su dignidad de a\u00f1ejas [&hellip;]<\/p>\n","protected":false},"author":10,"featured_media":18925,"comment_status":"open","ping_status":"closed","sticky":false,"template":"","format":"standard","meta":{"spay_email":"","jetpack_publicize_message":"","jetpack_is_tweetstorm":false,"jetpack_publicize_feature_enabled":true},"categories":[93,55],"tags":[164],"yoast_head":"<!-- This site is optimized with the Yoast SEO plugin v19.8 - https:\/\/yoast.com\/wordpress\/plugins\/seo\/ -->\n<title>Venezuela, su imagen desvelada<\/title>\n<meta name=\"robots\" content=\"index, follow, max-snippet:-1, max-image-preview:large, max-video-preview:-1\" \/>\n<link rel=\"canonical\" href=\"https:\/\/cenal.gob.ve\/?p=18842\" \/>\n<meta property=\"og:locale\" content=\"es_ES\" \/>\n<meta property=\"og:type\" content=\"article\" \/>\n<meta property=\"og:title\" content=\"Venezuela, su imagen desvelada\" \/>\n<meta property=\"og:description\" content=\"\u201c\u00bfQu\u00e9 somos, en cuanto pa\u00eds? \u00bfDe d\u00f3nde venimos, y ad\u00f3nde vamos, en cuanto pueblo? \u00bfSomos, acaso, almas esclavas, que no saben adquirir una libertad propia, rescatando su dignidad de a\u00f1ejas [&hellip;]\" \/>\n<meta property=\"og:url\" content=\"https:\/\/cenal.gob.ve\/?p=18842\" \/>\n<meta property=\"og:site_name\" content=\"Cenal\" \/>\n<meta property=\"article:published_time\" content=\"2022-08-18T16:45:39+00:00\" \/>\n<meta property=\"article:modified_time\" content=\"2022-08-24T15:49:11+00:00\" \/>\n<meta property=\"og:image\" content=\"https:\/\/i0.wp.com\/cenal.gob.ve\/wp-content\/uploads\/2022\/08\/Venezuela-su-imagen-desvelada-optimizada.jpg?fit=300%2C441&ssl=1\" \/>\n\t<meta property=\"og:image:width\" content=\"300\" \/>\n\t<meta property=\"og:image:height\" content=\"441\" \/>\n\t<meta property=\"og:image:type\" content=\"image\/jpeg\" \/>\n<meta name=\"author\" content=\"Prensa Cenal\" \/>\n<meta name=\"twitter:card\" content=\"summary_large_image\" \/>\n<meta name=\"twitter:label1\" content=\"Written by\" \/>\n\t<meta name=\"twitter:data1\" content=\"Prensa Cenal\" \/>\n\t<meta name=\"twitter:label2\" content=\"Est. reading time\" \/>\n\t<meta name=\"twitter:data2\" content=\"2 minutos\" \/>\n<script type=\"application\/ld+json\" class=\"yoast-schema-graph\">{\"@context\":\"https:\/\/schema.org\",\"@graph\":[{\"@type\":\"Article\",\"@id\":\"https:\/\/cenal.gob.ve\/?p=18842#article\",\"isPartOf\":{\"@id\":\"https:\/\/cenal.gob.ve\/?p=18842\"},\"author\":{\"name\":\"Prensa Cenal\",\"@id\":\"https:\/\/cenal.gob.ve\/#\/schema\/person\/e3ed34623f400ffab8bc7a63b2f5533f\"},\"headline\":\"Venezuela, su imagen desvelada\",\"datePublished\":\"2022-08-18T16:45:39+00:00\",\"dateModified\":\"2022-08-24T15:49:11+00:00\",\"mainEntityOfPage\":{\"@id\":\"https:\/\/cenal.gob.ve\/?p=18842\"},\"wordCount\":379,\"commentCount\":0,\"publisher\":{\"@id\":\"https:\/\/cenal.gob.ve\/#organization\"},\"keywords\":[\"Edgar Gabald\u00f3n M\u00e1rquez\"],\"articleSection\":[\"Bicentenario Carabobo\",\"Libros\"],\"inLanguage\":\"es\",\"potentialAction\":[{\"@type\":\"CommentAction\",\"name\":\"Comment\",\"target\":[\"https:\/\/cenal.gob.ve\/?p=18842#respond\"]}]},{\"@type\":\"WebPage\",\"@id\":\"https:\/\/cenal.gob.ve\/?p=18842\",\"url\":\"https:\/\/cenal.gob.ve\/?p=18842\",\"name\":\"Venezuela, su imagen desvelada\",\"isPartOf\":{\"@id\":\"https:\/\/cenal.gob.ve\/#website\"},\"datePublished\":\"2022-08-18T16:45:39+00:00\",\"dateModified\":\"2022-08-24T15:49:11+00:00\",\"breadcrumb\":{\"@id\":\"https:\/\/cenal.gob.ve\/?p=18842#breadcrumb\"},\"inLanguage\":\"es\",\"potentialAction\":[{\"@type\":\"ReadAction\",\"target\":[\"https:\/\/cenal.gob.ve\/?p=18842\"]}]},{\"@type\":\"BreadcrumbList\",\"@id\":\"https:\/\/cenal.gob.ve\/?p=18842#breadcrumb\",\"itemListElement\":[{\"@type\":\"ListItem\",\"position\":1,\"name\":\"Home\",\"item\":\"https:\/\/cenal.gob.ve\/\"},{\"@type\":\"ListItem\",\"position\":2,\"name\":\"Venezuela, su imagen desvelada\"}]},{\"@type\":\"WebSite\",\"@id\":\"https:\/\/cenal.gob.ve\/#website\",\"url\":\"https:\/\/cenal.gob.ve\/\",\"name\":\"Cenal\",\"description\":\"\",\"publisher\":{\"@id\":\"https:\/\/cenal.gob.ve\/#organization\"},\"potentialAction\":[{\"@type\":\"SearchAction\",\"target\":{\"@type\":\"EntryPoint\",\"urlTemplate\":\"https:\/\/cenal.gob.ve\/?s={search_term_string}\"},\"query-input\":\"required name=search_term_string\"}],\"inLanguage\":\"es\"},{\"@type\":\"Organization\",\"@id\":\"https:\/\/cenal.gob.ve\/#organization\",\"name\":\"CENAL\",\"url\":\"https:\/\/cenal.gob.ve\/\",\"sameAs\":[],\"logo\":{\"@type\":\"ImageObject\",\"inLanguage\":\"es\",\"@id\":\"https:\/\/cenal.gob.ve\/#\/schema\/logo\/image\/\",\"url\":\"https:\/\/i0.wp.com\/cenal.gob.ve\/wp-content\/uploads\/2022\/10\/cropped-images.jpg?fit=512%2C512\",\"contentUrl\":\"https:\/\/i0.wp.com\/cenal.gob.ve\/wp-content\/uploads\/2022\/10\/cropped-images.jpg?fit=512%2C512\",\"width\":512,\"height\":512,\"caption\":\"CENAL\"},\"image\":{\"@id\":\"https:\/\/cenal.gob.ve\/#\/schema\/logo\/image\/\"}},{\"@type\":\"Person\",\"@id\":\"https:\/\/cenal.gob.ve\/#\/schema\/person\/e3ed34623f400ffab8bc7a63b2f5533f\",\"name\":\"Prensa Cenal\",\"image\":{\"@type\":\"ImageObject\",\"inLanguage\":\"es\",\"@id\":\"https:\/\/cenal.gob.ve\/#\/schema\/person\/image\/\",\"url\":\"https:\/\/secure.gravatar.com\/avatar\/594b4ed34090910c619ac3679001d491?s=96&d=mm&r=g\",\"contentUrl\":\"https:\/\/secure.gravatar.com\/avatar\/594b4ed34090910c619ac3679001d491?s=96&d=mm&r=g\",\"caption\":\"Prensa Cenal\"},\"url\":\"https:\/\/cenal.gob.ve\/?author=10\"}]}<\/script>\n<!-- \/ Yoast SEO plugin. -->","yoast_head_json":{"title":"Venezuela, su imagen desvelada","robots":{"index":"index","follow":"follow","max-snippet":"max-snippet:-1","max-image-preview":"max-image-preview:large","max-video-preview":"max-video-preview:-1"},"canonical":"https:\/\/cenal.gob.ve\/?p=18842","og_locale":"es_ES","og_type":"article","og_title":"Venezuela, su imagen desvelada","og_description":"\u201c\u00bfQu\u00e9 somos, en cuanto pa\u00eds? \u00bfDe d\u00f3nde venimos, y ad\u00f3nde vamos, en cuanto pueblo? \u00bfSomos, acaso, almas esclavas, que no saben adquirir una libertad propia, rescatando su dignidad de a\u00f1ejas [&hellip;]","og_url":"https:\/\/cenal.gob.ve\/?p=18842","og_site_name":"Cenal","article_published_time":"2022-08-18T16:45:39+00:00","article_modified_time":"2022-08-24T15:49:11+00:00","og_image":[{"width":300,"height":441,"url":"https:\/\/i0.wp.com\/cenal.gob.ve\/wp-content\/uploads\/2022\/08\/Venezuela-su-imagen-desvelada-optimizada.jpg?fit=300%2C441&ssl=1","type":"image\/jpeg"}],"author":"Prensa Cenal","twitter_card":"summary_large_image","twitter_misc":{"Written by":"Prensa Cenal","Est. reading time":"2 minutos"},"schema":{"@context":"https:\/\/schema.org","@graph":[{"@type":"Article","@id":"https:\/\/cenal.gob.ve\/?p=18842#article","isPartOf":{"@id":"https:\/\/cenal.gob.ve\/?p=18842"},"author":{"name":"Prensa Cenal","@id":"https:\/\/cenal.gob.ve\/#\/schema\/person\/e3ed34623f400ffab8bc7a63b2f5533f"},"headline":"Venezuela, su imagen desvelada","datePublished":"2022-08-18T16:45:39+00:00","dateModified":"2022-08-24T15:49:11+00:00","mainEntityOfPage":{"@id":"https:\/\/cenal.gob.ve\/?p=18842"},"wordCount":379,"commentCount":0,"publisher":{"@id":"https:\/\/cenal.gob.ve\/#organization"},"keywords":["Edgar Gabald\u00f3n M\u00e1rquez"],"articleSection":["Bicentenario Carabobo","Libros"],"inLanguage":"es","potentialAction":[{"@type":"CommentAction","name":"Comment","target":["https:\/\/cenal.gob.ve\/?p=18842#respond"]}]},{"@type":"WebPage","@id":"https:\/\/cenal.gob.ve\/?p=18842","url":"https:\/\/cenal.gob.ve\/?p=18842","name":"Venezuela, su imagen desvelada","isPartOf":{"@id":"https:\/\/cenal.gob.ve\/#website"},"datePublished":"2022-08-18T16:45:39+00:00","dateModified":"2022-08-24T15:49:11+00:00","breadcrumb":{"@id":"https:\/\/cenal.gob.ve\/?p=18842#breadcrumb"},"inLanguage":"es","potentialAction":[{"@type":"ReadAction","target":["https:\/\/cenal.gob.ve\/?p=18842"]}]},{"@type":"BreadcrumbList","@id":"https:\/\/cenal.gob.ve\/?p=18842#breadcrumb","itemListElement":[{"@type":"ListItem","position":1,"name":"Home","item":"https:\/\/cenal.gob.ve\/"},{"@type":"ListItem","position":2,"name":"Venezuela, su imagen desvelada"}]},{"@type":"WebSite","@id":"https:\/\/cenal.gob.ve\/#website","url":"https:\/\/cenal.gob.ve\/","name":"Cenal","description":"","publisher":{"@id":"https:\/\/cenal.gob.ve\/#organization"},"potentialAction":[{"@type":"SearchAction","target":{"@type":"EntryPoint","urlTemplate":"https:\/\/cenal.gob.ve\/?s={search_term_string}"},"query-input":"required name=search_term_string"}],"inLanguage":"es"},{"@type":"Organization","@id":"https:\/\/cenal.gob.ve\/#organization","name":"CENAL","url":"https:\/\/cenal.gob.ve\/","sameAs":[],"logo":{"@type":"ImageObject","inLanguage":"es","@id":"https:\/\/cenal.gob.ve\/#\/schema\/logo\/image\/","url":"https:\/\/i0.wp.com\/cenal.gob.ve\/wp-content\/uploads\/2022\/10\/cropped-images.jpg?fit=512%2C512","contentUrl":"https:\/\/i0.wp.com\/cenal.gob.ve\/wp-content\/uploads\/2022\/10\/cropped-images.jpg?fit=512%2C512","width":512,"height":512,"caption":"CENAL"},"image":{"@id":"https:\/\/cenal.gob.ve\/#\/schema\/logo\/image\/"}},{"@type":"Person","@id":"https:\/\/cenal.gob.ve\/#\/schema\/person\/e3ed34623f400ffab8bc7a63b2f5533f","name":"Prensa Cenal","image":{"@type":"ImageObject","inLanguage":"es","@id":"https:\/\/cenal.gob.ve\/#\/schema\/person\/image\/","url":"https:\/\/secure.gravatar.com\/avatar\/594b4ed34090910c619ac3679001d491?s=96&d=mm&r=g","contentUrl":"https:\/\/secure.gravatar.com\/avatar\/594b4ed34090910c619ac3679001d491?s=96&d=mm&r=g","caption":"Prensa Cenal"},"url":"https:\/\/cenal.gob.ve\/?author=10"}]}},"jetpack_featured_media_url":"https:\/\/cenal.gob.ve\/wp-content\/uploads\/2022\/08\/Venezuela-su-imagen-desvelada-optimizada.jpg","jetpack_publicize_connections":[],"jetpack_shortlink":"https:\/\/wp.me\/p5FMhp-4TU","_links":{"self":[{"href":"https:\/\/cenal.gob.ve\/index.php?rest_route=\/wp\/v2\/posts\/18842"}],"collection":[{"href":"https:\/\/cenal.gob.ve\/index.php?rest_route=\/wp\/v2\/posts"}],"about":[{"href":"https:\/\/cenal.gob.ve\/index.php?rest_route=\/wp\/v2\/types\/post"}],"author":[{"embeddable":true,"href":"https:\/\/cenal.gob.ve\/index.php?rest_route=\/wp\/v2\/users\/10"}],"replies":[{"embeddable":true,"href":"https:\/\/cenal.gob.ve\/index.php?rest_route=%2Fwp%2Fv2%2Fcomments&post=18842"}],"version-history":[{"count":10,"href":"https:\/\/cenal.gob.ve\/index.php?rest_route=\/wp\/v2\/posts\/18842\/revisions"}],"predecessor-version":[{"id":18942,"href":"https:\/\/cenal.gob.ve\/index.php?rest_route=\/wp\/v2\/posts\/18842\/revisions\/18942"}],"wp:featuredmedia":[{"embeddable":true,"href":"https:\/\/cenal.gob.ve\/index.php?rest_route=\/wp\/v2\/media\/18925"}],"wp:attachment":[{"href":"https:\/\/cenal.gob.ve\/index.php?rest_route=%2Fwp%2Fv2%2Fmedia&parent=18842"}],"wp:term":[{"taxonomy":"category","embeddable":true,"href":"https:\/\/cenal.gob.ve\/index.php?rest_route=%2Fwp%2Fv2%2Fcategories&post=18842"},{"taxonomy":"post_tag","embeddable":true,"href":"https:\/\/cenal.gob.ve\/index.php?rest_route=%2Fwp%2Fv2%2Ftags&post=18842"}],"curies":[{"name":"wp","href":"https:\/\/api.w.org\/{rel}","templated":true}]}}