{"id":18988,"date":"2022-09-05T16:13:17","date_gmt":"2022-09-05T20:13:17","guid":{"rendered":"http:\/\/cenal.gob.ve\/?p=18988"},"modified":"2022-09-05T18:27:58","modified_gmt":"2022-09-05T22:27:58","slug":"abierta-i-bienal-nacional-de-literatura-para-premiar-mejor-ensayo-teatral","status":"publish","type":"post","link":"https:\/\/cenal.gob.ve\/?p=18988","title":{"rendered":"Abierta I Bienal Nacional de Literatura para premiar mejor\u00a0Ensayo teatral"},"content":{"rendered":"\n<p>El Ministerio del Poder Popular para la Cultura, a trav\u00e9s de la Compa\u00f1\u00eda Nacional de Teatro (CNT) y el Centro Nacional del Libro (Cenal), anunci\u00f3 la conversi\u00f3n a Bienal del Concurso de Ensayos sobre Teatro, denomin\u00e1ndose I Bienal Nacional de Literatura C\u00e9sar Rengifo, menci\u00f3n Ensayo teatral.<\/p>\n\n\n\n<p>La convocatoria del Concurso de Ensayos sobre Teatro, ahora I Bienal Nacional de Literatura C\u00e9sar Rengifo, menci\u00f3n Ensayo Teatral, abri\u00f3 el pasado 22 de mayo y se extender\u00e1 hasta el 15 de octubre de 2022.<\/p>\n\n\n\n<p>El premio consiste en un pago \u00fanico en met\u00e1lico de Bs 15.000 para cada categor\u00eda a considerarse, diploma y la publicaci\u00f3n del ensayo en formato impreso y\/o digital de circulaci\u00f3n libre.<\/p>\n\n\n\n<p>De acuerdo con las <a href=\"http:\/\/cenal.gob.ve\/?page_id=18980\">BASES<\/a>, esta Bienal Nacional de Literatura tiene como objetivo general fomentar la construcci\u00f3n de conocimientos y saberes vinculados al teatro, en dos categor\u00edas: Ensayo Acad\u00e9mico y Ensayo Literario.<\/p>\n\n\n\n<p>Estas categor\u00edas estar\u00e1n enmarcadas bajo las siguientes l\u00edneas tem\u00e1ticas: Discursos est\u00e9ticos y aportes te\u00f3ricos; Creaci\u00f3n teatral, sus pr\u00e1cticas art\u00edsticas; El cuerpo como sujeto de la acci\u00f3n teatral; Formaci\u00f3n, aprendizajes y di\u00e1logos de saberes; Gesti\u00f3n, consumo y econom\u00eda teatral; Diversidad y acci\u00f3n integrativa; Historia del Teatro; Teatro y acci\u00f3n social.<\/p>\n\n\n\n<p>Pueden participar creadores, investigadores, gestores culturales individuales, de instituciones u organizaciones teatrales o disciplinas afines, docentes y estudiantes universitarios venezolanos (dentro y fuera del pa\u00eds) y extranjeros (extranjeros residenciados en el pa\u00eds) que presenten, en un solo ensayo escrito (in\u00e9dito y original) de su sola autor\u00eda y en una de las dos categor\u00edas (acad\u00e9mica o literaria), aportes anal\u00edticos sobre el teatro desde los procesos art\u00edsticos, acad\u00e9micos y de gesti\u00f3n cultural en su relaci\u00f3n multidisciplinaria, desde ocho grandes l\u00edneas tem\u00e1ticas.<\/p>\n\n\n\n<p><strong>Homenaje a figuras del teatro<\/strong><\/p>\n\n\n\n<p>Cada edici\u00f3n de la Bienal Nacional de Literatura Menci\u00f3n Ensayo Teatral se celebrar\u00e1 en homenaje a una destacada personalidad del teatro venezolano.<\/p>\n\n\n\n<p>Esta figura ser\u00e1 a su vez el motivo monogr\u00e1fico en la celebraci\u00f3n del D\u00eda Nacional del Teatro de ese a\u00f1o.<\/p>\n\n\n\n<p>Lee tambi\u00e9n: <a href=\"http:\/\/cenal.gob.ve\/?p=18976\">Premio de Dramaturgia Apacuana pasa a ser Bienal y se extiende hasta el 15 de octubre<\/a><\/p>\n","protected":false},"excerpt":{"rendered":"<p>El Ministerio del Poder Popular para la Cultura, a trav\u00e9s de la Compa\u00f1\u00eda Nacional de Teatro (CNT) y el Centro Nacional del Libro (Cenal), anunci\u00f3 la conversi\u00f3n a Bienal del [&hellip;]<\/p>\n","protected":false},"author":10,"featured_media":18985,"comment_status":"open","ping_status":"closed","sticky":false,"template":"","format":"standard","meta":{"spay_email":"","jetpack_publicize_message":"","jetpack_is_tweetstorm":false,"jetpack_publicize_feature_enabled":true},"categories":[19,2,29,1],"tags":[],"yoast_head":"<!-- This site is optimized with the Yoast SEO plugin v19.8 - https:\/\/yoast.com\/wordpress\/plugins\/seo\/ -->\n<title>Abierta I Bienal Nacional de Literatura para premiar mejor\u00a0Ensayo teatral<\/title>\n<meta name=\"robots\" content=\"index, follow, max-snippet:-1, max-image-preview:large, max-video-preview:-1\" \/>\n<link rel=\"canonical\" href=\"https:\/\/cenal.gob.ve\/?p=18988\" \/>\n<meta property=\"og:locale\" content=\"es_ES\" \/>\n<meta property=\"og:type\" content=\"article\" \/>\n<meta property=\"og:title\" content=\"Abierta I Bienal Nacional de Literatura para premiar mejor\u00a0Ensayo teatral\" \/>\n<meta property=\"og:description\" content=\"El Ministerio del Poder Popular para la Cultura, a trav\u00e9s de la Compa\u00f1\u00eda Nacional de Teatro (CNT) y el Centro Nacional del Libro (Cenal), anunci\u00f3 la conversi\u00f3n a Bienal del [&hellip;]\" \/>\n<meta property=\"og:url\" content=\"https:\/\/cenal.gob.ve\/?p=18988\" \/>\n<meta property=\"og:site_name\" content=\"Cenal\" \/>\n<meta property=\"article:published_time\" content=\"2022-09-05T20:13:17+00:00\" \/>\n<meta property=\"article:modified_time\" content=\"2022-09-05T22:27:58+00:00\" \/>\n<meta property=\"og:image\" content=\"https:\/\/i0.wp.com\/cenal.gob.ve\/wp-content\/uploads\/2022\/09\/1662405890891.jpg?fit=1200%2C668&ssl=1\" \/>\n\t<meta property=\"og:image:width\" content=\"1200\" \/>\n\t<meta property=\"og:image:height\" content=\"668\" \/>\n\t<meta property=\"og:image:type\" content=\"image\/jpeg\" \/>\n<meta name=\"author\" content=\"Prensa Cenal\" \/>\n<meta name=\"twitter:card\" content=\"summary_large_image\" \/>\n<meta name=\"twitter:label1\" content=\"Written by\" \/>\n\t<meta name=\"twitter:data1\" content=\"Prensa Cenal\" \/>\n\t<meta name=\"twitter:label2\" content=\"Est. reading time\" \/>\n\t<meta name=\"twitter:data2\" content=\"2 minutos\" \/>\n<script type=\"application\/ld+json\" class=\"yoast-schema-graph\">{\"@context\":\"https:\/\/schema.org\",\"@graph\":[{\"@type\":\"Article\",\"@id\":\"https:\/\/cenal.gob.ve\/?p=18988#article\",\"isPartOf\":{\"@id\":\"https:\/\/cenal.gob.ve\/?p=18988\"},\"author\":{\"name\":\"Prensa Cenal\",\"@id\":\"https:\/\/cenal.gob.ve\/#\/schema\/person\/e3ed34623f400ffab8bc7a63b2f5533f\"},\"headline\":\"Abierta I Bienal Nacional de Literatura para premiar mejor\u00a0Ensayo teatral\",\"datePublished\":\"2022-09-05T20:13:17+00:00\",\"dateModified\":\"2022-09-05T22:27:58+00:00\",\"mainEntityOfPage\":{\"@id\":\"https:\/\/cenal.gob.ve\/?p=18988\"},\"wordCount\":395,\"commentCount\":0,\"publisher\":{\"@id\":\"https:\/\/cenal.gob.ve\/#organization\"},\"articleSection\":[\"Bienales\",\"Cenal\",\"Convocatorias\",\"Sin categoria\"],\"inLanguage\":\"es\",\"potentialAction\":[{\"@type\":\"CommentAction\",\"name\":\"Comment\",\"target\":[\"https:\/\/cenal.gob.ve\/?p=18988#respond\"]}]},{\"@type\":\"WebPage\",\"@id\":\"https:\/\/cenal.gob.ve\/?p=18988\",\"url\":\"https:\/\/cenal.gob.ve\/?p=18988\",\"name\":\"Abierta I Bienal Nacional de Literatura para premiar mejor\u00a0Ensayo teatral\",\"isPartOf\":{\"@id\":\"https:\/\/cenal.gob.ve\/#website\"},\"datePublished\":\"2022-09-05T20:13:17+00:00\",\"dateModified\":\"2022-09-05T22:27:58+00:00\",\"breadcrumb\":{\"@id\":\"https:\/\/cenal.gob.ve\/?p=18988#breadcrumb\"},\"inLanguage\":\"es\",\"potentialAction\":[{\"@type\":\"ReadAction\",\"target\":[\"https:\/\/cenal.gob.ve\/?p=18988\"]}]},{\"@type\":\"BreadcrumbList\",\"@id\":\"https:\/\/cenal.gob.ve\/?p=18988#breadcrumb\",\"itemListElement\":[{\"@type\":\"ListItem\",\"position\":1,\"name\":\"Home\",\"item\":\"https:\/\/cenal.gob.ve\/\"},{\"@type\":\"ListItem\",\"position\":2,\"name\":\"Abierta I Bienal Nacional de Literatura para premiar mejor\u00a0Ensayo teatral\"}]},{\"@type\":\"WebSite\",\"@id\":\"https:\/\/cenal.gob.ve\/#website\",\"url\":\"https:\/\/cenal.gob.ve\/\",\"name\":\"Cenal\",\"description\":\"\",\"publisher\":{\"@id\":\"https:\/\/cenal.gob.ve\/#organization\"},\"potentialAction\":[{\"@type\":\"SearchAction\",\"target\":{\"@type\":\"EntryPoint\",\"urlTemplate\":\"https:\/\/cenal.gob.ve\/?s={search_term_string}\"},\"query-input\":\"required name=search_term_string\"}],\"inLanguage\":\"es\"},{\"@type\":\"Organization\",\"@id\":\"https:\/\/cenal.gob.ve\/#organization\",\"name\":\"CENAL\",\"url\":\"https:\/\/cenal.gob.ve\/\",\"sameAs\":[],\"logo\":{\"@type\":\"ImageObject\",\"inLanguage\":\"es\",\"@id\":\"https:\/\/cenal.gob.ve\/#\/schema\/logo\/image\/\",\"url\":\"https:\/\/i0.wp.com\/cenal.gob.ve\/wp-content\/uploads\/2022\/10\/cropped-images.jpg?fit=512%2C512\",\"contentUrl\":\"https:\/\/i0.wp.com\/cenal.gob.ve\/wp-content\/uploads\/2022\/10\/cropped-images.jpg?fit=512%2C512\",\"width\":512,\"height\":512,\"caption\":\"CENAL\"},\"image\":{\"@id\":\"https:\/\/cenal.gob.ve\/#\/schema\/logo\/image\/\"}},{\"@type\":\"Person\",\"@id\":\"https:\/\/cenal.gob.ve\/#\/schema\/person\/e3ed34623f400ffab8bc7a63b2f5533f\",\"name\":\"Prensa Cenal\",\"image\":{\"@type\":\"ImageObject\",\"inLanguage\":\"es\",\"@id\":\"https:\/\/cenal.gob.ve\/#\/schema\/person\/image\/\",\"url\":\"https:\/\/secure.gravatar.com\/avatar\/594b4ed34090910c619ac3679001d491?s=96&d=mm&r=g\",\"contentUrl\":\"https:\/\/secure.gravatar.com\/avatar\/594b4ed34090910c619ac3679001d491?s=96&d=mm&r=g\",\"caption\":\"Prensa Cenal\"},\"url\":\"https:\/\/cenal.gob.ve\/?author=10\"}]}<\/script>\n<!-- \/ Yoast SEO plugin. -->","yoast_head_json":{"title":"Abierta I Bienal Nacional de Literatura para premiar mejor\u00a0Ensayo teatral","robots":{"index":"index","follow":"follow","max-snippet":"max-snippet:-1","max-image-preview":"max-image-preview:large","max-video-preview":"max-video-preview:-1"},"canonical":"https:\/\/cenal.gob.ve\/?p=18988","og_locale":"es_ES","og_type":"article","og_title":"Abierta I Bienal Nacional de Literatura para premiar mejor\u00a0Ensayo teatral","og_description":"El Ministerio del Poder Popular para la Cultura, a trav\u00e9s de la Compa\u00f1\u00eda Nacional de Teatro (CNT) y el Centro Nacional del Libro (Cenal), anunci\u00f3 la conversi\u00f3n a Bienal del [&hellip;]","og_url":"https:\/\/cenal.gob.ve\/?p=18988","og_site_name":"Cenal","article_published_time":"2022-09-05T20:13:17+00:00","article_modified_time":"2022-09-05T22:27:58+00:00","og_image":[{"width":1200,"height":668,"url":"https:\/\/i0.wp.com\/cenal.gob.ve\/wp-content\/uploads\/2022\/09\/1662405890891.jpg?fit=1200%2C668&ssl=1","type":"image\/jpeg"}],"author":"Prensa Cenal","twitter_card":"summary_large_image","twitter_misc":{"Written by":"Prensa Cenal","Est. reading time":"2 minutos"},"schema":{"@context":"https:\/\/schema.org","@graph":[{"@type":"Article","@id":"https:\/\/cenal.gob.ve\/?p=18988#article","isPartOf":{"@id":"https:\/\/cenal.gob.ve\/?p=18988"},"author":{"name":"Prensa Cenal","@id":"https:\/\/cenal.gob.ve\/#\/schema\/person\/e3ed34623f400ffab8bc7a63b2f5533f"},"headline":"Abierta I Bienal Nacional de Literatura para premiar mejor\u00a0Ensayo teatral","datePublished":"2022-09-05T20:13:17+00:00","dateModified":"2022-09-05T22:27:58+00:00","mainEntityOfPage":{"@id":"https:\/\/cenal.gob.ve\/?p=18988"},"wordCount":395,"commentCount":0,"publisher":{"@id":"https:\/\/cenal.gob.ve\/#organization"},"articleSection":["Bienales","Cenal","Convocatorias","Sin categoria"],"inLanguage":"es","potentialAction":[{"@type":"CommentAction","name":"Comment","target":["https:\/\/cenal.gob.ve\/?p=18988#respond"]}]},{"@type":"WebPage","@id":"https:\/\/cenal.gob.ve\/?p=18988","url":"https:\/\/cenal.gob.ve\/?p=18988","name":"Abierta I Bienal Nacional de Literatura para premiar mejor\u00a0Ensayo teatral","isPartOf":{"@id":"https:\/\/cenal.gob.ve\/#website"},"datePublished":"2022-09-05T20:13:17+00:00","dateModified":"2022-09-05T22:27:58+00:00","breadcrumb":{"@id":"https:\/\/cenal.gob.ve\/?p=18988#breadcrumb"},"inLanguage":"es","potentialAction":[{"@type":"ReadAction","target":["https:\/\/cenal.gob.ve\/?p=18988"]}]},{"@type":"BreadcrumbList","@id":"https:\/\/cenal.gob.ve\/?p=18988#breadcrumb","itemListElement":[{"@type":"ListItem","position":1,"name":"Home","item":"https:\/\/cenal.gob.ve\/"},{"@type":"ListItem","position":2,"name":"Abierta I Bienal Nacional de Literatura para premiar mejor\u00a0Ensayo teatral"}]},{"@type":"WebSite","@id":"https:\/\/cenal.gob.ve\/#website","url":"https:\/\/cenal.gob.ve\/","name":"Cenal","description":"","publisher":{"@id":"https:\/\/cenal.gob.ve\/#organization"},"potentialAction":[{"@type":"SearchAction","target":{"@type":"EntryPoint","urlTemplate":"https:\/\/cenal.gob.ve\/?s={search_term_string}"},"query-input":"required name=search_term_string"}],"inLanguage":"es"},{"@type":"Organization","@id":"https:\/\/cenal.gob.ve\/#organization","name":"CENAL","url":"https:\/\/cenal.gob.ve\/","sameAs":[],"logo":{"@type":"ImageObject","inLanguage":"es","@id":"https:\/\/cenal.gob.ve\/#\/schema\/logo\/image\/","url":"https:\/\/i0.wp.com\/cenal.gob.ve\/wp-content\/uploads\/2022\/10\/cropped-images.jpg?fit=512%2C512","contentUrl":"https:\/\/i0.wp.com\/cenal.gob.ve\/wp-content\/uploads\/2022\/10\/cropped-images.jpg?fit=512%2C512","width":512,"height":512,"caption":"CENAL"},"image":{"@id":"https:\/\/cenal.gob.ve\/#\/schema\/logo\/image\/"}},{"@type":"Person","@id":"https:\/\/cenal.gob.ve\/#\/schema\/person\/e3ed34623f400ffab8bc7a63b2f5533f","name":"Prensa Cenal","image":{"@type":"ImageObject","inLanguage":"es","@id":"https:\/\/cenal.gob.ve\/#\/schema\/person\/image\/","url":"https:\/\/secure.gravatar.com\/avatar\/594b4ed34090910c619ac3679001d491?s=96&d=mm&r=g","contentUrl":"https:\/\/secure.gravatar.com\/avatar\/594b4ed34090910c619ac3679001d491?s=96&d=mm&r=g","caption":"Prensa Cenal"},"url":"https:\/\/cenal.gob.ve\/?author=10"}]}},"jetpack_featured_media_url":"https:\/\/cenal.gob.ve\/wp-content\/uploads\/2022\/09\/1662405890891.jpg","jetpack_publicize_connections":[],"jetpack_shortlink":"https:\/\/wp.me\/p5FMhp-4Wg","_links":{"self":[{"href":"https:\/\/cenal.gob.ve\/index.php?rest_route=\/wp\/v2\/posts\/18988"}],"collection":[{"href":"https:\/\/cenal.gob.ve\/index.php?rest_route=\/wp\/v2\/posts"}],"about":[{"href":"https:\/\/cenal.gob.ve\/index.php?rest_route=\/wp\/v2\/types\/post"}],"author":[{"embeddable":true,"href":"https:\/\/cenal.gob.ve\/index.php?rest_route=\/wp\/v2\/users\/10"}],"replies":[{"embeddable":true,"href":"https:\/\/cenal.gob.ve\/index.php?rest_route=%2Fwp%2Fv2%2Fcomments&post=18988"}],"version-history":[{"count":5,"href":"https:\/\/cenal.gob.ve\/index.php?rest_route=\/wp\/v2\/posts\/18988\/revisions"}],"predecessor-version":[{"id":19006,"href":"https:\/\/cenal.gob.ve\/index.php?rest_route=\/wp\/v2\/posts\/18988\/revisions\/19006"}],"wp:featuredmedia":[{"embeddable":true,"href":"https:\/\/cenal.gob.ve\/index.php?rest_route=\/wp\/v2\/media\/18985"}],"wp:attachment":[{"href":"https:\/\/cenal.gob.ve\/index.php?rest_route=%2Fwp%2Fv2%2Fmedia&parent=18988"}],"wp:term":[{"taxonomy":"category","embeddable":true,"href":"https:\/\/cenal.gob.ve\/index.php?rest_route=%2Fwp%2Fv2%2Fcategories&post=18988"},{"taxonomy":"post_tag","embeddable":true,"href":"https:\/\/cenal.gob.ve\/index.php?rest_route=%2Fwp%2Fv2%2Ftags&post=18988"}],"curies":[{"name":"wp","href":"https:\/\/api.w.org\/{rel}","templated":true}]}}