{"id":19037,"date":"2022-09-20T12:27:50","date_gmt":"2022-09-20T16:27:50","guid":{"rendered":"http:\/\/cenal.gob.ve\/?p=19037"},"modified":"2022-09-20T12:27:55","modified_gmt":"2022-09-20T16:27:55","slug":"acuerdos-del-encuentro-binacional-de-poetas-de-venezuela-y-colombia","status":"publish","type":"post","link":"https:\/\/cenal.gob.ve\/?p=19037","title":{"rendered":"Acuerdos del Encuentro Binacional de Poetas de Venezuela y Colombia"},"content":{"rendered":"\n<p>Las delegaciones de poetas de Colombia y Venezuela, reunidas en C\u00facuta y San Crist\u00f3bal el 17 y 18 de septiembre de 2022, expresan su absoluto respaldo al proceso de restablecimiento de relaciones plenas, seguras y duraderas entre los gobiernos de ambos pa\u00edses, y nuestro compromiso sincero de contribuir a la integraci\u00f3n cultural profunda entre nuestras naciones por la paz y el cuidado responsable del planeta.<\/p>\n\n\n\n<p>El Encuentro Binacional de Poetas de Colombia y Venezuela es consciente del gran impacto que ejerce en el pre\u00e1mbulo de la apertura de la frontera y de la dimensi\u00f3n social y humana, sustantiva que ha suscitado.<\/p>\n\n\n\n<figure class=\"wp-block-gallery has-nested-images columns-default is-cropped\">\n<figure class=\"wp-block-image size-large\"><img width=\"768\" height=\"512\" data-id=\"19038\"  src=\"http:\/\/cenal.gob.ve\/wp-content\/uploads\/2022\/09\/declaracion-de-cucuta-768x512-1.jpg\" alt=\"\" class=\"wp-image-19038\" srcset=\"https:\/\/cenal.gob.ve\/wp-content\/uploads\/2022\/09\/declaracion-de-cucuta-768x512-1.jpg 768w, https:\/\/cenal.gob.ve\/wp-content\/uploads\/2022\/09\/declaracion-de-cucuta-768x512-1-300x200.jpg 300w, https:\/\/cenal.gob.ve\/wp-content\/uploads\/2022\/09\/declaracion-de-cucuta-768x512-1-640x427.jpg 640w\" sizes=\"(max-width: 768px) 100vw, 768px\" \/><\/figure>\n<\/figure>\n\n\n\n<p>Hemos decidido constituirnos como equipo promotor para producir el proyecto cultural \u201cFronteras de paz, fronteras de vida\u201d, que tribute, desde la experiencia po\u00e9tica, a la integraci\u00f3n del pueblo colombo-venezolano, que haga seguimiento a los acuerdos y se articule con los planes de los Ministerios de Cultura de ambos pa\u00edses.<\/p>\n\n\n\n<figure class=\"wp-block-gallery has-nested-images columns-default is-cropped\">\n<figure class=\"wp-block-image size-large\"><img width=\"768\" height=\"512\" data-id=\"19039\"  src=\"http:\/\/cenal.gob.ve\/wp-content\/uploads\/2022\/09\/30cb730c-0814-42f1-8fda-f55c5d4639ea-768x512-1.jpg\" alt=\"\" class=\"wp-image-19039\" srcset=\"https:\/\/cenal.gob.ve\/wp-content\/uploads\/2022\/09\/30cb730c-0814-42f1-8fda-f55c5d4639ea-768x512-1.jpg 768w, https:\/\/cenal.gob.ve\/wp-content\/uploads\/2022\/09\/30cb730c-0814-42f1-8fda-f55c5d4639ea-768x512-1-300x200.jpg 300w, https:\/\/cenal.gob.ve\/wp-content\/uploads\/2022\/09\/30cb730c-0814-42f1-8fda-f55c5d4639ea-768x512-1-640x427.jpg 640w\" sizes=\"(max-width: 768px) 100vw, 768px\" \/><\/figure>\n<\/figure>\n\n\n\n<p>Queremos desplegar juntos una vigorosa propuesta para promover la paz y la convivencia, desde la interculturalidad, la memoria local y los imaginarios binacionales presentes en los territorios, por medio de la creaci\u00f3n po\u00e9tica (escrita y oral), la promoci\u00f3n del libro y la lectura, la formaci\u00f3n, la publicaci\u00f3n y difusi\u00f3n, la investigaci\u00f3n, los encuentros po\u00e9ticos y literarios, y los espacios de comunicaci\u00f3n, de cara a esta nueva etapa de integraci\u00f3n binacional.<\/p>\n\n\n\n<p>Nos comprometemos a crear de manera persistente crecientes espacios de di\u00e1logo, para ampliar las perspectivas de unidad espiritual en la diversidad cultural, repudiando cualquier nuevo intento de separar a nuestros pueblos.<\/p>\n\n\n\n<p>La poes\u00eda ser\u00e1 el lenguaje y el signo de los nuevos tiempos y del destino de nuestros pa\u00edses que fueron uno y volver\u00e1n a ser uno.<\/p>\n\n\n\n<p><strong>T : Prensa MPPC y F: Armando Franco<\/strong><\/p>\n","protected":false},"excerpt":{"rendered":"<p>Las delegaciones de poetas de Colombia y Venezuela, reunidas en C\u00facuta y San Crist\u00f3bal el 17 y 18 de septiembre de 2022, expresan su absoluto respaldo al proceso de restablecimiento [&hellip;]<\/p>\n","protected":false},"author":10,"featured_media":19040,"comment_status":"open","ping_status":"closed","sticky":false,"template":"","format":"standard","meta":{"spay_email":"","jetpack_publicize_message":"","jetpack_is_tweetstorm":false,"jetpack_publicize_feature_enabled":true},"categories":[2],"tags":[],"yoast_head":"<!-- This site is optimized with the Yoast SEO plugin v19.8 - https:\/\/yoast.com\/wordpress\/plugins\/seo\/ -->\n<title>Acuerdos del Encuentro Binacional de Poetas de Venezuela y Colombia<\/title>\n<meta name=\"robots\" content=\"index, follow, max-snippet:-1, max-image-preview:large, max-video-preview:-1\" \/>\n<link rel=\"canonical\" href=\"https:\/\/cenal.gob.ve\/?p=19037\" \/>\n<meta property=\"og:locale\" content=\"es_ES\" \/>\n<meta property=\"og:type\" content=\"article\" \/>\n<meta property=\"og:title\" content=\"Acuerdos del Encuentro Binacional de Poetas de Venezuela y Colombia\" \/>\n<meta property=\"og:description\" content=\"Las delegaciones de poetas de Colombia y Venezuela, reunidas en C\u00facuta y San Crist\u00f3bal el 17 y 18 de septiembre de 2022, expresan su absoluto respaldo al proceso de restablecimiento [&hellip;]\" \/>\n<meta property=\"og:url\" content=\"https:\/\/cenal.gob.ve\/?p=19037\" \/>\n<meta property=\"og:site_name\" content=\"Cenal\" \/>\n<meta property=\"article:published_time\" content=\"2022-09-20T16:27:50+00:00\" \/>\n<meta property=\"article:modified_time\" content=\"2022-09-20T16:27:55+00:00\" \/>\n<meta property=\"og:image\" content=\"https:\/\/i0.wp.com\/cenal.gob.ve\/wp-content\/uploads\/2022\/09\/POETAS.jpg?fit=1200%2C680&ssl=1\" \/>\n\t<meta property=\"og:image:width\" content=\"1200\" \/>\n\t<meta property=\"og:image:height\" content=\"680\" \/>\n\t<meta property=\"og:image:type\" content=\"image\/jpeg\" \/>\n<meta name=\"author\" content=\"Prensa Cenal\" \/>\n<meta name=\"twitter:card\" content=\"summary_large_image\" \/>\n<meta name=\"twitter:label1\" content=\"Written by\" \/>\n\t<meta name=\"twitter:data1\" content=\"Prensa Cenal\" \/>\n\t<meta name=\"twitter:label2\" content=\"Est. reading time\" \/>\n\t<meta name=\"twitter:data2\" content=\"2 minutos\" \/>\n<script type=\"application\/ld+json\" class=\"yoast-schema-graph\">{\"@context\":\"https:\/\/schema.org\",\"@graph\":[{\"@type\":\"Article\",\"@id\":\"https:\/\/cenal.gob.ve\/?p=19037#article\",\"isPartOf\":{\"@id\":\"https:\/\/cenal.gob.ve\/?p=19037\"},\"author\":{\"name\":\"Prensa Cenal\",\"@id\":\"https:\/\/cenal.gob.ve\/#\/schema\/person\/e3ed34623f400ffab8bc7a63b2f5533f\"},\"headline\":\"Acuerdos del Encuentro Binacional de Poetas de Venezuela y Colombia\",\"datePublished\":\"2022-09-20T16:27:50+00:00\",\"dateModified\":\"2022-09-20T16:27:55+00:00\",\"mainEntityOfPage\":{\"@id\":\"https:\/\/cenal.gob.ve\/?p=19037\"},\"wordCount\":314,\"commentCount\":0,\"publisher\":{\"@id\":\"https:\/\/cenal.gob.ve\/#organization\"},\"articleSection\":[\"Cenal\"],\"inLanguage\":\"es\",\"potentialAction\":[{\"@type\":\"CommentAction\",\"name\":\"Comment\",\"target\":[\"https:\/\/cenal.gob.ve\/?p=19037#respond\"]}]},{\"@type\":\"WebPage\",\"@id\":\"https:\/\/cenal.gob.ve\/?p=19037\",\"url\":\"https:\/\/cenal.gob.ve\/?p=19037\",\"name\":\"Acuerdos del Encuentro Binacional de Poetas de Venezuela y Colombia\",\"isPartOf\":{\"@id\":\"https:\/\/cenal.gob.ve\/#website\"},\"datePublished\":\"2022-09-20T16:27:50+00:00\",\"dateModified\":\"2022-09-20T16:27:55+00:00\",\"breadcrumb\":{\"@id\":\"https:\/\/cenal.gob.ve\/?p=19037#breadcrumb\"},\"inLanguage\":\"es\",\"potentialAction\":[{\"@type\":\"ReadAction\",\"target\":[\"https:\/\/cenal.gob.ve\/?p=19037\"]}]},{\"@type\":\"BreadcrumbList\",\"@id\":\"https:\/\/cenal.gob.ve\/?p=19037#breadcrumb\",\"itemListElement\":[{\"@type\":\"ListItem\",\"position\":1,\"name\":\"Home\",\"item\":\"https:\/\/cenal.gob.ve\/\"},{\"@type\":\"ListItem\",\"position\":2,\"name\":\"Acuerdos del Encuentro Binacional de Poetas de Venezuela y Colombia\"}]},{\"@type\":\"WebSite\",\"@id\":\"https:\/\/cenal.gob.ve\/#website\",\"url\":\"https:\/\/cenal.gob.ve\/\",\"name\":\"Cenal\",\"description\":\"\",\"publisher\":{\"@id\":\"https:\/\/cenal.gob.ve\/#organization\"},\"potentialAction\":[{\"@type\":\"SearchAction\",\"target\":{\"@type\":\"EntryPoint\",\"urlTemplate\":\"https:\/\/cenal.gob.ve\/?s={search_term_string}\"},\"query-input\":\"required name=search_term_string\"}],\"inLanguage\":\"es\"},{\"@type\":\"Organization\",\"@id\":\"https:\/\/cenal.gob.ve\/#organization\",\"name\":\"CENAL\",\"url\":\"https:\/\/cenal.gob.ve\/\",\"sameAs\":[],\"logo\":{\"@type\":\"ImageObject\",\"inLanguage\":\"es\",\"@id\":\"https:\/\/cenal.gob.ve\/#\/schema\/logo\/image\/\",\"url\":\"https:\/\/i0.wp.com\/cenal.gob.ve\/wp-content\/uploads\/2022\/10\/cropped-images.jpg?fit=512%2C512\",\"contentUrl\":\"https:\/\/i0.wp.com\/cenal.gob.ve\/wp-content\/uploads\/2022\/10\/cropped-images.jpg?fit=512%2C512\",\"width\":512,\"height\":512,\"caption\":\"CENAL\"},\"image\":{\"@id\":\"https:\/\/cenal.gob.ve\/#\/schema\/logo\/image\/\"}},{\"@type\":\"Person\",\"@id\":\"https:\/\/cenal.gob.ve\/#\/schema\/person\/e3ed34623f400ffab8bc7a63b2f5533f\",\"name\":\"Prensa Cenal\",\"image\":{\"@type\":\"ImageObject\",\"inLanguage\":\"es\",\"@id\":\"https:\/\/cenal.gob.ve\/#\/schema\/person\/image\/\",\"url\":\"https:\/\/secure.gravatar.com\/avatar\/594b4ed34090910c619ac3679001d491?s=96&d=mm&r=g\",\"contentUrl\":\"https:\/\/secure.gravatar.com\/avatar\/594b4ed34090910c619ac3679001d491?s=96&d=mm&r=g\",\"caption\":\"Prensa Cenal\"},\"url\":\"https:\/\/cenal.gob.ve\/?author=10\"}]}<\/script>\n<!-- \/ Yoast SEO plugin. -->","yoast_head_json":{"title":"Acuerdos del Encuentro Binacional de Poetas de Venezuela y Colombia","robots":{"index":"index","follow":"follow","max-snippet":"max-snippet:-1","max-image-preview":"max-image-preview:large","max-video-preview":"max-video-preview:-1"},"canonical":"https:\/\/cenal.gob.ve\/?p=19037","og_locale":"es_ES","og_type":"article","og_title":"Acuerdos del Encuentro Binacional de Poetas de Venezuela y Colombia","og_description":"Las delegaciones de poetas de Colombia y Venezuela, reunidas en C\u00facuta y San Crist\u00f3bal el 17 y 18 de septiembre de 2022, expresan su absoluto respaldo al proceso de restablecimiento [&hellip;]","og_url":"https:\/\/cenal.gob.ve\/?p=19037","og_site_name":"Cenal","article_published_time":"2022-09-20T16:27:50+00:00","article_modified_time":"2022-09-20T16:27:55+00:00","og_image":[{"width":1200,"height":680,"url":"https:\/\/i0.wp.com\/cenal.gob.ve\/wp-content\/uploads\/2022\/09\/POETAS.jpg?fit=1200%2C680&ssl=1","type":"image\/jpeg"}],"author":"Prensa Cenal","twitter_card":"summary_large_image","twitter_misc":{"Written by":"Prensa Cenal","Est. reading time":"2 minutos"},"schema":{"@context":"https:\/\/schema.org","@graph":[{"@type":"Article","@id":"https:\/\/cenal.gob.ve\/?p=19037#article","isPartOf":{"@id":"https:\/\/cenal.gob.ve\/?p=19037"},"author":{"name":"Prensa Cenal","@id":"https:\/\/cenal.gob.ve\/#\/schema\/person\/e3ed34623f400ffab8bc7a63b2f5533f"},"headline":"Acuerdos del Encuentro Binacional de Poetas de Venezuela y Colombia","datePublished":"2022-09-20T16:27:50+00:00","dateModified":"2022-09-20T16:27:55+00:00","mainEntityOfPage":{"@id":"https:\/\/cenal.gob.ve\/?p=19037"},"wordCount":314,"commentCount":0,"publisher":{"@id":"https:\/\/cenal.gob.ve\/#organization"},"articleSection":["Cenal"],"inLanguage":"es","potentialAction":[{"@type":"CommentAction","name":"Comment","target":["https:\/\/cenal.gob.ve\/?p=19037#respond"]}]},{"@type":"WebPage","@id":"https:\/\/cenal.gob.ve\/?p=19037","url":"https:\/\/cenal.gob.ve\/?p=19037","name":"Acuerdos del Encuentro Binacional de Poetas de Venezuela y Colombia","isPartOf":{"@id":"https:\/\/cenal.gob.ve\/#website"},"datePublished":"2022-09-20T16:27:50+00:00","dateModified":"2022-09-20T16:27:55+00:00","breadcrumb":{"@id":"https:\/\/cenal.gob.ve\/?p=19037#breadcrumb"},"inLanguage":"es","potentialAction":[{"@type":"ReadAction","target":["https:\/\/cenal.gob.ve\/?p=19037"]}]},{"@type":"BreadcrumbList","@id":"https:\/\/cenal.gob.ve\/?p=19037#breadcrumb","itemListElement":[{"@type":"ListItem","position":1,"name":"Home","item":"https:\/\/cenal.gob.ve\/"},{"@type":"ListItem","position":2,"name":"Acuerdos del Encuentro Binacional de Poetas de Venezuela y Colombia"}]},{"@type":"WebSite","@id":"https:\/\/cenal.gob.ve\/#website","url":"https:\/\/cenal.gob.ve\/","name":"Cenal","description":"","publisher":{"@id":"https:\/\/cenal.gob.ve\/#organization"},"potentialAction":[{"@type":"SearchAction","target":{"@type":"EntryPoint","urlTemplate":"https:\/\/cenal.gob.ve\/?s={search_term_string}"},"query-input":"required name=search_term_string"}],"inLanguage":"es"},{"@type":"Organization","@id":"https:\/\/cenal.gob.ve\/#organization","name":"CENAL","url":"https:\/\/cenal.gob.ve\/","sameAs":[],"logo":{"@type":"ImageObject","inLanguage":"es","@id":"https:\/\/cenal.gob.ve\/#\/schema\/logo\/image\/","url":"https:\/\/i0.wp.com\/cenal.gob.ve\/wp-content\/uploads\/2022\/10\/cropped-images.jpg?fit=512%2C512","contentUrl":"https:\/\/i0.wp.com\/cenal.gob.ve\/wp-content\/uploads\/2022\/10\/cropped-images.jpg?fit=512%2C512","width":512,"height":512,"caption":"CENAL"},"image":{"@id":"https:\/\/cenal.gob.ve\/#\/schema\/logo\/image\/"}},{"@type":"Person","@id":"https:\/\/cenal.gob.ve\/#\/schema\/person\/e3ed34623f400ffab8bc7a63b2f5533f","name":"Prensa Cenal","image":{"@type":"ImageObject","inLanguage":"es","@id":"https:\/\/cenal.gob.ve\/#\/schema\/person\/image\/","url":"https:\/\/secure.gravatar.com\/avatar\/594b4ed34090910c619ac3679001d491?s=96&d=mm&r=g","contentUrl":"https:\/\/secure.gravatar.com\/avatar\/594b4ed34090910c619ac3679001d491?s=96&d=mm&r=g","caption":"Prensa Cenal"},"url":"https:\/\/cenal.gob.ve\/?author=10"}]}},"jetpack_featured_media_url":"https:\/\/cenal.gob.ve\/wp-content\/uploads\/2022\/09\/POETAS.jpg","jetpack_publicize_connections":[],"jetpack_shortlink":"https:\/\/wp.me\/p5FMhp-4X3","_links":{"self":[{"href":"https:\/\/cenal.gob.ve\/index.php?rest_route=\/wp\/v2\/posts\/19037"}],"collection":[{"href":"https:\/\/cenal.gob.ve\/index.php?rest_route=\/wp\/v2\/posts"}],"about":[{"href":"https:\/\/cenal.gob.ve\/index.php?rest_route=\/wp\/v2\/types\/post"}],"author":[{"embeddable":true,"href":"https:\/\/cenal.gob.ve\/index.php?rest_route=\/wp\/v2\/users\/10"}],"replies":[{"embeddable":true,"href":"https:\/\/cenal.gob.ve\/index.php?rest_route=%2Fwp%2Fv2%2Fcomments&post=19037"}],"version-history":[{"count":1,"href":"https:\/\/cenal.gob.ve\/index.php?rest_route=\/wp\/v2\/posts\/19037\/revisions"}],"predecessor-version":[{"id":19041,"href":"https:\/\/cenal.gob.ve\/index.php?rest_route=\/wp\/v2\/posts\/19037\/revisions\/19041"}],"wp:featuredmedia":[{"embeddable":true,"href":"https:\/\/cenal.gob.ve\/index.php?rest_route=\/wp\/v2\/media\/19040"}],"wp:attachment":[{"href":"https:\/\/cenal.gob.ve\/index.php?rest_route=%2Fwp%2Fv2%2Fmedia&parent=19037"}],"wp:term":[{"taxonomy":"category","embeddable":true,"href":"https:\/\/cenal.gob.ve\/index.php?rest_route=%2Fwp%2Fv2%2Fcategories&post=19037"},{"taxonomy":"post_tag","embeddable":true,"href":"https:\/\/cenal.gob.ve\/index.php?rest_route=%2Fwp%2Fv2%2Ftags&post=19037"}],"curies":[{"name":"wp","href":"https:\/\/api.w.org\/{rel}","templated":true}]}}