{"id":19219,"date":"2022-10-30T14:12:21","date_gmt":"2022-10-30T18:12:21","guid":{"rendered":"http:\/\/cenal.gob.ve\/?p=19219"},"modified":"2022-10-30T14:12:23","modified_gmt":"2022-10-30T18:12:23","slug":"la-tienda-de-munecos-2","status":"publish","type":"post","link":"https:\/\/cenal.gob.ve\/?p=19219","title":{"rendered":"La tienda de mu\u00f1ecos"},"content":{"rendered":"\n<p>Esta selecci\u00f3n de cuentos de Julio Garmendia, publicada en 1927, es considerada la obra fundadora de la narrativa moderna venezolana al introducir el tratamiento de lo fant\u00e1stico con juegos verbales, el absurdo y la iron\u00eda, como proyecci\u00f3n de un sujeto escindido y la creaci\u00f3n de un mundo donde hay un trastocamiento l\u00f3gico de la realidad. En narraciones como \u201cLa realidad circundante\u201d, la expresi\u00f3n se va hacia lo oratorio, y que en \u201cEl cuento ficticio\u201d sirve para exponer de forma magistral las encrucijadas de la ficci\u00f3n, en un ejercicio metaliterario por dem\u00e1s inusitado. \u201cEl alma\u201d es un relato que propone al diablo como un personaje caracter\u00edstico, un maestro campechano, de buen humor, afable, a quien en un giro pol\u00e9mico representa como s\u00edmbolo de la curiosidad y la rebeld\u00eda, es decir, le otorga cualidades profundamente humanas. \u201cLa tienda de mu\u00f1ecos\u201d, p\u00f3rtico de este volumen y que le da nombre, expone no solo una cr\u00edtica a las jerarqu\u00edas, sino la inminencia de la muerte. Garmendia fue un cr\u00edtico de su contexto hist\u00f3rico social, para \u00e9l lo fant\u00e1stico inaugura otro mundo posible a partir de una autorreflexi\u00f3n y una profunda conciencia de la realidad.<\/p>\n\n\n\n<p><strong>Julio Garmendia<\/strong>\u00a0Escritor nacido en El Tocuyo, Lara, en 1898, considerado el iniciador del relato moderno en Venezuela. Ejerci\u00f3 cargos diplom\u00e1ticos, entre ellos, el de c\u00f3nsul de Venezuela en G\u00e9nova. Colabor\u00f3 con publicaciones peri\u00f3dicas como\u00a0<em>El Heraldo<\/em>,\u00a0<em>Fantoches\u00a0<\/em>y\u00a0<em>Billiken<\/em>. Antes de su muerte en Caracas, en 1977, dej\u00f3 publicada una obra breve pero significativa:\u00a0<em>La tienda de mu\u00f1ecos<\/em>\u00a0y\u00a0<em>La Tuna de Oro<\/em>. Tras su muerte fueron publicadas:\u00a0<em>La hoja que no hab\u00eda ca\u00eddo en su oto\u00f1o<\/em>,\u00a0<em>La m\u00e1quina de hacer \u00a1pu! \u00a1pu! \u00a1puuu!<\/em>\u00a0y\u00a0<em>El m\u00e9dico de los muertos<\/em>.<\/p>\n\n\n\n<p><strong>Julio Garmendia<\/strong><br><strong><em>La tienda de mu\u00f1ecos<\/em><\/strong><br>Colecci\u00f3n Bicentenario Carabobo 123<br><em>ISBN 978-980-7301-94-7<\/em><br>84 pp.<\/p>\n\n\n\n<p><\/p>\n","protected":false},"excerpt":{"rendered":"<p>Esta selecci\u00f3n de cuentos de Julio Garmendia, publicada en 1927, es considerada la obra fundadora de la narrativa moderna venezolana al introducir el tratamiento de lo fant\u00e1stico con juegos verbales, [&hellip;]<\/p>\n","protected":false},"author":10,"featured_media":19223,"comment_status":"open","ping_status":"closed","sticky":false,"template":"","format":"standard","meta":{"spay_email":"","jetpack_publicize_message":"","jetpack_is_tweetstorm":false,"jetpack_publicize_feature_enabled":true},"categories":[93,55],"tags":[],"yoast_head":"<!-- This site is optimized with the Yoast SEO plugin v19.8 - https:\/\/yoast.com\/wordpress\/plugins\/seo\/ -->\n<title>La tienda de mu\u00f1ecos<\/title>\n<meta name=\"robots\" content=\"index, follow, max-snippet:-1, max-image-preview:large, max-video-preview:-1\" \/>\n<link rel=\"canonical\" href=\"https:\/\/cenal.gob.ve\/?p=19219\" \/>\n<meta property=\"og:locale\" content=\"es_ES\" \/>\n<meta property=\"og:type\" content=\"article\" \/>\n<meta property=\"og:title\" content=\"La tienda de mu\u00f1ecos\" \/>\n<meta property=\"og:description\" content=\"Esta selecci\u00f3n de cuentos de Julio Garmendia, publicada en 1927, es considerada la obra fundadora de la narrativa moderna venezolana al introducir el tratamiento de lo fant\u00e1stico con juegos verbales, [&hellip;]\" \/>\n<meta property=\"og:url\" content=\"https:\/\/cenal.gob.ve\/?p=19219\" \/>\n<meta property=\"og:site_name\" content=\"Cenal\" \/>\n<meta property=\"article:published_time\" content=\"2022-10-30T18:12:21+00:00\" \/>\n<meta property=\"article:modified_time\" content=\"2022-10-30T18:12:23+00:00\" \/>\n<meta property=\"og:image\" content=\"https:\/\/i0.wp.com\/cenal.gob.ve\/wp-content\/uploads\/2022\/10\/Julio-Garmendia-La-tienda-de-munecos.png?fit=433%2C634&ssl=1\" \/>\n\t<meta property=\"og:image:width\" content=\"433\" \/>\n\t<meta property=\"og:image:height\" content=\"634\" \/>\n\t<meta property=\"og:image:type\" content=\"image\/png\" \/>\n<meta name=\"author\" content=\"Prensa Cenal\" \/>\n<meta name=\"twitter:card\" content=\"summary_large_image\" \/>\n<meta name=\"twitter:label1\" content=\"Written by\" \/>\n\t<meta name=\"twitter:data1\" content=\"Prensa Cenal\" \/>\n\t<meta name=\"twitter:label2\" content=\"Est. reading time\" \/>\n\t<meta name=\"twitter:data2\" content=\"2 minutos\" \/>\n<script type=\"application\/ld+json\" class=\"yoast-schema-graph\">{\"@context\":\"https:\/\/schema.org\",\"@graph\":[{\"@type\":\"Article\",\"@id\":\"https:\/\/cenal.gob.ve\/?p=19219#article\",\"isPartOf\":{\"@id\":\"https:\/\/cenal.gob.ve\/?p=19219\"},\"author\":{\"name\":\"Prensa Cenal\",\"@id\":\"https:\/\/cenal.gob.ve\/#\/schema\/person\/e3ed34623f400ffab8bc7a63b2f5533f\"},\"headline\":\"La tienda de mu\u00f1ecos\",\"datePublished\":\"2022-10-30T18:12:21+00:00\",\"dateModified\":\"2022-10-30T18:12:23+00:00\",\"mainEntityOfPage\":{\"@id\":\"https:\/\/cenal.gob.ve\/?p=19219\"},\"wordCount\":329,\"commentCount\":0,\"publisher\":{\"@id\":\"https:\/\/cenal.gob.ve\/#organization\"},\"articleSection\":[\"Bicentenario Carabobo\",\"Libros\"],\"inLanguage\":\"es\",\"potentialAction\":[{\"@type\":\"CommentAction\",\"name\":\"Comment\",\"target\":[\"https:\/\/cenal.gob.ve\/?p=19219#respond\"]}]},{\"@type\":\"WebPage\",\"@id\":\"https:\/\/cenal.gob.ve\/?p=19219\",\"url\":\"https:\/\/cenal.gob.ve\/?p=19219\",\"name\":\"La tienda de mu\u00f1ecos\",\"isPartOf\":{\"@id\":\"https:\/\/cenal.gob.ve\/#website\"},\"datePublished\":\"2022-10-30T18:12:21+00:00\",\"dateModified\":\"2022-10-30T18:12:23+00:00\",\"breadcrumb\":{\"@id\":\"https:\/\/cenal.gob.ve\/?p=19219#breadcrumb\"},\"inLanguage\":\"es\",\"potentialAction\":[{\"@type\":\"ReadAction\",\"target\":[\"https:\/\/cenal.gob.ve\/?p=19219\"]}]},{\"@type\":\"BreadcrumbList\",\"@id\":\"https:\/\/cenal.gob.ve\/?p=19219#breadcrumb\",\"itemListElement\":[{\"@type\":\"ListItem\",\"position\":1,\"name\":\"Home\",\"item\":\"https:\/\/cenal.gob.ve\/\"},{\"@type\":\"ListItem\",\"position\":2,\"name\":\"La tienda de mu\u00f1ecos\"}]},{\"@type\":\"WebSite\",\"@id\":\"https:\/\/cenal.gob.ve\/#website\",\"url\":\"https:\/\/cenal.gob.ve\/\",\"name\":\"Cenal\",\"description\":\"\",\"publisher\":{\"@id\":\"https:\/\/cenal.gob.ve\/#organization\"},\"potentialAction\":[{\"@type\":\"SearchAction\",\"target\":{\"@type\":\"EntryPoint\",\"urlTemplate\":\"https:\/\/cenal.gob.ve\/?s={search_term_string}\"},\"query-input\":\"required name=search_term_string\"}],\"inLanguage\":\"es\"},{\"@type\":\"Organization\",\"@id\":\"https:\/\/cenal.gob.ve\/#organization\",\"name\":\"CENAL\",\"url\":\"https:\/\/cenal.gob.ve\/\",\"sameAs\":[],\"logo\":{\"@type\":\"ImageObject\",\"inLanguage\":\"es\",\"@id\":\"https:\/\/cenal.gob.ve\/#\/schema\/logo\/image\/\",\"url\":\"https:\/\/i0.wp.com\/cenal.gob.ve\/wp-content\/uploads\/2022\/10\/cropped-images.jpg?fit=512%2C512\",\"contentUrl\":\"https:\/\/i0.wp.com\/cenal.gob.ve\/wp-content\/uploads\/2022\/10\/cropped-images.jpg?fit=512%2C512\",\"width\":512,\"height\":512,\"caption\":\"CENAL\"},\"image\":{\"@id\":\"https:\/\/cenal.gob.ve\/#\/schema\/logo\/image\/\"}},{\"@type\":\"Person\",\"@id\":\"https:\/\/cenal.gob.ve\/#\/schema\/person\/e3ed34623f400ffab8bc7a63b2f5533f\",\"name\":\"Prensa Cenal\",\"image\":{\"@type\":\"ImageObject\",\"inLanguage\":\"es\",\"@id\":\"https:\/\/cenal.gob.ve\/#\/schema\/person\/image\/\",\"url\":\"https:\/\/secure.gravatar.com\/avatar\/594b4ed34090910c619ac3679001d491?s=96&d=mm&r=g\",\"contentUrl\":\"https:\/\/secure.gravatar.com\/avatar\/594b4ed34090910c619ac3679001d491?s=96&d=mm&r=g\",\"caption\":\"Prensa Cenal\"},\"url\":\"https:\/\/cenal.gob.ve\/?author=10\"}]}<\/script>\n<!-- \/ Yoast SEO plugin. -->","yoast_head_json":{"title":"La tienda de mu\u00f1ecos","robots":{"index":"index","follow":"follow","max-snippet":"max-snippet:-1","max-image-preview":"max-image-preview:large","max-video-preview":"max-video-preview:-1"},"canonical":"https:\/\/cenal.gob.ve\/?p=19219","og_locale":"es_ES","og_type":"article","og_title":"La tienda de mu\u00f1ecos","og_description":"Esta selecci\u00f3n de cuentos de Julio Garmendia, publicada en 1927, es considerada la obra fundadora de la narrativa moderna venezolana al introducir el tratamiento de lo fant\u00e1stico con juegos verbales, [&hellip;]","og_url":"https:\/\/cenal.gob.ve\/?p=19219","og_site_name":"Cenal","article_published_time":"2022-10-30T18:12:21+00:00","article_modified_time":"2022-10-30T18:12:23+00:00","og_image":[{"width":433,"height":634,"url":"https:\/\/i0.wp.com\/cenal.gob.ve\/wp-content\/uploads\/2022\/10\/Julio-Garmendia-La-tienda-de-munecos.png?fit=433%2C634&ssl=1","type":"image\/png"}],"author":"Prensa Cenal","twitter_card":"summary_large_image","twitter_misc":{"Written by":"Prensa Cenal","Est. reading time":"2 minutos"},"schema":{"@context":"https:\/\/schema.org","@graph":[{"@type":"Article","@id":"https:\/\/cenal.gob.ve\/?p=19219#article","isPartOf":{"@id":"https:\/\/cenal.gob.ve\/?p=19219"},"author":{"name":"Prensa Cenal","@id":"https:\/\/cenal.gob.ve\/#\/schema\/person\/e3ed34623f400ffab8bc7a63b2f5533f"},"headline":"La tienda de mu\u00f1ecos","datePublished":"2022-10-30T18:12:21+00:00","dateModified":"2022-10-30T18:12:23+00:00","mainEntityOfPage":{"@id":"https:\/\/cenal.gob.ve\/?p=19219"},"wordCount":329,"commentCount":0,"publisher":{"@id":"https:\/\/cenal.gob.ve\/#organization"},"articleSection":["Bicentenario Carabobo","Libros"],"inLanguage":"es","potentialAction":[{"@type":"CommentAction","name":"Comment","target":["https:\/\/cenal.gob.ve\/?p=19219#respond"]}]},{"@type":"WebPage","@id":"https:\/\/cenal.gob.ve\/?p=19219","url":"https:\/\/cenal.gob.ve\/?p=19219","name":"La tienda de mu\u00f1ecos","isPartOf":{"@id":"https:\/\/cenal.gob.ve\/#website"},"datePublished":"2022-10-30T18:12:21+00:00","dateModified":"2022-10-30T18:12:23+00:00","breadcrumb":{"@id":"https:\/\/cenal.gob.ve\/?p=19219#breadcrumb"},"inLanguage":"es","potentialAction":[{"@type":"ReadAction","target":["https:\/\/cenal.gob.ve\/?p=19219"]}]},{"@type":"BreadcrumbList","@id":"https:\/\/cenal.gob.ve\/?p=19219#breadcrumb","itemListElement":[{"@type":"ListItem","position":1,"name":"Home","item":"https:\/\/cenal.gob.ve\/"},{"@type":"ListItem","position":2,"name":"La tienda de mu\u00f1ecos"}]},{"@type":"WebSite","@id":"https:\/\/cenal.gob.ve\/#website","url":"https:\/\/cenal.gob.ve\/","name":"Cenal","description":"","publisher":{"@id":"https:\/\/cenal.gob.ve\/#organization"},"potentialAction":[{"@type":"SearchAction","target":{"@type":"EntryPoint","urlTemplate":"https:\/\/cenal.gob.ve\/?s={search_term_string}"},"query-input":"required name=search_term_string"}],"inLanguage":"es"},{"@type":"Organization","@id":"https:\/\/cenal.gob.ve\/#organization","name":"CENAL","url":"https:\/\/cenal.gob.ve\/","sameAs":[],"logo":{"@type":"ImageObject","inLanguage":"es","@id":"https:\/\/cenal.gob.ve\/#\/schema\/logo\/image\/","url":"https:\/\/i0.wp.com\/cenal.gob.ve\/wp-content\/uploads\/2022\/10\/cropped-images.jpg?fit=512%2C512","contentUrl":"https:\/\/i0.wp.com\/cenal.gob.ve\/wp-content\/uploads\/2022\/10\/cropped-images.jpg?fit=512%2C512","width":512,"height":512,"caption":"CENAL"},"image":{"@id":"https:\/\/cenal.gob.ve\/#\/schema\/logo\/image\/"}},{"@type":"Person","@id":"https:\/\/cenal.gob.ve\/#\/schema\/person\/e3ed34623f400ffab8bc7a63b2f5533f","name":"Prensa Cenal","image":{"@type":"ImageObject","inLanguage":"es","@id":"https:\/\/cenal.gob.ve\/#\/schema\/person\/image\/","url":"https:\/\/secure.gravatar.com\/avatar\/594b4ed34090910c619ac3679001d491?s=96&d=mm&r=g","contentUrl":"https:\/\/secure.gravatar.com\/avatar\/594b4ed34090910c619ac3679001d491?s=96&d=mm&r=g","caption":"Prensa Cenal"},"url":"https:\/\/cenal.gob.ve\/?author=10"}]}},"jetpack_featured_media_url":"https:\/\/cenal.gob.ve\/wp-content\/uploads\/2022\/10\/Julio-Garmendia-La-tienda-de-munecos.png","jetpack_publicize_connections":[],"jetpack_shortlink":"https:\/\/wp.me\/p5FMhp-4ZZ","_links":{"self":[{"href":"https:\/\/cenal.gob.ve\/index.php?rest_route=\/wp\/v2\/posts\/19219"}],"collection":[{"href":"https:\/\/cenal.gob.ve\/index.php?rest_route=\/wp\/v2\/posts"}],"about":[{"href":"https:\/\/cenal.gob.ve\/index.php?rest_route=\/wp\/v2\/types\/post"}],"author":[{"embeddable":true,"href":"https:\/\/cenal.gob.ve\/index.php?rest_route=\/wp\/v2\/users\/10"}],"replies":[{"embeddable":true,"href":"https:\/\/cenal.gob.ve\/index.php?rest_route=%2Fwp%2Fv2%2Fcomments&post=19219"}],"version-history":[{"count":2,"href":"https:\/\/cenal.gob.ve\/index.php?rest_route=\/wp\/v2\/posts\/19219\/revisions"}],"predecessor-version":[{"id":19228,"href":"https:\/\/cenal.gob.ve\/index.php?rest_route=\/wp\/v2\/posts\/19219\/revisions\/19228"}],"wp:featuredmedia":[{"embeddable":true,"href":"https:\/\/cenal.gob.ve\/index.php?rest_route=\/wp\/v2\/media\/19223"}],"wp:attachment":[{"href":"https:\/\/cenal.gob.ve\/index.php?rest_route=%2Fwp%2Fv2%2Fmedia&parent=19219"}],"wp:term":[{"taxonomy":"category","embeddable":true,"href":"https:\/\/cenal.gob.ve\/index.php?rest_route=%2Fwp%2Fv2%2Fcategories&post=19219"},{"taxonomy":"post_tag","embeddable":true,"href":"https:\/\/cenal.gob.ve\/index.php?rest_route=%2Fwp%2Fv2%2Ftags&post=19219"}],"curies":[{"name":"wp","href":"https:\/\/api.w.org\/{rel}","templated":true}]}}