{"id":19229,"date":"2022-10-30T14:37:59","date_gmt":"2022-10-30T18:37:59","guid":{"rendered":"http:\/\/cenal.gob.ve\/?p=19229"},"modified":"2022-10-30T14:38:02","modified_gmt":"2022-10-30T18:38:02","slug":"nochebuena-negra","status":"publish","type":"post","link":"https:\/\/cenal.gob.ve\/?p=19229","title":{"rendered":"Nochebuena negra"},"content":{"rendered":"\n<p>Juan Liscano sostuvo que \u201cuno de los grandes m\u00e9ritos de este libro es el lenguaje. Sojo crea su despliegue metaf\u00f3rico con los elementos tel\u00faricos y vegetales que pertenecen a la flora y fauna de Barlovento\u201d. Estos elementos no ocultan las duras faenas a las que son sometidos los peones por los hacendados. Expresan tambi\u00e9n dolor y sacrificio, a su vez, enlazados a una prodigiosa cotidianidad que transcurre entre la m\u00fasica y la sensualidad. Tanta vitalidad es descrita a trav\u00e9s de los encuentros sexuales en los campos \u2014donde dejan lo mejor de su existencia, al enriquecer a los negociantes del cacao\u2014, en los ranchos en los que florecen las urgentes carencias y en los rincones de las lujosas casas de sus patrones. La primera edici\u00f3n de esta novela se public\u00f3 en 1930, cuando Juan Pablo Sojo contaba con veintid\u00f3s a\u00f1os. El otro m\u00e9rito \u2014quiz\u00e1s sea el mayor\u2014, es que estamos ante una de las primeras novelas venezolanas que tienen como personaje principal, y motivo de la narraci\u00f3n, al negro, a lo negro, a la herencia africana en nuestro pa\u00eds.<\/p>\n\n\n\n<p><strong>Juan Pablo Sojo\u00a0<\/strong>(Curiepe, Edo. Miranda, 1907-Caracas, 1948)\u00a0Folclorista, investigador, escritor, dramaturgo y periodista. Su aporte a la cultura venezolana estuvo enfocado en la difusi\u00f3n de las tradiciones africanas en Venezuela. Desde su pueblo natal, colabora para\u00a0<em>El Universal<\/em>\u00a0y\u00a0<em>Fantoches<\/em>. Uno de sus art\u00edculos servir\u00eda de motivo para que Rufino Blanco Fombona, presidente del estado Miranda, lo encarcelara en 1937. Acompa\u00f1\u00f3 al poeta Nicol\u00e1s Guill\u00e9n en su visita a Barlovento. Dej\u00f3 una serie de escritos que no pudieron ser localizados luego de su fallecimiento. Entre su obra publicada destacamos:\u00a0<em>Tierras del estado Miranda: sobre la ruta de los cacahuates<\/em>\u00a0(1938);90\u00a0<em>Temas y apuntes afrovenezolanos\u00a0<\/em>(1943) y\u00a0<em>Estudios del folklore venezolano<\/em>\u00a0(1986).\u00a0<\/p>\n\n\n\n<p><strong>Juan Pablo Sojo<\/strong><br><strong><em>Nochebuena negra<\/em><\/strong> <br>Colecci\u00f3n Bicentenario Carabobo 124<br>ISBN 978-980-440-113-8<br>224 pp<\/p>\n\n\n\n<p><\/p>\n\n\n\n<p><\/p>\n","protected":false},"excerpt":{"rendered":"<p>Juan Liscano sostuvo que \u201cuno de los grandes m\u00e9ritos de este libro es el lenguaje. Sojo crea su despliegue metaf\u00f3rico con los elementos tel\u00faricos y vegetales que pertenecen a la [&hellip;]<\/p>\n","protected":false},"author":10,"featured_media":19232,"comment_status":"open","ping_status":"closed","sticky":false,"template":"","format":"standard","meta":{"spay_email":"","jetpack_publicize_message":"","jetpack_is_tweetstorm":false,"jetpack_publicize_feature_enabled":true},"categories":[93,55],"tags":[],"yoast_head":"<!-- This site is optimized with the Yoast SEO plugin v19.8 - https:\/\/yoast.com\/wordpress\/plugins\/seo\/ -->\n<title>Nochebuena negra<\/title>\n<meta name=\"robots\" content=\"index, follow, max-snippet:-1, max-image-preview:large, max-video-preview:-1\" \/>\n<link rel=\"canonical\" href=\"https:\/\/cenal.gob.ve\/?p=19229\" \/>\n<meta property=\"og:locale\" content=\"es_ES\" \/>\n<meta property=\"og:type\" content=\"article\" \/>\n<meta property=\"og:title\" content=\"Nochebuena negra\" \/>\n<meta property=\"og:description\" content=\"Juan Liscano sostuvo que \u201cuno de los grandes m\u00e9ritos de este libro es el lenguaje. Sojo crea su despliegue metaf\u00f3rico con los elementos tel\u00faricos y vegetales que pertenecen a la [&hellip;]\" \/>\n<meta property=\"og:url\" content=\"https:\/\/cenal.gob.ve\/?p=19229\" \/>\n<meta property=\"og:site_name\" content=\"Cenal\" \/>\n<meta property=\"article:published_time\" content=\"2022-10-30T18:37:59+00:00\" \/>\n<meta property=\"article:modified_time\" content=\"2022-10-30T18:38:02+00:00\" \/>\n<meta property=\"og:image\" content=\"https:\/\/i0.wp.com\/cenal.gob.ve\/wp-content\/uploads\/2022\/10\/Juan-Pablo-Sojo-Nochebuena-negra.png?fit=430%2C636&ssl=1\" \/>\n\t<meta property=\"og:image:width\" content=\"430\" \/>\n\t<meta property=\"og:image:height\" content=\"636\" \/>\n\t<meta property=\"og:image:type\" content=\"image\/png\" \/>\n<meta name=\"author\" content=\"Prensa Cenal\" \/>\n<meta name=\"twitter:card\" content=\"summary_large_image\" \/>\n<meta name=\"twitter:label1\" content=\"Written by\" \/>\n\t<meta name=\"twitter:data1\" content=\"Prensa Cenal\" \/>\n\t<meta name=\"twitter:label2\" content=\"Est. reading time\" \/>\n\t<meta name=\"twitter:data2\" content=\"2 minutos\" \/>\n<script type=\"application\/ld+json\" class=\"yoast-schema-graph\">{\"@context\":\"https:\/\/schema.org\",\"@graph\":[{\"@type\":\"Article\",\"@id\":\"https:\/\/cenal.gob.ve\/?p=19229#article\",\"isPartOf\":{\"@id\":\"https:\/\/cenal.gob.ve\/?p=19229\"},\"author\":{\"name\":\"Prensa Cenal\",\"@id\":\"https:\/\/cenal.gob.ve\/#\/schema\/person\/e3ed34623f400ffab8bc7a63b2f5533f\"},\"headline\":\"Nochebuena negra\",\"datePublished\":\"2022-10-30T18:37:59+00:00\",\"dateModified\":\"2022-10-30T18:38:02+00:00\",\"mainEntityOfPage\":{\"@id\":\"https:\/\/cenal.gob.ve\/?p=19229\"},\"wordCount\":318,\"commentCount\":0,\"publisher\":{\"@id\":\"https:\/\/cenal.gob.ve\/#organization\"},\"articleSection\":[\"Bicentenario Carabobo\",\"Libros\"],\"inLanguage\":\"es\",\"potentialAction\":[{\"@type\":\"CommentAction\",\"name\":\"Comment\",\"target\":[\"https:\/\/cenal.gob.ve\/?p=19229#respond\"]}]},{\"@type\":\"WebPage\",\"@id\":\"https:\/\/cenal.gob.ve\/?p=19229\",\"url\":\"https:\/\/cenal.gob.ve\/?p=19229\",\"name\":\"Nochebuena negra\",\"isPartOf\":{\"@id\":\"https:\/\/cenal.gob.ve\/#website\"},\"datePublished\":\"2022-10-30T18:37:59+00:00\",\"dateModified\":\"2022-10-30T18:38:02+00:00\",\"breadcrumb\":{\"@id\":\"https:\/\/cenal.gob.ve\/?p=19229#breadcrumb\"},\"inLanguage\":\"es\",\"potentialAction\":[{\"@type\":\"ReadAction\",\"target\":[\"https:\/\/cenal.gob.ve\/?p=19229\"]}]},{\"@type\":\"BreadcrumbList\",\"@id\":\"https:\/\/cenal.gob.ve\/?p=19229#breadcrumb\",\"itemListElement\":[{\"@type\":\"ListItem\",\"position\":1,\"name\":\"Home\",\"item\":\"https:\/\/cenal.gob.ve\/\"},{\"@type\":\"ListItem\",\"position\":2,\"name\":\"Nochebuena negra\"}]},{\"@type\":\"WebSite\",\"@id\":\"https:\/\/cenal.gob.ve\/#website\",\"url\":\"https:\/\/cenal.gob.ve\/\",\"name\":\"Cenal\",\"description\":\"\",\"publisher\":{\"@id\":\"https:\/\/cenal.gob.ve\/#organization\"},\"potentialAction\":[{\"@type\":\"SearchAction\",\"target\":{\"@type\":\"EntryPoint\",\"urlTemplate\":\"https:\/\/cenal.gob.ve\/?s={search_term_string}\"},\"query-input\":\"required name=search_term_string\"}],\"inLanguage\":\"es\"},{\"@type\":\"Organization\",\"@id\":\"https:\/\/cenal.gob.ve\/#organization\",\"name\":\"CENAL\",\"url\":\"https:\/\/cenal.gob.ve\/\",\"sameAs\":[],\"logo\":{\"@type\":\"ImageObject\",\"inLanguage\":\"es\",\"@id\":\"https:\/\/cenal.gob.ve\/#\/schema\/logo\/image\/\",\"url\":\"https:\/\/i0.wp.com\/cenal.gob.ve\/wp-content\/uploads\/2022\/10\/cropped-images.jpg?fit=512%2C512\",\"contentUrl\":\"https:\/\/i0.wp.com\/cenal.gob.ve\/wp-content\/uploads\/2022\/10\/cropped-images.jpg?fit=512%2C512\",\"width\":512,\"height\":512,\"caption\":\"CENAL\"},\"image\":{\"@id\":\"https:\/\/cenal.gob.ve\/#\/schema\/logo\/image\/\"}},{\"@type\":\"Person\",\"@id\":\"https:\/\/cenal.gob.ve\/#\/schema\/person\/e3ed34623f400ffab8bc7a63b2f5533f\",\"name\":\"Prensa Cenal\",\"image\":{\"@type\":\"ImageObject\",\"inLanguage\":\"es\",\"@id\":\"https:\/\/cenal.gob.ve\/#\/schema\/person\/image\/\",\"url\":\"https:\/\/secure.gravatar.com\/avatar\/594b4ed34090910c619ac3679001d491?s=96&d=mm&r=g\",\"contentUrl\":\"https:\/\/secure.gravatar.com\/avatar\/594b4ed34090910c619ac3679001d491?s=96&d=mm&r=g\",\"caption\":\"Prensa Cenal\"},\"url\":\"https:\/\/cenal.gob.ve\/?author=10\"}]}<\/script>\n<!-- \/ Yoast SEO plugin. -->","yoast_head_json":{"title":"Nochebuena negra","robots":{"index":"index","follow":"follow","max-snippet":"max-snippet:-1","max-image-preview":"max-image-preview:large","max-video-preview":"max-video-preview:-1"},"canonical":"https:\/\/cenal.gob.ve\/?p=19229","og_locale":"es_ES","og_type":"article","og_title":"Nochebuena negra","og_description":"Juan Liscano sostuvo que \u201cuno de los grandes m\u00e9ritos de este libro es el lenguaje. Sojo crea su despliegue metaf\u00f3rico con los elementos tel\u00faricos y vegetales que pertenecen a la [&hellip;]","og_url":"https:\/\/cenal.gob.ve\/?p=19229","og_site_name":"Cenal","article_published_time":"2022-10-30T18:37:59+00:00","article_modified_time":"2022-10-30T18:38:02+00:00","og_image":[{"width":430,"height":636,"url":"https:\/\/i0.wp.com\/cenal.gob.ve\/wp-content\/uploads\/2022\/10\/Juan-Pablo-Sojo-Nochebuena-negra.png?fit=430%2C636&ssl=1","type":"image\/png"}],"author":"Prensa Cenal","twitter_card":"summary_large_image","twitter_misc":{"Written by":"Prensa Cenal","Est. reading time":"2 minutos"},"schema":{"@context":"https:\/\/schema.org","@graph":[{"@type":"Article","@id":"https:\/\/cenal.gob.ve\/?p=19229#article","isPartOf":{"@id":"https:\/\/cenal.gob.ve\/?p=19229"},"author":{"name":"Prensa Cenal","@id":"https:\/\/cenal.gob.ve\/#\/schema\/person\/e3ed34623f400ffab8bc7a63b2f5533f"},"headline":"Nochebuena negra","datePublished":"2022-10-30T18:37:59+00:00","dateModified":"2022-10-30T18:38:02+00:00","mainEntityOfPage":{"@id":"https:\/\/cenal.gob.ve\/?p=19229"},"wordCount":318,"commentCount":0,"publisher":{"@id":"https:\/\/cenal.gob.ve\/#organization"},"articleSection":["Bicentenario Carabobo","Libros"],"inLanguage":"es","potentialAction":[{"@type":"CommentAction","name":"Comment","target":["https:\/\/cenal.gob.ve\/?p=19229#respond"]}]},{"@type":"WebPage","@id":"https:\/\/cenal.gob.ve\/?p=19229","url":"https:\/\/cenal.gob.ve\/?p=19229","name":"Nochebuena negra","isPartOf":{"@id":"https:\/\/cenal.gob.ve\/#website"},"datePublished":"2022-10-30T18:37:59+00:00","dateModified":"2022-10-30T18:38:02+00:00","breadcrumb":{"@id":"https:\/\/cenal.gob.ve\/?p=19229#breadcrumb"},"inLanguage":"es","potentialAction":[{"@type":"ReadAction","target":["https:\/\/cenal.gob.ve\/?p=19229"]}]},{"@type":"BreadcrumbList","@id":"https:\/\/cenal.gob.ve\/?p=19229#breadcrumb","itemListElement":[{"@type":"ListItem","position":1,"name":"Home","item":"https:\/\/cenal.gob.ve\/"},{"@type":"ListItem","position":2,"name":"Nochebuena negra"}]},{"@type":"WebSite","@id":"https:\/\/cenal.gob.ve\/#website","url":"https:\/\/cenal.gob.ve\/","name":"Cenal","description":"","publisher":{"@id":"https:\/\/cenal.gob.ve\/#organization"},"potentialAction":[{"@type":"SearchAction","target":{"@type":"EntryPoint","urlTemplate":"https:\/\/cenal.gob.ve\/?s={search_term_string}"},"query-input":"required name=search_term_string"}],"inLanguage":"es"},{"@type":"Organization","@id":"https:\/\/cenal.gob.ve\/#organization","name":"CENAL","url":"https:\/\/cenal.gob.ve\/","sameAs":[],"logo":{"@type":"ImageObject","inLanguage":"es","@id":"https:\/\/cenal.gob.ve\/#\/schema\/logo\/image\/","url":"https:\/\/i0.wp.com\/cenal.gob.ve\/wp-content\/uploads\/2022\/10\/cropped-images.jpg?fit=512%2C512","contentUrl":"https:\/\/i0.wp.com\/cenal.gob.ve\/wp-content\/uploads\/2022\/10\/cropped-images.jpg?fit=512%2C512","width":512,"height":512,"caption":"CENAL"},"image":{"@id":"https:\/\/cenal.gob.ve\/#\/schema\/logo\/image\/"}},{"@type":"Person","@id":"https:\/\/cenal.gob.ve\/#\/schema\/person\/e3ed34623f400ffab8bc7a63b2f5533f","name":"Prensa Cenal","image":{"@type":"ImageObject","inLanguage":"es","@id":"https:\/\/cenal.gob.ve\/#\/schema\/person\/image\/","url":"https:\/\/secure.gravatar.com\/avatar\/594b4ed34090910c619ac3679001d491?s=96&d=mm&r=g","contentUrl":"https:\/\/secure.gravatar.com\/avatar\/594b4ed34090910c619ac3679001d491?s=96&d=mm&r=g","caption":"Prensa Cenal"},"url":"https:\/\/cenal.gob.ve\/?author=10"}]}},"jetpack_featured_media_url":"https:\/\/cenal.gob.ve\/wp-content\/uploads\/2022\/10\/Juan-Pablo-Sojo-Nochebuena-negra.png","jetpack_publicize_connections":[],"jetpack_shortlink":"https:\/\/wp.me\/p5FMhp-509","_links":{"self":[{"href":"https:\/\/cenal.gob.ve\/index.php?rest_route=\/wp\/v2\/posts\/19229"}],"collection":[{"href":"https:\/\/cenal.gob.ve\/index.php?rest_route=\/wp\/v2\/posts"}],"about":[{"href":"https:\/\/cenal.gob.ve\/index.php?rest_route=\/wp\/v2\/types\/post"}],"author":[{"embeddable":true,"href":"https:\/\/cenal.gob.ve\/index.php?rest_route=\/wp\/v2\/users\/10"}],"replies":[{"embeddable":true,"href":"https:\/\/cenal.gob.ve\/index.php?rest_route=%2Fwp%2Fv2%2Fcomments&post=19229"}],"version-history":[{"count":2,"href":"https:\/\/cenal.gob.ve\/index.php?rest_route=\/wp\/v2\/posts\/19229\/revisions"}],"predecessor-version":[{"id":19236,"href":"https:\/\/cenal.gob.ve\/index.php?rest_route=\/wp\/v2\/posts\/19229\/revisions\/19236"}],"wp:featuredmedia":[{"embeddable":true,"href":"https:\/\/cenal.gob.ve\/index.php?rest_route=\/wp\/v2\/media\/19232"}],"wp:attachment":[{"href":"https:\/\/cenal.gob.ve\/index.php?rest_route=%2Fwp%2Fv2%2Fmedia&parent=19229"}],"wp:term":[{"taxonomy":"category","embeddable":true,"href":"https:\/\/cenal.gob.ve\/index.php?rest_route=%2Fwp%2Fv2%2Fcategories&post=19229"},{"taxonomy":"post_tag","embeddable":true,"href":"https:\/\/cenal.gob.ve\/index.php?rest_route=%2Fwp%2Fv2%2Ftags&post=19229"}],"curies":[{"name":"wp","href":"https:\/\/api.w.org\/{rel}","templated":true}]}}