{"id":19280,"date":"2022-10-31T11:46:05","date_gmt":"2022-10-31T15:46:05","guid":{"rendered":"http:\/\/cenal.gob.ve\/?p=19280"},"modified":"2026-01-30T11:26:05","modified_gmt":"2026-01-30T15:26:05","slug":"pais-portatil","status":"publish","type":"post","link":"https:\/\/cenal.gob.ve\/?p=19280","title":{"rendered":"Pa\u00eds port\u00e1til"},"content":{"rendered":"\n<p>El joven guerrillero urbano Andr\u00e9s Barazarte atraviesa la ciudad con un \u201cmalet\u00edn pesado, el temblor, las sospechas\u201d, a cumplir una misi\u00f3n clandestina. En una narraci\u00f3n que transcurre en tres planos espaciales y temporales, podemos conocer tanto sus or\u00edgenes en su Trujillo natal, como su vida actual y ese viaje a trav\u00e9s de la Caracas de los a\u00f1os sesenta en medio del bullicio, el gent\u00edo y la deshumanizaci\u00f3n urbana.&nbsp;<em>Pa\u00eds port\u00e1til<\/em>, obra que marc\u00f3 un antes y un despu\u00e9s en la literatura venezolana moderna, enhebra, fragmento por fragmento, el cuadro de la vida de su protagonista, as\u00ed como el pasado y el presente de un pa\u00eds cuya violencia tiene or\u00edgenes at\u00e1vicos, siendo determinante en las pugnas pol\u00edticas y en las luchas por la apropiaci\u00f3n de la tierra. Con escenas que tienen la fuerza de una imagen cinematogr\u00e1fica se plasma la crudeza de la represi\u00f3n pol\u00edtica en medio de la lucha armada que sacudi\u00f3 a Venezuela en los a\u00f1os 60. A su manera es una epopeya moderna que nos lleva, sin embargo, a los tiempos en que la lucha por la tierra y la libertad avivaba conflictos de clase que estallaron de nuevo en el siglo XX.<\/p>\n\n\n\n<p><strong>Adriano Gonz\u00e1lez Le\u00f3n<\/strong>. Escritor y docente universitario nacido en Escuque, Trujillo, en 1931. Se enfrent\u00f3 a la dictadura de Marcos P\u00e9rez Jim\u00e9nez durante los a\u00f1os cincuenta. En 1958, fue cofundador del grupo literario Sardio. Su novela\u00a0<em>Pa\u00eds port\u00e1til<\/em>\u00a0\u2212galardonada en Espa\u00f1a con el Premio Biblioteca Breve Seix Barral (1968)\u2212 representa un antes y un despu\u00e9s en las letras contempor\u00e1neas. Falleci\u00f3 en Caracas en 2008. Entre sus obras, vale destacar:\u00a0<em>Asfalto-Infierno y otros<\/em>\u00a0<em>relatos demon\u00edacos<\/em>\u00a0(1963),\u00a0<em>Del rayo y de la lluvia<\/em>\u00a0(1981),\u00a0<em>Linaje de \u00e1rboles<\/em>\u00a0(1988) y\u00a0<em>Viejo<\/em>\u00a0(1994).<\/p>\n\n\n\n<p><strong>Adriano Gonz\u00e1lez Le\u00f3n<\/strong><br><strong>Pa\u00eds port\u00e1til<\/strong><br>Colecci\u00f3n Bicentenario Carabobo 130<br>ISBN 978-980-440-092-6<br>257 pp.<\/p>\n","protected":false},"excerpt":{"rendered":"<p>El joven guerrillero urbano Andr\u00e9s Barazarte atraviesa la ciudad con un \u201cmalet\u00edn pesado, el temblor, las sospechas\u201d, a cumplir una misi\u00f3n clandestina. En una narraci\u00f3n que transcurre en tres planos [&hellip;]<\/p>\n","protected":false},"author":10,"featured_media":19283,"comment_status":"open","ping_status":"closed","sticky":false,"template":"","format":"standard","meta":{"spay_email":"","jetpack_publicize_message":"","jetpack_is_tweetstorm":false,"jetpack_publicize_feature_enabled":true},"categories":[93,55],"tags":[192],"yoast_head":"<!-- This site is optimized with the Yoast SEO plugin v19.8 - https:\/\/yoast.com\/wordpress\/plugins\/seo\/ -->\n<title>Pa\u00eds port\u00e1til<\/title>\n<meta name=\"robots\" content=\"index, follow, max-snippet:-1, max-image-preview:large, max-video-preview:-1\" \/>\n<link rel=\"canonical\" href=\"https:\/\/cenal.gob.ve\/?p=19280\" \/>\n<meta property=\"og:locale\" content=\"es_ES\" \/>\n<meta property=\"og:type\" content=\"article\" \/>\n<meta property=\"og:title\" content=\"Pa\u00eds port\u00e1til\" \/>\n<meta property=\"og:description\" content=\"El joven guerrillero urbano Andr\u00e9s Barazarte atraviesa la ciudad con un \u201cmalet\u00edn pesado, el temblor, las sospechas\u201d, a cumplir una misi\u00f3n clandestina. En una narraci\u00f3n que transcurre en tres planos [&hellip;]\" \/>\n<meta property=\"og:url\" content=\"https:\/\/cenal.gob.ve\/?p=19280\" \/>\n<meta property=\"og:site_name\" content=\"Cenal\" \/>\n<meta property=\"article:published_time\" content=\"2022-10-31T15:46:05+00:00\" \/>\n<meta property=\"article:modified_time\" content=\"2026-01-30T15:26:05+00:00\" \/>\n<meta property=\"og:image\" content=\"http:\/\/cenal.gob.ve\/wp-content\/uploads\/2022\/10\/Adriano-Gonzalez-Leon-Pais-portatil.png\" \/>\n\t<meta property=\"og:image:width\" content=\"479\" \/>\n\t<meta property=\"og:image:height\" content=\"703\" \/>\n\t<meta property=\"og:image:type\" content=\"image\/png\" \/>\n<meta name=\"author\" content=\"Prensa Cenal\" \/>\n<meta name=\"twitter:card\" content=\"summary_large_image\" \/>\n<meta name=\"twitter:label1\" content=\"Written by\" \/>\n\t<meta name=\"twitter:data1\" content=\"Prensa Cenal\" \/>\n\t<meta name=\"twitter:label2\" content=\"Est. reading time\" \/>\n\t<meta name=\"twitter:data2\" content=\"2 minutos\" \/>\n<script type=\"application\/ld+json\" class=\"yoast-schema-graph\">{\"@context\":\"https:\/\/schema.org\",\"@graph\":[{\"@type\":\"Article\",\"@id\":\"https:\/\/cenal.gob.ve\/?p=19280#article\",\"isPartOf\":{\"@id\":\"https:\/\/cenal.gob.ve\/?p=19280\"},\"author\":{\"name\":\"Prensa Cenal\",\"@id\":\"https:\/\/cenal.gob.ve\/#\/schema\/person\/e3ed34623f400ffab8bc7a63b2f5533f\"},\"headline\":\"Pa\u00eds port\u00e1til\",\"datePublished\":\"2022-10-31T15:46:05+00:00\",\"dateModified\":\"2026-01-30T15:26:05+00:00\",\"mainEntityOfPage\":{\"@id\":\"https:\/\/cenal.gob.ve\/?p=19280\"},\"wordCount\":329,\"commentCount\":0,\"publisher\":{\"@id\":\"https:\/\/cenal.gob.ve\/#organization\"},\"keywords\":[\"Adriano Gonz\u00e1lez Le\u00f3n\"],\"articleSection\":[\"Bicentenario Carabobo\",\"Libros\"],\"inLanguage\":\"es\",\"potentialAction\":[{\"@type\":\"CommentAction\",\"name\":\"Comment\",\"target\":[\"https:\/\/cenal.gob.ve\/?p=19280#respond\"]}]},{\"@type\":\"WebPage\",\"@id\":\"https:\/\/cenal.gob.ve\/?p=19280\",\"url\":\"https:\/\/cenal.gob.ve\/?p=19280\",\"name\":\"Pa\u00eds port\u00e1til\",\"isPartOf\":{\"@id\":\"https:\/\/cenal.gob.ve\/#website\"},\"datePublished\":\"2022-10-31T15:46:05+00:00\",\"dateModified\":\"2026-01-30T15:26:05+00:00\",\"breadcrumb\":{\"@id\":\"https:\/\/cenal.gob.ve\/?p=19280#breadcrumb\"},\"inLanguage\":\"es\",\"potentialAction\":[{\"@type\":\"ReadAction\",\"target\":[\"https:\/\/cenal.gob.ve\/?p=19280\"]}]},{\"@type\":\"BreadcrumbList\",\"@id\":\"https:\/\/cenal.gob.ve\/?p=19280#breadcrumb\",\"itemListElement\":[{\"@type\":\"ListItem\",\"position\":1,\"name\":\"Home\",\"item\":\"https:\/\/cenal.gob.ve\/\"},{\"@type\":\"ListItem\",\"position\":2,\"name\":\"Pa\u00eds port\u00e1til\"}]},{\"@type\":\"WebSite\",\"@id\":\"https:\/\/cenal.gob.ve\/#website\",\"url\":\"https:\/\/cenal.gob.ve\/\",\"name\":\"Cenal\",\"description\":\"\",\"publisher\":{\"@id\":\"https:\/\/cenal.gob.ve\/#organization\"},\"potentialAction\":[{\"@type\":\"SearchAction\",\"target\":{\"@type\":\"EntryPoint\",\"urlTemplate\":\"https:\/\/cenal.gob.ve\/?s={search_term_string}\"},\"query-input\":\"required name=search_term_string\"}],\"inLanguage\":\"es\"},{\"@type\":\"Organization\",\"@id\":\"https:\/\/cenal.gob.ve\/#organization\",\"name\":\"CENAL\",\"url\":\"https:\/\/cenal.gob.ve\/\",\"sameAs\":[],\"logo\":{\"@type\":\"ImageObject\",\"inLanguage\":\"es\",\"@id\":\"https:\/\/cenal.gob.ve\/#\/schema\/logo\/image\/\",\"url\":\"https:\/\/i0.wp.com\/cenal.gob.ve\/wp-content\/uploads\/2022\/10\/cropped-images.jpg?fit=512%2C512\",\"contentUrl\":\"https:\/\/i0.wp.com\/cenal.gob.ve\/wp-content\/uploads\/2022\/10\/cropped-images.jpg?fit=512%2C512\",\"width\":512,\"height\":512,\"caption\":\"CENAL\"},\"image\":{\"@id\":\"https:\/\/cenal.gob.ve\/#\/schema\/logo\/image\/\"}},{\"@type\":\"Person\",\"@id\":\"https:\/\/cenal.gob.ve\/#\/schema\/person\/e3ed34623f400ffab8bc7a63b2f5533f\",\"name\":\"Prensa Cenal\",\"image\":{\"@type\":\"ImageObject\",\"inLanguage\":\"es\",\"@id\":\"https:\/\/cenal.gob.ve\/#\/schema\/person\/image\/\",\"url\":\"https:\/\/secure.gravatar.com\/avatar\/594b4ed34090910c619ac3679001d491?s=96&d=mm&r=g\",\"contentUrl\":\"https:\/\/secure.gravatar.com\/avatar\/594b4ed34090910c619ac3679001d491?s=96&d=mm&r=g\",\"caption\":\"Prensa Cenal\"},\"url\":\"https:\/\/cenal.gob.ve\/?author=10\"}]}<\/script>\n<!-- \/ Yoast SEO plugin. -->","yoast_head_json":{"title":"Pa\u00eds port\u00e1til","robots":{"index":"index","follow":"follow","max-snippet":"max-snippet:-1","max-image-preview":"max-image-preview:large","max-video-preview":"max-video-preview:-1"},"canonical":"https:\/\/cenal.gob.ve\/?p=19280","og_locale":"es_ES","og_type":"article","og_title":"Pa\u00eds port\u00e1til","og_description":"El joven guerrillero urbano Andr\u00e9s Barazarte atraviesa la ciudad con un \u201cmalet\u00edn pesado, el temblor, las sospechas\u201d, a cumplir una misi\u00f3n clandestina. En una narraci\u00f3n que transcurre en tres planos [&hellip;]","og_url":"https:\/\/cenal.gob.ve\/?p=19280","og_site_name":"Cenal","article_published_time":"2022-10-31T15:46:05+00:00","article_modified_time":"2026-01-30T15:26:05+00:00","og_image":[{"width":479,"height":703,"url":"http:\/\/cenal.gob.ve\/wp-content\/uploads\/2022\/10\/Adriano-Gonzalez-Leon-Pais-portatil.png","type":"image\/png"}],"author":"Prensa Cenal","twitter_card":"summary_large_image","twitter_misc":{"Written by":"Prensa Cenal","Est. reading time":"2 minutos"},"schema":{"@context":"https:\/\/schema.org","@graph":[{"@type":"Article","@id":"https:\/\/cenal.gob.ve\/?p=19280#article","isPartOf":{"@id":"https:\/\/cenal.gob.ve\/?p=19280"},"author":{"name":"Prensa Cenal","@id":"https:\/\/cenal.gob.ve\/#\/schema\/person\/e3ed34623f400ffab8bc7a63b2f5533f"},"headline":"Pa\u00eds port\u00e1til","datePublished":"2022-10-31T15:46:05+00:00","dateModified":"2026-01-30T15:26:05+00:00","mainEntityOfPage":{"@id":"https:\/\/cenal.gob.ve\/?p=19280"},"wordCount":329,"commentCount":0,"publisher":{"@id":"https:\/\/cenal.gob.ve\/#organization"},"keywords":["Adriano Gonz\u00e1lez Le\u00f3n"],"articleSection":["Bicentenario Carabobo","Libros"],"inLanguage":"es","potentialAction":[{"@type":"CommentAction","name":"Comment","target":["https:\/\/cenal.gob.ve\/?p=19280#respond"]}]},{"@type":"WebPage","@id":"https:\/\/cenal.gob.ve\/?p=19280","url":"https:\/\/cenal.gob.ve\/?p=19280","name":"Pa\u00eds port\u00e1til","isPartOf":{"@id":"https:\/\/cenal.gob.ve\/#website"},"datePublished":"2022-10-31T15:46:05+00:00","dateModified":"2026-01-30T15:26:05+00:00","breadcrumb":{"@id":"https:\/\/cenal.gob.ve\/?p=19280#breadcrumb"},"inLanguage":"es","potentialAction":[{"@type":"ReadAction","target":["https:\/\/cenal.gob.ve\/?p=19280"]}]},{"@type":"BreadcrumbList","@id":"https:\/\/cenal.gob.ve\/?p=19280#breadcrumb","itemListElement":[{"@type":"ListItem","position":1,"name":"Home","item":"https:\/\/cenal.gob.ve\/"},{"@type":"ListItem","position":2,"name":"Pa\u00eds port\u00e1til"}]},{"@type":"WebSite","@id":"https:\/\/cenal.gob.ve\/#website","url":"https:\/\/cenal.gob.ve\/","name":"Cenal","description":"","publisher":{"@id":"https:\/\/cenal.gob.ve\/#organization"},"potentialAction":[{"@type":"SearchAction","target":{"@type":"EntryPoint","urlTemplate":"https:\/\/cenal.gob.ve\/?s={search_term_string}"},"query-input":"required name=search_term_string"}],"inLanguage":"es"},{"@type":"Organization","@id":"https:\/\/cenal.gob.ve\/#organization","name":"CENAL","url":"https:\/\/cenal.gob.ve\/","sameAs":[],"logo":{"@type":"ImageObject","inLanguage":"es","@id":"https:\/\/cenal.gob.ve\/#\/schema\/logo\/image\/","url":"https:\/\/i0.wp.com\/cenal.gob.ve\/wp-content\/uploads\/2022\/10\/cropped-images.jpg?fit=512%2C512","contentUrl":"https:\/\/i0.wp.com\/cenal.gob.ve\/wp-content\/uploads\/2022\/10\/cropped-images.jpg?fit=512%2C512","width":512,"height":512,"caption":"CENAL"},"image":{"@id":"https:\/\/cenal.gob.ve\/#\/schema\/logo\/image\/"}},{"@type":"Person","@id":"https:\/\/cenal.gob.ve\/#\/schema\/person\/e3ed34623f400ffab8bc7a63b2f5533f","name":"Prensa Cenal","image":{"@type":"ImageObject","inLanguage":"es","@id":"https:\/\/cenal.gob.ve\/#\/schema\/person\/image\/","url":"https:\/\/secure.gravatar.com\/avatar\/594b4ed34090910c619ac3679001d491?s=96&d=mm&r=g","contentUrl":"https:\/\/secure.gravatar.com\/avatar\/594b4ed34090910c619ac3679001d491?s=96&d=mm&r=g","caption":"Prensa Cenal"},"url":"https:\/\/cenal.gob.ve\/?author=10"}]}},"jetpack_featured_media_url":"https:\/\/cenal.gob.ve\/wp-content\/uploads\/2022\/10\/Adriano-Gonzalez-Leon-Pais-portatil.png","jetpack_publicize_connections":[],"jetpack_shortlink":"https:\/\/wp.me\/p5FMhp-50Y","_links":{"self":[{"href":"https:\/\/cenal.gob.ve\/index.php?rest_route=\/wp\/v2\/posts\/19280"}],"collection":[{"href":"https:\/\/cenal.gob.ve\/index.php?rest_route=\/wp\/v2\/posts"}],"about":[{"href":"https:\/\/cenal.gob.ve\/index.php?rest_route=\/wp\/v2\/types\/post"}],"author":[{"embeddable":true,"href":"https:\/\/cenal.gob.ve\/index.php?rest_route=\/wp\/v2\/users\/10"}],"replies":[{"embeddable":true,"href":"https:\/\/cenal.gob.ve\/index.php?rest_route=%2Fwp%2Fv2%2Fcomments&post=19280"}],"version-history":[{"count":9,"href":"https:\/\/cenal.gob.ve\/index.php?rest_route=\/wp\/v2\/posts\/19280\/revisions"}],"predecessor-version":[{"id":27124,"href":"https:\/\/cenal.gob.ve\/index.php?rest_route=\/wp\/v2\/posts\/19280\/revisions\/27124"}],"wp:featuredmedia":[{"embeddable":true,"href":"https:\/\/cenal.gob.ve\/index.php?rest_route=\/wp\/v2\/media\/19283"}],"wp:attachment":[{"href":"https:\/\/cenal.gob.ve\/index.php?rest_route=%2Fwp%2Fv2%2Fmedia&parent=19280"}],"wp:term":[{"taxonomy":"category","embeddable":true,"href":"https:\/\/cenal.gob.ve\/index.php?rest_route=%2Fwp%2Fv2%2Fcategories&post=19280"},{"taxonomy":"post_tag","embeddable":true,"href":"https:\/\/cenal.gob.ve\/index.php?rest_route=%2Fwp%2Fv2%2Ftags&post=19280"}],"curies":[{"name":"wp","href":"https:\/\/api.w.org\/{rel}","templated":true}]}}