{"id":19754,"date":"2022-12-07T15:24:25","date_gmt":"2022-12-07T19:24:25","guid":{"rendered":"http:\/\/cenal.gob.ve\/?p=19754"},"modified":"2022-12-07T15:24:30","modified_gmt":"2022-12-07T19:24:30","slug":"yurimia-boscan-gano-iv-bienal-nacional-de-literatura-manuel-felipe-rugeles","status":"publish","type":"post","link":"https:\/\/cenal.gob.ve\/?p=19754","title":{"rendered":"Yurimia Bosc\u00e1n gan\u00f3 IV Bienal Nacional de Literatura Manuel Felipe Rugeles"},"content":{"rendered":"\n<p>Igar Yurimia Bosc\u00e1n Le\u00f3n gan\u00f3 el concurso de Literatura infantil, menci\u00f3n Poes\u00eda, de la IV Bienal Nacional de Literatura Manuel Felipe Rugeles, convocada por el Ministerio del Poder Popular para la Cultura, por intermedio del Centro Nacional del Libro y el Gabinete de Cultura de T\u00e1chira, y la Casa Nacional de Las Letras Andr\u00e9s Bello.<\/p>\n\n\n\n<p>El jurado, integrado por Victoria Ardito, C\u00f3simo Mandrillo y Rod Medina, decidi\u00f3 de manera un\u00e1nime y consensuada otorgar el premio \u00fanico al libro Poes\u00eda peque\u00f1ita peque\u00f1ita firmado bajo el seud\u00f3nimo D\u2019Creny, quien, una vez abierta la plica, result\u00f3 ser Igar Yurimia Bosc\u00e1n Le\u00f3n.<\/p>\n\n\n\n<p>Este veredicto reconoce el esmero de la poeta por \u201ccondensar, en sesenta y tres haikus, un multiverso de im\u00e1genes que apela a lo sensorial o, mejor aun, a la imaginaci\u00f3n infantil encendida por todo aquello que atraviesa los sentidos\u201d.<\/p>\n\n\n\n<p>Tambi\u00e9n se\u00f1ala que \u201cla obra seleccionada destaca por la calidad de las im\u00e1genes que construye con el m\u00ednimo n\u00famero de palabras; la forma usada para lograr la experiencia po\u00e9tica en la ni\u00f1ez lectora; el manifiesto cuidado y la consideraci\u00f3n hacia esa peque\u00f1a mente que lee; la intencionalidad desprejuiciada de los textos; y la cohesi\u00f3n y armon\u00eda alcanzadas en la colecci\u00f3n de poemas.<\/p>\n\n\n\n<p>Igar Yurimia Bosc\u00e1n Le\u00f3n (Caracas, 1963) es licenciada en Letras con Maestr\u00eda en Literatura Latinoamericana. Poeta, narradora, correctora, guionista, locutora, promotora cultural y profesora de Literatura Infantil. Autora de Poemas (1983); Ne\u00f3n (2000 \/ 2018); Ama de casa (2016); R\u00edo de hierba (2017); Piel que ata (2018); Los \u00faltimos d\u00edas de la casa (2019); \u00c9rase una vez (2019); Fe de ruta (2020). Ganadora de diversos premios y reconocimientos de literatura, entre ellos el 1er lugar del Concurso de poes\u00eda feminista Toda, Nosotras Todas (2020); Premio de Poes\u00eda para la mujer Ana Enriqueta Ter\u00e1n (Carabobo, 2019) y Premio Municipal de Literatura Cecilio Acosta, menci\u00f3n Poes\u00eda (2014).<\/p>\n\n\n\n<p>La autora de la obra ganadora de la IV Bienal Nacional de Literatura Manuel Felipe Rugeles recibir\u00e1 certificado y un premio de Bol\u00edvares Quince Mil (Bs 15.000,00), otorgado por el Centro Nacional del Libro (Cenal), y la publicaci\u00f3n del libro por Monte Avila Editores (impreso y digital).<\/p>\n\n\n\n<p>La convocatoria estuvo dirigida a escritores venezolanos y extranjeros con residencia en la Rep\u00fablica Bolivariana de Venezuela, con obras in\u00e9ditas.<\/p>\n\n\n\n<p>La cuarta edici\u00f3n de la Bienal Manuel Felipe Rugeles se celebra en homenaje a este escritor y periodista venezolano (San Crist\u00f3bal, 30 de agosto de 1903 \u2013 Caracas, 4 de noviembre de 1959), perteneciente a la Generaci\u00f3n del 28, quien cultiv\u00f3 la poes\u00eda y el ensayo.<\/p>\n","protected":false},"excerpt":{"rendered":"<p>Igar Yurimia Bosc\u00e1n Le\u00f3n gan\u00f3 el concurso de Literatura infantil, menci\u00f3n Poes\u00eda, de la IV Bienal Nacional de Literatura Manuel Felipe Rugeles, convocada por el Ministerio del Poder Popular para [&hellip;]<\/p>\n","protected":false},"author":10,"featured_media":19755,"comment_status":"open","ping_status":"closed","sticky":false,"template":"","format":"standard","meta":{"spay_email":"","jetpack_publicize_message":"","jetpack_is_tweetstorm":false,"jetpack_publicize_feature_enabled":true},"categories":[2],"tags":[],"yoast_head":"<!-- This site is optimized with the Yoast SEO plugin v19.8 - https:\/\/yoast.com\/wordpress\/plugins\/seo\/ -->\n<title>Yurimia Bosc\u00e1n gan\u00f3 IV Bienal Nacional de Literatura Manuel Felipe Rugeles<\/title>\n<meta name=\"robots\" content=\"index, follow, max-snippet:-1, max-image-preview:large, max-video-preview:-1\" \/>\n<link rel=\"canonical\" href=\"https:\/\/cenal.gob.ve\/?p=19754\" \/>\n<meta property=\"og:locale\" content=\"es_ES\" \/>\n<meta property=\"og:type\" content=\"article\" \/>\n<meta property=\"og:title\" content=\"Yurimia Bosc\u00e1n gan\u00f3 IV Bienal Nacional de Literatura Manuel Felipe Rugeles\" \/>\n<meta property=\"og:description\" content=\"Igar Yurimia Bosc\u00e1n Le\u00f3n gan\u00f3 el concurso de Literatura infantil, menci\u00f3n Poes\u00eda, de la IV Bienal Nacional de Literatura Manuel Felipe Rugeles, convocada por el Ministerio del Poder Popular para [&hellip;]\" \/>\n<meta property=\"og:url\" content=\"https:\/\/cenal.gob.ve\/?p=19754\" \/>\n<meta property=\"og:site_name\" content=\"Cenal\" \/>\n<meta property=\"article:published_time\" content=\"2022-12-07T19:24:25+00:00\" \/>\n<meta property=\"article:modified_time\" content=\"2022-12-07T19:24:30+00:00\" \/>\n<meta property=\"og:image\" content=\"https:\/\/i0.wp.com\/cenal.gob.ve\/wp-content\/uploads\/2022\/12\/Yurimia-Boscan.jpg?fit=1024%2C570&ssl=1\" \/>\n\t<meta property=\"og:image:width\" content=\"1024\" \/>\n\t<meta property=\"og:image:height\" content=\"570\" \/>\n\t<meta property=\"og:image:type\" content=\"image\/jpeg\" \/>\n<meta name=\"author\" content=\"Prensa Cenal\" \/>\n<meta name=\"twitter:card\" content=\"summary_large_image\" \/>\n<meta name=\"twitter:label1\" content=\"Written by\" \/>\n\t<meta name=\"twitter:data1\" content=\"Prensa Cenal\" \/>\n\t<meta name=\"twitter:label2\" content=\"Est. reading time\" \/>\n\t<meta name=\"twitter:data2\" content=\"2 minutos\" \/>\n<script type=\"application\/ld+json\" class=\"yoast-schema-graph\">{\"@context\":\"https:\/\/schema.org\",\"@graph\":[{\"@type\":\"Article\",\"@id\":\"https:\/\/cenal.gob.ve\/?p=19754#article\",\"isPartOf\":{\"@id\":\"https:\/\/cenal.gob.ve\/?p=19754\"},\"author\":{\"name\":\"Prensa Cenal\",\"@id\":\"https:\/\/cenal.gob.ve\/#\/schema\/person\/e3ed34623f400ffab8bc7a63b2f5533f\"},\"headline\":\"Yurimia Bosc\u00e1n gan\u00f3 IV Bienal Nacional de Literatura Manuel Felipe Rugeles\",\"datePublished\":\"2022-12-07T19:24:25+00:00\",\"dateModified\":\"2022-12-07T19:24:30+00:00\",\"mainEntityOfPage\":{\"@id\":\"https:\/\/cenal.gob.ve\/?p=19754\"},\"wordCount\":456,\"commentCount\":0,\"publisher\":{\"@id\":\"https:\/\/cenal.gob.ve\/#organization\"},\"articleSection\":[\"Cenal\"],\"inLanguage\":\"es\",\"potentialAction\":[{\"@type\":\"CommentAction\",\"name\":\"Comment\",\"target\":[\"https:\/\/cenal.gob.ve\/?p=19754#respond\"]}]},{\"@type\":\"WebPage\",\"@id\":\"https:\/\/cenal.gob.ve\/?p=19754\",\"url\":\"https:\/\/cenal.gob.ve\/?p=19754\",\"name\":\"Yurimia Bosc\u00e1n gan\u00f3 IV Bienal Nacional de Literatura Manuel Felipe Rugeles\",\"isPartOf\":{\"@id\":\"https:\/\/cenal.gob.ve\/#website\"},\"datePublished\":\"2022-12-07T19:24:25+00:00\",\"dateModified\":\"2022-12-07T19:24:30+00:00\",\"breadcrumb\":{\"@id\":\"https:\/\/cenal.gob.ve\/?p=19754#breadcrumb\"},\"inLanguage\":\"es\",\"potentialAction\":[{\"@type\":\"ReadAction\",\"target\":[\"https:\/\/cenal.gob.ve\/?p=19754\"]}]},{\"@type\":\"BreadcrumbList\",\"@id\":\"https:\/\/cenal.gob.ve\/?p=19754#breadcrumb\",\"itemListElement\":[{\"@type\":\"ListItem\",\"position\":1,\"name\":\"Home\",\"item\":\"https:\/\/cenal.gob.ve\/\"},{\"@type\":\"ListItem\",\"position\":2,\"name\":\"Yurimia Bosc\u00e1n gan\u00f3 IV Bienal Nacional de Literatura Manuel Felipe Rugeles\"}]},{\"@type\":\"WebSite\",\"@id\":\"https:\/\/cenal.gob.ve\/#website\",\"url\":\"https:\/\/cenal.gob.ve\/\",\"name\":\"Cenal\",\"description\":\"\",\"publisher\":{\"@id\":\"https:\/\/cenal.gob.ve\/#organization\"},\"potentialAction\":[{\"@type\":\"SearchAction\",\"target\":{\"@type\":\"EntryPoint\",\"urlTemplate\":\"https:\/\/cenal.gob.ve\/?s={search_term_string}\"},\"query-input\":\"required name=search_term_string\"}],\"inLanguage\":\"es\"},{\"@type\":\"Organization\",\"@id\":\"https:\/\/cenal.gob.ve\/#organization\",\"name\":\"CENAL\",\"url\":\"https:\/\/cenal.gob.ve\/\",\"sameAs\":[],\"logo\":{\"@type\":\"ImageObject\",\"inLanguage\":\"es\",\"@id\":\"https:\/\/cenal.gob.ve\/#\/schema\/logo\/image\/\",\"url\":\"https:\/\/i0.wp.com\/cenal.gob.ve\/wp-content\/uploads\/2022\/10\/cropped-images.jpg?fit=512%2C512\",\"contentUrl\":\"https:\/\/i0.wp.com\/cenal.gob.ve\/wp-content\/uploads\/2022\/10\/cropped-images.jpg?fit=512%2C512\",\"width\":512,\"height\":512,\"caption\":\"CENAL\"},\"image\":{\"@id\":\"https:\/\/cenal.gob.ve\/#\/schema\/logo\/image\/\"}},{\"@type\":\"Person\",\"@id\":\"https:\/\/cenal.gob.ve\/#\/schema\/person\/e3ed34623f400ffab8bc7a63b2f5533f\",\"name\":\"Prensa Cenal\",\"image\":{\"@type\":\"ImageObject\",\"inLanguage\":\"es\",\"@id\":\"https:\/\/cenal.gob.ve\/#\/schema\/person\/image\/\",\"url\":\"https:\/\/secure.gravatar.com\/avatar\/594b4ed34090910c619ac3679001d491?s=96&d=mm&r=g\",\"contentUrl\":\"https:\/\/secure.gravatar.com\/avatar\/594b4ed34090910c619ac3679001d491?s=96&d=mm&r=g\",\"caption\":\"Prensa Cenal\"},\"url\":\"https:\/\/cenal.gob.ve\/?author=10\"}]}<\/script>\n<!-- \/ Yoast SEO plugin. -->","yoast_head_json":{"title":"Yurimia Bosc\u00e1n gan\u00f3 IV Bienal Nacional de Literatura Manuel Felipe Rugeles","robots":{"index":"index","follow":"follow","max-snippet":"max-snippet:-1","max-image-preview":"max-image-preview:large","max-video-preview":"max-video-preview:-1"},"canonical":"https:\/\/cenal.gob.ve\/?p=19754","og_locale":"es_ES","og_type":"article","og_title":"Yurimia Bosc\u00e1n gan\u00f3 IV Bienal Nacional de Literatura Manuel Felipe Rugeles","og_description":"Igar Yurimia Bosc\u00e1n Le\u00f3n gan\u00f3 el concurso de Literatura infantil, menci\u00f3n Poes\u00eda, de la IV Bienal Nacional de Literatura Manuel Felipe Rugeles, convocada por el Ministerio del Poder Popular para [&hellip;]","og_url":"https:\/\/cenal.gob.ve\/?p=19754","og_site_name":"Cenal","article_published_time":"2022-12-07T19:24:25+00:00","article_modified_time":"2022-12-07T19:24:30+00:00","og_image":[{"width":1024,"height":570,"url":"https:\/\/i0.wp.com\/cenal.gob.ve\/wp-content\/uploads\/2022\/12\/Yurimia-Boscan.jpg?fit=1024%2C570&ssl=1","type":"image\/jpeg"}],"author":"Prensa Cenal","twitter_card":"summary_large_image","twitter_misc":{"Written by":"Prensa Cenal","Est. reading time":"2 minutos"},"schema":{"@context":"https:\/\/schema.org","@graph":[{"@type":"Article","@id":"https:\/\/cenal.gob.ve\/?p=19754#article","isPartOf":{"@id":"https:\/\/cenal.gob.ve\/?p=19754"},"author":{"name":"Prensa Cenal","@id":"https:\/\/cenal.gob.ve\/#\/schema\/person\/e3ed34623f400ffab8bc7a63b2f5533f"},"headline":"Yurimia Bosc\u00e1n gan\u00f3 IV Bienal Nacional de Literatura Manuel Felipe Rugeles","datePublished":"2022-12-07T19:24:25+00:00","dateModified":"2022-12-07T19:24:30+00:00","mainEntityOfPage":{"@id":"https:\/\/cenal.gob.ve\/?p=19754"},"wordCount":456,"commentCount":0,"publisher":{"@id":"https:\/\/cenal.gob.ve\/#organization"},"articleSection":["Cenal"],"inLanguage":"es","potentialAction":[{"@type":"CommentAction","name":"Comment","target":["https:\/\/cenal.gob.ve\/?p=19754#respond"]}]},{"@type":"WebPage","@id":"https:\/\/cenal.gob.ve\/?p=19754","url":"https:\/\/cenal.gob.ve\/?p=19754","name":"Yurimia Bosc\u00e1n gan\u00f3 IV Bienal Nacional de Literatura Manuel Felipe Rugeles","isPartOf":{"@id":"https:\/\/cenal.gob.ve\/#website"},"datePublished":"2022-12-07T19:24:25+00:00","dateModified":"2022-12-07T19:24:30+00:00","breadcrumb":{"@id":"https:\/\/cenal.gob.ve\/?p=19754#breadcrumb"},"inLanguage":"es","potentialAction":[{"@type":"ReadAction","target":["https:\/\/cenal.gob.ve\/?p=19754"]}]},{"@type":"BreadcrumbList","@id":"https:\/\/cenal.gob.ve\/?p=19754#breadcrumb","itemListElement":[{"@type":"ListItem","position":1,"name":"Home","item":"https:\/\/cenal.gob.ve\/"},{"@type":"ListItem","position":2,"name":"Yurimia Bosc\u00e1n gan\u00f3 IV Bienal Nacional de Literatura Manuel Felipe Rugeles"}]},{"@type":"WebSite","@id":"https:\/\/cenal.gob.ve\/#website","url":"https:\/\/cenal.gob.ve\/","name":"Cenal","description":"","publisher":{"@id":"https:\/\/cenal.gob.ve\/#organization"},"potentialAction":[{"@type":"SearchAction","target":{"@type":"EntryPoint","urlTemplate":"https:\/\/cenal.gob.ve\/?s={search_term_string}"},"query-input":"required name=search_term_string"}],"inLanguage":"es"},{"@type":"Organization","@id":"https:\/\/cenal.gob.ve\/#organization","name":"CENAL","url":"https:\/\/cenal.gob.ve\/","sameAs":[],"logo":{"@type":"ImageObject","inLanguage":"es","@id":"https:\/\/cenal.gob.ve\/#\/schema\/logo\/image\/","url":"https:\/\/i0.wp.com\/cenal.gob.ve\/wp-content\/uploads\/2022\/10\/cropped-images.jpg?fit=512%2C512","contentUrl":"https:\/\/i0.wp.com\/cenal.gob.ve\/wp-content\/uploads\/2022\/10\/cropped-images.jpg?fit=512%2C512","width":512,"height":512,"caption":"CENAL"},"image":{"@id":"https:\/\/cenal.gob.ve\/#\/schema\/logo\/image\/"}},{"@type":"Person","@id":"https:\/\/cenal.gob.ve\/#\/schema\/person\/e3ed34623f400ffab8bc7a63b2f5533f","name":"Prensa Cenal","image":{"@type":"ImageObject","inLanguage":"es","@id":"https:\/\/cenal.gob.ve\/#\/schema\/person\/image\/","url":"https:\/\/secure.gravatar.com\/avatar\/594b4ed34090910c619ac3679001d491?s=96&d=mm&r=g","contentUrl":"https:\/\/secure.gravatar.com\/avatar\/594b4ed34090910c619ac3679001d491?s=96&d=mm&r=g","caption":"Prensa Cenal"},"url":"https:\/\/cenal.gob.ve\/?author=10"}]}},"jetpack_featured_media_url":"https:\/\/cenal.gob.ve\/wp-content\/uploads\/2022\/12\/Yurimia-Boscan.jpg","jetpack_publicize_connections":[],"jetpack_shortlink":"https:\/\/wp.me\/p5FMhp-58C","_links":{"self":[{"href":"https:\/\/cenal.gob.ve\/index.php?rest_route=\/wp\/v2\/posts\/19754"}],"collection":[{"href":"https:\/\/cenal.gob.ve\/index.php?rest_route=\/wp\/v2\/posts"}],"about":[{"href":"https:\/\/cenal.gob.ve\/index.php?rest_route=\/wp\/v2\/types\/post"}],"author":[{"embeddable":true,"href":"https:\/\/cenal.gob.ve\/index.php?rest_route=\/wp\/v2\/users\/10"}],"replies":[{"embeddable":true,"href":"https:\/\/cenal.gob.ve\/index.php?rest_route=%2Fwp%2Fv2%2Fcomments&post=19754"}],"version-history":[{"count":1,"href":"https:\/\/cenal.gob.ve\/index.php?rest_route=\/wp\/v2\/posts\/19754\/revisions"}],"predecessor-version":[{"id":19756,"href":"https:\/\/cenal.gob.ve\/index.php?rest_route=\/wp\/v2\/posts\/19754\/revisions\/19756"}],"wp:featuredmedia":[{"embeddable":true,"href":"https:\/\/cenal.gob.ve\/index.php?rest_route=\/wp\/v2\/media\/19755"}],"wp:attachment":[{"href":"https:\/\/cenal.gob.ve\/index.php?rest_route=%2Fwp%2Fv2%2Fmedia&parent=19754"}],"wp:term":[{"taxonomy":"category","embeddable":true,"href":"https:\/\/cenal.gob.ve\/index.php?rest_route=%2Fwp%2Fv2%2Fcategories&post=19754"},{"taxonomy":"post_tag","embeddable":true,"href":"https:\/\/cenal.gob.ve\/index.php?rest_route=%2Fwp%2Fv2%2Ftags&post=19754"}],"curies":[{"name":"wp","href":"https:\/\/api.w.org\/{rel}","templated":true}]}}