{"id":19786,"date":"2022-12-15T11:10:57","date_gmt":"2022-12-15T15:10:57","guid":{"rendered":"http:\/\/cenal.gob.ve\/?p=19786"},"modified":"2023-10-28T13:42:44","modified_gmt":"2023-10-28T17:42:44","slug":"fundacion-y-poblacion-de-merida-y-san-cristobal","status":"publish","type":"post","link":"https:\/\/cenal.gob.ve\/?p=19786","title":{"rendered":"Fundaci\u00f3n y poblaci\u00f3n de M\u00e9rida y San Crist\u00f3bal"},"content":{"rendered":"\n<p>Esta obra forma parte de larecopilaci\u00f3n historial realizada por fray Pedro de Aguado entre 1575 y 1578, tras su regreso a Espa\u00f1a, luego de su labor como misionero franciscano, desarrollada por m\u00e1s de quince a\u00f1os en estos territorios. La presente obra, precursora de la historiograf\u00eda acerca de la conquista y colonizaci\u00f3n, tiene un valor como documento al ser su autor testigo de mucho de lo que se relata. Se recogen los episodios concernientes a la fundaci\u00f3n y poblamiento de los Andes venezolanos, con caracter\u00edsticas y circunstancias muy distintas al resto del pa\u00eds, por su geograf\u00eda, la rivalidad entre los conquistadores Juan Rodr\u00edguez Su\u00e1rez y Juan de Maldonado&nbsp;\u2014que dificult\u00f3 la expedici\u00f3n para fundar Santiago de los Caballeros de M\u00e9rida\u2014, los varios desplazamientos hasta hallar su lugar definitivo de instalaci\u00f3n en 1559, as\u00ed como el aprovechamiento de los recursos de los pueblos originarios \u201cde buena distinci\u00f3n y pac\u00edficos\u201d para su sustento. Tambi\u00e9n se narra la fundaci\u00f3n de San Crist\u00f3bal por Maldonado en 1561, tras someter a sus pobladores ind\u00edgenas por defender sus comunidades. Desde el punto de vista literario, el lenguaje se asemeja m\u00e1s a la escritura militar, debido tanto a la naturaleza de su contenido como a su intento por registrar imparcialmente la fidelidad de los hechos.<\/p>\n\n\n\n<p><strong>Pedro de Aguado\u00a0<\/strong>Misionero franciscano y cronista nacido en Valdemoro, Espa\u00f1a, en 1538. Viaj\u00f3 en 1560 al Nuevo Reino de Granada (hoy Colombia) con el objetivo de expandir la obra evangelizadora del imperio espa\u00f1ol. Es autor de varias cr\u00f3nicas acerca de la conquista y colonizaci\u00f3n de los territorios de Colombia y Venezuela entre 1524 y 1569. Su\u00a0<em>Recopilaci\u00f3n historial<\/em>\u00a0sirvi\u00f3 de fuente para la redacci\u00f3n de obras posteriores de relevancia. Es autor de\u00a0<em>Historia de Santa Marta y Nuevo Reino de Granada<\/em>,\u00a0<em>Historia de Venezuela<\/em>\u00a0y\u00a0<em>Recopilaci\u00f3n historial de Venezuela.<\/em><\/p>\n\n\n\n<p><strong>Pedro de Aguado<\/strong><br><strong>Fundaci\u00f3n y poblaci\u00f3n de M\u00e9rida y San Crist\u00f3bal<\/strong><br>Colecci\u00f3n Bicentenario Carabobo 132<br>ISBN 978-980-440-166-4<br>154 pp.<\/p>\n","protected":false},"excerpt":{"rendered":"<p>Esta obra forma parte de larecopilaci\u00f3n historial realizada por fray Pedro de Aguado entre 1575 y 1578, tras su regreso a Espa\u00f1a, luego de su labor como misionero franciscano, desarrollada [&hellip;]<\/p>\n","protected":false},"author":10,"featured_media":19790,"comment_status":"open","ping_status":"closed","sticky":false,"template":"","format":"standard","meta":{"spay_email":"","jetpack_publicize_message":"","jetpack_is_tweetstorm":false,"jetpack_publicize_feature_enabled":true},"categories":[93,55],"tags":[201],"yoast_head":"<!-- This site is optimized with the Yoast SEO plugin v19.8 - https:\/\/yoast.com\/wordpress\/plugins\/seo\/ -->\n<title>Fundaci\u00f3n y poblaci\u00f3n de M\u00e9rida y San Crist\u00f3bal<\/title>\n<meta name=\"robots\" content=\"index, follow, max-snippet:-1, max-image-preview:large, max-video-preview:-1\" \/>\n<link rel=\"canonical\" href=\"https:\/\/cenal.gob.ve\/?p=19786\" \/>\n<meta property=\"og:locale\" content=\"es_ES\" \/>\n<meta property=\"og:type\" content=\"article\" \/>\n<meta property=\"og:title\" content=\"Fundaci\u00f3n y poblaci\u00f3n de M\u00e9rida y San Crist\u00f3bal\" \/>\n<meta property=\"og:description\" content=\"Esta obra forma parte de larecopilaci\u00f3n historial realizada por fray Pedro de Aguado entre 1575 y 1578, tras su regreso a Espa\u00f1a, luego de su labor como misionero franciscano, desarrollada [&hellip;]\" \/>\n<meta property=\"og:url\" content=\"https:\/\/cenal.gob.ve\/?p=19786\" \/>\n<meta property=\"og:site_name\" content=\"Cenal\" \/>\n<meta property=\"article:published_time\" content=\"2022-12-15T15:10:57+00:00\" \/>\n<meta property=\"article:modified_time\" content=\"2023-10-28T17:42:44+00:00\" \/>\n<meta property=\"og:image\" content=\"https:\/\/i0.wp.com\/cenal.gob.ve\/wp-content\/uploads\/2022\/12\/Coleccion-Bicentenario-Carabobo-132-Pedro-de-Aguado-Fundacion-y-poblacion-de-Merida-y-San-Cristobal.jpg?fit=432%2C638&ssl=1\" \/>\n\t<meta property=\"og:image:width\" content=\"432\" \/>\n\t<meta property=\"og:image:height\" content=\"638\" \/>\n\t<meta property=\"og:image:type\" content=\"image\/jpeg\" \/>\n<meta name=\"author\" content=\"Prensa Cenal\" \/>\n<meta name=\"twitter:card\" content=\"summary_large_image\" \/>\n<meta name=\"twitter:label1\" content=\"Written by\" \/>\n\t<meta name=\"twitter:data1\" content=\"Prensa Cenal\" \/>\n\t<meta name=\"twitter:label2\" content=\"Est. reading time\" \/>\n\t<meta name=\"twitter:data2\" content=\"2 minutos\" \/>\n<script type=\"application\/ld+json\" class=\"yoast-schema-graph\">{\"@context\":\"https:\/\/schema.org\",\"@graph\":[{\"@type\":\"Article\",\"@id\":\"https:\/\/cenal.gob.ve\/?p=19786#article\",\"isPartOf\":{\"@id\":\"https:\/\/cenal.gob.ve\/?p=19786\"},\"author\":{\"name\":\"Prensa Cenal\",\"@id\":\"https:\/\/cenal.gob.ve\/#\/schema\/person\/e3ed34623f400ffab8bc7a63b2f5533f\"},\"headline\":\"Fundaci\u00f3n y poblaci\u00f3n de M\u00e9rida y San Crist\u00f3bal\",\"datePublished\":\"2022-12-15T15:10:57+00:00\",\"dateModified\":\"2023-10-28T17:42:44+00:00\",\"mainEntityOfPage\":{\"@id\":\"https:\/\/cenal.gob.ve\/?p=19786\"},\"wordCount\":354,\"commentCount\":0,\"publisher\":{\"@id\":\"https:\/\/cenal.gob.ve\/#organization\"},\"keywords\":[\"Pedro de Aguado\"],\"articleSection\":[\"Bicentenario Carabobo\",\"Libros\"],\"inLanguage\":\"es\",\"potentialAction\":[{\"@type\":\"CommentAction\",\"name\":\"Comment\",\"target\":[\"https:\/\/cenal.gob.ve\/?p=19786#respond\"]}]},{\"@type\":\"WebPage\",\"@id\":\"https:\/\/cenal.gob.ve\/?p=19786\",\"url\":\"https:\/\/cenal.gob.ve\/?p=19786\",\"name\":\"Fundaci\u00f3n y poblaci\u00f3n de M\u00e9rida y San Crist\u00f3bal\",\"isPartOf\":{\"@id\":\"https:\/\/cenal.gob.ve\/#website\"},\"datePublished\":\"2022-12-15T15:10:57+00:00\",\"dateModified\":\"2023-10-28T17:42:44+00:00\",\"breadcrumb\":{\"@id\":\"https:\/\/cenal.gob.ve\/?p=19786#breadcrumb\"},\"inLanguage\":\"es\",\"potentialAction\":[{\"@type\":\"ReadAction\",\"target\":[\"https:\/\/cenal.gob.ve\/?p=19786\"]}]},{\"@type\":\"BreadcrumbList\",\"@id\":\"https:\/\/cenal.gob.ve\/?p=19786#breadcrumb\",\"itemListElement\":[{\"@type\":\"ListItem\",\"position\":1,\"name\":\"Home\",\"item\":\"https:\/\/cenal.gob.ve\/\"},{\"@type\":\"ListItem\",\"position\":2,\"name\":\"Fundaci\u00f3n y poblaci\u00f3n de M\u00e9rida y San Crist\u00f3bal\"}]},{\"@type\":\"WebSite\",\"@id\":\"https:\/\/cenal.gob.ve\/#website\",\"url\":\"https:\/\/cenal.gob.ve\/\",\"name\":\"Cenal\",\"description\":\"\",\"publisher\":{\"@id\":\"https:\/\/cenal.gob.ve\/#organization\"},\"potentialAction\":[{\"@type\":\"SearchAction\",\"target\":{\"@type\":\"EntryPoint\",\"urlTemplate\":\"https:\/\/cenal.gob.ve\/?s={search_term_string}\"},\"query-input\":\"required name=search_term_string\"}],\"inLanguage\":\"es\"},{\"@type\":\"Organization\",\"@id\":\"https:\/\/cenal.gob.ve\/#organization\",\"name\":\"CENAL\",\"url\":\"https:\/\/cenal.gob.ve\/\",\"sameAs\":[],\"logo\":{\"@type\":\"ImageObject\",\"inLanguage\":\"es\",\"@id\":\"https:\/\/cenal.gob.ve\/#\/schema\/logo\/image\/\",\"url\":\"https:\/\/i0.wp.com\/cenal.gob.ve\/wp-content\/uploads\/2022\/10\/cropped-images.jpg?fit=512%2C512\",\"contentUrl\":\"https:\/\/i0.wp.com\/cenal.gob.ve\/wp-content\/uploads\/2022\/10\/cropped-images.jpg?fit=512%2C512\",\"width\":512,\"height\":512,\"caption\":\"CENAL\"},\"image\":{\"@id\":\"https:\/\/cenal.gob.ve\/#\/schema\/logo\/image\/\"}},{\"@type\":\"Person\",\"@id\":\"https:\/\/cenal.gob.ve\/#\/schema\/person\/e3ed34623f400ffab8bc7a63b2f5533f\",\"name\":\"Prensa Cenal\",\"image\":{\"@type\":\"ImageObject\",\"inLanguage\":\"es\",\"@id\":\"https:\/\/cenal.gob.ve\/#\/schema\/person\/image\/\",\"url\":\"https:\/\/secure.gravatar.com\/avatar\/594b4ed34090910c619ac3679001d491?s=96&d=mm&r=g\",\"contentUrl\":\"https:\/\/secure.gravatar.com\/avatar\/594b4ed34090910c619ac3679001d491?s=96&d=mm&r=g\",\"caption\":\"Prensa Cenal\"},\"url\":\"https:\/\/cenal.gob.ve\/?author=10\"}]}<\/script>\n<!-- \/ Yoast SEO plugin. -->","yoast_head_json":{"title":"Fundaci\u00f3n y poblaci\u00f3n de M\u00e9rida y San Crist\u00f3bal","robots":{"index":"index","follow":"follow","max-snippet":"max-snippet:-1","max-image-preview":"max-image-preview:large","max-video-preview":"max-video-preview:-1"},"canonical":"https:\/\/cenal.gob.ve\/?p=19786","og_locale":"es_ES","og_type":"article","og_title":"Fundaci\u00f3n y poblaci\u00f3n de M\u00e9rida y San Crist\u00f3bal","og_description":"Esta obra forma parte de larecopilaci\u00f3n historial realizada por fray Pedro de Aguado entre 1575 y 1578, tras su regreso a Espa\u00f1a, luego de su labor como misionero franciscano, desarrollada [&hellip;]","og_url":"https:\/\/cenal.gob.ve\/?p=19786","og_site_name":"Cenal","article_published_time":"2022-12-15T15:10:57+00:00","article_modified_time":"2023-10-28T17:42:44+00:00","og_image":[{"width":432,"height":638,"url":"https:\/\/i0.wp.com\/cenal.gob.ve\/wp-content\/uploads\/2022\/12\/Coleccion-Bicentenario-Carabobo-132-Pedro-de-Aguado-Fundacion-y-poblacion-de-Merida-y-San-Cristobal.jpg?fit=432%2C638&ssl=1","type":"image\/jpeg"}],"author":"Prensa Cenal","twitter_card":"summary_large_image","twitter_misc":{"Written by":"Prensa Cenal","Est. reading time":"2 minutos"},"schema":{"@context":"https:\/\/schema.org","@graph":[{"@type":"Article","@id":"https:\/\/cenal.gob.ve\/?p=19786#article","isPartOf":{"@id":"https:\/\/cenal.gob.ve\/?p=19786"},"author":{"name":"Prensa Cenal","@id":"https:\/\/cenal.gob.ve\/#\/schema\/person\/e3ed34623f400ffab8bc7a63b2f5533f"},"headline":"Fundaci\u00f3n y poblaci\u00f3n de M\u00e9rida y San Crist\u00f3bal","datePublished":"2022-12-15T15:10:57+00:00","dateModified":"2023-10-28T17:42:44+00:00","mainEntityOfPage":{"@id":"https:\/\/cenal.gob.ve\/?p=19786"},"wordCount":354,"commentCount":0,"publisher":{"@id":"https:\/\/cenal.gob.ve\/#organization"},"keywords":["Pedro de Aguado"],"articleSection":["Bicentenario Carabobo","Libros"],"inLanguage":"es","potentialAction":[{"@type":"CommentAction","name":"Comment","target":["https:\/\/cenal.gob.ve\/?p=19786#respond"]}]},{"@type":"WebPage","@id":"https:\/\/cenal.gob.ve\/?p=19786","url":"https:\/\/cenal.gob.ve\/?p=19786","name":"Fundaci\u00f3n y poblaci\u00f3n de M\u00e9rida y San Crist\u00f3bal","isPartOf":{"@id":"https:\/\/cenal.gob.ve\/#website"},"datePublished":"2022-12-15T15:10:57+00:00","dateModified":"2023-10-28T17:42:44+00:00","breadcrumb":{"@id":"https:\/\/cenal.gob.ve\/?p=19786#breadcrumb"},"inLanguage":"es","potentialAction":[{"@type":"ReadAction","target":["https:\/\/cenal.gob.ve\/?p=19786"]}]},{"@type":"BreadcrumbList","@id":"https:\/\/cenal.gob.ve\/?p=19786#breadcrumb","itemListElement":[{"@type":"ListItem","position":1,"name":"Home","item":"https:\/\/cenal.gob.ve\/"},{"@type":"ListItem","position":2,"name":"Fundaci\u00f3n y poblaci\u00f3n de M\u00e9rida y San Crist\u00f3bal"}]},{"@type":"WebSite","@id":"https:\/\/cenal.gob.ve\/#website","url":"https:\/\/cenal.gob.ve\/","name":"Cenal","description":"","publisher":{"@id":"https:\/\/cenal.gob.ve\/#organization"},"potentialAction":[{"@type":"SearchAction","target":{"@type":"EntryPoint","urlTemplate":"https:\/\/cenal.gob.ve\/?s={search_term_string}"},"query-input":"required name=search_term_string"}],"inLanguage":"es"},{"@type":"Organization","@id":"https:\/\/cenal.gob.ve\/#organization","name":"CENAL","url":"https:\/\/cenal.gob.ve\/","sameAs":[],"logo":{"@type":"ImageObject","inLanguage":"es","@id":"https:\/\/cenal.gob.ve\/#\/schema\/logo\/image\/","url":"https:\/\/i0.wp.com\/cenal.gob.ve\/wp-content\/uploads\/2022\/10\/cropped-images.jpg?fit=512%2C512","contentUrl":"https:\/\/i0.wp.com\/cenal.gob.ve\/wp-content\/uploads\/2022\/10\/cropped-images.jpg?fit=512%2C512","width":512,"height":512,"caption":"CENAL"},"image":{"@id":"https:\/\/cenal.gob.ve\/#\/schema\/logo\/image\/"}},{"@type":"Person","@id":"https:\/\/cenal.gob.ve\/#\/schema\/person\/e3ed34623f400ffab8bc7a63b2f5533f","name":"Prensa Cenal","image":{"@type":"ImageObject","inLanguage":"es","@id":"https:\/\/cenal.gob.ve\/#\/schema\/person\/image\/","url":"https:\/\/secure.gravatar.com\/avatar\/594b4ed34090910c619ac3679001d491?s=96&d=mm&r=g","contentUrl":"https:\/\/secure.gravatar.com\/avatar\/594b4ed34090910c619ac3679001d491?s=96&d=mm&r=g","caption":"Prensa Cenal"},"url":"https:\/\/cenal.gob.ve\/?author=10"}]}},"jetpack_featured_media_url":"https:\/\/cenal.gob.ve\/wp-content\/uploads\/2022\/12\/Coleccion-Bicentenario-Carabobo-132-Pedro-de-Aguado-Fundacion-y-poblacion-de-Merida-y-San-Cristobal.jpg","jetpack_publicize_connections":[],"jetpack_shortlink":"https:\/\/wp.me\/p5FMhp-598","_links":{"self":[{"href":"https:\/\/cenal.gob.ve\/index.php?rest_route=\/wp\/v2\/posts\/19786"}],"collection":[{"href":"https:\/\/cenal.gob.ve\/index.php?rest_route=\/wp\/v2\/posts"}],"about":[{"href":"https:\/\/cenal.gob.ve\/index.php?rest_route=\/wp\/v2\/types\/post"}],"author":[{"embeddable":true,"href":"https:\/\/cenal.gob.ve\/index.php?rest_route=\/wp\/v2\/users\/10"}],"replies":[{"embeddable":true,"href":"https:\/\/cenal.gob.ve\/index.php?rest_route=%2Fwp%2Fv2%2Fcomments&post=19786"}],"version-history":[{"count":2,"href":"https:\/\/cenal.gob.ve\/index.php?rest_route=\/wp\/v2\/posts\/19786\/revisions"}],"predecessor-version":[{"id":19793,"href":"https:\/\/cenal.gob.ve\/index.php?rest_route=\/wp\/v2\/posts\/19786\/revisions\/19793"}],"wp:featuredmedia":[{"embeddable":true,"href":"https:\/\/cenal.gob.ve\/index.php?rest_route=\/wp\/v2\/media\/19790"}],"wp:attachment":[{"href":"https:\/\/cenal.gob.ve\/index.php?rest_route=%2Fwp%2Fv2%2Fmedia&parent=19786"}],"wp:term":[{"taxonomy":"category","embeddable":true,"href":"https:\/\/cenal.gob.ve\/index.php?rest_route=%2Fwp%2Fv2%2Fcategories&post=19786"},{"taxonomy":"post_tag","embeddable":true,"href":"https:\/\/cenal.gob.ve\/index.php?rest_route=%2Fwp%2Fv2%2Ftags&post=19786"}],"curies":[{"name":"wp","href":"https:\/\/api.w.org\/{rel}","templated":true}]}}