{"id":19808,"date":"2022-12-15T15:16:57","date_gmt":"2022-12-15T19:16:57","guid":{"rendered":"http:\/\/cenal.gob.ve\/?p=19808"},"modified":"2023-10-28T13:40:03","modified_gmt":"2023-10-28T17:40:03","slug":"historia-de-la-nueva-andalucia","status":"publish","type":"post","link":"https:\/\/cenal.gob.ve\/?p=19808","title":{"rendered":"Historia de la Nueva Andaluc\u00eda"},"content":{"rendered":"\n<p>Influenciado por los trabajos de cronistas como Pedro Sim\u00f3n y Jos\u00e9 de Oviedo y Ba\u00f1os, entre&nbsp;otros, esta obra de Antonio Caul\u00edn&nbsp;\u2014redactada entre 1755 y 1759\u2014 recopila la situaci\u00f3n, conquista, topograf\u00eda, biodiversidad, poblaci\u00f3n ind\u00edgena, labor evangelizadora y trayectoria de algunos misioneros del oriente y sur de Venezuela. La obra se divide en cuatro parte: la primera se concentra en describir las condiciones f\u00edsicas del paisaje, el registro de plantas de diversa \u00edndole, un cat\u00e1logo de la fauna, condiciones del terreno y, adem\u00e1s, se tiene en cuenta un estudio de la hidrograf\u00eda; luego da cuenta de la labor de los conquistadores en la regi\u00f3n; en la tercera parte, se enfoca en describir la obra evangelizadora, misiones, fundaciones y expediciones llevadas adelante por religiosos; la \u00faltima secci\u00f3n la dedica a un repaso por las vidas de misioneros que lo precedieron o que lo acompa\u00f1aron y expone exhortaciones a sus correligionarios sobre c\u00f3mo alcanzar la salvaci\u00f3n de su alma. Sin dejar de lado el inter\u00e9s pol\u00edtico y econ\u00f3mico de la monarqu\u00eda espa\u00f1ola sobre estos datos, sus p\u00e1ginas son una importante fuente de la historia de Venezuela, inclusive, del norte de Brasil. En su prefacio, el mismo Caul\u00ecn da cuenta del cuidado y la naturaleza de su trabajo, apegado a los preceptos de su fe, \u201cfirm\u00edsima columna de la verdad\u201d.&nbsp;<\/p>\n\n\n\n<p><strong>Antonio Caul\u00edn\u00a0<\/strong>Nacido en 1719 en Bujalance, Espa\u00f1a, fue misionero franciscano, explorador, historiador y cronista. En 1742, lleg\u00f3 a Nueva Barcelona (hoy Barcelona) para labores evangelizadoras. Fue comisionado en 1755 a una expedici\u00f3n al sur del Orinoco para una delimitaci\u00f3n geogr\u00e1fica de las posesiones espa\u00f1olas con respecto a las portuguesas. Ese a\u00f1o comenz\u00f3 a redactar su\u00a0<em>Historia corogr\u00e1fica, natural y evang\u00e9lica de la Nueva Andaluc\u00eda, provincias de Cuman\u00e1, Nueva Barcelona Guayana y vertientes del r\u00edo Orinoco<\/em>. Retorna a su pa\u00eds en 1758 y muere en su ciudad natalen 1802.<\/p>\n\n\n\n<p><strong>Antonio Caul\u00edn<\/strong><br><strong><em>Historia de la Nueva Andaluc\u00eda<\/em><\/strong><br>Colecci\u00f3n Bicentenario Carabobo 134<br>ISBN 978-980-440-167-1<br>735 pp.<\/p>\n","protected":false},"excerpt":{"rendered":"<p>Influenciado por los trabajos de cronistas como Pedro Sim\u00f3n y Jos\u00e9 de Oviedo y Ba\u00f1os, entre&nbsp;otros, esta obra de Antonio Caul\u00edn&nbsp;\u2014redactada entre 1755 y 1759\u2014 recopila la situaci\u00f3n, conquista, topograf\u00eda, [&hellip;]<\/p>\n","protected":false},"author":10,"featured_media":19809,"comment_status":"open","ping_status":"closed","sticky":false,"template":"","format":"standard","meta":{"spay_email":"","jetpack_publicize_message":"","jetpack_is_tweetstorm":false,"jetpack_publicize_feature_enabled":true},"categories":[93,55],"tags":[199],"yoast_head":"<!-- This site is optimized with the Yoast SEO plugin v19.8 - https:\/\/yoast.com\/wordpress\/plugins\/seo\/ -->\n<title>Historia de la Nueva Andaluc\u00eda<\/title>\n<meta name=\"robots\" content=\"index, follow, max-snippet:-1, max-image-preview:large, max-video-preview:-1\" \/>\n<link rel=\"canonical\" href=\"https:\/\/cenal.gob.ve\/?p=19808\" \/>\n<meta property=\"og:locale\" content=\"es_ES\" \/>\n<meta property=\"og:type\" content=\"article\" \/>\n<meta property=\"og:title\" content=\"Historia de la Nueva Andaluc\u00eda\" \/>\n<meta property=\"og:description\" content=\"Influenciado por los trabajos de cronistas como Pedro Sim\u00f3n y Jos\u00e9 de Oviedo y Ba\u00f1os, entre&nbsp;otros, esta obra de Antonio Caul\u00edn&nbsp;\u2014redactada entre 1755 y 1759\u2014 recopila la situaci\u00f3n, conquista, topograf\u00eda, [&hellip;]\" \/>\n<meta property=\"og:url\" content=\"https:\/\/cenal.gob.ve\/?p=19808\" \/>\n<meta property=\"og:site_name\" content=\"Cenal\" \/>\n<meta property=\"article:published_time\" content=\"2022-12-15T19:16:57+00:00\" \/>\n<meta property=\"article:modified_time\" content=\"2023-10-28T17:40:03+00:00\" \/>\n<meta property=\"og:image\" content=\"https:\/\/i0.wp.com\/cenal.gob.ve\/wp-content\/uploads\/2022\/12\/Coleccion-Bicentenario-Carabobo-134-Antonio-Caulin-Historia-corografica-natural-y-evangelica-de-la-Nueva-Andalucia.jpg?fit=434%2C635&ssl=1\" \/>\n\t<meta property=\"og:image:width\" content=\"434\" \/>\n\t<meta property=\"og:image:height\" content=\"635\" \/>\n\t<meta property=\"og:image:type\" content=\"image\/jpeg\" \/>\n<meta name=\"author\" content=\"Prensa Cenal\" \/>\n<meta name=\"twitter:card\" content=\"summary_large_image\" \/>\n<meta name=\"twitter:label1\" content=\"Written by\" \/>\n\t<meta name=\"twitter:data1\" content=\"Prensa Cenal\" \/>\n\t<meta name=\"twitter:label2\" content=\"Est. reading time\" \/>\n\t<meta name=\"twitter:data2\" content=\"2 minutos\" \/>\n<script type=\"application\/ld+json\" class=\"yoast-schema-graph\">{\"@context\":\"https:\/\/schema.org\",\"@graph\":[{\"@type\":\"Article\",\"@id\":\"https:\/\/cenal.gob.ve\/?p=19808#article\",\"isPartOf\":{\"@id\":\"https:\/\/cenal.gob.ve\/?p=19808\"},\"author\":{\"name\":\"Prensa Cenal\",\"@id\":\"https:\/\/cenal.gob.ve\/#\/schema\/person\/e3ed34623f400ffab8bc7a63b2f5533f\"},\"headline\":\"Historia de la Nueva Andaluc\u00eda\",\"datePublished\":\"2022-12-15T19:16:57+00:00\",\"dateModified\":\"2023-10-28T17:40:03+00:00\",\"mainEntityOfPage\":{\"@id\":\"https:\/\/cenal.gob.ve\/?p=19808\"},\"wordCount\":361,\"commentCount\":0,\"publisher\":{\"@id\":\"https:\/\/cenal.gob.ve\/#organization\"},\"keywords\":[\"Antonio Caul\u00edn\"],\"articleSection\":[\"Bicentenario Carabobo\",\"Libros\"],\"inLanguage\":\"es\",\"potentialAction\":[{\"@type\":\"CommentAction\",\"name\":\"Comment\",\"target\":[\"https:\/\/cenal.gob.ve\/?p=19808#respond\"]}]},{\"@type\":\"WebPage\",\"@id\":\"https:\/\/cenal.gob.ve\/?p=19808\",\"url\":\"https:\/\/cenal.gob.ve\/?p=19808\",\"name\":\"Historia de la Nueva Andaluc\u00eda\",\"isPartOf\":{\"@id\":\"https:\/\/cenal.gob.ve\/#website\"},\"datePublished\":\"2022-12-15T19:16:57+00:00\",\"dateModified\":\"2023-10-28T17:40:03+00:00\",\"breadcrumb\":{\"@id\":\"https:\/\/cenal.gob.ve\/?p=19808#breadcrumb\"},\"inLanguage\":\"es\",\"potentialAction\":[{\"@type\":\"ReadAction\",\"target\":[\"https:\/\/cenal.gob.ve\/?p=19808\"]}]},{\"@type\":\"BreadcrumbList\",\"@id\":\"https:\/\/cenal.gob.ve\/?p=19808#breadcrumb\",\"itemListElement\":[{\"@type\":\"ListItem\",\"position\":1,\"name\":\"Home\",\"item\":\"https:\/\/cenal.gob.ve\/\"},{\"@type\":\"ListItem\",\"position\":2,\"name\":\"Historia de la Nueva Andaluc\u00eda\"}]},{\"@type\":\"WebSite\",\"@id\":\"https:\/\/cenal.gob.ve\/#website\",\"url\":\"https:\/\/cenal.gob.ve\/\",\"name\":\"Cenal\",\"description\":\"\",\"publisher\":{\"@id\":\"https:\/\/cenal.gob.ve\/#organization\"},\"potentialAction\":[{\"@type\":\"SearchAction\",\"target\":{\"@type\":\"EntryPoint\",\"urlTemplate\":\"https:\/\/cenal.gob.ve\/?s={search_term_string}\"},\"query-input\":\"required name=search_term_string\"}],\"inLanguage\":\"es\"},{\"@type\":\"Organization\",\"@id\":\"https:\/\/cenal.gob.ve\/#organization\",\"name\":\"CENAL\",\"url\":\"https:\/\/cenal.gob.ve\/\",\"sameAs\":[],\"logo\":{\"@type\":\"ImageObject\",\"inLanguage\":\"es\",\"@id\":\"https:\/\/cenal.gob.ve\/#\/schema\/logo\/image\/\",\"url\":\"https:\/\/i0.wp.com\/cenal.gob.ve\/wp-content\/uploads\/2022\/10\/cropped-images.jpg?fit=512%2C512\",\"contentUrl\":\"https:\/\/i0.wp.com\/cenal.gob.ve\/wp-content\/uploads\/2022\/10\/cropped-images.jpg?fit=512%2C512\",\"width\":512,\"height\":512,\"caption\":\"CENAL\"},\"image\":{\"@id\":\"https:\/\/cenal.gob.ve\/#\/schema\/logo\/image\/\"}},{\"@type\":\"Person\",\"@id\":\"https:\/\/cenal.gob.ve\/#\/schema\/person\/e3ed34623f400ffab8bc7a63b2f5533f\",\"name\":\"Prensa Cenal\",\"image\":{\"@type\":\"ImageObject\",\"inLanguage\":\"es\",\"@id\":\"https:\/\/cenal.gob.ve\/#\/schema\/person\/image\/\",\"url\":\"https:\/\/secure.gravatar.com\/avatar\/594b4ed34090910c619ac3679001d491?s=96&d=mm&r=g\",\"contentUrl\":\"https:\/\/secure.gravatar.com\/avatar\/594b4ed34090910c619ac3679001d491?s=96&d=mm&r=g\",\"caption\":\"Prensa Cenal\"},\"url\":\"https:\/\/cenal.gob.ve\/?author=10\"}]}<\/script>\n<!-- \/ Yoast SEO plugin. -->","yoast_head_json":{"title":"Historia de la Nueva Andaluc\u00eda","robots":{"index":"index","follow":"follow","max-snippet":"max-snippet:-1","max-image-preview":"max-image-preview:large","max-video-preview":"max-video-preview:-1"},"canonical":"https:\/\/cenal.gob.ve\/?p=19808","og_locale":"es_ES","og_type":"article","og_title":"Historia de la Nueva Andaluc\u00eda","og_description":"Influenciado por los trabajos de cronistas como Pedro Sim\u00f3n y Jos\u00e9 de Oviedo y Ba\u00f1os, entre&nbsp;otros, esta obra de Antonio Caul\u00edn&nbsp;\u2014redactada entre 1755 y 1759\u2014 recopila la situaci\u00f3n, conquista, topograf\u00eda, [&hellip;]","og_url":"https:\/\/cenal.gob.ve\/?p=19808","og_site_name":"Cenal","article_published_time":"2022-12-15T19:16:57+00:00","article_modified_time":"2023-10-28T17:40:03+00:00","og_image":[{"width":434,"height":635,"url":"https:\/\/i0.wp.com\/cenal.gob.ve\/wp-content\/uploads\/2022\/12\/Coleccion-Bicentenario-Carabobo-134-Antonio-Caulin-Historia-corografica-natural-y-evangelica-de-la-Nueva-Andalucia.jpg?fit=434%2C635&ssl=1","type":"image\/jpeg"}],"author":"Prensa Cenal","twitter_card":"summary_large_image","twitter_misc":{"Written by":"Prensa Cenal","Est. reading time":"2 minutos"},"schema":{"@context":"https:\/\/schema.org","@graph":[{"@type":"Article","@id":"https:\/\/cenal.gob.ve\/?p=19808#article","isPartOf":{"@id":"https:\/\/cenal.gob.ve\/?p=19808"},"author":{"name":"Prensa Cenal","@id":"https:\/\/cenal.gob.ve\/#\/schema\/person\/e3ed34623f400ffab8bc7a63b2f5533f"},"headline":"Historia de la Nueva Andaluc\u00eda","datePublished":"2022-12-15T19:16:57+00:00","dateModified":"2023-10-28T17:40:03+00:00","mainEntityOfPage":{"@id":"https:\/\/cenal.gob.ve\/?p=19808"},"wordCount":361,"commentCount":0,"publisher":{"@id":"https:\/\/cenal.gob.ve\/#organization"},"keywords":["Antonio Caul\u00edn"],"articleSection":["Bicentenario Carabobo","Libros"],"inLanguage":"es","potentialAction":[{"@type":"CommentAction","name":"Comment","target":["https:\/\/cenal.gob.ve\/?p=19808#respond"]}]},{"@type":"WebPage","@id":"https:\/\/cenal.gob.ve\/?p=19808","url":"https:\/\/cenal.gob.ve\/?p=19808","name":"Historia de la Nueva Andaluc\u00eda","isPartOf":{"@id":"https:\/\/cenal.gob.ve\/#website"},"datePublished":"2022-12-15T19:16:57+00:00","dateModified":"2023-10-28T17:40:03+00:00","breadcrumb":{"@id":"https:\/\/cenal.gob.ve\/?p=19808#breadcrumb"},"inLanguage":"es","potentialAction":[{"@type":"ReadAction","target":["https:\/\/cenal.gob.ve\/?p=19808"]}]},{"@type":"BreadcrumbList","@id":"https:\/\/cenal.gob.ve\/?p=19808#breadcrumb","itemListElement":[{"@type":"ListItem","position":1,"name":"Home","item":"https:\/\/cenal.gob.ve\/"},{"@type":"ListItem","position":2,"name":"Historia de la Nueva Andaluc\u00eda"}]},{"@type":"WebSite","@id":"https:\/\/cenal.gob.ve\/#website","url":"https:\/\/cenal.gob.ve\/","name":"Cenal","description":"","publisher":{"@id":"https:\/\/cenal.gob.ve\/#organization"},"potentialAction":[{"@type":"SearchAction","target":{"@type":"EntryPoint","urlTemplate":"https:\/\/cenal.gob.ve\/?s={search_term_string}"},"query-input":"required name=search_term_string"}],"inLanguage":"es"},{"@type":"Organization","@id":"https:\/\/cenal.gob.ve\/#organization","name":"CENAL","url":"https:\/\/cenal.gob.ve\/","sameAs":[],"logo":{"@type":"ImageObject","inLanguage":"es","@id":"https:\/\/cenal.gob.ve\/#\/schema\/logo\/image\/","url":"https:\/\/i0.wp.com\/cenal.gob.ve\/wp-content\/uploads\/2022\/10\/cropped-images.jpg?fit=512%2C512","contentUrl":"https:\/\/i0.wp.com\/cenal.gob.ve\/wp-content\/uploads\/2022\/10\/cropped-images.jpg?fit=512%2C512","width":512,"height":512,"caption":"CENAL"},"image":{"@id":"https:\/\/cenal.gob.ve\/#\/schema\/logo\/image\/"}},{"@type":"Person","@id":"https:\/\/cenal.gob.ve\/#\/schema\/person\/e3ed34623f400ffab8bc7a63b2f5533f","name":"Prensa Cenal","image":{"@type":"ImageObject","inLanguage":"es","@id":"https:\/\/cenal.gob.ve\/#\/schema\/person\/image\/","url":"https:\/\/secure.gravatar.com\/avatar\/594b4ed34090910c619ac3679001d491?s=96&d=mm&r=g","contentUrl":"https:\/\/secure.gravatar.com\/avatar\/594b4ed34090910c619ac3679001d491?s=96&d=mm&r=g","caption":"Prensa Cenal"},"url":"https:\/\/cenal.gob.ve\/?author=10"}]}},"jetpack_featured_media_url":"https:\/\/cenal.gob.ve\/wp-content\/uploads\/2022\/12\/Coleccion-Bicentenario-Carabobo-134-Antonio-Caulin-Historia-corografica-natural-y-evangelica-de-la-Nueva-Andalucia.jpg","jetpack_publicize_connections":[],"jetpack_shortlink":"https:\/\/wp.me\/p5FMhp-59u","_links":{"self":[{"href":"https:\/\/cenal.gob.ve\/index.php?rest_route=\/wp\/v2\/posts\/19808"}],"collection":[{"href":"https:\/\/cenal.gob.ve\/index.php?rest_route=\/wp\/v2\/posts"}],"about":[{"href":"https:\/\/cenal.gob.ve\/index.php?rest_route=\/wp\/v2\/types\/post"}],"author":[{"embeddable":true,"href":"https:\/\/cenal.gob.ve\/index.php?rest_route=\/wp\/v2\/users\/10"}],"replies":[{"embeddable":true,"href":"https:\/\/cenal.gob.ve\/index.php?rest_route=%2Fwp%2Fv2%2Fcomments&post=19808"}],"version-history":[{"count":2,"href":"https:\/\/cenal.gob.ve\/index.php?rest_route=\/wp\/v2\/posts\/19808\/revisions"}],"predecessor-version":[{"id":19815,"href":"https:\/\/cenal.gob.ve\/index.php?rest_route=\/wp\/v2\/posts\/19808\/revisions\/19815"}],"wp:featuredmedia":[{"embeddable":true,"href":"https:\/\/cenal.gob.ve\/index.php?rest_route=\/wp\/v2\/media\/19809"}],"wp:attachment":[{"href":"https:\/\/cenal.gob.ve\/index.php?rest_route=%2Fwp%2Fv2%2Fmedia&parent=19808"}],"wp:term":[{"taxonomy":"category","embeddable":true,"href":"https:\/\/cenal.gob.ve\/index.php?rest_route=%2Fwp%2Fv2%2Fcategories&post=19808"},{"taxonomy":"post_tag","embeddable":true,"href":"https:\/\/cenal.gob.ve\/index.php?rest_route=%2Fwp%2Fv2%2Ftags&post=19808"}],"curies":[{"name":"wp","href":"https:\/\/api.w.org\/{rel}","templated":true}]}}