{"id":19826,"date":"2022-12-15T15:55:36","date_gmt":"2022-12-15T19:55:36","guid":{"rendered":"http:\/\/cenal.gob.ve\/?p=19826"},"modified":"2023-10-28T13:37:32","modified_gmt":"2023-10-28T17:37:32","slug":"los-andinos-en-el-poder","status":"publish","type":"post","link":"https:\/\/cenal.gob.ve\/?p=19826","title":{"rendered":"Los andinos en el poder"},"content":{"rendered":"\n<p>Domingo Alberto Rangel analiza buena parte de la historia venezolana del siglo XX, desde el gobierno de Cipriano Castro, instaurado tras la Revoluci\u00f3n Liberal Restauradora en 1899, hasta el derrocamiento de Isa\u00edas Medina Angarita en 1945. Un recorrido hist\u00f3rico que permite apreciar c\u00f3mo la democracia termin\u00f3 siendo instrumento de las clases dominantes. En esa l\u00ednea temporal, refiere una suerte de avances y retrocesos en su an\u00e1lisis historiogr\u00e1fico, que ayudan a comprender ciertos acontecimientos del devenir pol\u00edtico en el pa\u00eds. En la primera parte hace un repaso por el siglo XIX venezolano: latifundista, diezmado por las confrontaciones internas, \u201cla Venezuela aplastada donde la pureza es un delito, la lealtad una mancha\u201d; describe las condiciones del periodo colonial en el T\u00e1chira y el efecto de las perturbaciones pol\u00edticas del territorio neogranadino. En la segunda parte, aborda el ascenso al poder de Castro en 1899, cuando se deja atr\u00e1s el protagonismo de los campesinos en la vida pol\u00edtica tras la Guerra Federal. Especial inter\u00e9s tiene su apreciaci\u00f3n del asedio a las costas del pa\u00eds por parte de potencias extranjeras en 1902, expresi\u00f3n del imperialismo \u201cen la c\u00faspide de su soberbia dominaci\u00f3n\u201d. La tercera parte aborda el inicio del gobierno de Juan Vicente G\u00f3mez, \u201cliquidador de la casta de los viejos caudillos y de sus aliados t\u00e1citos\u201d, en cuyos 27 a\u00f1os de gobierno se iniciar\u00e1 la explotaci\u00f3n petrolera y las trasnacionales explotar\u00e1n con ingentes beneficios la riqueza nacional. Por \u00faltimo, agrega un ap\u00e9ndice acerca del derrocamiento de Isa\u00edas Medina Angarita en 1945.<\/p>\n\n\n\n<p><strong>Domingo Alberto Rangel<\/strong>\u00a0Doctor en Ciencias Pol\u00edticas, periodista, escritor y profesor universitario, naci\u00f3 en Tovar, M\u00e9rida, en 1923. Fue electo diputado por AD en 1947 y luego rompi\u00f3 con ese partido para fundar el Movimiento Izquierda Revolucionaria en 1960. Tambi\u00e9n, fue perseguido pol\u00edtico y exiliado en varias ocasiones. Escribi\u00f3, entre otras obras:\u00a0<em>La invasi\u00f3n de mister Ford<\/em>\u00a0(1975),\u00a0<em>Opulencia y pobreza: la Faja del Orinoco, el petr\u00f3leo y la agricultura<\/em>\u00a0(1977),\u00a0<em>La ca\u00edda de los Estados Unidos y sus consecuencias internacionales<\/em>\u00a0(1989) y\u00a0<em>Un socialismo para el siglo XXI<\/em>\u00a0(2003). Falleci\u00f3 en Caracas en 2012.<\/p>\n\n\n\n<p><strong>Domingo Alberto Rangel<\/strong><br><strong>Los andinos en el poder<\/strong><br>Colecci\u00f3n Bicentenario Carabobo 136<br>ISBN 978-980-440-088-9<br>408 pp.<\/p>\n","protected":false},"excerpt":{"rendered":"<p>Domingo Alberto Rangel analiza buena parte de la historia venezolana del siglo XX, desde el gobierno de Cipriano Castro, instaurado tras la Revoluci\u00f3n Liberal Restauradora en 1899, hasta el derrocamiento [&hellip;]<\/p>\n","protected":false},"author":10,"featured_media":19828,"comment_status":"open","ping_status":"closed","sticky":false,"template":"","format":"standard","meta":{"spay_email":"","jetpack_publicize_message":"","jetpack_is_tweetstorm":false,"jetpack_publicize_feature_enabled":true},"categories":[93,55],"tags":[197],"yoast_head":"<!-- This site is optimized with the Yoast SEO plugin v19.8 - https:\/\/yoast.com\/wordpress\/plugins\/seo\/ -->\n<title>Los andinos en el poder<\/title>\n<meta name=\"robots\" content=\"index, follow, max-snippet:-1, max-image-preview:large, max-video-preview:-1\" \/>\n<link rel=\"canonical\" href=\"https:\/\/cenal.gob.ve\/?p=19826\" \/>\n<meta property=\"og:locale\" content=\"es_ES\" \/>\n<meta property=\"og:type\" content=\"article\" \/>\n<meta property=\"og:title\" content=\"Los andinos en el poder\" \/>\n<meta property=\"og:description\" content=\"Domingo Alberto Rangel analiza buena parte de la historia venezolana del siglo XX, desde el gobierno de Cipriano Castro, instaurado tras la Revoluci\u00f3n Liberal Restauradora en 1899, hasta el derrocamiento [&hellip;]\" \/>\n<meta property=\"og:url\" content=\"https:\/\/cenal.gob.ve\/?p=19826\" \/>\n<meta property=\"og:site_name\" content=\"Cenal\" \/>\n<meta property=\"article:published_time\" content=\"2022-12-15T19:55:36+00:00\" \/>\n<meta property=\"article:modified_time\" content=\"2023-10-28T17:37:32+00:00\" \/>\n<meta property=\"og:image\" content=\"https:\/\/i0.wp.com\/cenal.gob.ve\/wp-content\/uploads\/2022\/12\/Coleccion-Bicentenario-Carabobo-136-Domingo-Alberto-Rangel-Los-andinos-en-el-poder.jpg?fit=416%2C614&ssl=1\" \/>\n\t<meta property=\"og:image:width\" content=\"416\" \/>\n\t<meta property=\"og:image:height\" content=\"614\" \/>\n\t<meta property=\"og:image:type\" content=\"image\/jpeg\" \/>\n<meta name=\"author\" content=\"Prensa Cenal\" \/>\n<meta name=\"twitter:card\" content=\"summary_large_image\" \/>\n<meta name=\"twitter:label1\" content=\"Written by\" \/>\n\t<meta name=\"twitter:data1\" content=\"Prensa Cenal\" \/>\n\t<meta name=\"twitter:label2\" content=\"Est. reading time\" \/>\n\t<meta name=\"twitter:data2\" content=\"2 minutos\" \/>\n<script type=\"application\/ld+json\" class=\"yoast-schema-graph\">{\"@context\":\"https:\/\/schema.org\",\"@graph\":[{\"@type\":\"Article\",\"@id\":\"https:\/\/cenal.gob.ve\/?p=19826#article\",\"isPartOf\":{\"@id\":\"https:\/\/cenal.gob.ve\/?p=19826\"},\"author\":{\"name\":\"Prensa Cenal\",\"@id\":\"https:\/\/cenal.gob.ve\/#\/schema\/person\/e3ed34623f400ffab8bc7a63b2f5533f\"},\"headline\":\"Los andinos en el poder\",\"datePublished\":\"2022-12-15T19:55:36+00:00\",\"dateModified\":\"2023-10-28T17:37:32+00:00\",\"mainEntityOfPage\":{\"@id\":\"https:\/\/cenal.gob.ve\/?p=19826\"},\"wordCount\":383,\"commentCount\":0,\"publisher\":{\"@id\":\"https:\/\/cenal.gob.ve\/#organization\"},\"keywords\":[\"Domingo Alberto Rangel\"],\"articleSection\":[\"Bicentenario Carabobo\",\"Libros\"],\"inLanguage\":\"es\",\"potentialAction\":[{\"@type\":\"CommentAction\",\"name\":\"Comment\",\"target\":[\"https:\/\/cenal.gob.ve\/?p=19826#respond\"]}]},{\"@type\":\"WebPage\",\"@id\":\"https:\/\/cenal.gob.ve\/?p=19826\",\"url\":\"https:\/\/cenal.gob.ve\/?p=19826\",\"name\":\"Los andinos en el poder\",\"isPartOf\":{\"@id\":\"https:\/\/cenal.gob.ve\/#website\"},\"datePublished\":\"2022-12-15T19:55:36+00:00\",\"dateModified\":\"2023-10-28T17:37:32+00:00\",\"breadcrumb\":{\"@id\":\"https:\/\/cenal.gob.ve\/?p=19826#breadcrumb\"},\"inLanguage\":\"es\",\"potentialAction\":[{\"@type\":\"ReadAction\",\"target\":[\"https:\/\/cenal.gob.ve\/?p=19826\"]}]},{\"@type\":\"BreadcrumbList\",\"@id\":\"https:\/\/cenal.gob.ve\/?p=19826#breadcrumb\",\"itemListElement\":[{\"@type\":\"ListItem\",\"position\":1,\"name\":\"Home\",\"item\":\"https:\/\/cenal.gob.ve\/\"},{\"@type\":\"ListItem\",\"position\":2,\"name\":\"Los andinos en el poder\"}]},{\"@type\":\"WebSite\",\"@id\":\"https:\/\/cenal.gob.ve\/#website\",\"url\":\"https:\/\/cenal.gob.ve\/\",\"name\":\"Cenal\",\"description\":\"\",\"publisher\":{\"@id\":\"https:\/\/cenal.gob.ve\/#organization\"},\"potentialAction\":[{\"@type\":\"SearchAction\",\"target\":{\"@type\":\"EntryPoint\",\"urlTemplate\":\"https:\/\/cenal.gob.ve\/?s={search_term_string}\"},\"query-input\":\"required name=search_term_string\"}],\"inLanguage\":\"es\"},{\"@type\":\"Organization\",\"@id\":\"https:\/\/cenal.gob.ve\/#organization\",\"name\":\"CENAL\",\"url\":\"https:\/\/cenal.gob.ve\/\",\"sameAs\":[],\"logo\":{\"@type\":\"ImageObject\",\"inLanguage\":\"es\",\"@id\":\"https:\/\/cenal.gob.ve\/#\/schema\/logo\/image\/\",\"url\":\"https:\/\/i0.wp.com\/cenal.gob.ve\/wp-content\/uploads\/2022\/10\/cropped-images.jpg?fit=512%2C512\",\"contentUrl\":\"https:\/\/i0.wp.com\/cenal.gob.ve\/wp-content\/uploads\/2022\/10\/cropped-images.jpg?fit=512%2C512\",\"width\":512,\"height\":512,\"caption\":\"CENAL\"},\"image\":{\"@id\":\"https:\/\/cenal.gob.ve\/#\/schema\/logo\/image\/\"}},{\"@type\":\"Person\",\"@id\":\"https:\/\/cenal.gob.ve\/#\/schema\/person\/e3ed34623f400ffab8bc7a63b2f5533f\",\"name\":\"Prensa Cenal\",\"image\":{\"@type\":\"ImageObject\",\"inLanguage\":\"es\",\"@id\":\"https:\/\/cenal.gob.ve\/#\/schema\/person\/image\/\",\"url\":\"https:\/\/secure.gravatar.com\/avatar\/594b4ed34090910c619ac3679001d491?s=96&d=mm&r=g\",\"contentUrl\":\"https:\/\/secure.gravatar.com\/avatar\/594b4ed34090910c619ac3679001d491?s=96&d=mm&r=g\",\"caption\":\"Prensa Cenal\"},\"url\":\"https:\/\/cenal.gob.ve\/?author=10\"}]}<\/script>\n<!-- \/ Yoast SEO plugin. -->","yoast_head_json":{"title":"Los andinos en el poder","robots":{"index":"index","follow":"follow","max-snippet":"max-snippet:-1","max-image-preview":"max-image-preview:large","max-video-preview":"max-video-preview:-1"},"canonical":"https:\/\/cenal.gob.ve\/?p=19826","og_locale":"es_ES","og_type":"article","og_title":"Los andinos en el poder","og_description":"Domingo Alberto Rangel analiza buena parte de la historia venezolana del siglo XX, desde el gobierno de Cipriano Castro, instaurado tras la Revoluci\u00f3n Liberal Restauradora en 1899, hasta el derrocamiento [&hellip;]","og_url":"https:\/\/cenal.gob.ve\/?p=19826","og_site_name":"Cenal","article_published_time":"2022-12-15T19:55:36+00:00","article_modified_time":"2023-10-28T17:37:32+00:00","og_image":[{"width":416,"height":614,"url":"https:\/\/i0.wp.com\/cenal.gob.ve\/wp-content\/uploads\/2022\/12\/Coleccion-Bicentenario-Carabobo-136-Domingo-Alberto-Rangel-Los-andinos-en-el-poder.jpg?fit=416%2C614&ssl=1","type":"image\/jpeg"}],"author":"Prensa Cenal","twitter_card":"summary_large_image","twitter_misc":{"Written by":"Prensa Cenal","Est. reading time":"2 minutos"},"schema":{"@context":"https:\/\/schema.org","@graph":[{"@type":"Article","@id":"https:\/\/cenal.gob.ve\/?p=19826#article","isPartOf":{"@id":"https:\/\/cenal.gob.ve\/?p=19826"},"author":{"name":"Prensa Cenal","@id":"https:\/\/cenal.gob.ve\/#\/schema\/person\/e3ed34623f400ffab8bc7a63b2f5533f"},"headline":"Los andinos en el poder","datePublished":"2022-12-15T19:55:36+00:00","dateModified":"2023-10-28T17:37:32+00:00","mainEntityOfPage":{"@id":"https:\/\/cenal.gob.ve\/?p=19826"},"wordCount":383,"commentCount":0,"publisher":{"@id":"https:\/\/cenal.gob.ve\/#organization"},"keywords":["Domingo Alberto Rangel"],"articleSection":["Bicentenario Carabobo","Libros"],"inLanguage":"es","potentialAction":[{"@type":"CommentAction","name":"Comment","target":["https:\/\/cenal.gob.ve\/?p=19826#respond"]}]},{"@type":"WebPage","@id":"https:\/\/cenal.gob.ve\/?p=19826","url":"https:\/\/cenal.gob.ve\/?p=19826","name":"Los andinos en el poder","isPartOf":{"@id":"https:\/\/cenal.gob.ve\/#website"},"datePublished":"2022-12-15T19:55:36+00:00","dateModified":"2023-10-28T17:37:32+00:00","breadcrumb":{"@id":"https:\/\/cenal.gob.ve\/?p=19826#breadcrumb"},"inLanguage":"es","potentialAction":[{"@type":"ReadAction","target":["https:\/\/cenal.gob.ve\/?p=19826"]}]},{"@type":"BreadcrumbList","@id":"https:\/\/cenal.gob.ve\/?p=19826#breadcrumb","itemListElement":[{"@type":"ListItem","position":1,"name":"Home","item":"https:\/\/cenal.gob.ve\/"},{"@type":"ListItem","position":2,"name":"Los andinos en el poder"}]},{"@type":"WebSite","@id":"https:\/\/cenal.gob.ve\/#website","url":"https:\/\/cenal.gob.ve\/","name":"Cenal","description":"","publisher":{"@id":"https:\/\/cenal.gob.ve\/#organization"},"potentialAction":[{"@type":"SearchAction","target":{"@type":"EntryPoint","urlTemplate":"https:\/\/cenal.gob.ve\/?s={search_term_string}"},"query-input":"required name=search_term_string"}],"inLanguage":"es"},{"@type":"Organization","@id":"https:\/\/cenal.gob.ve\/#organization","name":"CENAL","url":"https:\/\/cenal.gob.ve\/","sameAs":[],"logo":{"@type":"ImageObject","inLanguage":"es","@id":"https:\/\/cenal.gob.ve\/#\/schema\/logo\/image\/","url":"https:\/\/i0.wp.com\/cenal.gob.ve\/wp-content\/uploads\/2022\/10\/cropped-images.jpg?fit=512%2C512","contentUrl":"https:\/\/i0.wp.com\/cenal.gob.ve\/wp-content\/uploads\/2022\/10\/cropped-images.jpg?fit=512%2C512","width":512,"height":512,"caption":"CENAL"},"image":{"@id":"https:\/\/cenal.gob.ve\/#\/schema\/logo\/image\/"}},{"@type":"Person","@id":"https:\/\/cenal.gob.ve\/#\/schema\/person\/e3ed34623f400ffab8bc7a63b2f5533f","name":"Prensa Cenal","image":{"@type":"ImageObject","inLanguage":"es","@id":"https:\/\/cenal.gob.ve\/#\/schema\/person\/image\/","url":"https:\/\/secure.gravatar.com\/avatar\/594b4ed34090910c619ac3679001d491?s=96&d=mm&r=g","contentUrl":"https:\/\/secure.gravatar.com\/avatar\/594b4ed34090910c619ac3679001d491?s=96&d=mm&r=g","caption":"Prensa Cenal"},"url":"https:\/\/cenal.gob.ve\/?author=10"}]}},"jetpack_featured_media_url":"https:\/\/cenal.gob.ve\/wp-content\/uploads\/2022\/12\/Coleccion-Bicentenario-Carabobo-136-Domingo-Alberto-Rangel-Los-andinos-en-el-poder.jpg","jetpack_publicize_connections":[],"jetpack_shortlink":"https:\/\/wp.me\/p5FMhp-59M","_links":{"self":[{"href":"https:\/\/cenal.gob.ve\/index.php?rest_route=\/wp\/v2\/posts\/19826"}],"collection":[{"href":"https:\/\/cenal.gob.ve\/index.php?rest_route=\/wp\/v2\/posts"}],"about":[{"href":"https:\/\/cenal.gob.ve\/index.php?rest_route=\/wp\/v2\/types\/post"}],"author":[{"embeddable":true,"href":"https:\/\/cenal.gob.ve\/index.php?rest_route=\/wp\/v2\/users\/10"}],"replies":[{"embeddable":true,"href":"https:\/\/cenal.gob.ve\/index.php?rest_route=%2Fwp%2Fv2%2Fcomments&post=19826"}],"version-history":[{"count":2,"href":"https:\/\/cenal.gob.ve\/index.php?rest_route=\/wp\/v2\/posts\/19826\/revisions"}],"predecessor-version":[{"id":19831,"href":"https:\/\/cenal.gob.ve\/index.php?rest_route=\/wp\/v2\/posts\/19826\/revisions\/19831"}],"wp:featuredmedia":[{"embeddable":true,"href":"https:\/\/cenal.gob.ve\/index.php?rest_route=\/wp\/v2\/media\/19828"}],"wp:attachment":[{"href":"https:\/\/cenal.gob.ve\/index.php?rest_route=%2Fwp%2Fv2%2Fmedia&parent=19826"}],"wp:term":[{"taxonomy":"category","embeddable":true,"href":"https:\/\/cenal.gob.ve\/index.php?rest_route=%2Fwp%2Fv2%2Fcategories&post=19826"},{"taxonomy":"post_tag","embeddable":true,"href":"https:\/\/cenal.gob.ve\/index.php?rest_route=%2Fwp%2Fv2%2Ftags&post=19826"}],"curies":[{"name":"wp","href":"https:\/\/api.w.org\/{rel}","templated":true}]}}