{"id":19845,"date":"2022-12-15T16:22:34","date_gmt":"2022-12-15T20:22:34","guid":{"rendered":"http:\/\/cenal.gob.ve\/?p=19845"},"modified":"2023-06-25T14:39:03","modified_gmt":"2023-06-25T18:39:03","slug":"etica-y-cibernetica","status":"publish","type":"post","link":"https:\/\/cenal.gob.ve\/?p=19845","title":{"rendered":"\u00c9tica y cibern\u00e9tica"},"content":{"rendered":"\n<p>En su trabajo filos\u00f3fico, Juan Nu\u00f1o intent\u00f3 llevar las ideas filos\u00f3ficas a temas de actualidad. Varios de sus ensayos compilados en esta obra, son una muestra de su pluma excepcional, vasta cultura y sentido desacralizador sobre ciertos temas pol\u00e9micos. Abre este volumen con el problema, en la posmodernidad, de c\u00f3mo la filosof\u00eda&nbsp;ha \u201cfracasado\u201d como gu\u00eda social destinada a la transformaci\u00f3n del mundo, examina cu\u00e1l ser\u00eda la manera de hacer filosof\u00eda en el contexto de la producci\u00f3n individual y la divulgaci\u00f3n acad\u00e9mica. Tambi\u00e9n se ocupa de la creciente industrializaci\u00f3n y de c\u00f3mo van ganando terreno las m\u00e1quinas por encima del ser humano, \u00bfson las m\u00e1quinas de una inteligencia superior?, \u00bfsu capacidad de desarrollar lenguaje determinar\u00e1 en alg\u00fan momento su superioridad? Nu\u00f1o examina estas interrogantes a trav\u00e9s de diversas obras de la filosof\u00eda, la literatura y el cine, entre ellas, la novela&nbsp;<em>Frankenstein<\/em>&nbsp;o la pel\u00edcula&nbsp;<em>2001, odisea del espacio<\/em>. Tambi\u00e9n, a partir del lema \u201clas ciudades no son inocentes\u201d, analiza en otro ensayo c\u00f3mo a partir de la Antig\u00fcedad y la tradici\u00f3n b\u00edblica, el origen m\u00edtico de los conglomerados urbanos marc\u00f3 su noci\u00f3n de validaci\u00f3n civilizadora para la vida pol\u00edtica, social y econ\u00f3mica.<\/p>\n\n\n\n<p><strong>Juan Nu\u00f1o<\/strong>&nbsp;Fil\u00f3sofo, escritor y profesor universitario nacido en Madrid, Espa\u00f1a, en 1927. Su obra abarca colaboraciones en revistas especializadas como&nbsp;<em>Cruz del Sur<\/em>,&nbsp;<em>Cr\u00edtica Contempor\u00e1nea<\/em>&nbsp;y en publicaciones peri\u00f3dicas como&nbsp;<em>El Nacional<\/em>&nbsp;y&nbsp;<em>Econom\u00eda Hoy<\/em>; as\u00ed como una extensa obra ensay\u00edstica:&nbsp;<em>La veneraci\u00f3n de las astucias&nbsp;<\/em>(1990),&nbsp;<em>Sionismo, marxismo, antisemitismo: la cuesti\u00f3n jud\u00eda revisitada<\/em>&nbsp;(1987),&nbsp;<em>La filosof\u00eda de Borges&nbsp;<\/em>(1988),&nbsp;<em>\u00bfPor qu\u00e9 existen las ciudades?&nbsp;<\/em>(1995). Muri\u00f3 en Caracas en 1995.<\/p>\n\n\n\n<p><strong>Juan Nu\u00f1o<\/strong><br><strong><em>\u00c9tica y cibern\u00e9tica<\/em><\/strong><br>Colecci\u00f3n Bicentenario Carabobo 138<br>ISBN 978-980-440-106-0<br>185 pp.<\/p>\n","protected":false},"excerpt":{"rendered":"<p>En su trabajo filos\u00f3fico, Juan Nu\u00f1o intent\u00f3 llevar las ideas filos\u00f3ficas a temas de actualidad. Varios de sus ensayos compilados en esta obra, son una muestra de su pluma excepcional, [&hellip;]<\/p>\n","protected":false},"author":10,"featured_media":19846,"comment_status":"open","ping_status":"closed","sticky":false,"template":"","format":"standard","meta":{"spay_email":"","jetpack_publicize_message":"","jetpack_is_tweetstorm":false,"jetpack_publicize_feature_enabled":true},"categories":[93,55],"tags":[186],"yoast_head":"<!-- This site is optimized with the Yoast SEO plugin v19.8 - https:\/\/yoast.com\/wordpress\/plugins\/seo\/ -->\n<title>\u00c9tica y cibern\u00e9tica<\/title>\n<meta name=\"robots\" content=\"index, follow, max-snippet:-1, max-image-preview:large, max-video-preview:-1\" \/>\n<link rel=\"canonical\" href=\"https:\/\/cenal.gob.ve\/?p=19845\" \/>\n<meta property=\"og:locale\" content=\"es_ES\" \/>\n<meta property=\"og:type\" content=\"article\" \/>\n<meta property=\"og:title\" content=\"\u00c9tica y cibern\u00e9tica\" \/>\n<meta property=\"og:description\" content=\"En su trabajo filos\u00f3fico, Juan Nu\u00f1o intent\u00f3 llevar las ideas filos\u00f3ficas a temas de actualidad. Varios de sus ensayos compilados en esta obra, son una muestra de su pluma excepcional, [&hellip;]\" \/>\n<meta property=\"og:url\" content=\"https:\/\/cenal.gob.ve\/?p=19845\" \/>\n<meta property=\"og:site_name\" content=\"Cenal\" \/>\n<meta property=\"article:published_time\" content=\"2022-12-15T20:22:34+00:00\" \/>\n<meta property=\"article:modified_time\" content=\"2023-06-25T18:39:03+00:00\" \/>\n<meta property=\"og:image\" content=\"https:\/\/i0.wp.com\/cenal.gob.ve\/wp-content\/uploads\/2022\/12\/Coleccion-Bicentenario-Carabobo-138-Juan-Nuno-Etica-y-cibernetica.jpg?fit=433%2C639&ssl=1\" \/>\n\t<meta property=\"og:image:width\" content=\"433\" \/>\n\t<meta property=\"og:image:height\" content=\"639\" \/>\n\t<meta property=\"og:image:type\" content=\"image\/jpeg\" \/>\n<meta name=\"author\" content=\"Prensa Cenal\" \/>\n<meta name=\"twitter:card\" content=\"summary_large_image\" \/>\n<meta name=\"twitter:label1\" content=\"Written by\" \/>\n\t<meta name=\"twitter:data1\" content=\"Prensa Cenal\" \/>\n\t<meta name=\"twitter:label2\" content=\"Est. reading time\" \/>\n\t<meta name=\"twitter:data2\" content=\"2 minutos\" \/>\n<script type=\"application\/ld+json\" class=\"yoast-schema-graph\">{\"@context\":\"https:\/\/schema.org\",\"@graph\":[{\"@type\":\"Article\",\"@id\":\"https:\/\/cenal.gob.ve\/?p=19845#article\",\"isPartOf\":{\"@id\":\"https:\/\/cenal.gob.ve\/?p=19845\"},\"author\":{\"name\":\"Prensa Cenal\",\"@id\":\"https:\/\/cenal.gob.ve\/#\/schema\/person\/e3ed34623f400ffab8bc7a63b2f5533f\"},\"headline\":\"\u00c9tica y cibern\u00e9tica\",\"datePublished\":\"2022-12-15T20:22:34+00:00\",\"dateModified\":\"2023-06-25T18:39:03+00:00\",\"mainEntityOfPage\":{\"@id\":\"https:\/\/cenal.gob.ve\/?p=19845\"},\"wordCount\":343,\"commentCount\":0,\"publisher\":{\"@id\":\"https:\/\/cenal.gob.ve\/#organization\"},\"keywords\":[\"Juan Nu\u00f1o\"],\"articleSection\":[\"Bicentenario Carabobo\",\"Libros\"],\"inLanguage\":\"es\",\"potentialAction\":[{\"@type\":\"CommentAction\",\"name\":\"Comment\",\"target\":[\"https:\/\/cenal.gob.ve\/?p=19845#respond\"]}]},{\"@type\":\"WebPage\",\"@id\":\"https:\/\/cenal.gob.ve\/?p=19845\",\"url\":\"https:\/\/cenal.gob.ve\/?p=19845\",\"name\":\"\u00c9tica y cibern\u00e9tica\",\"isPartOf\":{\"@id\":\"https:\/\/cenal.gob.ve\/#website\"},\"datePublished\":\"2022-12-15T20:22:34+00:00\",\"dateModified\":\"2023-06-25T18:39:03+00:00\",\"breadcrumb\":{\"@id\":\"https:\/\/cenal.gob.ve\/?p=19845#breadcrumb\"},\"inLanguage\":\"es\",\"potentialAction\":[{\"@type\":\"ReadAction\",\"target\":[\"https:\/\/cenal.gob.ve\/?p=19845\"]}]},{\"@type\":\"BreadcrumbList\",\"@id\":\"https:\/\/cenal.gob.ve\/?p=19845#breadcrumb\",\"itemListElement\":[{\"@type\":\"ListItem\",\"position\":1,\"name\":\"Home\",\"item\":\"https:\/\/cenal.gob.ve\/\"},{\"@type\":\"ListItem\",\"position\":2,\"name\":\"\u00c9tica y cibern\u00e9tica\"}]},{\"@type\":\"WebSite\",\"@id\":\"https:\/\/cenal.gob.ve\/#website\",\"url\":\"https:\/\/cenal.gob.ve\/\",\"name\":\"Cenal\",\"description\":\"\",\"publisher\":{\"@id\":\"https:\/\/cenal.gob.ve\/#organization\"},\"potentialAction\":[{\"@type\":\"SearchAction\",\"target\":{\"@type\":\"EntryPoint\",\"urlTemplate\":\"https:\/\/cenal.gob.ve\/?s={search_term_string}\"},\"query-input\":\"required name=search_term_string\"}],\"inLanguage\":\"es\"},{\"@type\":\"Organization\",\"@id\":\"https:\/\/cenal.gob.ve\/#organization\",\"name\":\"CENAL\",\"url\":\"https:\/\/cenal.gob.ve\/\",\"sameAs\":[],\"logo\":{\"@type\":\"ImageObject\",\"inLanguage\":\"es\",\"@id\":\"https:\/\/cenal.gob.ve\/#\/schema\/logo\/image\/\",\"url\":\"https:\/\/i0.wp.com\/cenal.gob.ve\/wp-content\/uploads\/2022\/10\/cropped-images.jpg?fit=512%2C512\",\"contentUrl\":\"https:\/\/i0.wp.com\/cenal.gob.ve\/wp-content\/uploads\/2022\/10\/cropped-images.jpg?fit=512%2C512\",\"width\":512,\"height\":512,\"caption\":\"CENAL\"},\"image\":{\"@id\":\"https:\/\/cenal.gob.ve\/#\/schema\/logo\/image\/\"}},{\"@type\":\"Person\",\"@id\":\"https:\/\/cenal.gob.ve\/#\/schema\/person\/e3ed34623f400ffab8bc7a63b2f5533f\",\"name\":\"Prensa Cenal\",\"image\":{\"@type\":\"ImageObject\",\"inLanguage\":\"es\",\"@id\":\"https:\/\/cenal.gob.ve\/#\/schema\/person\/image\/\",\"url\":\"https:\/\/secure.gravatar.com\/avatar\/594b4ed34090910c619ac3679001d491?s=96&d=mm&r=g\",\"contentUrl\":\"https:\/\/secure.gravatar.com\/avatar\/594b4ed34090910c619ac3679001d491?s=96&d=mm&r=g\",\"caption\":\"Prensa Cenal\"},\"url\":\"https:\/\/cenal.gob.ve\/?author=10\"}]}<\/script>\n<!-- \/ Yoast SEO plugin. -->","yoast_head_json":{"title":"\u00c9tica y cibern\u00e9tica","robots":{"index":"index","follow":"follow","max-snippet":"max-snippet:-1","max-image-preview":"max-image-preview:large","max-video-preview":"max-video-preview:-1"},"canonical":"https:\/\/cenal.gob.ve\/?p=19845","og_locale":"es_ES","og_type":"article","og_title":"\u00c9tica y cibern\u00e9tica","og_description":"En su trabajo filos\u00f3fico, Juan Nu\u00f1o intent\u00f3 llevar las ideas filos\u00f3ficas a temas de actualidad. Varios de sus ensayos compilados en esta obra, son una muestra de su pluma excepcional, [&hellip;]","og_url":"https:\/\/cenal.gob.ve\/?p=19845","og_site_name":"Cenal","article_published_time":"2022-12-15T20:22:34+00:00","article_modified_time":"2023-06-25T18:39:03+00:00","og_image":[{"width":433,"height":639,"url":"https:\/\/i0.wp.com\/cenal.gob.ve\/wp-content\/uploads\/2022\/12\/Coleccion-Bicentenario-Carabobo-138-Juan-Nuno-Etica-y-cibernetica.jpg?fit=433%2C639&ssl=1","type":"image\/jpeg"}],"author":"Prensa Cenal","twitter_card":"summary_large_image","twitter_misc":{"Written by":"Prensa Cenal","Est. reading time":"2 minutos"},"schema":{"@context":"https:\/\/schema.org","@graph":[{"@type":"Article","@id":"https:\/\/cenal.gob.ve\/?p=19845#article","isPartOf":{"@id":"https:\/\/cenal.gob.ve\/?p=19845"},"author":{"name":"Prensa Cenal","@id":"https:\/\/cenal.gob.ve\/#\/schema\/person\/e3ed34623f400ffab8bc7a63b2f5533f"},"headline":"\u00c9tica y cibern\u00e9tica","datePublished":"2022-12-15T20:22:34+00:00","dateModified":"2023-06-25T18:39:03+00:00","mainEntityOfPage":{"@id":"https:\/\/cenal.gob.ve\/?p=19845"},"wordCount":343,"commentCount":0,"publisher":{"@id":"https:\/\/cenal.gob.ve\/#organization"},"keywords":["Juan Nu\u00f1o"],"articleSection":["Bicentenario Carabobo","Libros"],"inLanguage":"es","potentialAction":[{"@type":"CommentAction","name":"Comment","target":["https:\/\/cenal.gob.ve\/?p=19845#respond"]}]},{"@type":"WebPage","@id":"https:\/\/cenal.gob.ve\/?p=19845","url":"https:\/\/cenal.gob.ve\/?p=19845","name":"\u00c9tica y cibern\u00e9tica","isPartOf":{"@id":"https:\/\/cenal.gob.ve\/#website"},"datePublished":"2022-12-15T20:22:34+00:00","dateModified":"2023-06-25T18:39:03+00:00","breadcrumb":{"@id":"https:\/\/cenal.gob.ve\/?p=19845#breadcrumb"},"inLanguage":"es","potentialAction":[{"@type":"ReadAction","target":["https:\/\/cenal.gob.ve\/?p=19845"]}]},{"@type":"BreadcrumbList","@id":"https:\/\/cenal.gob.ve\/?p=19845#breadcrumb","itemListElement":[{"@type":"ListItem","position":1,"name":"Home","item":"https:\/\/cenal.gob.ve\/"},{"@type":"ListItem","position":2,"name":"\u00c9tica y cibern\u00e9tica"}]},{"@type":"WebSite","@id":"https:\/\/cenal.gob.ve\/#website","url":"https:\/\/cenal.gob.ve\/","name":"Cenal","description":"","publisher":{"@id":"https:\/\/cenal.gob.ve\/#organization"},"potentialAction":[{"@type":"SearchAction","target":{"@type":"EntryPoint","urlTemplate":"https:\/\/cenal.gob.ve\/?s={search_term_string}"},"query-input":"required name=search_term_string"}],"inLanguage":"es"},{"@type":"Organization","@id":"https:\/\/cenal.gob.ve\/#organization","name":"CENAL","url":"https:\/\/cenal.gob.ve\/","sameAs":[],"logo":{"@type":"ImageObject","inLanguage":"es","@id":"https:\/\/cenal.gob.ve\/#\/schema\/logo\/image\/","url":"https:\/\/i0.wp.com\/cenal.gob.ve\/wp-content\/uploads\/2022\/10\/cropped-images.jpg?fit=512%2C512","contentUrl":"https:\/\/i0.wp.com\/cenal.gob.ve\/wp-content\/uploads\/2022\/10\/cropped-images.jpg?fit=512%2C512","width":512,"height":512,"caption":"CENAL"},"image":{"@id":"https:\/\/cenal.gob.ve\/#\/schema\/logo\/image\/"}},{"@type":"Person","@id":"https:\/\/cenal.gob.ve\/#\/schema\/person\/e3ed34623f400ffab8bc7a63b2f5533f","name":"Prensa Cenal","image":{"@type":"ImageObject","inLanguage":"es","@id":"https:\/\/cenal.gob.ve\/#\/schema\/person\/image\/","url":"https:\/\/secure.gravatar.com\/avatar\/594b4ed34090910c619ac3679001d491?s=96&d=mm&r=g","contentUrl":"https:\/\/secure.gravatar.com\/avatar\/594b4ed34090910c619ac3679001d491?s=96&d=mm&r=g","caption":"Prensa Cenal"},"url":"https:\/\/cenal.gob.ve\/?author=10"}]}},"jetpack_featured_media_url":"https:\/\/cenal.gob.ve\/wp-content\/uploads\/2022\/12\/Coleccion-Bicentenario-Carabobo-138-Juan-Nuno-Etica-y-cibernetica.jpg","jetpack_publicize_connections":[],"jetpack_shortlink":"https:\/\/wp.me\/p5FMhp-5a5","_links":{"self":[{"href":"https:\/\/cenal.gob.ve\/index.php?rest_route=\/wp\/v2\/posts\/19845"}],"collection":[{"href":"https:\/\/cenal.gob.ve\/index.php?rest_route=\/wp\/v2\/posts"}],"about":[{"href":"https:\/\/cenal.gob.ve\/index.php?rest_route=\/wp\/v2\/types\/post"}],"author":[{"embeddable":true,"href":"https:\/\/cenal.gob.ve\/index.php?rest_route=\/wp\/v2\/users\/10"}],"replies":[{"embeddable":true,"href":"https:\/\/cenal.gob.ve\/index.php?rest_route=%2Fwp%2Fv2%2Fcomments&post=19845"}],"version-history":[{"count":3,"href":"https:\/\/cenal.gob.ve\/index.php?rest_route=\/wp\/v2\/posts\/19845\/revisions"}],"predecessor-version":[{"id":21219,"href":"https:\/\/cenal.gob.ve\/index.php?rest_route=\/wp\/v2\/posts\/19845\/revisions\/21219"}],"wp:featuredmedia":[{"embeddable":true,"href":"https:\/\/cenal.gob.ve\/index.php?rest_route=\/wp\/v2\/media\/19846"}],"wp:attachment":[{"href":"https:\/\/cenal.gob.ve\/index.php?rest_route=%2Fwp%2Fv2%2Fmedia&parent=19845"}],"wp:term":[{"taxonomy":"category","embeddable":true,"href":"https:\/\/cenal.gob.ve\/index.php?rest_route=%2Fwp%2Fv2%2Fcategories&post=19845"},{"taxonomy":"post_tag","embeddable":true,"href":"https:\/\/cenal.gob.ve\/index.php?rest_route=%2Fwp%2Fv2%2Ftags&post=19845"}],"curies":[{"name":"wp","href":"https:\/\/api.w.org\/{rel}","templated":true}]}}