{"id":19868,"date":"2022-12-15T16:51:17","date_gmt":"2022-12-15T20:51:17","guid":{"rendered":"http:\/\/cenal.gob.ve\/?p=19868"},"modified":"2023-06-25T14:31:42","modified_gmt":"2023-06-25T18:31:42","slug":"90-anos-de-literatura-venezolana","status":"publish","type":"post","link":"https:\/\/cenal.gob.ve\/?p=19868","title":{"rendered":"90 a\u00f1os de literatura venezolana"},"content":{"rendered":"\n<p>Aqu\u00ed se ofrece un exhaustivo recorrido por la narrativa, la poes\u00eda y el ensayo escritos en Venezuela entre 1900 y 1990. Comienza en los a\u00f1os finales del siglo XIX, cuando el modernismo \u201cdesborda \u2026 los precarios l\u00edmites del siglo XIX y abre una de las m\u00e1s ricas manifestaciones de la prosa y del verso venezolanos\u201d, abrazado por una legi\u00f3n de j\u00f3venes que quieren \u201clibrar una batalla por las nuevas formas est\u00e9ticas\u201d. La contraparte ser\u00eda un \u201cpostmodernismo\u201d que, afirmado en \u201cuna nueva disposici\u00f3n expresiva de car\u00e1cter realista en el campo de la ficci\u00f3n novel\u00edstica o de la l\u00edrica\u201d, busca \u201cdar validez a las contradicciones temporales de la vida venezolana\u201d. En esa t\u00f3nica, que combina el an\u00e1lisis cr\u00edtico con el recuento cronol\u00f3gico, se construye una panor\u00e1mica de la creaci\u00f3n literaria en el pa\u00eds \u2212a lo largo nueve d\u00e9cadas\u2212 donde podemos apreciar los procesos de surgimiento y afianzamiento de tendencias, transiciones, rupturas, aparici\u00f3n de grupos militantes y de talentos singulares, as\u00ed como cambios de \u00e9poca que tienen un correlato en ciertas manifestaciones est\u00e9ticas y tomas de partido contra las tradiciones po\u00e9tica y narrativa, como ocurri\u00f3 en los a\u00f1os 80. Se trata de una obra referencial de gran utilidad, que facilita el estudio y la comprensi\u00f3n de toda una historia de creaci\u00f3n con sus hitos, contradicciones y particularidades.<\/p>\n\n\n\n<p><strong>Jos\u00e9 Ram\u00f3n Medina<\/strong>\u00a0Penalista, crimin\u00f3logo, poeta, cr\u00edtico, ensayista y periodista nacido en San Francisco de Macaira, Gu\u00e1rico, en 1919. Fue contralor y fiscal general de la Rep\u00fablica y dirigi\u00f3 el diario\u00a0<em>El Nacional<\/em>. Fund\u00f3 junt0 con \u00c1ngel Rama la Biblioteca Ayacucho. Recibi\u00f3 el Premio Nacional de Literatura en 1959. Autor de una extensa obra en la que destacan\u00a0<em>Los d\u00edas sedientos y Diez Eleg\u00edas<\/em>\u00a0(1953),\u00a0<em>Raz\u00f3n de Poes\u00eda<\/em>\u00a0(1960),\u00a0<em>Ensayos y perfiles<\/em>\u00a0(1969),\u00a0<em>Verdadero Ser<\/em>\u00a0(1982) y\u00a0<em>A\u00fan en el oto\u00f1o<\/em>\u00a0(1996). Falleci\u00f3 en Caracas en 2010.\u00a0<\/p>\n\n\n\n<p><br><strong>Jos\u00e9 Ram\u00f3n Medina<\/strong><br><strong><em>90 a\u00f1os de literatura venezolana<\/em><\/strong><br>Colecci\u00f3n Bicentenario Carabobo 141<br>ISBN 978-980-440-170-1<br>460 pp.<\/p>\n","protected":false},"excerpt":{"rendered":"<p>Aqu\u00ed se ofrece un exhaustivo recorrido por la narrativa, la poes\u00eda y el ensayo escritos en Venezuela entre 1900 y 1990. Comienza en los a\u00f1os finales del siglo XIX, cuando [&hellip;]<\/p>\n","protected":false},"author":10,"featured_media":19869,"comment_status":"open","ping_status":"closed","sticky":false,"template":"","format":"standard","meta":{"spay_email":"","jetpack_publicize_message":"","jetpack_is_tweetstorm":false,"jetpack_publicize_feature_enabled":true},"categories":[93,55],"tags":[183],"yoast_head":"<!-- This site is optimized with the Yoast SEO plugin v19.8 - https:\/\/yoast.com\/wordpress\/plugins\/seo\/ -->\n<title>90 a\u00f1os de literatura venezolana<\/title>\n<meta name=\"robots\" content=\"index, follow, max-snippet:-1, max-image-preview:large, max-video-preview:-1\" \/>\n<link rel=\"canonical\" href=\"https:\/\/cenal.gob.ve\/?p=19868\" \/>\n<meta property=\"og:locale\" content=\"es_ES\" \/>\n<meta property=\"og:type\" content=\"article\" \/>\n<meta property=\"og:title\" content=\"90 a\u00f1os de literatura venezolana\" \/>\n<meta property=\"og:description\" content=\"Aqu\u00ed se ofrece un exhaustivo recorrido por la narrativa, la poes\u00eda y el ensayo escritos en Venezuela entre 1900 y 1990. Comienza en los a\u00f1os finales del siglo XIX, cuando [&hellip;]\" \/>\n<meta property=\"og:url\" content=\"https:\/\/cenal.gob.ve\/?p=19868\" \/>\n<meta property=\"og:site_name\" content=\"Cenal\" \/>\n<meta property=\"article:published_time\" content=\"2022-12-15T20:51:17+00:00\" \/>\n<meta property=\"article:modified_time\" content=\"2023-06-25T18:31:42+00:00\" \/>\n<meta property=\"og:image\" content=\"https:\/\/i0.wp.com\/cenal.gob.ve\/wp-content\/uploads\/2022\/12\/Coleccion-Bicentenario-Carabobo-141-Jose-Ramon-Medina-90-anos-de-literatura-venezolana.jpg?fit=433%2C635&ssl=1\" \/>\n\t<meta property=\"og:image:width\" content=\"433\" \/>\n\t<meta property=\"og:image:height\" content=\"635\" \/>\n\t<meta property=\"og:image:type\" content=\"image\/jpeg\" \/>\n<meta name=\"author\" content=\"Prensa Cenal\" \/>\n<meta name=\"twitter:card\" content=\"summary_large_image\" \/>\n<meta name=\"twitter:label1\" content=\"Written by\" \/>\n\t<meta name=\"twitter:data1\" content=\"Prensa Cenal\" \/>\n\t<meta name=\"twitter:label2\" content=\"Est. reading time\" \/>\n\t<meta name=\"twitter:data2\" content=\"2 minutos\" \/>\n<script type=\"application\/ld+json\" class=\"yoast-schema-graph\">{\"@context\":\"https:\/\/schema.org\",\"@graph\":[{\"@type\":\"Article\",\"@id\":\"https:\/\/cenal.gob.ve\/?p=19868#article\",\"isPartOf\":{\"@id\":\"https:\/\/cenal.gob.ve\/?p=19868\"},\"author\":{\"name\":\"Prensa Cenal\",\"@id\":\"https:\/\/cenal.gob.ve\/#\/schema\/person\/e3ed34623f400ffab8bc7a63b2f5533f\"},\"headline\":\"90 a\u00f1os de literatura venezolana\",\"datePublished\":\"2022-12-15T20:51:17+00:00\",\"dateModified\":\"2023-06-25T18:31:42+00:00\",\"mainEntityOfPage\":{\"@id\":\"https:\/\/cenal.gob.ve\/?p=19868\"},\"wordCount\":350,\"commentCount\":0,\"publisher\":{\"@id\":\"https:\/\/cenal.gob.ve\/#organization\"},\"keywords\":[\"Jos\u00e9 Ram\u00f3n Medina\"],\"articleSection\":[\"Bicentenario Carabobo\",\"Libros\"],\"inLanguage\":\"es\",\"potentialAction\":[{\"@type\":\"CommentAction\",\"name\":\"Comment\",\"target\":[\"https:\/\/cenal.gob.ve\/?p=19868#respond\"]}]},{\"@type\":\"WebPage\",\"@id\":\"https:\/\/cenal.gob.ve\/?p=19868\",\"url\":\"https:\/\/cenal.gob.ve\/?p=19868\",\"name\":\"90 a\u00f1os de literatura venezolana\",\"isPartOf\":{\"@id\":\"https:\/\/cenal.gob.ve\/#website\"},\"datePublished\":\"2022-12-15T20:51:17+00:00\",\"dateModified\":\"2023-06-25T18:31:42+00:00\",\"breadcrumb\":{\"@id\":\"https:\/\/cenal.gob.ve\/?p=19868#breadcrumb\"},\"inLanguage\":\"es\",\"potentialAction\":[{\"@type\":\"ReadAction\",\"target\":[\"https:\/\/cenal.gob.ve\/?p=19868\"]}]},{\"@type\":\"BreadcrumbList\",\"@id\":\"https:\/\/cenal.gob.ve\/?p=19868#breadcrumb\",\"itemListElement\":[{\"@type\":\"ListItem\",\"position\":1,\"name\":\"Home\",\"item\":\"https:\/\/cenal.gob.ve\/\"},{\"@type\":\"ListItem\",\"position\":2,\"name\":\"90 a\u00f1os de literatura venezolana\"}]},{\"@type\":\"WebSite\",\"@id\":\"https:\/\/cenal.gob.ve\/#website\",\"url\":\"https:\/\/cenal.gob.ve\/\",\"name\":\"Cenal\",\"description\":\"\",\"publisher\":{\"@id\":\"https:\/\/cenal.gob.ve\/#organization\"},\"potentialAction\":[{\"@type\":\"SearchAction\",\"target\":{\"@type\":\"EntryPoint\",\"urlTemplate\":\"https:\/\/cenal.gob.ve\/?s={search_term_string}\"},\"query-input\":\"required name=search_term_string\"}],\"inLanguage\":\"es\"},{\"@type\":\"Organization\",\"@id\":\"https:\/\/cenal.gob.ve\/#organization\",\"name\":\"CENAL\",\"url\":\"https:\/\/cenal.gob.ve\/\",\"sameAs\":[],\"logo\":{\"@type\":\"ImageObject\",\"inLanguage\":\"es\",\"@id\":\"https:\/\/cenal.gob.ve\/#\/schema\/logo\/image\/\",\"url\":\"https:\/\/i0.wp.com\/cenal.gob.ve\/wp-content\/uploads\/2022\/10\/cropped-images.jpg?fit=512%2C512\",\"contentUrl\":\"https:\/\/i0.wp.com\/cenal.gob.ve\/wp-content\/uploads\/2022\/10\/cropped-images.jpg?fit=512%2C512\",\"width\":512,\"height\":512,\"caption\":\"CENAL\"},\"image\":{\"@id\":\"https:\/\/cenal.gob.ve\/#\/schema\/logo\/image\/\"}},{\"@type\":\"Person\",\"@id\":\"https:\/\/cenal.gob.ve\/#\/schema\/person\/e3ed34623f400ffab8bc7a63b2f5533f\",\"name\":\"Prensa Cenal\",\"image\":{\"@type\":\"ImageObject\",\"inLanguage\":\"es\",\"@id\":\"https:\/\/cenal.gob.ve\/#\/schema\/person\/image\/\",\"url\":\"https:\/\/secure.gravatar.com\/avatar\/594b4ed34090910c619ac3679001d491?s=96&d=mm&r=g\",\"contentUrl\":\"https:\/\/secure.gravatar.com\/avatar\/594b4ed34090910c619ac3679001d491?s=96&d=mm&r=g\",\"caption\":\"Prensa Cenal\"},\"url\":\"https:\/\/cenal.gob.ve\/?author=10\"}]}<\/script>\n<!-- \/ Yoast SEO plugin. -->","yoast_head_json":{"title":"90 a\u00f1os de literatura venezolana","robots":{"index":"index","follow":"follow","max-snippet":"max-snippet:-1","max-image-preview":"max-image-preview:large","max-video-preview":"max-video-preview:-1"},"canonical":"https:\/\/cenal.gob.ve\/?p=19868","og_locale":"es_ES","og_type":"article","og_title":"90 a\u00f1os de literatura venezolana","og_description":"Aqu\u00ed se ofrece un exhaustivo recorrido por la narrativa, la poes\u00eda y el ensayo escritos en Venezuela entre 1900 y 1990. Comienza en los a\u00f1os finales del siglo XIX, cuando [&hellip;]","og_url":"https:\/\/cenal.gob.ve\/?p=19868","og_site_name":"Cenal","article_published_time":"2022-12-15T20:51:17+00:00","article_modified_time":"2023-06-25T18:31:42+00:00","og_image":[{"width":433,"height":635,"url":"https:\/\/i0.wp.com\/cenal.gob.ve\/wp-content\/uploads\/2022\/12\/Coleccion-Bicentenario-Carabobo-141-Jose-Ramon-Medina-90-anos-de-literatura-venezolana.jpg?fit=433%2C635&ssl=1","type":"image\/jpeg"}],"author":"Prensa Cenal","twitter_card":"summary_large_image","twitter_misc":{"Written by":"Prensa Cenal","Est. reading time":"2 minutos"},"schema":{"@context":"https:\/\/schema.org","@graph":[{"@type":"Article","@id":"https:\/\/cenal.gob.ve\/?p=19868#article","isPartOf":{"@id":"https:\/\/cenal.gob.ve\/?p=19868"},"author":{"name":"Prensa Cenal","@id":"https:\/\/cenal.gob.ve\/#\/schema\/person\/e3ed34623f400ffab8bc7a63b2f5533f"},"headline":"90 a\u00f1os de literatura venezolana","datePublished":"2022-12-15T20:51:17+00:00","dateModified":"2023-06-25T18:31:42+00:00","mainEntityOfPage":{"@id":"https:\/\/cenal.gob.ve\/?p=19868"},"wordCount":350,"commentCount":0,"publisher":{"@id":"https:\/\/cenal.gob.ve\/#organization"},"keywords":["Jos\u00e9 Ram\u00f3n Medina"],"articleSection":["Bicentenario Carabobo","Libros"],"inLanguage":"es","potentialAction":[{"@type":"CommentAction","name":"Comment","target":["https:\/\/cenal.gob.ve\/?p=19868#respond"]}]},{"@type":"WebPage","@id":"https:\/\/cenal.gob.ve\/?p=19868","url":"https:\/\/cenal.gob.ve\/?p=19868","name":"90 a\u00f1os de literatura venezolana","isPartOf":{"@id":"https:\/\/cenal.gob.ve\/#website"},"datePublished":"2022-12-15T20:51:17+00:00","dateModified":"2023-06-25T18:31:42+00:00","breadcrumb":{"@id":"https:\/\/cenal.gob.ve\/?p=19868#breadcrumb"},"inLanguage":"es","potentialAction":[{"@type":"ReadAction","target":["https:\/\/cenal.gob.ve\/?p=19868"]}]},{"@type":"BreadcrumbList","@id":"https:\/\/cenal.gob.ve\/?p=19868#breadcrumb","itemListElement":[{"@type":"ListItem","position":1,"name":"Home","item":"https:\/\/cenal.gob.ve\/"},{"@type":"ListItem","position":2,"name":"90 a\u00f1os de literatura venezolana"}]},{"@type":"WebSite","@id":"https:\/\/cenal.gob.ve\/#website","url":"https:\/\/cenal.gob.ve\/","name":"Cenal","description":"","publisher":{"@id":"https:\/\/cenal.gob.ve\/#organization"},"potentialAction":[{"@type":"SearchAction","target":{"@type":"EntryPoint","urlTemplate":"https:\/\/cenal.gob.ve\/?s={search_term_string}"},"query-input":"required name=search_term_string"}],"inLanguage":"es"},{"@type":"Organization","@id":"https:\/\/cenal.gob.ve\/#organization","name":"CENAL","url":"https:\/\/cenal.gob.ve\/","sameAs":[],"logo":{"@type":"ImageObject","inLanguage":"es","@id":"https:\/\/cenal.gob.ve\/#\/schema\/logo\/image\/","url":"https:\/\/i0.wp.com\/cenal.gob.ve\/wp-content\/uploads\/2022\/10\/cropped-images.jpg?fit=512%2C512","contentUrl":"https:\/\/i0.wp.com\/cenal.gob.ve\/wp-content\/uploads\/2022\/10\/cropped-images.jpg?fit=512%2C512","width":512,"height":512,"caption":"CENAL"},"image":{"@id":"https:\/\/cenal.gob.ve\/#\/schema\/logo\/image\/"}},{"@type":"Person","@id":"https:\/\/cenal.gob.ve\/#\/schema\/person\/e3ed34623f400ffab8bc7a63b2f5533f","name":"Prensa Cenal","image":{"@type":"ImageObject","inLanguage":"es","@id":"https:\/\/cenal.gob.ve\/#\/schema\/person\/image\/","url":"https:\/\/secure.gravatar.com\/avatar\/594b4ed34090910c619ac3679001d491?s=96&d=mm&r=g","contentUrl":"https:\/\/secure.gravatar.com\/avatar\/594b4ed34090910c619ac3679001d491?s=96&d=mm&r=g","caption":"Prensa Cenal"},"url":"https:\/\/cenal.gob.ve\/?author=10"}]}},"jetpack_featured_media_url":"https:\/\/cenal.gob.ve\/wp-content\/uploads\/2022\/12\/Coleccion-Bicentenario-Carabobo-141-Jose-Ramon-Medina-90-anos-de-literatura-venezolana.jpg","jetpack_publicize_connections":[],"jetpack_shortlink":"https:\/\/wp.me\/p5FMhp-5as","_links":{"self":[{"href":"https:\/\/cenal.gob.ve\/index.php?rest_route=\/wp\/v2\/posts\/19868"}],"collection":[{"href":"https:\/\/cenal.gob.ve\/index.php?rest_route=\/wp\/v2\/posts"}],"about":[{"href":"https:\/\/cenal.gob.ve\/index.php?rest_route=\/wp\/v2\/types\/post"}],"author":[{"embeddable":true,"href":"https:\/\/cenal.gob.ve\/index.php?rest_route=\/wp\/v2\/users\/10"}],"replies":[{"embeddable":true,"href":"https:\/\/cenal.gob.ve\/index.php?rest_route=%2Fwp%2Fv2%2Fcomments&post=19868"}],"version-history":[{"count":4,"href":"https:\/\/cenal.gob.ve\/index.php?rest_route=\/wp\/v2\/posts\/19868\/revisions"}],"predecessor-version":[{"id":21214,"href":"https:\/\/cenal.gob.ve\/index.php?rest_route=\/wp\/v2\/posts\/19868\/revisions\/21214"}],"wp:featuredmedia":[{"embeddable":true,"href":"https:\/\/cenal.gob.ve\/index.php?rest_route=\/wp\/v2\/media\/19869"}],"wp:attachment":[{"href":"https:\/\/cenal.gob.ve\/index.php?rest_route=%2Fwp%2Fv2%2Fmedia&parent=19868"}],"wp:term":[{"taxonomy":"category","embeddable":true,"href":"https:\/\/cenal.gob.ve\/index.php?rest_route=%2Fwp%2Fv2%2Fcategories&post=19868"},{"taxonomy":"post_tag","embeddable":true,"href":"https:\/\/cenal.gob.ve\/index.php?rest_route=%2Fwp%2Fv2%2Ftags&post=19868"}],"curies":[{"name":"wp","href":"https:\/\/api.w.org\/{rel}","templated":true}]}}