{"id":19973,"date":"2023-02-10T10:46:17","date_gmt":"2023-02-10T14:46:17","guid":{"rendered":"http:\/\/cenal.gob.ve\/?p=19973"},"modified":"2023-02-10T11:50:09","modified_gmt":"2023-02-10T15:50:09","slug":"venezuela-participa-en-31a-feria-internacional-del-libro-de-la-habana","status":"publish","type":"post","link":"https:\/\/cenal.gob.ve\/?p=19973","title":{"rendered":"Venezuela participa en 31\u00aa Feria Internacional del Libro de La Habana"},"content":{"rendered":"\n<p>Una amplia muestra de la producci\u00f3n editorial de la Rep\u00fablica Bolivariana de Venezuela est\u00e1 disponible a trav\u00e9s del Ministerio del Poder Popular para la Cultura en la 31\u00aa Feria Internacional del Libro de La Habana, Cuba, que, tras su inauguraci\u00f3n este 9 de febrero, estar\u00e1 abierta hasta el pr\u00f3ximo 19 en el Parque Hist\u00f3rico Militar San Carlos de la Caba\u00f1a y el Centro Hist\u00f3rico de la capital cubana, bajo la premisa martiana \u201cLeer es crecer\u201d.  <\/p>\n\n\n\n<p>El pa\u00eds abri\u00f3 un estand con sus novedades literarias, a cargo del Centro Nacional del Libro (Cenal), y participa en la programaci\u00f3n de la FilhCuba con m\u00e1s de 35 actividades entre presentaciones de libros, conferencias y talleres, que estar\u00e1n efectu\u00e1ndose en la Fortaleza San Carlos de la Caba\u00f1a y sedes de la Casa de las Am\u00e9ricas, Casa del Alba Cultural de La Habana y Centro Cultural Dulce Mar\u00eda Loynaz.  <\/p>\n\n\n\n<p>El ministro de Cultura venezolano, Ernesto Villegas, asisti\u00f3 al acto inaugural celebrado en la Sala Nicol\u00e1s Guill\u00e9n de La Caba\u00f1a, en compa\u00f1\u00eda del embajador de Venezuela en Cuba, Ad\u00e1n Ch\u00e1vez, y de los viceministros de Fomento para Econom\u00eda Cultural y presidente del Centro Nacional del Libro, Ra\u00fal Cazal, y de Cultura Audiovisual y coordinador general de la Red Internacional en Defensa de la Humanidad, Sergio Arrias.  <\/p>\n\n\n\n<figure class=\"wp-block-image size-large\"><img width=\"1024\" height=\"683\" src=\"http:\/\/cenal.gob.ve\/wp-content\/uploads\/2023\/02\/1675990673610_1675990668474-1-1024x683.jpg\" alt=\"\" class=\"wp-image-19979\" srcset=\"https:\/\/cenal.gob.ve\/wp-content\/uploads\/2023\/02\/1675990673610_1675990668474-1-1024x683.jpg 1024w, https:\/\/cenal.gob.ve\/wp-content\/uploads\/2023\/02\/1675990673610_1675990668474-1-300x200.jpg 300w, https:\/\/cenal.gob.ve\/wp-content\/uploads\/2023\/02\/1675990673610_1675990668474-1-768x512.jpg 768w, https:\/\/cenal.gob.ve\/wp-content\/uploads\/2023\/02\/1675990673610_1675990668474-1-1536x1024.jpg 1536w, https:\/\/cenal.gob.ve\/wp-content\/uploads\/2023\/02\/1675990673610_1675990668474-1-2048x1366.jpg 2048w, https:\/\/cenal.gob.ve\/wp-content\/uploads\/2023\/02\/1675990673610_1675990668474-1-640x427.jpg 640w\" sizes=\"(max-width: 1024px) 100vw, 1024px\" \/><\/figure>\n\n\n\n<figure class=\"wp-block-image size-large\"><img width=\"1024\" height=\"683\" src=\"http:\/\/cenal.gob.ve\/wp-content\/uploads\/2023\/02\/1675990673156_1675990668364-1024x683.jpg\" alt=\"\" class=\"wp-image-19983\" srcset=\"https:\/\/cenal.gob.ve\/wp-content\/uploads\/2023\/02\/1675990673156_1675990668364-1024x683.jpg 1024w, https:\/\/cenal.gob.ve\/wp-content\/uploads\/2023\/02\/1675990673156_1675990668364-300x200.jpg 300w, https:\/\/cenal.gob.ve\/wp-content\/uploads\/2023\/02\/1675990673156_1675990668364-768x512.jpg 768w, https:\/\/cenal.gob.ve\/wp-content\/uploads\/2023\/02\/1675990673156_1675990668364-1536x1024.jpg 1536w, https:\/\/cenal.gob.ve\/wp-content\/uploads\/2023\/02\/1675990673156_1675990668364-2048x1365.jpg 2048w, https:\/\/cenal.gob.ve\/wp-content\/uploads\/2023\/02\/1675990673156_1675990668364-640x427.jpg 640w\" sizes=\"(max-width: 1024px) 100vw, 1024px\" \/><\/figure>\n\n\n\n<p>El ministro Villegas tambi\u00e9n acompa\u00f1\u00f3, m\u00e1s temprano, a los ministros de Cultura de Colombia, Patricia Ariza, y de Cuba, Alpidio Alonso, en la izada de sus banderas. Colombia es el pa\u00eds invitado de honor en la Feria del Libro de La Habana y tambi\u00e9n lo ser\u00e1 en la pr\u00f3xima edici\u00f3n de la Feria Internacional del Libro de Venezuela (Filven). <\/p>\n\n\n\n<figure class=\"wp-block-gallery has-nested-images columns-default is-cropped\">\n<figure class=\"wp-block-image size-large\"><img width=\"1024\" height=\"820\" data-id=\"19980\"  src=\"http:\/\/cenal.gob.ve\/wp-content\/uploads\/2023\/02\/20230210_091656-1024x820.jpg\" alt=\"\" class=\"wp-image-19980\" srcset=\"https:\/\/cenal.gob.ve\/wp-content\/uploads\/2023\/02\/20230210_091656-1024x820.jpg 1024w, https:\/\/cenal.gob.ve\/wp-content\/uploads\/2023\/02\/20230210_091656-300x240.jpg 300w, https:\/\/cenal.gob.ve\/wp-content\/uploads\/2023\/02\/20230210_091656-768x615.jpg 768w, https:\/\/cenal.gob.ve\/wp-content\/uploads\/2023\/02\/20230210_091656-1536x1230.jpg 1536w, https:\/\/cenal.gob.ve\/wp-content\/uploads\/2023\/02\/20230210_091656-640x513.jpg 640w, https:\/\/cenal.gob.ve\/wp-content\/uploads\/2023\/02\/20230210_091656.jpg 2048w\" sizes=\"(max-width: 1024px) 100vw, 1024px\" \/><\/figure>\n<\/figure>\n\n\n\n<figure class=\"wp-block-image size-large\"><img width=\"1024\" height=\"683\" src=\"http:\/\/cenal.gob.ve\/wp-content\/uploads\/2023\/02\/20230210_091806-1024x683.jpg\" alt=\"\" class=\"wp-image-19976\" srcset=\"https:\/\/cenal.gob.ve\/wp-content\/uploads\/2023\/02\/20230210_091806-1024x683.jpg 1024w, https:\/\/cenal.gob.ve\/wp-content\/uploads\/2023\/02\/20230210_091806-300x200.jpg 300w, https:\/\/cenal.gob.ve\/wp-content\/uploads\/2023\/02\/20230210_091806-768x512.jpg 768w, https:\/\/cenal.gob.ve\/wp-content\/uploads\/2023\/02\/20230210_091806-1536x1025.jpg 1536w, https:\/\/cenal.gob.ve\/wp-content\/uploads\/2023\/02\/20230210_091806-640x427.jpg 640w, https:\/\/cenal.gob.ve\/wp-content\/uploads\/2023\/02\/20230210_091806.jpg 2048w\" sizes=\"(max-width: 1024px) 100vw, 1024px\" \/><\/figure>\n\n\n\n<p>Igualmente estuvo presente en la inauguraci\u00f3n de esta fiesta cultural el Fiscal General de la Rep\u00fablica, Tarek William Saab, quien, adem\u00e1s de visitar Cuba para renovar convenio de colaboraci\u00f3n con la Fiscal\u00eda General del pa\u00eds caribe\u00f1o, presentar\u00e1 su m\u00e1s reciente libro <em>Hoguera de una adolescencia intemporal<\/em>.  <\/p>\n\n\n\n<p>Entre los t\u00edtulos que exhibe Venezuela durante esta feria est\u00e1n los publicados por las editoriales que integran la Plataforma del Libro y la Lectura del Ministerio del Poder Popular para la Cultura de Venezuela: El perro y la rana, Monte \u00c1vila y Bibliotecas Ayacucho. <\/p>\n\n\n\n<p>Asimismo, publicaciones del Centro de Estudios Sim\u00f3n Bol\u00edvar, Instituto de Altos Estudios del Pensamiento del comandante Hugo Ch\u00e1vez, Fundaci\u00f3n para la Cultura y las Artes de la Alcald\u00eda de Caracas (Fundarte) y Fondo Editorial Asamblea Nacional William Lara.   <\/p>\n\n\n\n<p>Hermanos Vadell Editores, reconocida editorial privada venezolana, tambi\u00e9n sum\u00f3 presentaciones de libros a la programaci\u00f3n de Venezuela en la FilhCuba.   <\/p>\n\n\n\n<figure class=\"wp-block-image is-resized\"><img width=\"345\" height=\"699\"\/><\/figure>\n\n\n\n<p><strong>Participaci\u00f3n de escritores<\/strong> <\/p>\n\n\n\n<p>Conforman la delegaci\u00f3n nacional reconocidos escritores, poetas e investigadores venezolanos, entre ellos Iraida Vargas Arenas \u2013homenajeada en la 18\u00aa Filven-, Luis Britto Garc\u00eda, Carmen Boh\u00f3rquez y Gustavo Pereira. Se unen C\u00f3simo Mandrillo, Karibay Vel\u00e1squez y Brumelys Montenegro Ochoa.<\/p>\n\n\n\n<p>Adem\u00e1s, presentar\u00e1n sus obras literarias representantes de la pol\u00edtica venezolana, como el presidente de la Asamblea Nacional, Jorge Rodr\u00edguez, quien compartir\u00e1 su libro <em>La piel del lagarto<\/em>; el Fiscal General de la Rep\u00fablica, Tarek William Saab, con su m\u00e1s reciente libro <em>Hoguera de una adolescencia intemporal<\/em>; el Vicepresidente Sectorial de Comunicaci\u00f3n, Cultura y Turismo y ministro del Poder Popular para la Comunicaci\u00f3n e Informaci\u00f3n, Freddy \u00d1\u00e1\u00f1ez, quien hablar\u00e1 sobre su poemario <em>El Resto de una Sombra<\/em>, y el diputado a la Asamblea Nacional y director del Semanario 4F, Gustavo Villapol R\u00edos, con su t\u00edtulo <em>De la Guerra a la Vida: Nueva \u00c9poca de Transici\u00f3n al Socialismo<\/em>. Tambi\u00e9n se prev\u00e9 la asistencia del diputado Carlos Sierra con su libro <em>\u00bfCon qu\u00e9 Moral?: \u00c9tica y Valores para una Nueva \u00c9poca<\/em>.<\/p>\n\n\n\n<p>En esta feria se desarrollar\u00e1 el Primer Encuentro Internacional de Publicaciones Te\u00f3ricas de Partidos y Movimientos de Izquierda, en el cual igualmente estar\u00e1n presentes miembros de la delegaci\u00f3n venezolana.<\/p>\n\n\n\n<p><strong>Presentaciones<\/strong> <\/p>\n\n\n\n<p>Entre las ediciones venezolanas que se presentar\u00e1n como parte de la programaci\u00f3n de la FilhCuba, se encuentra Francisco de Miranda Precursor de las Independencias de la Am\u00e9rica Latina, de Carmen Boh\u00f3rquez, que conforma la Colecci\u00f3n Bicentenario, editada por iniciativa del presidente Nicol\u00e1s Maduro Moros para celebrar los 200 a\u00f1os de la gesta independista de Venezuela. <\/p>\n\n\n\n<p>Monte \u00c1vila presentar\u00e1 t\u00edtulos como <em>Resistencia y participaci\u00f3n<\/em>, de Iraida Vargas; <em>La Era del Conspiracionismo<\/em>, de Ignacio Ramonet; <em>La Piel del lagarto<\/em>, del Dr. Jorge Rodr\u00edguez; <em>Hoguera de una Adolescencia Intemporal<\/em> y <em>En un Paisaje Boreal<\/em>, de Tarek William Saab; <em>El Resto de una Sombra<\/em>, de Freddy \u00d1a\u00f1ez; <em>Somaris e Historias del Para\u00edso<\/em>, de Gustavo Pereira; <em>La Anatom\u00eda del V\u00e9rtigo<\/em>, de Karibay Vel\u00e1squez; <em>Historias Asombrosas de Nuestra Am\u00e9rica<\/em>, de Sergio Guerra Vilaboy; <em>La Mujer Ind\u00edgena y la Colonizaci\u00f3n de la Er\u00f3tica en Am\u00e9rica Latina<\/em>, de Carmen Boh\u00f3rquez; <em>Pirata y Arte y Parte<\/em>, de Luis Britto Garc\u00eda, y <em>Conspiraci\u00f3n en el Mercado<\/em>, de C\u00f3simo Mandrillo.<\/p>\n\n\n\n<p>El perro y la rana presentar\u00e1 <em>Historias Asombrosas de Nuestra Am\u00e9rica y Cuarenta y Cinco Maestros y Amigos que ya no Est\u00e1n<\/em>, de Sergio Guerra Vilaboy; <em>Lugares Comunes y otros Poemas: Antolog\u00eda M\u00ednima<\/em>, de Nolberto Codina; <em>Ligereza de Coraz\u00f3n<\/em>, de Yris Villamizar; y <em>Lo que Escuch\u00e9<\/em>, de Brumelys Montenegro Ochoa.<\/p>\n\n\n\n<p>Fundarte, de la Alcald\u00eda de Caracas, presentar\u00e1 la Revista Estudio, Pr\u00e1cticas y H\u00e1bitos de Consumo Cultural;  la investigaci\u00f3n \u00bfPor qu\u00e9 el Libro Digital en Tiempos de Pandemia Global? y el libro <em>El Nuevo Plan C\u00f3ndor<\/em>. Asimismo, compartir\u00e1 con el pueblo cubano los libros ganadores del Premio Stefan\u00eda Mosca. Estos son: <em>El libro de Cruz Quinal, de Benito Irady; La violenta maquinaria del <\/em>olvido, de Raday Ojeda, y <em>El libro de los tratados<\/em>, de Esmeralda Torres.<\/p>\n\n\n\n<p>Entretanto, el Instituto de Altos Estudios del Pensamiento del Comandante Eterno Hugo Rafael Ch\u00e1vez Fr\u00edas presentar\u00e1 del Comandante Hugo Ch\u00e1vez los libros <em>Febreros y Abriles y Un Brazalete Tricolor.<\/em> Tambi\u00e9n <em>El Despertar de un Pueblo: del Por Ahora a la Victoria Necesaria,<\/em> de Ad\u00e1n Ch\u00e1vez Fr\u00edas; <em>Hugo Ch\u00e1vez y el Socialismo Bolivariano<\/em>, de Germ\u00e1n S\u00e1nchez; <em>Poemas de Amor al Comandante<\/em>, de Shirley Rinc\u00f3n. El Instituto igualmente compartir\u00e1 <em>El Joven Ch\u00e1vez,<\/em> de Germ\u00e1n S\u00e1nchez Otero, publicado por Rut Editorial. De Germ\u00e1n S\u00e1nchez Otero tambi\u00e9n se presentar\u00e1 <em>Operaci\u00f3n Emmanuelle<\/em>.<\/p>\n\n\n\n<p>El Centro de Estudios Sim\u00f3n Bol\u00edvar llevar\u00e1 a la naci\u00f3n cubana los t\u00edtulos  <em>Cuando el Pueblo se Hizo Ej\u00e9rcito Libertador<\/em>, de Alejandro L\u00f3pez; <em>El Siglo de la P\u00f3lvora y Otros Escritos<\/em>, de Pedro Calzadilla P\u00e9rez; <em>Sim\u00f3n Bol\u00edvar: Ideolog\u00eda y M\u00e9todo de la Emancipaci\u00f3n de Nuestra Am\u00e9rica,<\/em> de Yldefonso Finol; <em>Bol\u00edvar y el Poder Moral: Proyecto para una Rep\u00fablica Popular,<\/em> de Manuel E. Carrero Murillo; <em>El Pensamiento del Libertador: Econom\u00eda y Sociedad<\/em>, de Luis Britto Garc\u00eda; y <em>Tomo XXI del Colombeia,<\/em> de Carmen Boh\u00f3rquez.<\/p>\n\n\n\n<p>El Fondo Editorial de la Asamblea Nacional William Lara  presentar\u00e1 <em>El Woma Azul del T\u00edo Pici <\/em>(para ni\u00f1os).<\/p>\n\n\n\n<p><em>\u00bfCon qu\u00e9 Moral?: \u00c9tica y Valores para una Nueva \u00c9poca<\/em>, de Carlos Sierra; y <em>De la Guerra a la Vida: Nueva \u00c9poca de Transici\u00f3n al Socialismo<\/em>, de Gustavo Villapol, publicados por Hermanos Vadell Editores, son otros t\u00edtulos que se presentar\u00e1n al p\u00fablico cubano.<\/p>\n\n\n\n<p>La programaci\u00f3n que ofrece Venezuela tambi\u00e9n contempla conferencias, como Francisco de Miranda y su Legado para el Siglo XXI, con Carmen Boh\u00f3rquez; Er\u00f3tica y Est\u00e9tica de los Piratas y Cuatrocientos A\u00f1os con Sancho Panza, con Luis Britto Garc\u00eda, y Representaci\u00f3n de lo Pol\u00edtico en la Narrativa Venezolana Contempor\u00e1nea, con C\u00f3simo Mandrillo.<\/p>\n\n\n\n<p>El Centro Nacional del Libro (Cenal) brindar\u00e1 el taller Mediaci\u00f3n de Lectura Leamos Juntos a Sim\u00f3n, una experiencia que ha permitido en Venezuela -en el marco del Plan Nacional de Lectura Manuel Vadell- conformar unidades lectoras en diversas regiones del territorio nacional. <\/p>\n\n\n\n<p><strong>M\u00e1s de 4 millones de libros<\/strong> <\/p>\n\n\n\n<p>La FilhCuba tiene como pa\u00eds invitado de honor a Colombia y cuenta con la participaci\u00f3n de m\u00e1s de cuarenta naciones. Rinde homenaje a los centenarios de Fina Garc\u00eda Marruz y Antonio N\u00fa\u00f1ez Jim\u00e9nez. Est\u00e1 dedicada a la bibli\u00f3grafa Araceli Garc\u00eda Carranza Bassetti  y al escritor Julio Travieso Serrano. La tem\u00e1tica es La lectura inclusiva.<\/p>\n\n\n\n<p>De acuerdo con el presidente del Instituto Cubano del Libro, Juan Rodr\u00edguez Cabrera, la feria comercializar\u00e1 m\u00e1s de cuatro millones de libros impresos y 4.200 t\u00edtulos de diversos g\u00e9neros. <\/p>\n\n\n\n<p><blockquote class=\"twitter-tweet\" data-width=\"550\" data-dnt=\"true\"><p lang=\"es\" dir=\"ltr\">Estoy en <a href=\"https:\/\/twitter.com\/hashtag\/Cuba?src=hash&amp;ref_src=twsrc%5Etfw\">#Cuba<\/a> para asistir a Feria Internacional del Libro de La Habana. Tiene como invitado de honor a <a href=\"https:\/\/twitter.com\/hashtag\/Colombia?src=hash&amp;ref_src=twsrc%5Etfw\">#Colombia<\/a>, que tambi\u00e9n lo ser\u00e1 en nuestra <a href=\"https:\/\/twitter.com\/hashtag\/FILVEN?src=hash&amp;ref_src=twsrc%5Etfw\">#FILVEN<\/a> en noviembre. Esta ma\u00f1ana acompa\u00f1\u00e9 a los ministros de Cultura Patricia Ariza \ud83c\udde8\ud83c\uddf4 y Alpidio Alonso \ud83c\udde8\ud83c\uddfa en izada de sus banderas. <a href=\"https:\/\/t.co\/QT5fQSa9PG\">pic.twitter.com\/QT5fQSa9PG<\/a><\/p>&mdash; Ernesto Villegas Poljak (@VillegasPoljak) <a href=\"https:\/\/twitter.com\/VillegasPoljak\/status\/1623719784880783360?ref_src=twsrc%5Etfw\">February 9, 2023<\/a><\/blockquote><script async src=\"https:\/\/platform.twitter.com\/widgets.js\" charset=\"utf-8\"><\/script> <\/p>\n","protected":false},"excerpt":{"rendered":"<p>Una amplia muestra de la producci\u00f3n editorial de la Rep\u00fablica Bolivariana de Venezuela est\u00e1 disponible a trav\u00e9s del Ministerio del Poder Popular para la Cultura en la 31\u00aa Feria Internacional [&hellip;]<\/p>\n","protected":false},"author":10,"featured_media":19975,"comment_status":"closed","ping_status":"closed","sticky":false,"template":"","format":"standard","meta":{"spay_email":"","jetpack_publicize_message":"","jetpack_is_tweetstorm":false,"jetpack_publicize_feature_enabled":true},"categories":[2],"tags":[],"yoast_head":"<!-- This site is optimized with the Yoast SEO plugin v19.8 - https:\/\/yoast.com\/wordpress\/plugins\/seo\/ -->\n<title>Venezuela participa en 31\u00aa Feria Internacional del Libro de La Habana<\/title>\n<meta name=\"robots\" content=\"index, follow, max-snippet:-1, max-image-preview:large, max-video-preview:-1\" \/>\n<link rel=\"canonical\" href=\"https:\/\/cenal.gob.ve\/?p=19973\" \/>\n<meta property=\"og:locale\" content=\"es_ES\" \/>\n<meta property=\"og:type\" content=\"article\" \/>\n<meta property=\"og:title\" content=\"Venezuela participa en 31\u00aa Feria Internacional del Libro de La Habana\" \/>\n<meta property=\"og:description\" content=\"Una amplia muestra de la producci\u00f3n editorial de la Rep\u00fablica Bolivariana de Venezuela est\u00e1 disponible a trav\u00e9s del Ministerio del Poder Popular para la Cultura en la 31\u00aa Feria Internacional [&hellip;]\" \/>\n<meta property=\"og:url\" content=\"https:\/\/cenal.gob.ve\/?p=19973\" \/>\n<meta property=\"og:site_name\" content=\"Cenal\" \/>\n<meta property=\"article:published_time\" content=\"2023-02-10T14:46:17+00:00\" \/>\n<meta property=\"article:modified_time\" content=\"2023-02-10T15:50:09+00:00\" \/>\n<meta property=\"og:image\" content=\"https:\/\/i0.wp.com\/cenal.gob.ve\/wp-content\/uploads\/2023\/02\/20230210_091642.jpg?fit=2048%2C1366&ssl=1\" \/>\n\t<meta property=\"og:image:width\" content=\"2048\" \/>\n\t<meta property=\"og:image:height\" content=\"1366\" \/>\n\t<meta property=\"og:image:type\" content=\"image\/jpeg\" \/>\n<meta name=\"author\" content=\"Prensa Cenal\" \/>\n<meta name=\"twitter:card\" content=\"summary_large_image\" \/>\n<meta name=\"twitter:label1\" content=\"Written by\" \/>\n\t<meta name=\"twitter:data1\" content=\"Prensa Cenal\" \/>\n\t<meta name=\"twitter:label2\" content=\"Est. reading time\" \/>\n\t<meta name=\"twitter:data2\" content=\"8 minutos\" \/>\n<script type=\"application\/ld+json\" class=\"yoast-schema-graph\">{\"@context\":\"https:\/\/schema.org\",\"@graph\":[{\"@type\":\"Article\",\"@id\":\"https:\/\/cenal.gob.ve\/?p=19973#article\",\"isPartOf\":{\"@id\":\"https:\/\/cenal.gob.ve\/?p=19973\"},\"author\":{\"name\":\"Prensa Cenal\",\"@id\":\"https:\/\/cenal.gob.ve\/#\/schema\/person\/e3ed34623f400ffab8bc7a63b2f5533f\"},\"headline\":\"Venezuela participa en 31\u00aa Feria Internacional del Libro de La Habana\",\"datePublished\":\"2023-02-10T14:46:17+00:00\",\"dateModified\":\"2023-02-10T15:50:09+00:00\",\"mainEntityOfPage\":{\"@id\":\"https:\/\/cenal.gob.ve\/?p=19973\"},\"wordCount\":1495,\"publisher\":{\"@id\":\"https:\/\/cenal.gob.ve\/#organization\"},\"articleSection\":[\"Cenal\"],\"inLanguage\":\"es\"},{\"@type\":\"WebPage\",\"@id\":\"https:\/\/cenal.gob.ve\/?p=19973\",\"url\":\"https:\/\/cenal.gob.ve\/?p=19973\",\"name\":\"Venezuela participa en 31\u00aa Feria Internacional del Libro de La Habana\",\"isPartOf\":{\"@id\":\"https:\/\/cenal.gob.ve\/#website\"},\"datePublished\":\"2023-02-10T14:46:17+00:00\",\"dateModified\":\"2023-02-10T15:50:09+00:00\",\"breadcrumb\":{\"@id\":\"https:\/\/cenal.gob.ve\/?p=19973#breadcrumb\"},\"inLanguage\":\"es\",\"potentialAction\":[{\"@type\":\"ReadAction\",\"target\":[\"https:\/\/cenal.gob.ve\/?p=19973\"]}]},{\"@type\":\"BreadcrumbList\",\"@id\":\"https:\/\/cenal.gob.ve\/?p=19973#breadcrumb\",\"itemListElement\":[{\"@type\":\"ListItem\",\"position\":1,\"name\":\"Home\",\"item\":\"https:\/\/cenal.gob.ve\/\"},{\"@type\":\"ListItem\",\"position\":2,\"name\":\"Venezuela participa en 31\u00aa Feria Internacional del Libro de La Habana\"}]},{\"@type\":\"WebSite\",\"@id\":\"https:\/\/cenal.gob.ve\/#website\",\"url\":\"https:\/\/cenal.gob.ve\/\",\"name\":\"Cenal\",\"description\":\"\",\"publisher\":{\"@id\":\"https:\/\/cenal.gob.ve\/#organization\"},\"potentialAction\":[{\"@type\":\"SearchAction\",\"target\":{\"@type\":\"EntryPoint\",\"urlTemplate\":\"https:\/\/cenal.gob.ve\/?s={search_term_string}\"},\"query-input\":\"required name=search_term_string\"}],\"inLanguage\":\"es\"},{\"@type\":\"Organization\",\"@id\":\"https:\/\/cenal.gob.ve\/#organization\",\"name\":\"CENAL\",\"url\":\"https:\/\/cenal.gob.ve\/\",\"sameAs\":[],\"logo\":{\"@type\":\"ImageObject\",\"inLanguage\":\"es\",\"@id\":\"https:\/\/cenal.gob.ve\/#\/schema\/logo\/image\/\",\"url\":\"https:\/\/i0.wp.com\/cenal.gob.ve\/wp-content\/uploads\/2022\/10\/cropped-images.jpg?fit=512%2C512\",\"contentUrl\":\"https:\/\/i0.wp.com\/cenal.gob.ve\/wp-content\/uploads\/2022\/10\/cropped-images.jpg?fit=512%2C512\",\"width\":512,\"height\":512,\"caption\":\"CENAL\"},\"image\":{\"@id\":\"https:\/\/cenal.gob.ve\/#\/schema\/logo\/image\/\"}},{\"@type\":\"Person\",\"@id\":\"https:\/\/cenal.gob.ve\/#\/schema\/person\/e3ed34623f400ffab8bc7a63b2f5533f\",\"name\":\"Prensa Cenal\",\"image\":{\"@type\":\"ImageObject\",\"inLanguage\":\"es\",\"@id\":\"https:\/\/cenal.gob.ve\/#\/schema\/person\/image\/\",\"url\":\"https:\/\/secure.gravatar.com\/avatar\/594b4ed34090910c619ac3679001d491?s=96&d=mm&r=g\",\"contentUrl\":\"https:\/\/secure.gravatar.com\/avatar\/594b4ed34090910c619ac3679001d491?s=96&d=mm&r=g\",\"caption\":\"Prensa Cenal\"},\"url\":\"https:\/\/cenal.gob.ve\/?author=10\"}]}<\/script>\n<!-- \/ Yoast SEO plugin. -->","yoast_head_json":{"title":"Venezuela participa en 31\u00aa Feria Internacional del Libro de La Habana","robots":{"index":"index","follow":"follow","max-snippet":"max-snippet:-1","max-image-preview":"max-image-preview:large","max-video-preview":"max-video-preview:-1"},"canonical":"https:\/\/cenal.gob.ve\/?p=19973","og_locale":"es_ES","og_type":"article","og_title":"Venezuela participa en 31\u00aa Feria Internacional del Libro de La Habana","og_description":"Una amplia muestra de la producci\u00f3n editorial de la Rep\u00fablica Bolivariana de Venezuela est\u00e1 disponible a trav\u00e9s del Ministerio del Poder Popular para la Cultura en la 31\u00aa Feria Internacional [&hellip;]","og_url":"https:\/\/cenal.gob.ve\/?p=19973","og_site_name":"Cenal","article_published_time":"2023-02-10T14:46:17+00:00","article_modified_time":"2023-02-10T15:50:09+00:00","og_image":[{"width":2048,"height":1366,"url":"https:\/\/i0.wp.com\/cenal.gob.ve\/wp-content\/uploads\/2023\/02\/20230210_091642.jpg?fit=2048%2C1366&ssl=1","type":"image\/jpeg"}],"author":"Prensa Cenal","twitter_card":"summary_large_image","twitter_misc":{"Written by":"Prensa Cenal","Est. reading time":"8 minutos"},"schema":{"@context":"https:\/\/schema.org","@graph":[{"@type":"Article","@id":"https:\/\/cenal.gob.ve\/?p=19973#article","isPartOf":{"@id":"https:\/\/cenal.gob.ve\/?p=19973"},"author":{"name":"Prensa Cenal","@id":"https:\/\/cenal.gob.ve\/#\/schema\/person\/e3ed34623f400ffab8bc7a63b2f5533f"},"headline":"Venezuela participa en 31\u00aa Feria Internacional del Libro de La Habana","datePublished":"2023-02-10T14:46:17+00:00","dateModified":"2023-02-10T15:50:09+00:00","mainEntityOfPage":{"@id":"https:\/\/cenal.gob.ve\/?p=19973"},"wordCount":1495,"publisher":{"@id":"https:\/\/cenal.gob.ve\/#organization"},"articleSection":["Cenal"],"inLanguage":"es"},{"@type":"WebPage","@id":"https:\/\/cenal.gob.ve\/?p=19973","url":"https:\/\/cenal.gob.ve\/?p=19973","name":"Venezuela participa en 31\u00aa Feria Internacional del Libro de La Habana","isPartOf":{"@id":"https:\/\/cenal.gob.ve\/#website"},"datePublished":"2023-02-10T14:46:17+00:00","dateModified":"2023-02-10T15:50:09+00:00","breadcrumb":{"@id":"https:\/\/cenal.gob.ve\/?p=19973#breadcrumb"},"inLanguage":"es","potentialAction":[{"@type":"ReadAction","target":["https:\/\/cenal.gob.ve\/?p=19973"]}]},{"@type":"BreadcrumbList","@id":"https:\/\/cenal.gob.ve\/?p=19973#breadcrumb","itemListElement":[{"@type":"ListItem","position":1,"name":"Home","item":"https:\/\/cenal.gob.ve\/"},{"@type":"ListItem","position":2,"name":"Venezuela participa en 31\u00aa Feria Internacional del Libro de La Habana"}]},{"@type":"WebSite","@id":"https:\/\/cenal.gob.ve\/#website","url":"https:\/\/cenal.gob.ve\/","name":"Cenal","description":"","publisher":{"@id":"https:\/\/cenal.gob.ve\/#organization"},"potentialAction":[{"@type":"SearchAction","target":{"@type":"EntryPoint","urlTemplate":"https:\/\/cenal.gob.ve\/?s={search_term_string}"},"query-input":"required name=search_term_string"}],"inLanguage":"es"},{"@type":"Organization","@id":"https:\/\/cenal.gob.ve\/#organization","name":"CENAL","url":"https:\/\/cenal.gob.ve\/","sameAs":[],"logo":{"@type":"ImageObject","inLanguage":"es","@id":"https:\/\/cenal.gob.ve\/#\/schema\/logo\/image\/","url":"https:\/\/i0.wp.com\/cenal.gob.ve\/wp-content\/uploads\/2022\/10\/cropped-images.jpg?fit=512%2C512","contentUrl":"https:\/\/i0.wp.com\/cenal.gob.ve\/wp-content\/uploads\/2022\/10\/cropped-images.jpg?fit=512%2C512","width":512,"height":512,"caption":"CENAL"},"image":{"@id":"https:\/\/cenal.gob.ve\/#\/schema\/logo\/image\/"}},{"@type":"Person","@id":"https:\/\/cenal.gob.ve\/#\/schema\/person\/e3ed34623f400ffab8bc7a63b2f5533f","name":"Prensa Cenal","image":{"@type":"ImageObject","inLanguage":"es","@id":"https:\/\/cenal.gob.ve\/#\/schema\/person\/image\/","url":"https:\/\/secure.gravatar.com\/avatar\/594b4ed34090910c619ac3679001d491?s=96&d=mm&r=g","contentUrl":"https:\/\/secure.gravatar.com\/avatar\/594b4ed34090910c619ac3679001d491?s=96&d=mm&r=g","caption":"Prensa Cenal"},"url":"https:\/\/cenal.gob.ve\/?author=10"}]}},"jetpack_featured_media_url":"https:\/\/cenal.gob.ve\/wp-content\/uploads\/2023\/02\/20230210_091642.jpg","jetpack_publicize_connections":[],"jetpack_shortlink":"https:\/\/wp.me\/p5FMhp-5c9","_links":{"self":[{"href":"https:\/\/cenal.gob.ve\/index.php?rest_route=\/wp\/v2\/posts\/19973"}],"collection":[{"href":"https:\/\/cenal.gob.ve\/index.php?rest_route=\/wp\/v2\/posts"}],"about":[{"href":"https:\/\/cenal.gob.ve\/index.php?rest_route=\/wp\/v2\/types\/post"}],"author":[{"embeddable":true,"href":"https:\/\/cenal.gob.ve\/index.php?rest_route=\/wp\/v2\/users\/10"}],"replies":[{"embeddable":true,"href":"https:\/\/cenal.gob.ve\/index.php?rest_route=%2Fwp%2Fv2%2Fcomments&post=19973"}],"version-history":[{"count":5,"href":"https:\/\/cenal.gob.ve\/index.php?rest_route=\/wp\/v2\/posts\/19973\/revisions"}],"predecessor-version":[{"id":19987,"href":"https:\/\/cenal.gob.ve\/index.php?rest_route=\/wp\/v2\/posts\/19973\/revisions\/19987"}],"wp:featuredmedia":[{"embeddable":true,"href":"https:\/\/cenal.gob.ve\/index.php?rest_route=\/wp\/v2\/media\/19975"}],"wp:attachment":[{"href":"https:\/\/cenal.gob.ve\/index.php?rest_route=%2Fwp%2Fv2%2Fmedia&parent=19973"}],"wp:term":[{"taxonomy":"category","embeddable":true,"href":"https:\/\/cenal.gob.ve\/index.php?rest_route=%2Fwp%2Fv2%2Fcategories&post=19973"},{"taxonomy":"post_tag","embeddable":true,"href":"https:\/\/cenal.gob.ve\/index.php?rest_route=%2Fwp%2Fv2%2Ftags&post=19973"}],"curies":[{"name":"wp","href":"https:\/\/api.w.org\/{rel}","templated":true}]}}