{"id":19990,"date":"2023-02-11T11:57:22","date_gmt":"2023-02-11T15:57:22","guid":{"rendered":"http:\/\/cenal.gob.ve\/?p=19990"},"modified":"2023-02-18T21:14:33","modified_gmt":"2023-02-19T01:14:33","slug":"ministro-villegas-libro-operacion-emmanuel-reivindica-papel-de-castro-y-chavez-para-nueva-geopolitica","status":"publish","type":"post","link":"https:\/\/cenal.gob.ve\/?p=19990","title":{"rendered":"Ministro Villegas: libro Operaci\u00f3n Emmanuel reivindica papel de Fidel y Ch\u00e1vez para nueva geopol\u00edtica"},"content":{"rendered":"\n<p>Una edici\u00f3n del libro Operaci\u00f3n Emmanuel, de Germ\u00e1n S\u00e1nchez Otero, bajo los sellos de Ruth Casa Editorial y El perro y la rana, fue presentada este 10 de febrero durante la Feria Internacional del Libro de La Habana por el ministro del Poder Popular para la Cultura, Ernesto Villegas, en compa\u00f1\u00eda de su autor, exembajador de Cuba en Venezuela.<\/p>\n\n\n\n<p><br>El texto narra\u00a0la acci\u00f3n humanitaria internacional que lider\u00f3 el Comandante Hugo Ch\u00e1vez Fr\u00edas entre\u00a0diciembre de 2007 y enero de 2008 para la liberaci\u00f3n por parte de las\u00a0Fuerzas Armadas Revolucionarias de Colombia\u2013Ej\u00e9rcito del Pueblo (Farc\u2013Ep) de Clara Rojas y la diputada Consuelo Gonz\u00e1lez.<\/p>\n\n\n\n<p>\u00a0<br>La\u00a0operaci\u00f3n fue seguida muy de cerca por el\u00a0\u00a0Comandante Fidel Castro, quien apreci\u00f3 que se\u00a0trataba de una oportunidad para un proceso de paz en ese pa\u00eds. Al respecto,\u00a0S\u00e1nchez Otero apunt\u00f3 que\u00a0el significado de la operaci\u00f3n para Castro puede apreciarse en los di\u00e1logos telef\u00f3nicos que sostuvo con \u00e9l cuando fue representante de Cuba en la comitiva internacional garante de la misi\u00f3n humanitaria. De ah\u00ed se gestar\u00eda luego la idea del libro Operaci\u00f3n Emmanuel.<\/p>\n\n\n\n<figure class=\"wp-block-image\"><img\/><\/figure>\n\n\n\n<p><strong><br><\/strong>&#8220;Este libro no pod\u00eda ser m\u00e1s pertinente en esta Feria Internacional del Libro de La Habana, que tiene como pa\u00eds invitado de honor a la hermana Rep\u00fablica de Colombia, muestra del cambio geopol\u00edtico que ha tenido nuestra Am\u00e9rica, que no surgi\u00f3 por casualidad, sino producto de las luchas de nuestros pueblos&#8221;, sostuvo el ministro Villegas, en referencia al nuevo camino que ha tomado el pa\u00eds vecino con su presidente Gustavo Petro.<\/p>\n\n\n\n<p>A su juicio, la paz por la que trabaja Colombia no hubiera sido imaginable sin los antecedentes que trae Germ\u00e1n S\u00e1nchez Otero con su libro. &#8220;Ser\u00eda una lectura mezquina borrar el papel de Fidel y Ch\u00e1vez&#8221;, expuso Villegas.<\/p>\n\n\n\n<figure class=\"wp-block-image\"><img\/><\/figure>\n\n\n\n<p><br>El ministro se\u00f1al\u00f3 que Operaci\u00f3n Emmanuel guarda\u00a0 &#8220;una de esas historias que el imperialismo quisiera que no ocurrieran o fueran olvidadas. Estas p\u00e1ginas son subversivas frente a un capitalismo que ha arreciado en sus formas de dominaci\u00f3n&#8221;.<\/p>\n\n\n\n<p><br><strong>Historia para pel\u00edcula<\/strong>\u00a0<\/p>\n\n\n\n<p><br>El ministro Villegas destac\u00f3 el potencial narrativo del libro para la creaci\u00f3n de una pel\u00edcula. &#8220;Se la debemos a Ch\u00e1vez y a Fidel y a la generaci\u00f3n actual&#8221;, asegur\u00f3.<\/p>\n\n\n\n<p><br>&#8220;Aqu\u00ed est\u00e1 el gui\u00f3n de la pel\u00edcula&#8221;, dijo con el libro en manos. &#8220;Qu\u00e9 tal si hacemos una coproducci\u00f3n los tres pa\u00edses (Cuba, Venezuela y Colombia) y llevamos al cine esta historia extraordinaria. Est\u00e1n dadas las condiciones. No hay excusa. Si no lo hici\u00e9ramos ser\u00eda falta de voluntad&#8221;, dijo.<\/p>\n\n\n\n<p><br>&#8220;Nosotros defendemos ardorosamente la libertad de creaci\u00f3n pero tambi\u00e9n tenemos el deber de impulsar aquellas obras que permitan a pueblos emanciparse&#8221;, sentenci\u00f3.<\/p>\n\n\n\n<p><br>La presentaci\u00f3n del libro tuvo lugar en la sala Nicol\u00e1s Guill\u00e9n del Parque Militar Morro Caba\u00f1a, donde se lleva a cabo el evento literario m\u00e1s importante de Cuba, y cont\u00f3 la participaci\u00f3n tambi\u00e9n del viceministro de Fomento para Econom\u00eda Cultural, presidente del Centro Nacional del Libro (Cenal) y director ejecutivo de la editorial El perro y la rana, Ra\u00fal Cazal, y\u00a0Carlos Tablada P\u00e9rez, representante\u00a0de Ruth Casa Editorial.<\/p>\n\n\n\n<p><br>Venezuela participa en la feria a trav\u00e9s del Ministerio del Poder Popular para la Cultura con m\u00e1s de 200 t\u00edtulos, entre ellos los de las editoriales El perro y la rana, Monte \u00c1vila y Biblioteca Ayacucho, y con m\u00e1s de 35 actividades en la programaci\u00f3n, entre presentaciones de novedades literarias, conferencias y talleres.<\/p>\n\n\n\n<p><\/p>\n\n\n\n<p><\/p>\n","protected":false},"excerpt":{"rendered":"<p>Una edici\u00f3n del libro Operaci\u00f3n Emmanuel, de Germ\u00e1n S\u00e1nchez Otero, bajo los sellos de Ruth Casa Editorial y El perro y la rana, fue presentada este 10 de febrero durante [&hellip;]<\/p>\n","protected":false},"author":10,"featured_media":19992,"comment_status":"open","ping_status":"closed","sticky":false,"template":"","format":"standard","meta":{"spay_email":"","jetpack_publicize_message":"","jetpack_is_tweetstorm":false,"jetpack_publicize_feature_enabled":true},"categories":[2],"tags":[],"yoast_head":"<!-- This site is optimized with the Yoast SEO plugin v19.8 - https:\/\/yoast.com\/wordpress\/plugins\/seo\/ -->\n<title>Ministro Villegas: libro Operaci\u00f3n Emmanuel reivindica papel de Fidel y Ch\u00e1vez para nueva geopol\u00edtica<\/title>\n<meta name=\"robots\" content=\"index, follow, max-snippet:-1, max-image-preview:large, max-video-preview:-1\" \/>\n<link rel=\"canonical\" href=\"https:\/\/cenal.gob.ve\/?p=19990\" \/>\n<meta property=\"og:locale\" content=\"es_ES\" \/>\n<meta property=\"og:type\" content=\"article\" \/>\n<meta property=\"og:title\" content=\"Ministro Villegas: libro Operaci\u00f3n Emmanuel reivindica papel de Fidel y Ch\u00e1vez para nueva geopol\u00edtica\" \/>\n<meta property=\"og:description\" content=\"Una edici\u00f3n del libro Operaci\u00f3n Emmanuel, de Germ\u00e1n S\u00e1nchez Otero, bajo los sellos de Ruth Casa Editorial y El perro y la rana, fue presentada este 10 de febrero durante [&hellip;]\" \/>\n<meta property=\"og:url\" content=\"https:\/\/cenal.gob.ve\/?p=19990\" \/>\n<meta property=\"og:site_name\" content=\"Cenal\" \/>\n<meta property=\"article:published_time\" content=\"2023-02-11T15:57:22+00:00\" \/>\n<meta property=\"article:modified_time\" content=\"2023-02-19T01:14:33+00:00\" \/>\n<meta property=\"og:image\" content=\"https:\/\/i0.wp.com\/cenal.gob.ve\/wp-content\/uploads\/2023\/02\/1676055198546_1676055171094-scaled.jpg?fit=2560%2C1707&ssl=1\" \/>\n\t<meta property=\"og:image:width\" content=\"2560\" \/>\n\t<meta property=\"og:image:height\" content=\"1707\" \/>\n\t<meta property=\"og:image:type\" content=\"image\/jpeg\" \/>\n<meta name=\"author\" content=\"Prensa Cenal\" \/>\n<meta name=\"twitter:card\" content=\"summary_large_image\" \/>\n<meta name=\"twitter:label1\" content=\"Written by\" \/>\n\t<meta name=\"twitter:data1\" content=\"Prensa Cenal\" \/>\n\t<meta name=\"twitter:label2\" content=\"Est. reading time\" \/>\n\t<meta name=\"twitter:data2\" content=\"3 minutos\" \/>\n<script type=\"application\/ld+json\" class=\"yoast-schema-graph\">{\"@context\":\"https:\/\/schema.org\",\"@graph\":[{\"@type\":\"Article\",\"@id\":\"https:\/\/cenal.gob.ve\/?p=19990#article\",\"isPartOf\":{\"@id\":\"https:\/\/cenal.gob.ve\/?p=19990\"},\"author\":{\"name\":\"Prensa Cenal\",\"@id\":\"https:\/\/cenal.gob.ve\/#\/schema\/person\/e3ed34623f400ffab8bc7a63b2f5533f\"},\"headline\":\"Ministro Villegas: libro Operaci\u00f3n Emmanuel reivindica papel de Fidel y Ch\u00e1vez para nueva geopol\u00edtica\",\"datePublished\":\"2023-02-11T15:57:22+00:00\",\"dateModified\":\"2023-02-19T01:14:33+00:00\",\"mainEntityOfPage\":{\"@id\":\"https:\/\/cenal.gob.ve\/?p=19990\"},\"wordCount\":629,\"commentCount\":1,\"publisher\":{\"@id\":\"https:\/\/cenal.gob.ve\/#organization\"},\"articleSection\":[\"Cenal\"],\"inLanguage\":\"es\",\"potentialAction\":[{\"@type\":\"CommentAction\",\"name\":\"Comment\",\"target\":[\"https:\/\/cenal.gob.ve\/?p=19990#respond\"]}]},{\"@type\":\"WebPage\",\"@id\":\"https:\/\/cenal.gob.ve\/?p=19990\",\"url\":\"https:\/\/cenal.gob.ve\/?p=19990\",\"name\":\"Ministro Villegas: libro Operaci\u00f3n Emmanuel reivindica papel de Fidel y Ch\u00e1vez para nueva geopol\u00edtica\",\"isPartOf\":{\"@id\":\"https:\/\/cenal.gob.ve\/#website\"},\"datePublished\":\"2023-02-11T15:57:22+00:00\",\"dateModified\":\"2023-02-19T01:14:33+00:00\",\"breadcrumb\":{\"@id\":\"https:\/\/cenal.gob.ve\/?p=19990#breadcrumb\"},\"inLanguage\":\"es\",\"potentialAction\":[{\"@type\":\"ReadAction\",\"target\":[\"https:\/\/cenal.gob.ve\/?p=19990\"]}]},{\"@type\":\"BreadcrumbList\",\"@id\":\"https:\/\/cenal.gob.ve\/?p=19990#breadcrumb\",\"itemListElement\":[{\"@type\":\"ListItem\",\"position\":1,\"name\":\"Home\",\"item\":\"https:\/\/cenal.gob.ve\/\"},{\"@type\":\"ListItem\",\"position\":2,\"name\":\"Ministro Villegas: libro Operaci\u00f3n Emmanuel reivindica papel de Fidel y Ch\u00e1vez para nueva geopol\u00edtica\"}]},{\"@type\":\"WebSite\",\"@id\":\"https:\/\/cenal.gob.ve\/#website\",\"url\":\"https:\/\/cenal.gob.ve\/\",\"name\":\"Cenal\",\"description\":\"\",\"publisher\":{\"@id\":\"https:\/\/cenal.gob.ve\/#organization\"},\"potentialAction\":[{\"@type\":\"SearchAction\",\"target\":{\"@type\":\"EntryPoint\",\"urlTemplate\":\"https:\/\/cenal.gob.ve\/?s={search_term_string}\"},\"query-input\":\"required name=search_term_string\"}],\"inLanguage\":\"es\"},{\"@type\":\"Organization\",\"@id\":\"https:\/\/cenal.gob.ve\/#organization\",\"name\":\"CENAL\",\"url\":\"https:\/\/cenal.gob.ve\/\",\"sameAs\":[],\"logo\":{\"@type\":\"ImageObject\",\"inLanguage\":\"es\",\"@id\":\"https:\/\/cenal.gob.ve\/#\/schema\/logo\/image\/\",\"url\":\"https:\/\/i0.wp.com\/cenal.gob.ve\/wp-content\/uploads\/2022\/10\/cropped-images.jpg?fit=512%2C512\",\"contentUrl\":\"https:\/\/i0.wp.com\/cenal.gob.ve\/wp-content\/uploads\/2022\/10\/cropped-images.jpg?fit=512%2C512\",\"width\":512,\"height\":512,\"caption\":\"CENAL\"},\"image\":{\"@id\":\"https:\/\/cenal.gob.ve\/#\/schema\/logo\/image\/\"}},{\"@type\":\"Person\",\"@id\":\"https:\/\/cenal.gob.ve\/#\/schema\/person\/e3ed34623f400ffab8bc7a63b2f5533f\",\"name\":\"Prensa Cenal\",\"image\":{\"@type\":\"ImageObject\",\"inLanguage\":\"es\",\"@id\":\"https:\/\/cenal.gob.ve\/#\/schema\/person\/image\/\",\"url\":\"https:\/\/secure.gravatar.com\/avatar\/594b4ed34090910c619ac3679001d491?s=96&d=mm&r=g\",\"contentUrl\":\"https:\/\/secure.gravatar.com\/avatar\/594b4ed34090910c619ac3679001d491?s=96&d=mm&r=g\",\"caption\":\"Prensa Cenal\"},\"url\":\"https:\/\/cenal.gob.ve\/?author=10\"}]}<\/script>\n<!-- \/ Yoast SEO plugin. -->","yoast_head_json":{"title":"Ministro Villegas: libro Operaci\u00f3n Emmanuel reivindica papel de Fidel y Ch\u00e1vez para nueva geopol\u00edtica","robots":{"index":"index","follow":"follow","max-snippet":"max-snippet:-1","max-image-preview":"max-image-preview:large","max-video-preview":"max-video-preview:-1"},"canonical":"https:\/\/cenal.gob.ve\/?p=19990","og_locale":"es_ES","og_type":"article","og_title":"Ministro Villegas: libro Operaci\u00f3n Emmanuel reivindica papel de Fidel y Ch\u00e1vez para nueva geopol\u00edtica","og_description":"Una edici\u00f3n del libro Operaci\u00f3n Emmanuel, de Germ\u00e1n S\u00e1nchez Otero, bajo los sellos de Ruth Casa Editorial y El perro y la rana, fue presentada este 10 de febrero durante [&hellip;]","og_url":"https:\/\/cenal.gob.ve\/?p=19990","og_site_name":"Cenal","article_published_time":"2023-02-11T15:57:22+00:00","article_modified_time":"2023-02-19T01:14:33+00:00","og_image":[{"width":2560,"height":1707,"url":"https:\/\/i0.wp.com\/cenal.gob.ve\/wp-content\/uploads\/2023\/02\/1676055198546_1676055171094-scaled.jpg?fit=2560%2C1707&ssl=1","type":"image\/jpeg"}],"author":"Prensa Cenal","twitter_card":"summary_large_image","twitter_misc":{"Written by":"Prensa Cenal","Est. reading time":"3 minutos"},"schema":{"@context":"https:\/\/schema.org","@graph":[{"@type":"Article","@id":"https:\/\/cenal.gob.ve\/?p=19990#article","isPartOf":{"@id":"https:\/\/cenal.gob.ve\/?p=19990"},"author":{"name":"Prensa Cenal","@id":"https:\/\/cenal.gob.ve\/#\/schema\/person\/e3ed34623f400ffab8bc7a63b2f5533f"},"headline":"Ministro Villegas: libro Operaci\u00f3n Emmanuel reivindica papel de Fidel y Ch\u00e1vez para nueva geopol\u00edtica","datePublished":"2023-02-11T15:57:22+00:00","dateModified":"2023-02-19T01:14:33+00:00","mainEntityOfPage":{"@id":"https:\/\/cenal.gob.ve\/?p=19990"},"wordCount":629,"commentCount":1,"publisher":{"@id":"https:\/\/cenal.gob.ve\/#organization"},"articleSection":["Cenal"],"inLanguage":"es","potentialAction":[{"@type":"CommentAction","name":"Comment","target":["https:\/\/cenal.gob.ve\/?p=19990#respond"]}]},{"@type":"WebPage","@id":"https:\/\/cenal.gob.ve\/?p=19990","url":"https:\/\/cenal.gob.ve\/?p=19990","name":"Ministro Villegas: libro Operaci\u00f3n Emmanuel reivindica papel de Fidel y Ch\u00e1vez para nueva geopol\u00edtica","isPartOf":{"@id":"https:\/\/cenal.gob.ve\/#website"},"datePublished":"2023-02-11T15:57:22+00:00","dateModified":"2023-02-19T01:14:33+00:00","breadcrumb":{"@id":"https:\/\/cenal.gob.ve\/?p=19990#breadcrumb"},"inLanguage":"es","potentialAction":[{"@type":"ReadAction","target":["https:\/\/cenal.gob.ve\/?p=19990"]}]},{"@type":"BreadcrumbList","@id":"https:\/\/cenal.gob.ve\/?p=19990#breadcrumb","itemListElement":[{"@type":"ListItem","position":1,"name":"Home","item":"https:\/\/cenal.gob.ve\/"},{"@type":"ListItem","position":2,"name":"Ministro Villegas: libro Operaci\u00f3n Emmanuel reivindica papel de Fidel y Ch\u00e1vez para nueva geopol\u00edtica"}]},{"@type":"WebSite","@id":"https:\/\/cenal.gob.ve\/#website","url":"https:\/\/cenal.gob.ve\/","name":"Cenal","description":"","publisher":{"@id":"https:\/\/cenal.gob.ve\/#organization"},"potentialAction":[{"@type":"SearchAction","target":{"@type":"EntryPoint","urlTemplate":"https:\/\/cenal.gob.ve\/?s={search_term_string}"},"query-input":"required name=search_term_string"}],"inLanguage":"es"},{"@type":"Organization","@id":"https:\/\/cenal.gob.ve\/#organization","name":"CENAL","url":"https:\/\/cenal.gob.ve\/","sameAs":[],"logo":{"@type":"ImageObject","inLanguage":"es","@id":"https:\/\/cenal.gob.ve\/#\/schema\/logo\/image\/","url":"https:\/\/i0.wp.com\/cenal.gob.ve\/wp-content\/uploads\/2022\/10\/cropped-images.jpg?fit=512%2C512","contentUrl":"https:\/\/i0.wp.com\/cenal.gob.ve\/wp-content\/uploads\/2022\/10\/cropped-images.jpg?fit=512%2C512","width":512,"height":512,"caption":"CENAL"},"image":{"@id":"https:\/\/cenal.gob.ve\/#\/schema\/logo\/image\/"}},{"@type":"Person","@id":"https:\/\/cenal.gob.ve\/#\/schema\/person\/e3ed34623f400ffab8bc7a63b2f5533f","name":"Prensa Cenal","image":{"@type":"ImageObject","inLanguage":"es","@id":"https:\/\/cenal.gob.ve\/#\/schema\/person\/image\/","url":"https:\/\/secure.gravatar.com\/avatar\/594b4ed34090910c619ac3679001d491?s=96&d=mm&r=g","contentUrl":"https:\/\/secure.gravatar.com\/avatar\/594b4ed34090910c619ac3679001d491?s=96&d=mm&r=g","caption":"Prensa Cenal"},"url":"https:\/\/cenal.gob.ve\/?author=10"}]}},"jetpack_featured_media_url":"https:\/\/cenal.gob.ve\/wp-content\/uploads\/2023\/02\/1676055198546_1676055171094-scaled.jpg","jetpack_publicize_connections":[],"jetpack_shortlink":"https:\/\/wp.me\/p5FMhp-5cq","_links":{"self":[{"href":"https:\/\/cenal.gob.ve\/index.php?rest_route=\/wp\/v2\/posts\/19990"}],"collection":[{"href":"https:\/\/cenal.gob.ve\/index.php?rest_route=\/wp\/v2\/posts"}],"about":[{"href":"https:\/\/cenal.gob.ve\/index.php?rest_route=\/wp\/v2\/types\/post"}],"author":[{"embeddable":true,"href":"https:\/\/cenal.gob.ve\/index.php?rest_route=\/wp\/v2\/users\/10"}],"replies":[{"embeddable":true,"href":"https:\/\/cenal.gob.ve\/index.php?rest_route=%2Fwp%2Fv2%2Fcomments&post=19990"}],"version-history":[{"count":2,"href":"https:\/\/cenal.gob.ve\/index.php?rest_route=\/wp\/v2\/posts\/19990\/revisions"}],"predecessor-version":[{"id":20092,"href":"https:\/\/cenal.gob.ve\/index.php?rest_route=\/wp\/v2\/posts\/19990\/revisions\/20092"}],"wp:featuredmedia":[{"embeddable":true,"href":"https:\/\/cenal.gob.ve\/index.php?rest_route=\/wp\/v2\/media\/19992"}],"wp:attachment":[{"href":"https:\/\/cenal.gob.ve\/index.php?rest_route=%2Fwp%2Fv2%2Fmedia&parent=19990"}],"wp:term":[{"taxonomy":"category","embeddable":true,"href":"https:\/\/cenal.gob.ve\/index.php?rest_route=%2Fwp%2Fv2%2Fcategories&post=19990"},{"taxonomy":"post_tag","embeddable":true,"href":"https:\/\/cenal.gob.ve\/index.php?rest_route=%2Fwp%2Fv2%2Ftags&post=19990"}],"curies":[{"name":"wp","href":"https:\/\/api.w.org\/{rel}","templated":true}]}}