{"id":19999,"date":"2023-02-11T15:10:41","date_gmt":"2023-02-11T19:10:41","guid":{"rendered":"http:\/\/cenal.gob.ve\/?p=19999"},"modified":"2023-02-11T15:19:45","modified_gmt":"2023-02-11T19:19:45","slug":"iraida-vargas-presento-resistencia-y-participacion-en-31a-feria-del-libro-de-la-habana-%ef%bf%bc","status":"publish","type":"post","link":"https:\/\/cenal.gob.ve\/?p=19999","title":{"rendered":"Iraida Vargas present\u00f3 Resistencia y participaci\u00f3n en 31\u00aa Feria del Libro de La Habana\u00a0"},"content":{"rendered":"\n<p>La escritora y antrop\u00f3loga venezolana Iraida Vargas Arenas present\u00f3 en la 31\u00aa Feria Internacional del Libro de La Habana, Cuba, su obra <em>Resistencia y participaci\u00f3n<\/em>, editada por Monte \u00c1vila, que recoge las luchas del pueblo venezolano desde una perspectiva con gran valor intelectual.<\/p>\n\n\n\n<p>Los actuales movimientos sociales venezolanos&nbsp;constituyen el presente de un largo proceso que se inici\u00f3 desde la colonia, explic\u00f3 Vargas Arenas durante su intervenci\u00f3n desde el museo Venezuela Tierra Libre, ubicado en el Parque Militar Morro Caba\u00f1a, donde se celebra el m\u00e1ximo evento literario de Cuba.<\/p>\n\n\n\n<figure class=\"wp-block-image size-large\"><img width=\"1024\" height=\"683\" src=\"http:\/\/cenal.gob.ve\/wp-content\/uploads\/2023\/02\/1676136171195_1676136146799-1024x683.jpg\" alt=\"\" class=\"wp-image-20003\" srcset=\"https:\/\/cenal.gob.ve\/wp-content\/uploads\/2023\/02\/1676136171195_1676136146799-1024x683.jpg 1024w, https:\/\/cenal.gob.ve\/wp-content\/uploads\/2023\/02\/1676136171195_1676136146799-300x200.jpg 300w, https:\/\/cenal.gob.ve\/wp-content\/uploads\/2023\/02\/1676136171195_1676136146799-768x512.jpg 768w, https:\/\/cenal.gob.ve\/wp-content\/uploads\/2023\/02\/1676136171195_1676136146799-1536x1024.jpg 1536w, https:\/\/cenal.gob.ve\/wp-content\/uploads\/2023\/02\/1676136171195_1676136146799-2048x1365.jpg 2048w, https:\/\/cenal.gob.ve\/wp-content\/uploads\/2023\/02\/1676136171195_1676136146799-640x427.jpg 640w\" sizes=\"(max-width: 1024px) 100vw, 1024px\" \/><figcaption>Iraida Vargas<\/figcaption><\/figure>\n\n\n\n<p>Precisamente, este museo permite a sus visitantes adentrarse en la historia y cultura de Venezuela y apreciar diversos elementos relacionados con la vida del Comandante Hugo Ch\u00e1vez y su legado revolucionario para lograr cambios sociales en beneficio de todos los venezolanos.<\/p>\n\n\n\n<p>Frente a este escenario, Vargas Arenas indic\u00f3 que diversas luchas han marcado un proceso hist\u00f3rico&nbsp;que ha desarrollado el pueblo de Venezuela por m\u00e1s de quinientos a\u00f1os, que ha madurado cultural y socialmente, y se expresa hoy d\u00eda como la articulaci\u00f3n organizada de formas exitosas de participaci\u00f3n y resistencia practicadas por millones de venezolanos y venezolanas.<\/p>\n\n\n\n<p><em>Resistencia y Participaci\u00f3n<\/em> representa otro hito en la vasta obra literaria de Vargas, escritora homenajeada de la edici\u00f3n n\u00famero 18 de la Feria Internacional del Libro de Venezuela (Filven).<\/p>\n\n\n\n<p>Junto con su esposo Mario Sanoja Obediente (1934-2022) se se encarg\u00f3 de recopilar a lo largo de sus a\u00f1os la memoria hist\u00f3rica del pueblo venezolano.<\/p>\n\n\n\n<p>Es autora y coautora de m\u00e1s de treinta libros, primera mujer en obtener el Premio Nacional de Cultura, menci\u00f3n Humanidades (2008) e investigadora nacional em\u00e9rita por parte del Ministerio del Poder Popular para la Ciencia, la Tecnolog\u00eda y la Innovaci\u00f3n.<\/p>\n\n\n\n<p>Venezuela participa en la Feria Internacional del Libro de La Habana a trav\u00e9s del Ministerio del Poder Popular para la Cultura con m\u00e1s de 200 t\u00edtulos y m\u00e1s de 35 actividades programadas, entre presentaciones de novedades literarias, conferencias y talleres.<\/p>\n\n\n\n<figure class=\"wp-block-image size-large\"><img width=\"1024\" height=\"683\" src=\"http:\/\/cenal.gob.ve\/wp-content\/uploads\/2023\/02\/1676136171264_1676136146808-1024x683.jpg\" alt=\"\" class=\"wp-image-20005\" srcset=\"https:\/\/cenal.gob.ve\/wp-content\/uploads\/2023\/02\/1676136171264_1676136146808-1024x683.jpg 1024w, https:\/\/cenal.gob.ve\/wp-content\/uploads\/2023\/02\/1676136171264_1676136146808-300x200.jpg 300w, https:\/\/cenal.gob.ve\/wp-content\/uploads\/2023\/02\/1676136171264_1676136146808-768x512.jpg 768w, https:\/\/cenal.gob.ve\/wp-content\/uploads\/2023\/02\/1676136171264_1676136146808-1536x1024.jpg 1536w, https:\/\/cenal.gob.ve\/wp-content\/uploads\/2023\/02\/1676136171264_1676136146808-2048x1365.jpg 2048w, https:\/\/cenal.gob.ve\/wp-content\/uploads\/2023\/02\/1676136171264_1676136146808-640x427.jpg 640w\" sizes=\"(max-width: 1024px) 100vw, 1024px\" \/><\/figure>\n","protected":false},"excerpt":{"rendered":"<p>La escritora y antrop\u00f3loga venezolana Iraida Vargas Arenas present\u00f3 en la 31\u00aa Feria Internacional del Libro de La Habana, Cuba, su obra Resistencia y participaci\u00f3n, editada por Monte \u00c1vila, que [&hellip;]<\/p>\n","protected":false},"author":10,"featured_media":20002,"comment_status":"open","ping_status":"closed","sticky":false,"template":"","format":"standard","meta":{"spay_email":"","jetpack_publicize_message":"","jetpack_is_tweetstorm":false,"jetpack_publicize_feature_enabled":true},"categories":[2],"tags":[],"yoast_head":"<!-- This site is optimized with the Yoast SEO plugin v19.8 - https:\/\/yoast.com\/wordpress\/plugins\/seo\/ -->\n<title>Iraida Vargas present\u00f3 Resistencia y participaci\u00f3n en 31\u00aa Feria del Libro de La Habana\u00a0<\/title>\n<meta name=\"robots\" content=\"index, follow, max-snippet:-1, max-image-preview:large, max-video-preview:-1\" \/>\n<link rel=\"canonical\" href=\"https:\/\/cenal.gob.ve\/?p=19999\" \/>\n<meta property=\"og:locale\" content=\"es_ES\" \/>\n<meta property=\"og:type\" content=\"article\" \/>\n<meta property=\"og:title\" content=\"Iraida Vargas present\u00f3 Resistencia y participaci\u00f3n en 31\u00aa Feria del Libro de La Habana\u00a0\" \/>\n<meta property=\"og:description\" content=\"La escritora y antrop\u00f3loga venezolana Iraida Vargas Arenas present\u00f3 en la 31\u00aa Feria Internacional del Libro de La Habana, Cuba, su obra Resistencia y participaci\u00f3n, editada por Monte \u00c1vila, que [&hellip;]\" \/>\n<meta property=\"og:url\" content=\"https:\/\/cenal.gob.ve\/?p=19999\" \/>\n<meta property=\"og:site_name\" content=\"Cenal\" \/>\n<meta property=\"article:published_time\" content=\"2023-02-11T19:10:41+00:00\" \/>\n<meta property=\"article:modified_time\" content=\"2023-02-11T19:19:45+00:00\" \/>\n<meta property=\"og:image\" content=\"https:\/\/i0.wp.com\/cenal.gob.ve\/wp-content\/uploads\/2023\/02\/1676136171067_1676136146788-scaled.jpg?fit=2560%2C1707&ssl=1\" \/>\n\t<meta property=\"og:image:width\" content=\"2560\" \/>\n\t<meta property=\"og:image:height\" content=\"1707\" \/>\n\t<meta property=\"og:image:type\" content=\"image\/jpeg\" \/>\n<meta name=\"author\" content=\"Prensa Cenal\" \/>\n<meta name=\"twitter:card\" content=\"summary_large_image\" \/>\n<meta name=\"twitter:label1\" content=\"Written by\" \/>\n\t<meta name=\"twitter:data1\" content=\"Prensa Cenal\" \/>\n\t<meta name=\"twitter:label2\" content=\"Est. reading time\" \/>\n\t<meta name=\"twitter:data2\" content=\"2 minutos\" \/>\n<script type=\"application\/ld+json\" class=\"yoast-schema-graph\">{\"@context\":\"https:\/\/schema.org\",\"@graph\":[{\"@type\":\"Article\",\"@id\":\"https:\/\/cenal.gob.ve\/?p=19999#article\",\"isPartOf\":{\"@id\":\"https:\/\/cenal.gob.ve\/?p=19999\"},\"author\":{\"name\":\"Prensa Cenal\",\"@id\":\"https:\/\/cenal.gob.ve\/#\/schema\/person\/e3ed34623f400ffab8bc7a63b2f5533f\"},\"headline\":\"Iraida Vargas present\u00f3 Resistencia y participaci\u00f3n en 31\u00aa Feria del Libro de La Habana\u00a0\",\"datePublished\":\"2023-02-11T19:10:41+00:00\",\"dateModified\":\"2023-02-11T19:19:45+00:00\",\"mainEntityOfPage\":{\"@id\":\"https:\/\/cenal.gob.ve\/?p=19999\"},\"wordCount\":359,\"commentCount\":0,\"publisher\":{\"@id\":\"https:\/\/cenal.gob.ve\/#organization\"},\"articleSection\":[\"Cenal\"],\"inLanguage\":\"es\",\"potentialAction\":[{\"@type\":\"CommentAction\",\"name\":\"Comment\",\"target\":[\"https:\/\/cenal.gob.ve\/?p=19999#respond\"]}]},{\"@type\":\"WebPage\",\"@id\":\"https:\/\/cenal.gob.ve\/?p=19999\",\"url\":\"https:\/\/cenal.gob.ve\/?p=19999\",\"name\":\"Iraida Vargas present\u00f3 Resistencia y participaci\u00f3n en 31\u00aa Feria del Libro de La Habana\u00a0\",\"isPartOf\":{\"@id\":\"https:\/\/cenal.gob.ve\/#website\"},\"datePublished\":\"2023-02-11T19:10:41+00:00\",\"dateModified\":\"2023-02-11T19:19:45+00:00\",\"breadcrumb\":{\"@id\":\"https:\/\/cenal.gob.ve\/?p=19999#breadcrumb\"},\"inLanguage\":\"es\",\"potentialAction\":[{\"@type\":\"ReadAction\",\"target\":[\"https:\/\/cenal.gob.ve\/?p=19999\"]}]},{\"@type\":\"BreadcrumbList\",\"@id\":\"https:\/\/cenal.gob.ve\/?p=19999#breadcrumb\",\"itemListElement\":[{\"@type\":\"ListItem\",\"position\":1,\"name\":\"Home\",\"item\":\"https:\/\/cenal.gob.ve\/\"},{\"@type\":\"ListItem\",\"position\":2,\"name\":\"Iraida Vargas present\u00f3 Resistencia y participaci\u00f3n en 31\u00aa Feria del Libro de La Habana\u00a0\"}]},{\"@type\":\"WebSite\",\"@id\":\"https:\/\/cenal.gob.ve\/#website\",\"url\":\"https:\/\/cenal.gob.ve\/\",\"name\":\"Cenal\",\"description\":\"\",\"publisher\":{\"@id\":\"https:\/\/cenal.gob.ve\/#organization\"},\"potentialAction\":[{\"@type\":\"SearchAction\",\"target\":{\"@type\":\"EntryPoint\",\"urlTemplate\":\"https:\/\/cenal.gob.ve\/?s={search_term_string}\"},\"query-input\":\"required name=search_term_string\"}],\"inLanguage\":\"es\"},{\"@type\":\"Organization\",\"@id\":\"https:\/\/cenal.gob.ve\/#organization\",\"name\":\"CENAL\",\"url\":\"https:\/\/cenal.gob.ve\/\",\"sameAs\":[],\"logo\":{\"@type\":\"ImageObject\",\"inLanguage\":\"es\",\"@id\":\"https:\/\/cenal.gob.ve\/#\/schema\/logo\/image\/\",\"url\":\"https:\/\/i0.wp.com\/cenal.gob.ve\/wp-content\/uploads\/2022\/10\/cropped-images.jpg?fit=512%2C512\",\"contentUrl\":\"https:\/\/i0.wp.com\/cenal.gob.ve\/wp-content\/uploads\/2022\/10\/cropped-images.jpg?fit=512%2C512\",\"width\":512,\"height\":512,\"caption\":\"CENAL\"},\"image\":{\"@id\":\"https:\/\/cenal.gob.ve\/#\/schema\/logo\/image\/\"}},{\"@type\":\"Person\",\"@id\":\"https:\/\/cenal.gob.ve\/#\/schema\/person\/e3ed34623f400ffab8bc7a63b2f5533f\",\"name\":\"Prensa Cenal\",\"image\":{\"@type\":\"ImageObject\",\"inLanguage\":\"es\",\"@id\":\"https:\/\/cenal.gob.ve\/#\/schema\/person\/image\/\",\"url\":\"https:\/\/secure.gravatar.com\/avatar\/594b4ed34090910c619ac3679001d491?s=96&d=mm&r=g\",\"contentUrl\":\"https:\/\/secure.gravatar.com\/avatar\/594b4ed34090910c619ac3679001d491?s=96&d=mm&r=g\",\"caption\":\"Prensa Cenal\"},\"url\":\"https:\/\/cenal.gob.ve\/?author=10\"}]}<\/script>\n<!-- \/ Yoast SEO plugin. -->","yoast_head_json":{"title":"Iraida Vargas present\u00f3 Resistencia y participaci\u00f3n en 31\u00aa Feria del Libro de La Habana\u00a0","robots":{"index":"index","follow":"follow","max-snippet":"max-snippet:-1","max-image-preview":"max-image-preview:large","max-video-preview":"max-video-preview:-1"},"canonical":"https:\/\/cenal.gob.ve\/?p=19999","og_locale":"es_ES","og_type":"article","og_title":"Iraida Vargas present\u00f3 Resistencia y participaci\u00f3n en 31\u00aa Feria del Libro de La Habana\u00a0","og_description":"La escritora y antrop\u00f3loga venezolana Iraida Vargas Arenas present\u00f3 en la 31\u00aa Feria Internacional del Libro de La Habana, Cuba, su obra Resistencia y participaci\u00f3n, editada por Monte \u00c1vila, que [&hellip;]","og_url":"https:\/\/cenal.gob.ve\/?p=19999","og_site_name":"Cenal","article_published_time":"2023-02-11T19:10:41+00:00","article_modified_time":"2023-02-11T19:19:45+00:00","og_image":[{"width":2560,"height":1707,"url":"https:\/\/i0.wp.com\/cenal.gob.ve\/wp-content\/uploads\/2023\/02\/1676136171067_1676136146788-scaled.jpg?fit=2560%2C1707&ssl=1","type":"image\/jpeg"}],"author":"Prensa Cenal","twitter_card":"summary_large_image","twitter_misc":{"Written by":"Prensa Cenal","Est. reading time":"2 minutos"},"schema":{"@context":"https:\/\/schema.org","@graph":[{"@type":"Article","@id":"https:\/\/cenal.gob.ve\/?p=19999#article","isPartOf":{"@id":"https:\/\/cenal.gob.ve\/?p=19999"},"author":{"name":"Prensa Cenal","@id":"https:\/\/cenal.gob.ve\/#\/schema\/person\/e3ed34623f400ffab8bc7a63b2f5533f"},"headline":"Iraida Vargas present\u00f3 Resistencia y participaci\u00f3n en 31\u00aa Feria del Libro de La Habana\u00a0","datePublished":"2023-02-11T19:10:41+00:00","dateModified":"2023-02-11T19:19:45+00:00","mainEntityOfPage":{"@id":"https:\/\/cenal.gob.ve\/?p=19999"},"wordCount":359,"commentCount":0,"publisher":{"@id":"https:\/\/cenal.gob.ve\/#organization"},"articleSection":["Cenal"],"inLanguage":"es","potentialAction":[{"@type":"CommentAction","name":"Comment","target":["https:\/\/cenal.gob.ve\/?p=19999#respond"]}]},{"@type":"WebPage","@id":"https:\/\/cenal.gob.ve\/?p=19999","url":"https:\/\/cenal.gob.ve\/?p=19999","name":"Iraida Vargas present\u00f3 Resistencia y participaci\u00f3n en 31\u00aa Feria del Libro de La Habana\u00a0","isPartOf":{"@id":"https:\/\/cenal.gob.ve\/#website"},"datePublished":"2023-02-11T19:10:41+00:00","dateModified":"2023-02-11T19:19:45+00:00","breadcrumb":{"@id":"https:\/\/cenal.gob.ve\/?p=19999#breadcrumb"},"inLanguage":"es","potentialAction":[{"@type":"ReadAction","target":["https:\/\/cenal.gob.ve\/?p=19999"]}]},{"@type":"BreadcrumbList","@id":"https:\/\/cenal.gob.ve\/?p=19999#breadcrumb","itemListElement":[{"@type":"ListItem","position":1,"name":"Home","item":"https:\/\/cenal.gob.ve\/"},{"@type":"ListItem","position":2,"name":"Iraida Vargas present\u00f3 Resistencia y participaci\u00f3n en 31\u00aa Feria del Libro de La Habana\u00a0"}]},{"@type":"WebSite","@id":"https:\/\/cenal.gob.ve\/#website","url":"https:\/\/cenal.gob.ve\/","name":"Cenal","description":"","publisher":{"@id":"https:\/\/cenal.gob.ve\/#organization"},"potentialAction":[{"@type":"SearchAction","target":{"@type":"EntryPoint","urlTemplate":"https:\/\/cenal.gob.ve\/?s={search_term_string}"},"query-input":"required name=search_term_string"}],"inLanguage":"es"},{"@type":"Organization","@id":"https:\/\/cenal.gob.ve\/#organization","name":"CENAL","url":"https:\/\/cenal.gob.ve\/","sameAs":[],"logo":{"@type":"ImageObject","inLanguage":"es","@id":"https:\/\/cenal.gob.ve\/#\/schema\/logo\/image\/","url":"https:\/\/i0.wp.com\/cenal.gob.ve\/wp-content\/uploads\/2022\/10\/cropped-images.jpg?fit=512%2C512","contentUrl":"https:\/\/i0.wp.com\/cenal.gob.ve\/wp-content\/uploads\/2022\/10\/cropped-images.jpg?fit=512%2C512","width":512,"height":512,"caption":"CENAL"},"image":{"@id":"https:\/\/cenal.gob.ve\/#\/schema\/logo\/image\/"}},{"@type":"Person","@id":"https:\/\/cenal.gob.ve\/#\/schema\/person\/e3ed34623f400ffab8bc7a63b2f5533f","name":"Prensa Cenal","image":{"@type":"ImageObject","inLanguage":"es","@id":"https:\/\/cenal.gob.ve\/#\/schema\/person\/image\/","url":"https:\/\/secure.gravatar.com\/avatar\/594b4ed34090910c619ac3679001d491?s=96&d=mm&r=g","contentUrl":"https:\/\/secure.gravatar.com\/avatar\/594b4ed34090910c619ac3679001d491?s=96&d=mm&r=g","caption":"Prensa Cenal"},"url":"https:\/\/cenal.gob.ve\/?author=10"}]}},"jetpack_featured_media_url":"https:\/\/cenal.gob.ve\/wp-content\/uploads\/2023\/02\/1676136171067_1676136146788-scaled.jpg","jetpack_publicize_connections":[],"jetpack_shortlink":"https:\/\/wp.me\/p5FMhp-5cz","_links":{"self":[{"href":"https:\/\/cenal.gob.ve\/index.php?rest_route=\/wp\/v2\/posts\/19999"}],"collection":[{"href":"https:\/\/cenal.gob.ve\/index.php?rest_route=\/wp\/v2\/posts"}],"about":[{"href":"https:\/\/cenal.gob.ve\/index.php?rest_route=\/wp\/v2\/types\/post"}],"author":[{"embeddable":true,"href":"https:\/\/cenal.gob.ve\/index.php?rest_route=\/wp\/v2\/users\/10"}],"replies":[{"embeddable":true,"href":"https:\/\/cenal.gob.ve\/index.php?rest_route=%2Fwp%2Fv2%2Fcomments&post=19999"}],"version-history":[{"count":6,"href":"https:\/\/cenal.gob.ve\/index.php?rest_route=\/wp\/v2\/posts\/19999\/revisions"}],"predecessor-version":[{"id":20010,"href":"https:\/\/cenal.gob.ve\/index.php?rest_route=\/wp\/v2\/posts\/19999\/revisions\/20010"}],"wp:featuredmedia":[{"embeddable":true,"href":"https:\/\/cenal.gob.ve\/index.php?rest_route=\/wp\/v2\/media\/20002"}],"wp:attachment":[{"href":"https:\/\/cenal.gob.ve\/index.php?rest_route=%2Fwp%2Fv2%2Fmedia&parent=19999"}],"wp:term":[{"taxonomy":"category","embeddable":true,"href":"https:\/\/cenal.gob.ve\/index.php?rest_route=%2Fwp%2Fv2%2Fcategories&post=19999"},{"taxonomy":"post_tag","embeddable":true,"href":"https:\/\/cenal.gob.ve\/index.php?rest_route=%2Fwp%2Fv2%2Ftags&post=19999"}],"curies":[{"name":"wp","href":"https:\/\/api.w.org\/{rel}","templated":true}]}}