{"id":20041,"date":"2023-02-12T23:24:59","date_gmt":"2023-02-13T03:24:59","guid":{"rendered":"http:\/\/cenal.gob.ve\/?p=20041"},"modified":"2023-02-12T23:25:29","modified_gmt":"2023-02-13T03:25:29","slug":"escritor-cosimo-mandrillo-converso-en-filh-cuba-2023-sobre-la-narrativa-venezolana-contemporanea","status":"publish","type":"post","link":"https:\/\/cenal.gob.ve\/?p=20041","title":{"rendered":"Escritor C\u00f3simo Mandrillo convers\u00f3 en FILH-Cuba 2023 sobre la narrativa venezolana contempor\u00e1nea"},"content":{"rendered":"\n<p>Venezuela participa en la 31\u00aa Feria Internacional del Libro de La Habana con m\u00e1s de 35 actividades en la programaci\u00f3n. Entre ellas tuvo lugar este domingo 12 la conferencia &#8220;Representaci\u00f3n de lo pol\u00edtico en la narrativa venezolana contempor\u00e1nea&#8221;, a cargo del escritor, docente e investigador zuliano C\u00f3simo Mandrillo.<\/p>\n\n\n\n<p>Durante su disertaci\u00f3n, el autor, quien es profesor de la Escuela Taller de Narraci\u00f3n de Venezuela (Estanave), impulsada por el Ministerio del Poder Popular para la Cultura a trav\u00e9s del Centro Nacional del Libro, para dictar el Diplomado Tiempo Narrativo Venezolano, habl\u00f3 sobre la narrativa como g\u00e9nero que puede servir para la representaci\u00f3n de lo pol\u00edtico a trav\u00e9s de un discurso donde se puede seguir conservando la est\u00e9tica literaria. <\/p>\n\n\n\n<figure class=\"wp-block-gallery has-nested-images columns-default is-cropped\">\n<figure class=\"wp-block-image size-large\"><img width=\"1024\" height=\"580\" data-id=\"20043\"  src=\"http:\/\/cenal.gob.ve\/wp-content\/uploads\/2023\/02\/IMG_20230212_225608_1200_x_680_pixel-1024x580.jpg\" alt=\"\" class=\"wp-image-20043\" srcset=\"https:\/\/cenal.gob.ve\/wp-content\/uploads\/2023\/02\/IMG_20230212_225608_1200_x_680_pixel-1024x580.jpg 1024w, https:\/\/cenal.gob.ve\/wp-content\/uploads\/2023\/02\/IMG_20230212_225608_1200_x_680_pixel-300x170.jpg 300w, https:\/\/cenal.gob.ve\/wp-content\/uploads\/2023\/02\/IMG_20230212_225608_1200_x_680_pixel-768x435.jpg 768w, https:\/\/cenal.gob.ve\/wp-content\/uploads\/2023\/02\/IMG_20230212_225608_1200_x_680_pixel-640x363.jpg 640w, https:\/\/cenal.gob.ve\/wp-content\/uploads\/2023\/02\/IMG_20230212_225608_1200_x_680_pixel.jpg 1200w\" sizes=\"(max-width: 1024px) 100vw, 1024px\" \/><\/figure>\n\n\n\n<figure class=\"wp-block-image\"><img\/><\/figure>\n<\/figure>\n\n\n\n<p>Mandrillo, adem\u00e1s, present\u00f3 este s\u00e1bado 11 en la FILH-Cuba su novela <em>La conspiraci\u00f3n en el mercado<\/em>, publicada por Monte \u00c1vila, que narra la historia de Taluha, un ni\u00f1o wayuu, cuyas vicisitudes al dejarse encantar por el imaginario de la capital boyante y petrolera del estado Zulia, con las cotidianidades que se viven en el mercado de las Pulgas de Maracaibo, son abordadas por el autor.<\/p>\n\n\n\n<p>Tambi\u00e9n present\u00f3, de su autor\u00eda <em>El woma azul de t\u00edo Pici<\/em>, bajo la edici\u00f3n del Fondo Editorial Asamblea Nacional William Lara. <\/p>\n\n\n\n<figure class=\"wp-block-gallery has-nested-images columns-default is-cropped\">\n<figure class=\"wp-block-image size-large\"><img width=\"1024\" height=\"683\" data-id=\"20044\"  src=\"http:\/\/cenal.gob.ve\/wp-content\/uploads\/2023\/02\/1676136253903_1676136252253-1024x683.jpg\" alt=\"\" class=\"wp-image-20044\" srcset=\"https:\/\/cenal.gob.ve\/wp-content\/uploads\/2023\/02\/1676136253903_1676136252253-1024x683.jpg 1024w, https:\/\/cenal.gob.ve\/wp-content\/uploads\/2023\/02\/1676136253903_1676136252253-300x200.jpg 300w, https:\/\/cenal.gob.ve\/wp-content\/uploads\/2023\/02\/1676136253903_1676136252253-768x512.jpg 768w, https:\/\/cenal.gob.ve\/wp-content\/uploads\/2023\/02\/1676136253903_1676136252253-1536x1024.jpg 1536w, https:\/\/cenal.gob.ve\/wp-content\/uploads\/2023\/02\/1676136253903_1676136252253-2048x1366.jpg 2048w, https:\/\/cenal.gob.ve\/wp-content\/uploads\/2023\/02\/1676136253903_1676136252253-640x427.jpg 640w\" sizes=\"(max-width: 1024px) 100vw, 1024px\" \/><\/figure>\n<\/figure>\n\n\n\n<p>En esta obra, con el encanto de un cuento popular, el autor narra la lucha entre el pez y el pescador, un intercambio de enojos y picard\u00edas que busca atrapar al lector con sus im\u00e1genes de la Guajira.<\/p>\n","protected":false},"excerpt":{"rendered":"<p>Venezuela participa en la 31\u00aa Feria Internacional del Libro de La Habana con m\u00e1s de 35 actividades en la programaci\u00f3n. Entre ellas tuvo lugar este domingo 12 la conferencia &#8220;Representaci\u00f3n [&hellip;]<\/p>\n","protected":false},"author":10,"featured_media":20042,"comment_status":"open","ping_status":"closed","sticky":false,"template":"","format":"standard","meta":{"spay_email":"","jetpack_publicize_message":"","jetpack_is_tweetstorm":false,"jetpack_publicize_feature_enabled":true},"categories":[2],"tags":[],"yoast_head":"<!-- This site is optimized with the Yoast SEO plugin v19.8 - https:\/\/yoast.com\/wordpress\/plugins\/seo\/ -->\n<title>Escritor C\u00f3simo Mandrillo convers\u00f3 en FILH-Cuba 2023 sobre la narrativa venezolana contempor\u00e1nea<\/title>\n<meta name=\"robots\" content=\"index, follow, max-snippet:-1, max-image-preview:large, max-video-preview:-1\" \/>\n<link rel=\"canonical\" href=\"https:\/\/cenal.gob.ve\/?p=20041\" \/>\n<meta property=\"og:locale\" content=\"es_ES\" \/>\n<meta property=\"og:type\" content=\"article\" \/>\n<meta property=\"og:title\" content=\"Escritor C\u00f3simo Mandrillo convers\u00f3 en FILH-Cuba 2023 sobre la narrativa venezolana contempor\u00e1nea\" \/>\n<meta property=\"og:description\" content=\"Venezuela participa en la 31\u00aa Feria Internacional del Libro de La Habana con m\u00e1s de 35 actividades en la programaci\u00f3n. Entre ellas tuvo lugar este domingo 12 la conferencia &#8220;Representaci\u00f3n [&hellip;]\" \/>\n<meta property=\"og:url\" content=\"https:\/\/cenal.gob.ve\/?p=20041\" \/>\n<meta property=\"og:site_name\" content=\"Cenal\" \/>\n<meta property=\"article:published_time\" content=\"2023-02-13T03:24:59+00:00\" \/>\n<meta property=\"article:modified_time\" content=\"2023-02-13T03:25:29+00:00\" \/>\n<meta property=\"og:image\" content=\"https:\/\/i0.wp.com\/cenal.gob.ve\/wp-content\/uploads\/2023\/02\/IMG_20230212_195343_773.jpg?fit=1280%2C854&ssl=1\" \/>\n\t<meta property=\"og:image:width\" content=\"1280\" \/>\n\t<meta property=\"og:image:height\" content=\"854\" \/>\n\t<meta property=\"og:image:type\" content=\"image\/jpeg\" \/>\n<meta name=\"author\" content=\"Prensa Cenal\" \/>\n<meta name=\"twitter:card\" content=\"summary_large_image\" \/>\n<meta name=\"twitter:label1\" content=\"Written by\" \/>\n\t<meta name=\"twitter:data1\" content=\"Prensa Cenal\" \/>\n\t<meta name=\"twitter:label2\" content=\"Est. reading time\" \/>\n\t<meta name=\"twitter:data2\" content=\"2 minutos\" \/>\n<script type=\"application\/ld+json\" class=\"yoast-schema-graph\">{\"@context\":\"https:\/\/schema.org\",\"@graph\":[{\"@type\":\"Article\",\"@id\":\"https:\/\/cenal.gob.ve\/?p=20041#article\",\"isPartOf\":{\"@id\":\"https:\/\/cenal.gob.ve\/?p=20041\"},\"author\":{\"name\":\"Prensa Cenal\",\"@id\":\"https:\/\/cenal.gob.ve\/#\/schema\/person\/e3ed34623f400ffab8bc7a63b2f5533f\"},\"headline\":\"Escritor C\u00f3simo Mandrillo convers\u00f3 en FILH-Cuba 2023 sobre la narrativa venezolana contempor\u00e1nea\",\"datePublished\":\"2023-02-13T03:24:59+00:00\",\"dateModified\":\"2023-02-13T03:25:29+00:00\",\"mainEntityOfPage\":{\"@id\":\"https:\/\/cenal.gob.ve\/?p=20041\"},\"wordCount\":274,\"commentCount\":0,\"publisher\":{\"@id\":\"https:\/\/cenal.gob.ve\/#organization\"},\"articleSection\":[\"Cenal\"],\"inLanguage\":\"es\",\"potentialAction\":[{\"@type\":\"CommentAction\",\"name\":\"Comment\",\"target\":[\"https:\/\/cenal.gob.ve\/?p=20041#respond\"]}]},{\"@type\":\"WebPage\",\"@id\":\"https:\/\/cenal.gob.ve\/?p=20041\",\"url\":\"https:\/\/cenal.gob.ve\/?p=20041\",\"name\":\"Escritor C\u00f3simo Mandrillo convers\u00f3 en FILH-Cuba 2023 sobre la narrativa venezolana contempor\u00e1nea\",\"isPartOf\":{\"@id\":\"https:\/\/cenal.gob.ve\/#website\"},\"datePublished\":\"2023-02-13T03:24:59+00:00\",\"dateModified\":\"2023-02-13T03:25:29+00:00\",\"breadcrumb\":{\"@id\":\"https:\/\/cenal.gob.ve\/?p=20041#breadcrumb\"},\"inLanguage\":\"es\",\"potentialAction\":[{\"@type\":\"ReadAction\",\"target\":[\"https:\/\/cenal.gob.ve\/?p=20041\"]}]},{\"@type\":\"BreadcrumbList\",\"@id\":\"https:\/\/cenal.gob.ve\/?p=20041#breadcrumb\",\"itemListElement\":[{\"@type\":\"ListItem\",\"position\":1,\"name\":\"Home\",\"item\":\"https:\/\/cenal.gob.ve\/\"},{\"@type\":\"ListItem\",\"position\":2,\"name\":\"Escritor C\u00f3simo Mandrillo convers\u00f3 en FILH-Cuba 2023 sobre la narrativa venezolana contempor\u00e1nea\"}]},{\"@type\":\"WebSite\",\"@id\":\"https:\/\/cenal.gob.ve\/#website\",\"url\":\"https:\/\/cenal.gob.ve\/\",\"name\":\"Cenal\",\"description\":\"\",\"publisher\":{\"@id\":\"https:\/\/cenal.gob.ve\/#organization\"},\"potentialAction\":[{\"@type\":\"SearchAction\",\"target\":{\"@type\":\"EntryPoint\",\"urlTemplate\":\"https:\/\/cenal.gob.ve\/?s={search_term_string}\"},\"query-input\":\"required name=search_term_string\"}],\"inLanguage\":\"es\"},{\"@type\":\"Organization\",\"@id\":\"https:\/\/cenal.gob.ve\/#organization\",\"name\":\"CENAL\",\"url\":\"https:\/\/cenal.gob.ve\/\",\"sameAs\":[],\"logo\":{\"@type\":\"ImageObject\",\"inLanguage\":\"es\",\"@id\":\"https:\/\/cenal.gob.ve\/#\/schema\/logo\/image\/\",\"url\":\"https:\/\/i0.wp.com\/cenal.gob.ve\/wp-content\/uploads\/2022\/10\/cropped-images.jpg?fit=512%2C512\",\"contentUrl\":\"https:\/\/i0.wp.com\/cenal.gob.ve\/wp-content\/uploads\/2022\/10\/cropped-images.jpg?fit=512%2C512\",\"width\":512,\"height\":512,\"caption\":\"CENAL\"},\"image\":{\"@id\":\"https:\/\/cenal.gob.ve\/#\/schema\/logo\/image\/\"}},{\"@type\":\"Person\",\"@id\":\"https:\/\/cenal.gob.ve\/#\/schema\/person\/e3ed34623f400ffab8bc7a63b2f5533f\",\"name\":\"Prensa Cenal\",\"image\":{\"@type\":\"ImageObject\",\"inLanguage\":\"es\",\"@id\":\"https:\/\/cenal.gob.ve\/#\/schema\/person\/image\/\",\"url\":\"https:\/\/secure.gravatar.com\/avatar\/594b4ed34090910c619ac3679001d491?s=96&d=mm&r=g\",\"contentUrl\":\"https:\/\/secure.gravatar.com\/avatar\/594b4ed34090910c619ac3679001d491?s=96&d=mm&r=g\",\"caption\":\"Prensa Cenal\"},\"url\":\"https:\/\/cenal.gob.ve\/?author=10\"}]}<\/script>\n<!-- \/ Yoast SEO plugin. -->","yoast_head_json":{"title":"Escritor C\u00f3simo Mandrillo convers\u00f3 en FILH-Cuba 2023 sobre la narrativa venezolana contempor\u00e1nea","robots":{"index":"index","follow":"follow","max-snippet":"max-snippet:-1","max-image-preview":"max-image-preview:large","max-video-preview":"max-video-preview:-1"},"canonical":"https:\/\/cenal.gob.ve\/?p=20041","og_locale":"es_ES","og_type":"article","og_title":"Escritor C\u00f3simo Mandrillo convers\u00f3 en FILH-Cuba 2023 sobre la narrativa venezolana contempor\u00e1nea","og_description":"Venezuela participa en la 31\u00aa Feria Internacional del Libro de La Habana con m\u00e1s de 35 actividades en la programaci\u00f3n. Entre ellas tuvo lugar este domingo 12 la conferencia &#8220;Representaci\u00f3n [&hellip;]","og_url":"https:\/\/cenal.gob.ve\/?p=20041","og_site_name":"Cenal","article_published_time":"2023-02-13T03:24:59+00:00","article_modified_time":"2023-02-13T03:25:29+00:00","og_image":[{"width":1280,"height":854,"url":"https:\/\/i0.wp.com\/cenal.gob.ve\/wp-content\/uploads\/2023\/02\/IMG_20230212_195343_773.jpg?fit=1280%2C854&ssl=1","type":"image\/jpeg"}],"author":"Prensa Cenal","twitter_card":"summary_large_image","twitter_misc":{"Written by":"Prensa Cenal","Est. reading time":"2 minutos"},"schema":{"@context":"https:\/\/schema.org","@graph":[{"@type":"Article","@id":"https:\/\/cenal.gob.ve\/?p=20041#article","isPartOf":{"@id":"https:\/\/cenal.gob.ve\/?p=20041"},"author":{"name":"Prensa Cenal","@id":"https:\/\/cenal.gob.ve\/#\/schema\/person\/e3ed34623f400ffab8bc7a63b2f5533f"},"headline":"Escritor C\u00f3simo Mandrillo convers\u00f3 en FILH-Cuba 2023 sobre la narrativa venezolana contempor\u00e1nea","datePublished":"2023-02-13T03:24:59+00:00","dateModified":"2023-02-13T03:25:29+00:00","mainEntityOfPage":{"@id":"https:\/\/cenal.gob.ve\/?p=20041"},"wordCount":274,"commentCount":0,"publisher":{"@id":"https:\/\/cenal.gob.ve\/#organization"},"articleSection":["Cenal"],"inLanguage":"es","potentialAction":[{"@type":"CommentAction","name":"Comment","target":["https:\/\/cenal.gob.ve\/?p=20041#respond"]}]},{"@type":"WebPage","@id":"https:\/\/cenal.gob.ve\/?p=20041","url":"https:\/\/cenal.gob.ve\/?p=20041","name":"Escritor C\u00f3simo Mandrillo convers\u00f3 en FILH-Cuba 2023 sobre la narrativa venezolana contempor\u00e1nea","isPartOf":{"@id":"https:\/\/cenal.gob.ve\/#website"},"datePublished":"2023-02-13T03:24:59+00:00","dateModified":"2023-02-13T03:25:29+00:00","breadcrumb":{"@id":"https:\/\/cenal.gob.ve\/?p=20041#breadcrumb"},"inLanguage":"es","potentialAction":[{"@type":"ReadAction","target":["https:\/\/cenal.gob.ve\/?p=20041"]}]},{"@type":"BreadcrumbList","@id":"https:\/\/cenal.gob.ve\/?p=20041#breadcrumb","itemListElement":[{"@type":"ListItem","position":1,"name":"Home","item":"https:\/\/cenal.gob.ve\/"},{"@type":"ListItem","position":2,"name":"Escritor C\u00f3simo Mandrillo convers\u00f3 en FILH-Cuba 2023 sobre la narrativa venezolana contempor\u00e1nea"}]},{"@type":"WebSite","@id":"https:\/\/cenal.gob.ve\/#website","url":"https:\/\/cenal.gob.ve\/","name":"Cenal","description":"","publisher":{"@id":"https:\/\/cenal.gob.ve\/#organization"},"potentialAction":[{"@type":"SearchAction","target":{"@type":"EntryPoint","urlTemplate":"https:\/\/cenal.gob.ve\/?s={search_term_string}"},"query-input":"required name=search_term_string"}],"inLanguage":"es"},{"@type":"Organization","@id":"https:\/\/cenal.gob.ve\/#organization","name":"CENAL","url":"https:\/\/cenal.gob.ve\/","sameAs":[],"logo":{"@type":"ImageObject","inLanguage":"es","@id":"https:\/\/cenal.gob.ve\/#\/schema\/logo\/image\/","url":"https:\/\/i0.wp.com\/cenal.gob.ve\/wp-content\/uploads\/2022\/10\/cropped-images.jpg?fit=512%2C512","contentUrl":"https:\/\/i0.wp.com\/cenal.gob.ve\/wp-content\/uploads\/2022\/10\/cropped-images.jpg?fit=512%2C512","width":512,"height":512,"caption":"CENAL"},"image":{"@id":"https:\/\/cenal.gob.ve\/#\/schema\/logo\/image\/"}},{"@type":"Person","@id":"https:\/\/cenal.gob.ve\/#\/schema\/person\/e3ed34623f400ffab8bc7a63b2f5533f","name":"Prensa Cenal","image":{"@type":"ImageObject","inLanguage":"es","@id":"https:\/\/cenal.gob.ve\/#\/schema\/person\/image\/","url":"https:\/\/secure.gravatar.com\/avatar\/594b4ed34090910c619ac3679001d491?s=96&d=mm&r=g","contentUrl":"https:\/\/secure.gravatar.com\/avatar\/594b4ed34090910c619ac3679001d491?s=96&d=mm&r=g","caption":"Prensa Cenal"},"url":"https:\/\/cenal.gob.ve\/?author=10"}]}},"jetpack_featured_media_url":"https:\/\/cenal.gob.ve\/wp-content\/uploads\/2023\/02\/IMG_20230212_195343_773.jpg","jetpack_publicize_connections":[],"jetpack_shortlink":"https:\/\/wp.me\/p5FMhp-5df","_links":{"self":[{"href":"https:\/\/cenal.gob.ve\/index.php?rest_route=\/wp\/v2\/posts\/20041"}],"collection":[{"href":"https:\/\/cenal.gob.ve\/index.php?rest_route=\/wp\/v2\/posts"}],"about":[{"href":"https:\/\/cenal.gob.ve\/index.php?rest_route=\/wp\/v2\/types\/post"}],"author":[{"embeddable":true,"href":"https:\/\/cenal.gob.ve\/index.php?rest_route=\/wp\/v2\/users\/10"}],"replies":[{"embeddable":true,"href":"https:\/\/cenal.gob.ve\/index.php?rest_route=%2Fwp%2Fv2%2Fcomments&post=20041"}],"version-history":[{"count":1,"href":"https:\/\/cenal.gob.ve\/index.php?rest_route=\/wp\/v2\/posts\/20041\/revisions"}],"predecessor-version":[{"id":20046,"href":"https:\/\/cenal.gob.ve\/index.php?rest_route=\/wp\/v2\/posts\/20041\/revisions\/20046"}],"wp:featuredmedia":[{"embeddable":true,"href":"https:\/\/cenal.gob.ve\/index.php?rest_route=\/wp\/v2\/media\/20042"}],"wp:attachment":[{"href":"https:\/\/cenal.gob.ve\/index.php?rest_route=%2Fwp%2Fv2%2Fmedia&parent=20041"}],"wp:term":[{"taxonomy":"category","embeddable":true,"href":"https:\/\/cenal.gob.ve\/index.php?rest_route=%2Fwp%2Fv2%2Fcategories&post=20041"},{"taxonomy":"post_tag","embeddable":true,"href":"https:\/\/cenal.gob.ve\/index.php?rest_route=%2Fwp%2Fv2%2Ftags&post=20041"}],"curies":[{"name":"wp","href":"https:\/\/api.w.org\/{rel}","templated":true}]}}