{"id":20047,"date":"2023-02-12T23:52:55","date_gmt":"2023-02-13T03:52:55","guid":{"rendered":"http:\/\/cenal.gob.ve\/?p=20047"},"modified":"2023-02-12T23:53:34","modified_gmt":"2023-02-13T03:53:34","slug":"historias-del-paraiso-presento-gustavo-pereira-en-la-filh-cuba-2023","status":"publish","type":"post","link":"https:\/\/cenal.gob.ve\/?p=20047","title":{"rendered":"Historias del para\u00edso present\u00f3 Gustavo Pereira en la FILH-Cuba 2023"},"content":{"rendered":"\n<p><em>Historias del para\u00edso<\/em>, de Gustavo Pereira, est\u00e1 disponible en la FILH-Cuba 2023 bajo la edici\u00f3n de Monte \u00c1vila. Este domingo 12 fue presentada por el poeta Norberto Codina, quien ley\u00f3 por primera vez a Gustavo Pereira a principios de 1983, cuando Jorge Alejandro Boccanera los incluy\u00f3 en el cap\u00edtulo dedicado a Venezuela en su panorama La nov\u00edsima poes\u00eda latinoamericana. M\u00e1s adelante, en 1988, ambos entablar\u00edan amistad en Venezuela.<\/p>\n\n\n\n<p>Sobre el libro de Pereira, destacado escritor y poeta margarite\u00f1o, ganador del Premio Nacional de Literatura de Venezuela en el a\u00f1o 2001, Codina destac\u00f3 que nos lleva a reconocer lo leg\u00edtimo de nuestras manifestaciones culturales.  <\/p>\n\n\n\n<p>El mismo Pereira indica al inicio de la obra: &#8220;Este libro es de alg\u00fan modo la restituci\u00f3n de la conciencia a una revuelta de infancia propiciada por la angustia y la inconformidad. Aquella todav\u00eda incausada tribulaci\u00f3n se me hab\u00eda impuesto desde los primeros bancos escolares bajo la entonces s\u00f3lo intuida certeza de que cuanto all\u00ed se nos inculcaba como historia virtuosa y verdadera, no era sino fragmentaria y enga\u00f1osa preceptiva de un sistema de valores que justificaba, falseaba o encubr\u00eda diversas formas de dominaci\u00f3n social&#8221;. <\/p>\n\n\n\n<p>&#8220;La imagen brutal e inhumana que sobre los pueblos ind\u00edgenas los manuales oficializaban sin recato se hac\u00eda en mi coraz\u00f3n, por simple contravenci\u00f3n que generaba la sospecha, causa por la que bien val\u00eda la pena insubordinarse, tanto m\u00e1s cuando en cada uno de nosotros una parte de la sangre, del esp\u00edritu, de la piel o de los sentimientos, en poco o en mucho, proven\u00eda de aquellos&#8221;, completa Pereira. <\/p>\n\n\n\n<p>La actividad tuvo lugar en el museo &#8220;Venezuela: Tierra Viva&#8221; del Parque Militar Morro Caba\u00f1a, donde se celebra la Feria Internacional del Libro de La Habana, y cont\u00f3 con la participaci\u00f3n del viceministro de Fomento para Econom\u00eda Cultural y presidente del Centro Nacional del Libro de Venezuela, Ra\u00fal Cazal. <\/p>\n\n\n\n<figure class=\"wp-block-image size-large\"><img width=\"1024\" height=\"682\" src=\"http:\/\/cenal.gob.ve\/wp-content\/uploads\/2023\/02\/IMG_20230212_202039_617-1024x682.jpg\" alt=\"\" class=\"wp-image-20049\" srcset=\"https:\/\/cenal.gob.ve\/wp-content\/uploads\/2023\/02\/IMG_20230212_202039_617-1024x682.jpg 1024w, https:\/\/cenal.gob.ve\/wp-content\/uploads\/2023\/02\/IMG_20230212_202039_617-300x200.jpg 300w, https:\/\/cenal.gob.ve\/wp-content\/uploads\/2023\/02\/IMG_20230212_202039_617-768x511.jpg 768w, https:\/\/cenal.gob.ve\/wp-content\/uploads\/2023\/02\/IMG_20230212_202039_617-640x426.jpg 640w, https:\/\/cenal.gob.ve\/wp-content\/uploads\/2023\/02\/IMG_20230212_202039_617.jpg 1280w\" sizes=\"(max-width: 1024px) 100vw, 1024px\" \/><\/figure>\n\n\n\n<p>Este t\u00edtulo est\u00e1 disponible en el estand de Venezuela abierto en la FILH-Cuba hasta el 19 de febrero.<\/p>\n","protected":false},"excerpt":{"rendered":"<p>Historias del para\u00edso, de Gustavo Pereira, est\u00e1 disponible en la FILH-Cuba 2023 bajo la edici\u00f3n de Monte \u00c1vila. Este domingo 12 fue presentada por el poeta Norberto Codina, quien ley\u00f3 [&hellip;]<\/p>\n","protected":false},"author":10,"featured_media":20048,"comment_status":"open","ping_status":"closed","sticky":false,"template":"","format":"standard","meta":{"spay_email":"","jetpack_publicize_message":"","jetpack_is_tweetstorm":false,"jetpack_publicize_feature_enabled":true},"categories":[2],"tags":[],"yoast_head":"<!-- This site is optimized with the Yoast SEO plugin v19.8 - https:\/\/yoast.com\/wordpress\/plugins\/seo\/ -->\n<title>Historias del para\u00edso present\u00f3 Gustavo Pereira en la FILH-Cuba 2023<\/title>\n<meta name=\"robots\" content=\"index, follow, max-snippet:-1, max-image-preview:large, max-video-preview:-1\" \/>\n<link rel=\"canonical\" href=\"https:\/\/cenal.gob.ve\/?p=20047\" \/>\n<meta property=\"og:locale\" content=\"es_ES\" \/>\n<meta property=\"og:type\" content=\"article\" \/>\n<meta property=\"og:title\" content=\"Historias del para\u00edso present\u00f3 Gustavo Pereira en la FILH-Cuba 2023\" \/>\n<meta property=\"og:description\" content=\"Historias del para\u00edso, de Gustavo Pereira, est\u00e1 disponible en la FILH-Cuba 2023 bajo la edici\u00f3n de Monte \u00c1vila. Este domingo 12 fue presentada por el poeta Norberto Codina, quien ley\u00f3 [&hellip;]\" \/>\n<meta property=\"og:url\" content=\"https:\/\/cenal.gob.ve\/?p=20047\" \/>\n<meta property=\"og:site_name\" content=\"Cenal\" \/>\n<meta property=\"article:published_time\" content=\"2023-02-13T03:52:55+00:00\" \/>\n<meta property=\"article:modified_time\" content=\"2023-02-13T03:53:34+00:00\" \/>\n<meta property=\"og:image\" content=\"https:\/\/i0.wp.com\/cenal.gob.ve\/wp-content\/uploads\/2023\/02\/IMG_20230212_235310_1200_x_680_pixel.jpg?fit=1200%2C680&ssl=1\" \/>\n\t<meta property=\"og:image:width\" content=\"1200\" \/>\n\t<meta property=\"og:image:height\" content=\"680\" \/>\n\t<meta property=\"og:image:type\" content=\"image\/jpeg\" \/>\n<meta name=\"author\" content=\"Prensa Cenal\" \/>\n<meta name=\"twitter:card\" content=\"summary_large_image\" \/>\n<meta name=\"twitter:label1\" content=\"Written by\" \/>\n\t<meta name=\"twitter:data1\" content=\"Prensa Cenal\" \/>\n\t<meta name=\"twitter:label2\" content=\"Est. reading time\" \/>\n\t<meta name=\"twitter:data2\" content=\"2 minutos\" \/>\n<script type=\"application\/ld+json\" class=\"yoast-schema-graph\">{\"@context\":\"https:\/\/schema.org\",\"@graph\":[{\"@type\":\"Article\",\"@id\":\"https:\/\/cenal.gob.ve\/?p=20047#article\",\"isPartOf\":{\"@id\":\"https:\/\/cenal.gob.ve\/?p=20047\"},\"author\":{\"name\":\"Prensa Cenal\",\"@id\":\"https:\/\/cenal.gob.ve\/#\/schema\/person\/e3ed34623f400ffab8bc7a63b2f5533f\"},\"headline\":\"Historias del para\u00edso present\u00f3 Gustavo Pereira en la FILH-Cuba 2023\",\"datePublished\":\"2023-02-13T03:52:55+00:00\",\"dateModified\":\"2023-02-13T03:53:34+00:00\",\"mainEntityOfPage\":{\"@id\":\"https:\/\/cenal.gob.ve\/?p=20047\"},\"wordCount\":359,\"commentCount\":0,\"publisher\":{\"@id\":\"https:\/\/cenal.gob.ve\/#organization\"},\"articleSection\":[\"Cenal\"],\"inLanguage\":\"es\",\"potentialAction\":[{\"@type\":\"CommentAction\",\"name\":\"Comment\",\"target\":[\"https:\/\/cenal.gob.ve\/?p=20047#respond\"]}]},{\"@type\":\"WebPage\",\"@id\":\"https:\/\/cenal.gob.ve\/?p=20047\",\"url\":\"https:\/\/cenal.gob.ve\/?p=20047\",\"name\":\"Historias del para\u00edso present\u00f3 Gustavo Pereira en la FILH-Cuba 2023\",\"isPartOf\":{\"@id\":\"https:\/\/cenal.gob.ve\/#website\"},\"datePublished\":\"2023-02-13T03:52:55+00:00\",\"dateModified\":\"2023-02-13T03:53:34+00:00\",\"breadcrumb\":{\"@id\":\"https:\/\/cenal.gob.ve\/?p=20047#breadcrumb\"},\"inLanguage\":\"es\",\"potentialAction\":[{\"@type\":\"ReadAction\",\"target\":[\"https:\/\/cenal.gob.ve\/?p=20047\"]}]},{\"@type\":\"BreadcrumbList\",\"@id\":\"https:\/\/cenal.gob.ve\/?p=20047#breadcrumb\",\"itemListElement\":[{\"@type\":\"ListItem\",\"position\":1,\"name\":\"Home\",\"item\":\"https:\/\/cenal.gob.ve\/\"},{\"@type\":\"ListItem\",\"position\":2,\"name\":\"Historias del para\u00edso present\u00f3 Gustavo Pereira en la FILH-Cuba 2023\"}]},{\"@type\":\"WebSite\",\"@id\":\"https:\/\/cenal.gob.ve\/#website\",\"url\":\"https:\/\/cenal.gob.ve\/\",\"name\":\"Cenal\",\"description\":\"\",\"publisher\":{\"@id\":\"https:\/\/cenal.gob.ve\/#organization\"},\"potentialAction\":[{\"@type\":\"SearchAction\",\"target\":{\"@type\":\"EntryPoint\",\"urlTemplate\":\"https:\/\/cenal.gob.ve\/?s={search_term_string}\"},\"query-input\":\"required name=search_term_string\"}],\"inLanguage\":\"es\"},{\"@type\":\"Organization\",\"@id\":\"https:\/\/cenal.gob.ve\/#organization\",\"name\":\"CENAL\",\"url\":\"https:\/\/cenal.gob.ve\/\",\"sameAs\":[],\"logo\":{\"@type\":\"ImageObject\",\"inLanguage\":\"es\",\"@id\":\"https:\/\/cenal.gob.ve\/#\/schema\/logo\/image\/\",\"url\":\"https:\/\/i0.wp.com\/cenal.gob.ve\/wp-content\/uploads\/2022\/10\/cropped-images.jpg?fit=512%2C512\",\"contentUrl\":\"https:\/\/i0.wp.com\/cenal.gob.ve\/wp-content\/uploads\/2022\/10\/cropped-images.jpg?fit=512%2C512\",\"width\":512,\"height\":512,\"caption\":\"CENAL\"},\"image\":{\"@id\":\"https:\/\/cenal.gob.ve\/#\/schema\/logo\/image\/\"}},{\"@type\":\"Person\",\"@id\":\"https:\/\/cenal.gob.ve\/#\/schema\/person\/e3ed34623f400ffab8bc7a63b2f5533f\",\"name\":\"Prensa Cenal\",\"image\":{\"@type\":\"ImageObject\",\"inLanguage\":\"es\",\"@id\":\"https:\/\/cenal.gob.ve\/#\/schema\/person\/image\/\",\"url\":\"https:\/\/secure.gravatar.com\/avatar\/594b4ed34090910c619ac3679001d491?s=96&d=mm&r=g\",\"contentUrl\":\"https:\/\/secure.gravatar.com\/avatar\/594b4ed34090910c619ac3679001d491?s=96&d=mm&r=g\",\"caption\":\"Prensa Cenal\"},\"url\":\"https:\/\/cenal.gob.ve\/?author=10\"}]}<\/script>\n<!-- \/ Yoast SEO plugin. -->","yoast_head_json":{"title":"Historias del para\u00edso present\u00f3 Gustavo Pereira en la FILH-Cuba 2023","robots":{"index":"index","follow":"follow","max-snippet":"max-snippet:-1","max-image-preview":"max-image-preview:large","max-video-preview":"max-video-preview:-1"},"canonical":"https:\/\/cenal.gob.ve\/?p=20047","og_locale":"es_ES","og_type":"article","og_title":"Historias del para\u00edso present\u00f3 Gustavo Pereira en la FILH-Cuba 2023","og_description":"Historias del para\u00edso, de Gustavo Pereira, est\u00e1 disponible en la FILH-Cuba 2023 bajo la edici\u00f3n de Monte \u00c1vila. Este domingo 12 fue presentada por el poeta Norberto Codina, quien ley\u00f3 [&hellip;]","og_url":"https:\/\/cenal.gob.ve\/?p=20047","og_site_name":"Cenal","article_published_time":"2023-02-13T03:52:55+00:00","article_modified_time":"2023-02-13T03:53:34+00:00","og_image":[{"width":1200,"height":680,"url":"https:\/\/i0.wp.com\/cenal.gob.ve\/wp-content\/uploads\/2023\/02\/IMG_20230212_235310_1200_x_680_pixel.jpg?fit=1200%2C680&ssl=1","type":"image\/jpeg"}],"author":"Prensa Cenal","twitter_card":"summary_large_image","twitter_misc":{"Written by":"Prensa Cenal","Est. reading time":"2 minutos"},"schema":{"@context":"https:\/\/schema.org","@graph":[{"@type":"Article","@id":"https:\/\/cenal.gob.ve\/?p=20047#article","isPartOf":{"@id":"https:\/\/cenal.gob.ve\/?p=20047"},"author":{"name":"Prensa Cenal","@id":"https:\/\/cenal.gob.ve\/#\/schema\/person\/e3ed34623f400ffab8bc7a63b2f5533f"},"headline":"Historias del para\u00edso present\u00f3 Gustavo Pereira en la FILH-Cuba 2023","datePublished":"2023-02-13T03:52:55+00:00","dateModified":"2023-02-13T03:53:34+00:00","mainEntityOfPage":{"@id":"https:\/\/cenal.gob.ve\/?p=20047"},"wordCount":359,"commentCount":0,"publisher":{"@id":"https:\/\/cenal.gob.ve\/#organization"},"articleSection":["Cenal"],"inLanguage":"es","potentialAction":[{"@type":"CommentAction","name":"Comment","target":["https:\/\/cenal.gob.ve\/?p=20047#respond"]}]},{"@type":"WebPage","@id":"https:\/\/cenal.gob.ve\/?p=20047","url":"https:\/\/cenal.gob.ve\/?p=20047","name":"Historias del para\u00edso present\u00f3 Gustavo Pereira en la FILH-Cuba 2023","isPartOf":{"@id":"https:\/\/cenal.gob.ve\/#website"},"datePublished":"2023-02-13T03:52:55+00:00","dateModified":"2023-02-13T03:53:34+00:00","breadcrumb":{"@id":"https:\/\/cenal.gob.ve\/?p=20047#breadcrumb"},"inLanguage":"es","potentialAction":[{"@type":"ReadAction","target":["https:\/\/cenal.gob.ve\/?p=20047"]}]},{"@type":"BreadcrumbList","@id":"https:\/\/cenal.gob.ve\/?p=20047#breadcrumb","itemListElement":[{"@type":"ListItem","position":1,"name":"Home","item":"https:\/\/cenal.gob.ve\/"},{"@type":"ListItem","position":2,"name":"Historias del para\u00edso present\u00f3 Gustavo Pereira en la FILH-Cuba 2023"}]},{"@type":"WebSite","@id":"https:\/\/cenal.gob.ve\/#website","url":"https:\/\/cenal.gob.ve\/","name":"Cenal","description":"","publisher":{"@id":"https:\/\/cenal.gob.ve\/#organization"},"potentialAction":[{"@type":"SearchAction","target":{"@type":"EntryPoint","urlTemplate":"https:\/\/cenal.gob.ve\/?s={search_term_string}"},"query-input":"required name=search_term_string"}],"inLanguage":"es"},{"@type":"Organization","@id":"https:\/\/cenal.gob.ve\/#organization","name":"CENAL","url":"https:\/\/cenal.gob.ve\/","sameAs":[],"logo":{"@type":"ImageObject","inLanguage":"es","@id":"https:\/\/cenal.gob.ve\/#\/schema\/logo\/image\/","url":"https:\/\/i0.wp.com\/cenal.gob.ve\/wp-content\/uploads\/2022\/10\/cropped-images.jpg?fit=512%2C512","contentUrl":"https:\/\/i0.wp.com\/cenal.gob.ve\/wp-content\/uploads\/2022\/10\/cropped-images.jpg?fit=512%2C512","width":512,"height":512,"caption":"CENAL"},"image":{"@id":"https:\/\/cenal.gob.ve\/#\/schema\/logo\/image\/"}},{"@type":"Person","@id":"https:\/\/cenal.gob.ve\/#\/schema\/person\/e3ed34623f400ffab8bc7a63b2f5533f","name":"Prensa Cenal","image":{"@type":"ImageObject","inLanguage":"es","@id":"https:\/\/cenal.gob.ve\/#\/schema\/person\/image\/","url":"https:\/\/secure.gravatar.com\/avatar\/594b4ed34090910c619ac3679001d491?s=96&d=mm&r=g","contentUrl":"https:\/\/secure.gravatar.com\/avatar\/594b4ed34090910c619ac3679001d491?s=96&d=mm&r=g","caption":"Prensa Cenal"},"url":"https:\/\/cenal.gob.ve\/?author=10"}]}},"jetpack_featured_media_url":"https:\/\/cenal.gob.ve\/wp-content\/uploads\/2023\/02\/IMG_20230212_235310_1200_x_680_pixel.jpg","jetpack_publicize_connections":[],"jetpack_shortlink":"https:\/\/wp.me\/p5FMhp-5dl","_links":{"self":[{"href":"https:\/\/cenal.gob.ve\/index.php?rest_route=\/wp\/v2\/posts\/20047"}],"collection":[{"href":"https:\/\/cenal.gob.ve\/index.php?rest_route=\/wp\/v2\/posts"}],"about":[{"href":"https:\/\/cenal.gob.ve\/index.php?rest_route=\/wp\/v2\/types\/post"}],"author":[{"embeddable":true,"href":"https:\/\/cenal.gob.ve\/index.php?rest_route=\/wp\/v2\/users\/10"}],"replies":[{"embeddable":true,"href":"https:\/\/cenal.gob.ve\/index.php?rest_route=%2Fwp%2Fv2%2Fcomments&post=20047"}],"version-history":[{"count":1,"href":"https:\/\/cenal.gob.ve\/index.php?rest_route=\/wp\/v2\/posts\/20047\/revisions"}],"predecessor-version":[{"id":20050,"href":"https:\/\/cenal.gob.ve\/index.php?rest_route=\/wp\/v2\/posts\/20047\/revisions\/20050"}],"wp:featuredmedia":[{"embeddable":true,"href":"https:\/\/cenal.gob.ve\/index.php?rest_route=\/wp\/v2\/media\/20048"}],"wp:attachment":[{"href":"https:\/\/cenal.gob.ve\/index.php?rest_route=%2Fwp%2Fv2%2Fmedia&parent=20047"}],"wp:term":[{"taxonomy":"category","embeddable":true,"href":"https:\/\/cenal.gob.ve\/index.php?rest_route=%2Fwp%2Fv2%2Fcategories&post=20047"},{"taxonomy":"post_tag","embeddable":true,"href":"https:\/\/cenal.gob.ve\/index.php?rest_route=%2Fwp%2Fv2%2Ftags&post=20047"}],"curies":[{"name":"wp","href":"https:\/\/api.w.org\/{rel}","templated":true}]}}