{"id":20064,"date":"2023-02-13T15:35:54","date_gmt":"2023-02-13T19:35:54","guid":{"rendered":"http:\/\/cenal.gob.ve\/?p=20064"},"modified":"2023-02-13T15:36:16","modified_gmt":"2023-02-13T19:36:16","slug":"carlos-sierra-presento-con-que-moral-etica-y-valores-para-la-nueva-epoca-en-la-filh-cuba-2023","status":"publish","type":"post","link":"https:\/\/cenal.gob.ve\/?p=20064","title":{"rendered":"Carlos Sierra present\u00f3 \u00bfCon qu\u00e9 moral? \u00c9tica y valores para la nueva \u00e9poca en la FILH Cuba 2023"},"content":{"rendered":"\n<p>El escritor, periodista y diputado\u00a0Carlos Sierra present\u00f3 este lunes 13 su libro <em>\u00ab\u00bfCon qu\u00e9 moral? \u00c9tica y valores para la nueva \u00e9poca\u00bb<\/em> en la 31\u00aa Feria Internacional del Libro de La Habana, Cuba, que tiene lugar en la Fortaleza San Carlos de La Caba\u00f1a.<\/p>\n\n\n\n<p>El libro lleva el sello de Vadell Hermanos. La actividad, desarrollada en el museo y sal\u00f3n Venezuela: Tierra Viva, cont\u00f3 con la participaci\u00f3n del director del Centro Fidel Castro, Ren\u00e9 Gonz\u00e1lez; Aleida Guevara, hija del Comandante Ernesto \u00abChe\u00bb Guevara, y del escritor Ernesto Limia.<\/p>\n\n\n\n<p>El texto plantea la transici\u00f3n del capitalismo al socialismo. Con pedagog\u00eda sencilla, habla sobre la \u00e9tica, los valores y la moral de los venezolanos en resistencia contra el imperialismo.<\/p>\n\n\n\n<figure class=\"wp-block-image size-large\"><img width=\"1024\" height=\"682\" src=\"http:\/\/cenal.gob.ve\/wp-content\/uploads\/2023\/02\/IMG_20230213_134617_568-1024x682.jpg\" alt=\"\" class=\"wp-image-20067\" srcset=\"https:\/\/cenal.gob.ve\/wp-content\/uploads\/2023\/02\/IMG_20230213_134617_568-1024x682.jpg 1024w, https:\/\/cenal.gob.ve\/wp-content\/uploads\/2023\/02\/IMG_20230213_134617_568-300x200.jpg 300w, https:\/\/cenal.gob.ve\/wp-content\/uploads\/2023\/02\/IMG_20230213_134617_568-768x511.jpg 768w, https:\/\/cenal.gob.ve\/wp-content\/uploads\/2023\/02\/IMG_20230213_134617_568-640x426.jpg 640w, https:\/\/cenal.gob.ve\/wp-content\/uploads\/2023\/02\/IMG_20230213_134617_568.jpg 1280w\" sizes=\"(max-width: 1024px) 100vw, 1024px\" \/><\/figure>\n\n\n\n<p><strong>De la Guerra a la Vida<\/strong><\/p>\n\n\n\n<p>Otro t\u00edtulo de Vadell Hermanos que est\u00e1 en la feria es <em>De la guerra a la vida: nueva \u00e9poca de transici\u00f3n al socialismo<\/em>, del tambi\u00e9n escritor y diputado Gustavo Villapol, representaci\u00f3n de la formaci\u00f3n de una nueva generaci\u00f3n de j\u00f3venes escritores.<\/p>\n\n\n\n<p>El ministro del Poder Popular para la Cultura, Ernesto Villegas, quien escribi\u00f3 el pr\u00f3logo del libro, ha destacado la importancia de este tipo publicaciones que se centran en el an\u00e1lisis del proceso que se vive en Venezuela y que sirven de referencia a historiadores para el estudio de lo que hoy transcurre.<\/p>\n\n\n\n<p>Villapol, quien tambi\u00e9n es director del semanario pol\u00edtico 4F, ha detallado que su libro es un aporte m\u00e1s que se coloca como trinchera de ideas para seguir construyendo un mundo mejor.<\/p>\n\n\n\n<p>Ambos t\u00edtulos est\u00e1n disponibles en el estand de Venezuela abierto en la feria hasta el 19 de febrero.<\/p>\n","protected":false},"excerpt":{"rendered":"<p>El escritor, periodista y diputado\u00a0Carlos Sierra present\u00f3 este lunes 13 su libro \u00ab\u00bfCon qu\u00e9 moral? \u00c9tica y valores para la nueva \u00e9poca\u00bb en la 31\u00aa Feria Internacional del Libro de [&hellip;]<\/p>\n","protected":false},"author":10,"featured_media":20066,"comment_status":"open","ping_status":"closed","sticky":false,"template":"","format":"standard","meta":{"spay_email":"","jetpack_publicize_message":"","jetpack_is_tweetstorm":false,"jetpack_publicize_feature_enabled":true},"categories":[2],"tags":[],"yoast_head":"<!-- This site is optimized with the Yoast SEO plugin v19.8 - https:\/\/yoast.com\/wordpress\/plugins\/seo\/ -->\n<title>Carlos Sierra present\u00f3 \u00bfCon qu\u00e9 moral? \u00c9tica y valores para la nueva \u00e9poca en la FILH Cuba 2023<\/title>\n<meta name=\"robots\" content=\"index, follow, max-snippet:-1, max-image-preview:large, max-video-preview:-1\" \/>\n<link rel=\"canonical\" href=\"https:\/\/cenal.gob.ve\/?p=20064\" \/>\n<meta property=\"og:locale\" content=\"es_ES\" \/>\n<meta property=\"og:type\" content=\"article\" \/>\n<meta property=\"og:title\" content=\"Carlos Sierra present\u00f3 \u00bfCon qu\u00e9 moral? \u00c9tica y valores para la nueva \u00e9poca en la FILH Cuba 2023\" \/>\n<meta property=\"og:description\" content=\"El escritor, periodista y diputado\u00a0Carlos Sierra present\u00f3 este lunes 13 su libro \u00ab\u00bfCon qu\u00e9 moral? \u00c9tica y valores para la nueva \u00e9poca\u00bb en la 31\u00aa Feria Internacional del Libro de [&hellip;]\" \/>\n<meta property=\"og:url\" content=\"https:\/\/cenal.gob.ve\/?p=20064\" \/>\n<meta property=\"og:site_name\" content=\"Cenal\" \/>\n<meta property=\"article:published_time\" content=\"2023-02-13T19:35:54+00:00\" \/>\n<meta property=\"article:modified_time\" content=\"2023-02-13T19:36:16+00:00\" \/>\n<meta property=\"og:image\" content=\"https:\/\/i0.wp.com\/cenal.gob.ve\/wp-content\/uploads\/2023\/02\/IMG_20230213_134617_913.jpg?fit=1280%2C853&ssl=1\" \/>\n\t<meta property=\"og:image:width\" content=\"1280\" \/>\n\t<meta property=\"og:image:height\" content=\"853\" \/>\n\t<meta property=\"og:image:type\" content=\"image\/jpeg\" \/>\n<meta name=\"author\" content=\"Prensa Cenal\" \/>\n<meta name=\"twitter:card\" content=\"summary_large_image\" \/>\n<meta name=\"twitter:label1\" content=\"Written by\" \/>\n\t<meta name=\"twitter:data1\" content=\"Prensa Cenal\" \/>\n\t<meta name=\"twitter:label2\" content=\"Est. reading time\" \/>\n\t<meta name=\"twitter:data2\" content=\"2 minutos\" \/>\n<script type=\"application\/ld+json\" class=\"yoast-schema-graph\">{\"@context\":\"https:\/\/schema.org\",\"@graph\":[{\"@type\":\"Article\",\"@id\":\"https:\/\/cenal.gob.ve\/?p=20064#article\",\"isPartOf\":{\"@id\":\"https:\/\/cenal.gob.ve\/?p=20064\"},\"author\":{\"name\":\"Prensa Cenal\",\"@id\":\"https:\/\/cenal.gob.ve\/#\/schema\/person\/e3ed34623f400ffab8bc7a63b2f5533f\"},\"headline\":\"Carlos Sierra present\u00f3 \u00bfCon qu\u00e9 moral? \u00c9tica y valores para la nueva \u00e9poca en la FILH Cuba 2023\",\"datePublished\":\"2023-02-13T19:35:54+00:00\",\"dateModified\":\"2023-02-13T19:36:16+00:00\",\"mainEntityOfPage\":{\"@id\":\"https:\/\/cenal.gob.ve\/?p=20064\"},\"wordCount\":300,\"commentCount\":0,\"publisher\":{\"@id\":\"https:\/\/cenal.gob.ve\/#organization\"},\"articleSection\":[\"Cenal\"],\"inLanguage\":\"es\",\"potentialAction\":[{\"@type\":\"CommentAction\",\"name\":\"Comment\",\"target\":[\"https:\/\/cenal.gob.ve\/?p=20064#respond\"]}]},{\"@type\":\"WebPage\",\"@id\":\"https:\/\/cenal.gob.ve\/?p=20064\",\"url\":\"https:\/\/cenal.gob.ve\/?p=20064\",\"name\":\"Carlos Sierra present\u00f3 \u00bfCon qu\u00e9 moral? \u00c9tica y valores para la nueva \u00e9poca en la FILH Cuba 2023\",\"isPartOf\":{\"@id\":\"https:\/\/cenal.gob.ve\/#website\"},\"datePublished\":\"2023-02-13T19:35:54+00:00\",\"dateModified\":\"2023-02-13T19:36:16+00:00\",\"breadcrumb\":{\"@id\":\"https:\/\/cenal.gob.ve\/?p=20064#breadcrumb\"},\"inLanguage\":\"es\",\"potentialAction\":[{\"@type\":\"ReadAction\",\"target\":[\"https:\/\/cenal.gob.ve\/?p=20064\"]}]},{\"@type\":\"BreadcrumbList\",\"@id\":\"https:\/\/cenal.gob.ve\/?p=20064#breadcrumb\",\"itemListElement\":[{\"@type\":\"ListItem\",\"position\":1,\"name\":\"Home\",\"item\":\"https:\/\/cenal.gob.ve\/\"},{\"@type\":\"ListItem\",\"position\":2,\"name\":\"Carlos Sierra present\u00f3 \u00bfCon qu\u00e9 moral? \u00c9tica y valores para la nueva \u00e9poca en la FILH Cuba 2023\"}]},{\"@type\":\"WebSite\",\"@id\":\"https:\/\/cenal.gob.ve\/#website\",\"url\":\"https:\/\/cenal.gob.ve\/\",\"name\":\"Cenal\",\"description\":\"\",\"publisher\":{\"@id\":\"https:\/\/cenal.gob.ve\/#organization\"},\"potentialAction\":[{\"@type\":\"SearchAction\",\"target\":{\"@type\":\"EntryPoint\",\"urlTemplate\":\"https:\/\/cenal.gob.ve\/?s={search_term_string}\"},\"query-input\":\"required name=search_term_string\"}],\"inLanguage\":\"es\"},{\"@type\":\"Organization\",\"@id\":\"https:\/\/cenal.gob.ve\/#organization\",\"name\":\"CENAL\",\"url\":\"https:\/\/cenal.gob.ve\/\",\"sameAs\":[],\"logo\":{\"@type\":\"ImageObject\",\"inLanguage\":\"es\",\"@id\":\"https:\/\/cenal.gob.ve\/#\/schema\/logo\/image\/\",\"url\":\"https:\/\/i0.wp.com\/cenal.gob.ve\/wp-content\/uploads\/2022\/10\/cropped-images.jpg?fit=512%2C512\",\"contentUrl\":\"https:\/\/i0.wp.com\/cenal.gob.ve\/wp-content\/uploads\/2022\/10\/cropped-images.jpg?fit=512%2C512\",\"width\":512,\"height\":512,\"caption\":\"CENAL\"},\"image\":{\"@id\":\"https:\/\/cenal.gob.ve\/#\/schema\/logo\/image\/\"}},{\"@type\":\"Person\",\"@id\":\"https:\/\/cenal.gob.ve\/#\/schema\/person\/e3ed34623f400ffab8bc7a63b2f5533f\",\"name\":\"Prensa Cenal\",\"image\":{\"@type\":\"ImageObject\",\"inLanguage\":\"es\",\"@id\":\"https:\/\/cenal.gob.ve\/#\/schema\/person\/image\/\",\"url\":\"https:\/\/secure.gravatar.com\/avatar\/594b4ed34090910c619ac3679001d491?s=96&d=mm&r=g\",\"contentUrl\":\"https:\/\/secure.gravatar.com\/avatar\/594b4ed34090910c619ac3679001d491?s=96&d=mm&r=g\",\"caption\":\"Prensa Cenal\"},\"url\":\"https:\/\/cenal.gob.ve\/?author=10\"}]}<\/script>\n<!-- \/ Yoast SEO plugin. -->","yoast_head_json":{"title":"Carlos Sierra present\u00f3 \u00bfCon qu\u00e9 moral? \u00c9tica y valores para la nueva \u00e9poca en la FILH Cuba 2023","robots":{"index":"index","follow":"follow","max-snippet":"max-snippet:-1","max-image-preview":"max-image-preview:large","max-video-preview":"max-video-preview:-1"},"canonical":"https:\/\/cenal.gob.ve\/?p=20064","og_locale":"es_ES","og_type":"article","og_title":"Carlos Sierra present\u00f3 \u00bfCon qu\u00e9 moral? \u00c9tica y valores para la nueva \u00e9poca en la FILH Cuba 2023","og_description":"El escritor, periodista y diputado\u00a0Carlos Sierra present\u00f3 este lunes 13 su libro \u00ab\u00bfCon qu\u00e9 moral? \u00c9tica y valores para la nueva \u00e9poca\u00bb en la 31\u00aa Feria Internacional del Libro de [&hellip;]","og_url":"https:\/\/cenal.gob.ve\/?p=20064","og_site_name":"Cenal","article_published_time":"2023-02-13T19:35:54+00:00","article_modified_time":"2023-02-13T19:36:16+00:00","og_image":[{"width":1280,"height":853,"url":"https:\/\/i0.wp.com\/cenal.gob.ve\/wp-content\/uploads\/2023\/02\/IMG_20230213_134617_913.jpg?fit=1280%2C853&ssl=1","type":"image\/jpeg"}],"author":"Prensa Cenal","twitter_card":"summary_large_image","twitter_misc":{"Written by":"Prensa Cenal","Est. reading time":"2 minutos"},"schema":{"@context":"https:\/\/schema.org","@graph":[{"@type":"Article","@id":"https:\/\/cenal.gob.ve\/?p=20064#article","isPartOf":{"@id":"https:\/\/cenal.gob.ve\/?p=20064"},"author":{"name":"Prensa Cenal","@id":"https:\/\/cenal.gob.ve\/#\/schema\/person\/e3ed34623f400ffab8bc7a63b2f5533f"},"headline":"Carlos Sierra present\u00f3 \u00bfCon qu\u00e9 moral? \u00c9tica y valores para la nueva \u00e9poca en la FILH Cuba 2023","datePublished":"2023-02-13T19:35:54+00:00","dateModified":"2023-02-13T19:36:16+00:00","mainEntityOfPage":{"@id":"https:\/\/cenal.gob.ve\/?p=20064"},"wordCount":300,"commentCount":0,"publisher":{"@id":"https:\/\/cenal.gob.ve\/#organization"},"articleSection":["Cenal"],"inLanguage":"es","potentialAction":[{"@type":"CommentAction","name":"Comment","target":["https:\/\/cenal.gob.ve\/?p=20064#respond"]}]},{"@type":"WebPage","@id":"https:\/\/cenal.gob.ve\/?p=20064","url":"https:\/\/cenal.gob.ve\/?p=20064","name":"Carlos Sierra present\u00f3 \u00bfCon qu\u00e9 moral? \u00c9tica y valores para la nueva \u00e9poca en la FILH Cuba 2023","isPartOf":{"@id":"https:\/\/cenal.gob.ve\/#website"},"datePublished":"2023-02-13T19:35:54+00:00","dateModified":"2023-02-13T19:36:16+00:00","breadcrumb":{"@id":"https:\/\/cenal.gob.ve\/?p=20064#breadcrumb"},"inLanguage":"es","potentialAction":[{"@type":"ReadAction","target":["https:\/\/cenal.gob.ve\/?p=20064"]}]},{"@type":"BreadcrumbList","@id":"https:\/\/cenal.gob.ve\/?p=20064#breadcrumb","itemListElement":[{"@type":"ListItem","position":1,"name":"Home","item":"https:\/\/cenal.gob.ve\/"},{"@type":"ListItem","position":2,"name":"Carlos Sierra present\u00f3 \u00bfCon qu\u00e9 moral? \u00c9tica y valores para la nueva \u00e9poca en la FILH Cuba 2023"}]},{"@type":"WebSite","@id":"https:\/\/cenal.gob.ve\/#website","url":"https:\/\/cenal.gob.ve\/","name":"Cenal","description":"","publisher":{"@id":"https:\/\/cenal.gob.ve\/#organization"},"potentialAction":[{"@type":"SearchAction","target":{"@type":"EntryPoint","urlTemplate":"https:\/\/cenal.gob.ve\/?s={search_term_string}"},"query-input":"required name=search_term_string"}],"inLanguage":"es"},{"@type":"Organization","@id":"https:\/\/cenal.gob.ve\/#organization","name":"CENAL","url":"https:\/\/cenal.gob.ve\/","sameAs":[],"logo":{"@type":"ImageObject","inLanguage":"es","@id":"https:\/\/cenal.gob.ve\/#\/schema\/logo\/image\/","url":"https:\/\/i0.wp.com\/cenal.gob.ve\/wp-content\/uploads\/2022\/10\/cropped-images.jpg?fit=512%2C512","contentUrl":"https:\/\/i0.wp.com\/cenal.gob.ve\/wp-content\/uploads\/2022\/10\/cropped-images.jpg?fit=512%2C512","width":512,"height":512,"caption":"CENAL"},"image":{"@id":"https:\/\/cenal.gob.ve\/#\/schema\/logo\/image\/"}},{"@type":"Person","@id":"https:\/\/cenal.gob.ve\/#\/schema\/person\/e3ed34623f400ffab8bc7a63b2f5533f","name":"Prensa Cenal","image":{"@type":"ImageObject","inLanguage":"es","@id":"https:\/\/cenal.gob.ve\/#\/schema\/person\/image\/","url":"https:\/\/secure.gravatar.com\/avatar\/594b4ed34090910c619ac3679001d491?s=96&d=mm&r=g","contentUrl":"https:\/\/secure.gravatar.com\/avatar\/594b4ed34090910c619ac3679001d491?s=96&d=mm&r=g","caption":"Prensa Cenal"},"url":"https:\/\/cenal.gob.ve\/?author=10"}]}},"jetpack_featured_media_url":"https:\/\/cenal.gob.ve\/wp-content\/uploads\/2023\/02\/IMG_20230213_134617_913.jpg","jetpack_publicize_connections":[],"jetpack_shortlink":"https:\/\/wp.me\/p5FMhp-5dC","_links":{"self":[{"href":"https:\/\/cenal.gob.ve\/index.php?rest_route=\/wp\/v2\/posts\/20064"}],"collection":[{"href":"https:\/\/cenal.gob.ve\/index.php?rest_route=\/wp\/v2\/posts"}],"about":[{"href":"https:\/\/cenal.gob.ve\/index.php?rest_route=\/wp\/v2\/types\/post"}],"author":[{"embeddable":true,"href":"https:\/\/cenal.gob.ve\/index.php?rest_route=\/wp\/v2\/users\/10"}],"replies":[{"embeddable":true,"href":"https:\/\/cenal.gob.ve\/index.php?rest_route=%2Fwp%2Fv2%2Fcomments&post=20064"}],"version-history":[{"count":3,"href":"https:\/\/cenal.gob.ve\/index.php?rest_route=\/wp\/v2\/posts\/20064\/revisions"}],"predecessor-version":[{"id":20069,"href":"https:\/\/cenal.gob.ve\/index.php?rest_route=\/wp\/v2\/posts\/20064\/revisions\/20069"}],"wp:featuredmedia":[{"embeddable":true,"href":"https:\/\/cenal.gob.ve\/index.php?rest_route=\/wp\/v2\/media\/20066"}],"wp:attachment":[{"href":"https:\/\/cenal.gob.ve\/index.php?rest_route=%2Fwp%2Fv2%2Fmedia&parent=20064"}],"wp:term":[{"taxonomy":"category","embeddable":true,"href":"https:\/\/cenal.gob.ve\/index.php?rest_route=%2Fwp%2Fv2%2Fcategories&post=20064"},{"taxonomy":"post_tag","embeddable":true,"href":"https:\/\/cenal.gob.ve\/index.php?rest_route=%2Fwp%2Fv2%2Ftags&post=20064"}],"curies":[{"name":"wp","href":"https:\/\/api.w.org\/{rel}","templated":true}]}}