{"id":20084,"date":"2023-02-18T14:43:32","date_gmt":"2023-02-18T18:43:32","guid":{"rendered":"http:\/\/cenal.gob.ve\/?p=20084"},"modified":"2023-02-18T14:43:35","modified_gmt":"2023-02-18T18:43:35","slug":"bolivar-y-miranda-a-traves-de-carmen-bohorquez-y-luis-britto-garcia-en-la-31a-filh-cuba","status":"publish","type":"post","link":"https:\/\/cenal.gob.ve\/?p=20084","title":{"rendered":"Bol\u00edvar y Miranda a trav\u00e9s de Carmen Boh\u00f3rquez y Luis Britto Garc\u00eda en la 31\u00aa FILH Cuba"},"content":{"rendered":"\n<p>Los escritores e investigadores venezolanos Carmen Boh\u00f3rquez y Luis Britto Garc\u00eda se encuentran en la 31\u00aa Feria Internacional del Libro de La Habana, Cuba, donde presentaron obras que acercan a los lectores a las ideas de Sim\u00f3n Bol\u00edvar y Francisco de Miranda, una manera para comprender la historia y a quienes la escribieron como motivo de reivindicaci\u00f3n para la Am\u00e9rica toda.<\/p>\n\n\n\n<p>Boh\u00f3rquez, quien es fil\u00f3sofa, historiadora y docente de amplia trayectoria, la autora con mayor autoridad en lo concerniente a Miranda,\u00a0 present\u00f3 el<em> tomo XXI de la colecci\u00f3n Colombeia del General\u00edsimo Francisco de Miranda.<\/em> Britto Garc\u00eda, narrador, ensayista, poeta, dramaturgo, autor de m\u00e1s de sesenta obras y Premio Nacional de Literatura (2002), present\u00f3 <em>El pensamiento del Libertador: Econom\u00eda y Sociedad<\/em>. Ambos se dieron cita en la sala Venezuela: Tierra Viva, ubicada en la Fortaleza San Carlos de La Caba\u00f1a, donde se desarrolla el m\u00e1ximo evento cultural de Cuba.<\/p>\n\n\n\n<p>El<em> tomo XXI de la colecci\u00f3n Colombeia<\/em> es una obra de gran importancia hist\u00f3rica y patrimonial, producto del trabajo articulado entre el Centro de Estudios Sim\u00f3n Bol\u00edvar y la Gobernaci\u00f3n de Miranda para el rescate de la memoria hist\u00f3rica de Miranda, librepensador y hombre de acci\u00f3n, figura fundadora del proceso y formaci\u00f3n de la gesta independentista en Am\u00e9rica.\u00a0<\/p>\n\n\n\n<p>El tomo recopila archivos, anotaciones, cartas, documentos y escritos de hechos hist\u00f3ricos entre 1804 y 1805.<\/p>\n\n\n\n<p>\u201cMiranda fue el primero en pensar en Am\u00e9rica como una unidad pol\u00edtica y cultural, una unidad indisoluble y que hab\u00eda sido constituida de forma oprimida\u201d, ha asegurado Boh\u00f3rquez.<\/p>\n\n\n\n<p>En cuanto al libro <em>El pensamiento del Libertador: Econom\u00eda y Sociedad<\/em>, Britto Garc\u00eda present\u00f3 la edici\u00f3n realizada por el Centro de Estudios Sim\u00f3n Bol\u00edvar.<\/p>\n\n\n\n<p>En la obra, el autor analiza e interpreta la visi\u00f3n estrat\u00e9gica del Libertador en torno a su pensamiento y formaci\u00f3n intelectual, y reflexiona sobre los diferentes escenarios que debi\u00f3 enfrentar\u00a0desde el terreno de las ideas.<\/p>\n\n\n\n<p>Britto Garc\u00eda enfatiz\u00f3 durante la presentaci\u00f3n de estos libros sobre las ideas de ambos pr\u00f3ceres: \u201cNuestros libertadores, Sim\u00f3n Bol\u00edvar y Francisco de Miranda, son grandes hombres con un gran intelecto, que no debe asombrar a nadie, extraordinario tambi\u00e9n desde lo conceptual\u201d.<\/p>\n\n\n\n<p><strong>Otros t\u00edtulos<\/strong><\/p>\n\n\n\n<p>Adem\u00e1s de presentar el<em> tomo XXI de la colecci\u00f3n Colombeia del General\u00edsimo Francisco de Miranda<\/em>, la filosofa, historiadora e investigadora Carmen Boh\u00f3rquez tambi\u00e9n comparte en la FILH Cuba 2023 su libro <em>Francisco de Miranda. Precursor de las independencias de la Am\u00e9rica Latina<\/em> de la Colecci\u00f3n Bicentenario Carabobo, que guarda una investigaci\u00f3n exhaustiva y al mismo tiempo escrita con una pasi\u00f3n objetiva para examinar el pensamiento y las acciones que han hecho de Miranda un personaje cercano al mito<\/p>\n\n\n\n<figure class=\"wp-block-gallery has-nested-images columns-default is-cropped\">\n<figure class=\"wp-block-image size-large\"><img width=\"1080\" height=\"810\" data-id=\"20087\"  src=\"http:\/\/cenal.gob.ve\/wp-content\/uploads\/2023\/02\/b5071142-c63f-41f7-b323-a7beaba019f4.jpg\" alt=\"\" class=\"wp-image-20087\" srcset=\"https:\/\/cenal.gob.ve\/wp-content\/uploads\/2023\/02\/b5071142-c63f-41f7-b323-a7beaba019f4.jpg 1080w, https:\/\/cenal.gob.ve\/wp-content\/uploads\/2023\/02\/b5071142-c63f-41f7-b323-a7beaba019f4-300x225.jpg 300w, https:\/\/cenal.gob.ve\/wp-content\/uploads\/2023\/02\/b5071142-c63f-41f7-b323-a7beaba019f4-1024x768.jpg 1024w, https:\/\/cenal.gob.ve\/wp-content\/uploads\/2023\/02\/b5071142-c63f-41f7-b323-a7beaba019f4-768x576.jpg 768w, https:\/\/cenal.gob.ve\/wp-content\/uploads\/2023\/02\/b5071142-c63f-41f7-b323-a7beaba019f4-640x480.jpg 640w\" sizes=\"(max-width: 1080px) 100vw, 1080px\" \/><\/figure>\n<\/figure>\n\n\n\n<p>Otro t\u00edtulo que Boh\u00f3rquez comparte con el p\u00fablico cubano es <em>La mujer ind\u00edgena y la colonizaci\u00f3n de la er\u00f3tica en Am\u00e9rica Latina<\/em>, editado por Monte \u00c1vila.<\/p>\n\n\n\n<p>Por su parte, Britto tambi\u00e9n lleg\u00f3 a la FILH Cuba con sus t\u00edtulos<em>\u00a0 Pirata <\/em>y <em>Arte y Parte<\/em>, los dos editados por Monte \u00c1vila. Este autor tambi\u00e9n participa en la programaci\u00f3n del m\u00e1ximo evento cultural de Cuba con la conferencia Cuatrocientos a\u00f1os con Sancho Panza.<\/p>\n\n\n\n<figure class=\"wp-block-image size-large\"><img width=\"768\" height=\"1024\" src=\"http:\/\/cenal.gob.ve\/wp-content\/uploads\/2023\/02\/cda89942-1bf5-41da-a611-fea6894d2a9f-768x1024.jpg\" alt=\"\" class=\"wp-image-20088\" srcset=\"https:\/\/cenal.gob.ve\/wp-content\/uploads\/2023\/02\/cda89942-1bf5-41da-a611-fea6894d2a9f-768x1024.jpg 768w, https:\/\/cenal.gob.ve\/wp-content\/uploads\/2023\/02\/cda89942-1bf5-41da-a611-fea6894d2a9f-225x300.jpg 225w, https:\/\/cenal.gob.ve\/wp-content\/uploads\/2023\/02\/cda89942-1bf5-41da-a611-fea6894d2a9f-640x853.jpg 640w, https:\/\/cenal.gob.ve\/wp-content\/uploads\/2023\/02\/cda89942-1bf5-41da-a611-fea6894d2a9f.jpg 810w\" sizes=\"(max-width: 768px) 100vw, 768px\" \/><\/figure>\n\n\n\n<p>La 31\u00aa Feria Internacional del Libro de La Habana se desarrolla en la Fortaleza San Carlos de La Caba\u00f1a y otros espacios del centro hist\u00f3rico de la capital cubana, hasta este domingo 19 de febrero. Venezuela participa, por medio del Ministerio del Poder Popular para la Cultura, con m\u00e1s de 200 t\u00edtulos y m\u00e1s de 35 actividades, entre presentaciones de libros, conferencias y talleres.<\/p>\n","protected":false},"excerpt":{"rendered":"<p>Los escritores e investigadores venezolanos Carmen Boh\u00f3rquez y Luis Britto Garc\u00eda se encuentran en la 31\u00aa Feria Internacional del Libro de La Habana, Cuba, donde presentaron obras que acercan a [&hellip;]<\/p>\n","protected":false},"author":10,"featured_media":20086,"comment_status":"open","ping_status":"closed","sticky":false,"template":"","format":"standard","meta":{"spay_email":"","jetpack_publicize_message":"","jetpack_is_tweetstorm":false,"jetpack_publicize_feature_enabled":true},"categories":[2],"tags":[],"yoast_head":"<!-- This site is optimized with the Yoast SEO plugin v19.8 - https:\/\/yoast.com\/wordpress\/plugins\/seo\/ -->\n<title>Bol\u00edvar y Miranda a trav\u00e9s de Carmen Boh\u00f3rquez y Luis Britto Garc\u00eda en la 31\u00aa FILH Cuba<\/title>\n<meta name=\"robots\" content=\"index, follow, max-snippet:-1, max-image-preview:large, max-video-preview:-1\" \/>\n<link rel=\"canonical\" href=\"https:\/\/cenal.gob.ve\/?p=20084\" \/>\n<meta property=\"og:locale\" content=\"es_ES\" \/>\n<meta property=\"og:type\" content=\"article\" \/>\n<meta property=\"og:title\" content=\"Bol\u00edvar y Miranda a trav\u00e9s de Carmen Boh\u00f3rquez y Luis Britto Garc\u00eda en la 31\u00aa FILH Cuba\" \/>\n<meta property=\"og:description\" content=\"Los escritores e investigadores venezolanos Carmen Boh\u00f3rquez y Luis Britto Garc\u00eda se encuentran en la 31\u00aa Feria Internacional del Libro de La Habana, Cuba, donde presentaron obras que acercan a [&hellip;]\" \/>\n<meta property=\"og:url\" content=\"https:\/\/cenal.gob.ve\/?p=20084\" \/>\n<meta property=\"og:site_name\" content=\"Cenal\" \/>\n<meta property=\"article:published_time\" content=\"2023-02-18T18:43:32+00:00\" \/>\n<meta property=\"article:modified_time\" content=\"2023-02-18T18:43:35+00:00\" \/>\n<meta property=\"og:image\" content=\"https:\/\/i0.wp.com\/cenal.gob.ve\/wp-content\/uploads\/2023\/02\/af0f052b-da1f-42a0-97e8-16678e9958bb.jpg?fit=1040%2C780&ssl=1\" \/>\n\t<meta property=\"og:image:width\" content=\"1040\" \/>\n\t<meta property=\"og:image:height\" content=\"780\" \/>\n\t<meta property=\"og:image:type\" content=\"image\/jpeg\" \/>\n<meta name=\"author\" content=\"Prensa Cenal\" \/>\n<meta name=\"twitter:card\" content=\"summary_large_image\" \/>\n<meta name=\"twitter:label1\" content=\"Written by\" \/>\n\t<meta name=\"twitter:data1\" content=\"Prensa Cenal\" \/>\n\t<meta name=\"twitter:label2\" content=\"Est. reading time\" \/>\n\t<meta name=\"twitter:data2\" content=\"3 minutos\" \/>\n<script type=\"application\/ld+json\" class=\"yoast-schema-graph\">{\"@context\":\"https:\/\/schema.org\",\"@graph\":[{\"@type\":\"Article\",\"@id\":\"https:\/\/cenal.gob.ve\/?p=20084#article\",\"isPartOf\":{\"@id\":\"https:\/\/cenal.gob.ve\/?p=20084\"},\"author\":{\"name\":\"Prensa Cenal\",\"@id\":\"https:\/\/cenal.gob.ve\/#\/schema\/person\/e3ed34623f400ffab8bc7a63b2f5533f\"},\"headline\":\"Bol\u00edvar y Miranda a trav\u00e9s de Carmen Boh\u00f3rquez y Luis Britto Garc\u00eda en la 31\u00aa FILH Cuba\",\"datePublished\":\"2023-02-18T18:43:32+00:00\",\"dateModified\":\"2023-02-18T18:43:35+00:00\",\"mainEntityOfPage\":{\"@id\":\"https:\/\/cenal.gob.ve\/?p=20084\"},\"wordCount\":648,\"commentCount\":0,\"publisher\":{\"@id\":\"https:\/\/cenal.gob.ve\/#organization\"},\"articleSection\":[\"Cenal\"],\"inLanguage\":\"es\",\"potentialAction\":[{\"@type\":\"CommentAction\",\"name\":\"Comment\",\"target\":[\"https:\/\/cenal.gob.ve\/?p=20084#respond\"]}]},{\"@type\":\"WebPage\",\"@id\":\"https:\/\/cenal.gob.ve\/?p=20084\",\"url\":\"https:\/\/cenal.gob.ve\/?p=20084\",\"name\":\"Bol\u00edvar y Miranda a trav\u00e9s de Carmen Boh\u00f3rquez y Luis Britto Garc\u00eda en la 31\u00aa FILH Cuba\",\"isPartOf\":{\"@id\":\"https:\/\/cenal.gob.ve\/#website\"},\"datePublished\":\"2023-02-18T18:43:32+00:00\",\"dateModified\":\"2023-02-18T18:43:35+00:00\",\"breadcrumb\":{\"@id\":\"https:\/\/cenal.gob.ve\/?p=20084#breadcrumb\"},\"inLanguage\":\"es\",\"potentialAction\":[{\"@type\":\"ReadAction\",\"target\":[\"https:\/\/cenal.gob.ve\/?p=20084\"]}]},{\"@type\":\"BreadcrumbList\",\"@id\":\"https:\/\/cenal.gob.ve\/?p=20084#breadcrumb\",\"itemListElement\":[{\"@type\":\"ListItem\",\"position\":1,\"name\":\"Home\",\"item\":\"https:\/\/cenal.gob.ve\/\"},{\"@type\":\"ListItem\",\"position\":2,\"name\":\"Bol\u00edvar y Miranda a trav\u00e9s de Carmen Boh\u00f3rquez y Luis Britto Garc\u00eda en la 31\u00aa FILH Cuba\"}]},{\"@type\":\"WebSite\",\"@id\":\"https:\/\/cenal.gob.ve\/#website\",\"url\":\"https:\/\/cenal.gob.ve\/\",\"name\":\"Cenal\",\"description\":\"\",\"publisher\":{\"@id\":\"https:\/\/cenal.gob.ve\/#organization\"},\"potentialAction\":[{\"@type\":\"SearchAction\",\"target\":{\"@type\":\"EntryPoint\",\"urlTemplate\":\"https:\/\/cenal.gob.ve\/?s={search_term_string}\"},\"query-input\":\"required name=search_term_string\"}],\"inLanguage\":\"es\"},{\"@type\":\"Organization\",\"@id\":\"https:\/\/cenal.gob.ve\/#organization\",\"name\":\"CENAL\",\"url\":\"https:\/\/cenal.gob.ve\/\",\"sameAs\":[],\"logo\":{\"@type\":\"ImageObject\",\"inLanguage\":\"es\",\"@id\":\"https:\/\/cenal.gob.ve\/#\/schema\/logo\/image\/\",\"url\":\"https:\/\/i0.wp.com\/cenal.gob.ve\/wp-content\/uploads\/2022\/10\/cropped-images.jpg?fit=512%2C512\",\"contentUrl\":\"https:\/\/i0.wp.com\/cenal.gob.ve\/wp-content\/uploads\/2022\/10\/cropped-images.jpg?fit=512%2C512\",\"width\":512,\"height\":512,\"caption\":\"CENAL\"},\"image\":{\"@id\":\"https:\/\/cenal.gob.ve\/#\/schema\/logo\/image\/\"}},{\"@type\":\"Person\",\"@id\":\"https:\/\/cenal.gob.ve\/#\/schema\/person\/e3ed34623f400ffab8bc7a63b2f5533f\",\"name\":\"Prensa Cenal\",\"image\":{\"@type\":\"ImageObject\",\"inLanguage\":\"es\",\"@id\":\"https:\/\/cenal.gob.ve\/#\/schema\/person\/image\/\",\"url\":\"https:\/\/secure.gravatar.com\/avatar\/594b4ed34090910c619ac3679001d491?s=96&d=mm&r=g\",\"contentUrl\":\"https:\/\/secure.gravatar.com\/avatar\/594b4ed34090910c619ac3679001d491?s=96&d=mm&r=g\",\"caption\":\"Prensa Cenal\"},\"url\":\"https:\/\/cenal.gob.ve\/?author=10\"}]}<\/script>\n<!-- \/ Yoast SEO plugin. -->","yoast_head_json":{"title":"Bol\u00edvar y Miranda a trav\u00e9s de Carmen Boh\u00f3rquez y Luis Britto Garc\u00eda en la 31\u00aa FILH Cuba","robots":{"index":"index","follow":"follow","max-snippet":"max-snippet:-1","max-image-preview":"max-image-preview:large","max-video-preview":"max-video-preview:-1"},"canonical":"https:\/\/cenal.gob.ve\/?p=20084","og_locale":"es_ES","og_type":"article","og_title":"Bol\u00edvar y Miranda a trav\u00e9s de Carmen Boh\u00f3rquez y Luis Britto Garc\u00eda en la 31\u00aa FILH Cuba","og_description":"Los escritores e investigadores venezolanos Carmen Boh\u00f3rquez y Luis Britto Garc\u00eda se encuentran en la 31\u00aa Feria Internacional del Libro de La Habana, Cuba, donde presentaron obras que acercan a [&hellip;]","og_url":"https:\/\/cenal.gob.ve\/?p=20084","og_site_name":"Cenal","article_published_time":"2023-02-18T18:43:32+00:00","article_modified_time":"2023-02-18T18:43:35+00:00","og_image":[{"width":1040,"height":780,"url":"https:\/\/i0.wp.com\/cenal.gob.ve\/wp-content\/uploads\/2023\/02\/af0f052b-da1f-42a0-97e8-16678e9958bb.jpg?fit=1040%2C780&ssl=1","type":"image\/jpeg"}],"author":"Prensa Cenal","twitter_card":"summary_large_image","twitter_misc":{"Written by":"Prensa Cenal","Est. reading time":"3 minutos"},"schema":{"@context":"https:\/\/schema.org","@graph":[{"@type":"Article","@id":"https:\/\/cenal.gob.ve\/?p=20084#article","isPartOf":{"@id":"https:\/\/cenal.gob.ve\/?p=20084"},"author":{"name":"Prensa Cenal","@id":"https:\/\/cenal.gob.ve\/#\/schema\/person\/e3ed34623f400ffab8bc7a63b2f5533f"},"headline":"Bol\u00edvar y Miranda a trav\u00e9s de Carmen Boh\u00f3rquez y Luis Britto Garc\u00eda en la 31\u00aa FILH Cuba","datePublished":"2023-02-18T18:43:32+00:00","dateModified":"2023-02-18T18:43:35+00:00","mainEntityOfPage":{"@id":"https:\/\/cenal.gob.ve\/?p=20084"},"wordCount":648,"commentCount":0,"publisher":{"@id":"https:\/\/cenal.gob.ve\/#organization"},"articleSection":["Cenal"],"inLanguage":"es","potentialAction":[{"@type":"CommentAction","name":"Comment","target":["https:\/\/cenal.gob.ve\/?p=20084#respond"]}]},{"@type":"WebPage","@id":"https:\/\/cenal.gob.ve\/?p=20084","url":"https:\/\/cenal.gob.ve\/?p=20084","name":"Bol\u00edvar y Miranda a trav\u00e9s de Carmen Boh\u00f3rquez y Luis Britto Garc\u00eda en la 31\u00aa FILH Cuba","isPartOf":{"@id":"https:\/\/cenal.gob.ve\/#website"},"datePublished":"2023-02-18T18:43:32+00:00","dateModified":"2023-02-18T18:43:35+00:00","breadcrumb":{"@id":"https:\/\/cenal.gob.ve\/?p=20084#breadcrumb"},"inLanguage":"es","potentialAction":[{"@type":"ReadAction","target":["https:\/\/cenal.gob.ve\/?p=20084"]}]},{"@type":"BreadcrumbList","@id":"https:\/\/cenal.gob.ve\/?p=20084#breadcrumb","itemListElement":[{"@type":"ListItem","position":1,"name":"Home","item":"https:\/\/cenal.gob.ve\/"},{"@type":"ListItem","position":2,"name":"Bol\u00edvar y Miranda a trav\u00e9s de Carmen Boh\u00f3rquez y Luis Britto Garc\u00eda en la 31\u00aa FILH Cuba"}]},{"@type":"WebSite","@id":"https:\/\/cenal.gob.ve\/#website","url":"https:\/\/cenal.gob.ve\/","name":"Cenal","description":"","publisher":{"@id":"https:\/\/cenal.gob.ve\/#organization"},"potentialAction":[{"@type":"SearchAction","target":{"@type":"EntryPoint","urlTemplate":"https:\/\/cenal.gob.ve\/?s={search_term_string}"},"query-input":"required name=search_term_string"}],"inLanguage":"es"},{"@type":"Organization","@id":"https:\/\/cenal.gob.ve\/#organization","name":"CENAL","url":"https:\/\/cenal.gob.ve\/","sameAs":[],"logo":{"@type":"ImageObject","inLanguage":"es","@id":"https:\/\/cenal.gob.ve\/#\/schema\/logo\/image\/","url":"https:\/\/i0.wp.com\/cenal.gob.ve\/wp-content\/uploads\/2022\/10\/cropped-images.jpg?fit=512%2C512","contentUrl":"https:\/\/i0.wp.com\/cenal.gob.ve\/wp-content\/uploads\/2022\/10\/cropped-images.jpg?fit=512%2C512","width":512,"height":512,"caption":"CENAL"},"image":{"@id":"https:\/\/cenal.gob.ve\/#\/schema\/logo\/image\/"}},{"@type":"Person","@id":"https:\/\/cenal.gob.ve\/#\/schema\/person\/e3ed34623f400ffab8bc7a63b2f5533f","name":"Prensa Cenal","image":{"@type":"ImageObject","inLanguage":"es","@id":"https:\/\/cenal.gob.ve\/#\/schema\/person\/image\/","url":"https:\/\/secure.gravatar.com\/avatar\/594b4ed34090910c619ac3679001d491?s=96&d=mm&r=g","contentUrl":"https:\/\/secure.gravatar.com\/avatar\/594b4ed34090910c619ac3679001d491?s=96&d=mm&r=g","caption":"Prensa Cenal"},"url":"https:\/\/cenal.gob.ve\/?author=10"}]}},"jetpack_featured_media_url":"https:\/\/cenal.gob.ve\/wp-content\/uploads\/2023\/02\/af0f052b-da1f-42a0-97e8-16678e9958bb.jpg","jetpack_publicize_connections":[],"jetpack_shortlink":"https:\/\/wp.me\/p5FMhp-5dW","_links":{"self":[{"href":"https:\/\/cenal.gob.ve\/index.php?rest_route=\/wp\/v2\/posts\/20084"}],"collection":[{"href":"https:\/\/cenal.gob.ve\/index.php?rest_route=\/wp\/v2\/posts"}],"about":[{"href":"https:\/\/cenal.gob.ve\/index.php?rest_route=\/wp\/v2\/types\/post"}],"author":[{"embeddable":true,"href":"https:\/\/cenal.gob.ve\/index.php?rest_route=\/wp\/v2\/users\/10"}],"replies":[{"embeddable":true,"href":"https:\/\/cenal.gob.ve\/index.php?rest_route=%2Fwp%2Fv2%2Fcomments&post=20084"}],"version-history":[{"count":1,"href":"https:\/\/cenal.gob.ve\/index.php?rest_route=\/wp\/v2\/posts\/20084\/revisions"}],"predecessor-version":[{"id":20089,"href":"https:\/\/cenal.gob.ve\/index.php?rest_route=\/wp\/v2\/posts\/20084\/revisions\/20089"}],"wp:featuredmedia":[{"embeddable":true,"href":"https:\/\/cenal.gob.ve\/index.php?rest_route=\/wp\/v2\/media\/20086"}],"wp:attachment":[{"href":"https:\/\/cenal.gob.ve\/index.php?rest_route=%2Fwp%2Fv2%2Fmedia&parent=20084"}],"wp:term":[{"taxonomy":"category","embeddable":true,"href":"https:\/\/cenal.gob.ve\/index.php?rest_route=%2Fwp%2Fv2%2Fcategories&post=20084"},{"taxonomy":"post_tag","embeddable":true,"href":"https:\/\/cenal.gob.ve\/index.php?rest_route=%2Fwp%2Fv2%2Ftags&post=20084"}],"curies":[{"name":"wp","href":"https:\/\/api.w.org\/{rel}","templated":true}]}}