{"id":20131,"date":"2023-02-28T17:36:40","date_gmt":"2023-02-28T21:36:40","guid":{"rendered":"http:\/\/cenal.gob.ve\/?p=20131"},"modified":"2023-02-28T17:36:44","modified_gmt":"2023-02-28T21:36:44","slug":"cenal-dictara-taller-de-lectura-en-gran-base-de-misiones-de-paz-de-quinta-crespo","status":"publish","type":"post","link":"https:\/\/cenal.gob.ve\/?p=20131","title":{"rendered":"Cenal dictar\u00e1 taller de lectura en Gran Base de Misiones de Paz de Quinta Crespo"},"content":{"rendered":"\n<p>El Centro Nacional del Libro (Cenal), adscrito al Ministerio del Poder Popular para la Cultura, se suma a las actividades programadas por la Fundaci\u00f3n Movimiento por la Paz y la Vida con motivo de cumplirse en marzo los diez a\u00f1os de esta iniciativa impulsada por el<strong> <\/strong>presidente Nicol\u00e1s Maduro,<strong> <\/strong>una poderosa v\u00eda para fortalecer la uni\u00f3n, el encuentro y la solidaridad en las comunidades.<\/p>\n\n\n\n<p>En ese sentido, el Cenal dictar\u00e1 este mi\u00e9rcoles 1\u00ba de marzo, a partir de las 9 am, el Taller de mediaci\u00f3n lectora \u201cLeamos juntos a Sim\u00f3n\u201d en la Gran Base de Misiones de Paz Hugo Ch\u00e1vez ubicada en Quinta Crespo, en la parroquia Santa Teresa de Caracas.<\/p>\n\n\n\n<p>Este taller, enmarcado en el Plan Nacional de Lectura Manuel Vadell, busca formar a mediadores de lectura para que sean multiplicadores e impulsores de unidades lectoras en cada comunidad.<\/p>\n\n\n\n<p>Para esta capacitaci\u00f3n, el Cenal se fundamenta en textos como \u201cDiscurso de Angostura\u201d y \u201cParte de Carabobo\u201d del Libertador Sim\u00f3n Bol\u00edvar\u201d. Adem\u00e1s, se practican ejercicios de lecturas bicentenarias en voz alta, as\u00ed como ejercicios de escritura a partir de autores venezolanos y relatos, cuentos, diarios y poemas escogidos sobre la figura de Bol\u00edvar.<\/p>\n\n\n\n<p>La Fundaci\u00f3n Movimiento por la Paz y la Vida, adscrita al Ministerio del Poder Popular del Despacho de la Presidencia y Seguimiento de la Gesti\u00f3n de Gobierno, fue creada por el presidente de la Rep\u00fablica Bolivariana de Venezuela, Nicol\u00e1s Maduro, el 23 de marzo de 2013.<\/p>\n","protected":false},"excerpt":{"rendered":"<p>El Centro Nacional del Libro (Cenal), adscrito al Ministerio del Poder Popular para la Cultura, se suma a las actividades programadas por la Fundaci\u00f3n Movimiento por la Paz y la [&hellip;]<\/p>\n","protected":false},"author":10,"featured_media":20133,"comment_status":"open","ping_status":"closed","sticky":false,"template":"","format":"standard","meta":{"spay_email":"","jetpack_publicize_message":"","jetpack_is_tweetstorm":false,"jetpack_publicize_feature_enabled":true},"categories":[2,57],"tags":[],"yoast_head":"<!-- This site is optimized with the Yoast SEO plugin v19.8 - https:\/\/yoast.com\/wordpress\/plugins\/seo\/ -->\n<title>Cenal dictar\u00e1 taller de lectura en Gran Base de Misiones de Paz de Quinta Crespo<\/title>\n<meta name=\"robots\" content=\"index, follow, max-snippet:-1, max-image-preview:large, max-video-preview:-1\" \/>\n<link rel=\"canonical\" href=\"https:\/\/cenal.gob.ve\/?p=20131\" \/>\n<meta property=\"og:locale\" content=\"es_ES\" \/>\n<meta property=\"og:type\" content=\"article\" \/>\n<meta property=\"og:title\" content=\"Cenal dictar\u00e1 taller de lectura en Gran Base de Misiones de Paz de Quinta Crespo\" \/>\n<meta property=\"og:description\" content=\"El Centro Nacional del Libro (Cenal), adscrito al Ministerio del Poder Popular para la Cultura, se suma a las actividades programadas por la Fundaci\u00f3n Movimiento por la Paz y la [&hellip;]\" \/>\n<meta property=\"og:url\" content=\"https:\/\/cenal.gob.ve\/?p=20131\" \/>\n<meta property=\"og:site_name\" content=\"Cenal\" \/>\n<meta property=\"article:published_time\" content=\"2023-02-28T21:36:40+00:00\" \/>\n<meta property=\"article:modified_time\" content=\"2023-02-28T21:36:44+00:00\" \/>\n<meta property=\"og:image\" content=\"https:\/\/i0.wp.com\/cenal.gob.ve\/wp-content\/uploads\/2023\/02\/Plan_lectura_cenal.webp?fit=640%2C427&ssl=1\" \/>\n\t<meta property=\"og:image:width\" content=\"640\" \/>\n\t<meta property=\"og:image:height\" content=\"427\" \/>\n\t<meta property=\"og:image:type\" content=\"image\/webp\" \/>\n<meta name=\"author\" content=\"Prensa Cenal\" \/>\n<meta name=\"twitter:card\" content=\"summary_large_image\" \/>\n<meta name=\"twitter:label1\" content=\"Written by\" \/>\n\t<meta name=\"twitter:data1\" content=\"Prensa Cenal\" \/>\n\t<meta name=\"twitter:label2\" content=\"Est. reading time\" \/>\n\t<meta name=\"twitter:data2\" content=\"2 minutos\" \/>\n<script type=\"application\/ld+json\" class=\"yoast-schema-graph\">{\"@context\":\"https:\/\/schema.org\",\"@graph\":[{\"@type\":\"Article\",\"@id\":\"https:\/\/cenal.gob.ve\/?p=20131#article\",\"isPartOf\":{\"@id\":\"https:\/\/cenal.gob.ve\/?p=20131\"},\"author\":{\"name\":\"Prensa Cenal\",\"@id\":\"https:\/\/cenal.gob.ve\/#\/schema\/person\/e3ed34623f400ffab8bc7a63b2f5533f\"},\"headline\":\"Cenal dictar\u00e1 taller de lectura en Gran Base de Misiones de Paz de Quinta Crespo\",\"datePublished\":\"2023-02-28T21:36:40+00:00\",\"dateModified\":\"2023-02-28T21:36:44+00:00\",\"mainEntityOfPage\":{\"@id\":\"https:\/\/cenal.gob.ve\/?p=20131\"},\"wordCount\":268,\"commentCount\":0,\"publisher\":{\"@id\":\"https:\/\/cenal.gob.ve\/#organization\"},\"articleSection\":[\"Cenal\",\"Plan Nacional de Lectura\"],\"inLanguage\":\"es\",\"potentialAction\":[{\"@type\":\"CommentAction\",\"name\":\"Comment\",\"target\":[\"https:\/\/cenal.gob.ve\/?p=20131#respond\"]}]},{\"@type\":\"WebPage\",\"@id\":\"https:\/\/cenal.gob.ve\/?p=20131\",\"url\":\"https:\/\/cenal.gob.ve\/?p=20131\",\"name\":\"Cenal dictar\u00e1 taller de lectura en Gran Base de Misiones de Paz de Quinta Crespo\",\"isPartOf\":{\"@id\":\"https:\/\/cenal.gob.ve\/#website\"},\"datePublished\":\"2023-02-28T21:36:40+00:00\",\"dateModified\":\"2023-02-28T21:36:44+00:00\",\"breadcrumb\":{\"@id\":\"https:\/\/cenal.gob.ve\/?p=20131#breadcrumb\"},\"inLanguage\":\"es\",\"potentialAction\":[{\"@type\":\"ReadAction\",\"target\":[\"https:\/\/cenal.gob.ve\/?p=20131\"]}]},{\"@type\":\"BreadcrumbList\",\"@id\":\"https:\/\/cenal.gob.ve\/?p=20131#breadcrumb\",\"itemListElement\":[{\"@type\":\"ListItem\",\"position\":1,\"name\":\"Home\",\"item\":\"https:\/\/cenal.gob.ve\/\"},{\"@type\":\"ListItem\",\"position\":2,\"name\":\"Cenal dictar\u00e1 taller de lectura en Gran Base de Misiones de Paz de Quinta Crespo\"}]},{\"@type\":\"WebSite\",\"@id\":\"https:\/\/cenal.gob.ve\/#website\",\"url\":\"https:\/\/cenal.gob.ve\/\",\"name\":\"Cenal\",\"description\":\"\",\"publisher\":{\"@id\":\"https:\/\/cenal.gob.ve\/#organization\"},\"potentialAction\":[{\"@type\":\"SearchAction\",\"target\":{\"@type\":\"EntryPoint\",\"urlTemplate\":\"https:\/\/cenal.gob.ve\/?s={search_term_string}\"},\"query-input\":\"required name=search_term_string\"}],\"inLanguage\":\"es\"},{\"@type\":\"Organization\",\"@id\":\"https:\/\/cenal.gob.ve\/#organization\",\"name\":\"CENAL\",\"url\":\"https:\/\/cenal.gob.ve\/\",\"sameAs\":[],\"logo\":{\"@type\":\"ImageObject\",\"inLanguage\":\"es\",\"@id\":\"https:\/\/cenal.gob.ve\/#\/schema\/logo\/image\/\",\"url\":\"https:\/\/i0.wp.com\/cenal.gob.ve\/wp-content\/uploads\/2022\/10\/cropped-images.jpg?fit=512%2C512\",\"contentUrl\":\"https:\/\/i0.wp.com\/cenal.gob.ve\/wp-content\/uploads\/2022\/10\/cropped-images.jpg?fit=512%2C512\",\"width\":512,\"height\":512,\"caption\":\"CENAL\"},\"image\":{\"@id\":\"https:\/\/cenal.gob.ve\/#\/schema\/logo\/image\/\"}},{\"@type\":\"Person\",\"@id\":\"https:\/\/cenal.gob.ve\/#\/schema\/person\/e3ed34623f400ffab8bc7a63b2f5533f\",\"name\":\"Prensa Cenal\",\"image\":{\"@type\":\"ImageObject\",\"inLanguage\":\"es\",\"@id\":\"https:\/\/cenal.gob.ve\/#\/schema\/person\/image\/\",\"url\":\"https:\/\/secure.gravatar.com\/avatar\/594b4ed34090910c619ac3679001d491?s=96&d=mm&r=g\",\"contentUrl\":\"https:\/\/secure.gravatar.com\/avatar\/594b4ed34090910c619ac3679001d491?s=96&d=mm&r=g\",\"caption\":\"Prensa Cenal\"},\"url\":\"https:\/\/cenal.gob.ve\/?author=10\"}]}<\/script>\n<!-- \/ Yoast SEO plugin. -->","yoast_head_json":{"title":"Cenal dictar\u00e1 taller de lectura en Gran Base de Misiones de Paz de Quinta Crespo","robots":{"index":"index","follow":"follow","max-snippet":"max-snippet:-1","max-image-preview":"max-image-preview:large","max-video-preview":"max-video-preview:-1"},"canonical":"https:\/\/cenal.gob.ve\/?p=20131","og_locale":"es_ES","og_type":"article","og_title":"Cenal dictar\u00e1 taller de lectura en Gran Base de Misiones de Paz de Quinta Crespo","og_description":"El Centro Nacional del Libro (Cenal), adscrito al Ministerio del Poder Popular para la Cultura, se suma a las actividades programadas por la Fundaci\u00f3n Movimiento por la Paz y la [&hellip;]","og_url":"https:\/\/cenal.gob.ve\/?p=20131","og_site_name":"Cenal","article_published_time":"2023-02-28T21:36:40+00:00","article_modified_time":"2023-02-28T21:36:44+00:00","og_image":[{"width":640,"height":427,"url":"https:\/\/i0.wp.com\/cenal.gob.ve\/wp-content\/uploads\/2023\/02\/Plan_lectura_cenal.webp?fit=640%2C427&ssl=1","type":"image\/webp"}],"author":"Prensa Cenal","twitter_card":"summary_large_image","twitter_misc":{"Written by":"Prensa Cenal","Est. reading time":"2 minutos"},"schema":{"@context":"https:\/\/schema.org","@graph":[{"@type":"Article","@id":"https:\/\/cenal.gob.ve\/?p=20131#article","isPartOf":{"@id":"https:\/\/cenal.gob.ve\/?p=20131"},"author":{"name":"Prensa Cenal","@id":"https:\/\/cenal.gob.ve\/#\/schema\/person\/e3ed34623f400ffab8bc7a63b2f5533f"},"headline":"Cenal dictar\u00e1 taller de lectura en Gran Base de Misiones de Paz de Quinta Crespo","datePublished":"2023-02-28T21:36:40+00:00","dateModified":"2023-02-28T21:36:44+00:00","mainEntityOfPage":{"@id":"https:\/\/cenal.gob.ve\/?p=20131"},"wordCount":268,"commentCount":0,"publisher":{"@id":"https:\/\/cenal.gob.ve\/#organization"},"articleSection":["Cenal","Plan Nacional de Lectura"],"inLanguage":"es","potentialAction":[{"@type":"CommentAction","name":"Comment","target":["https:\/\/cenal.gob.ve\/?p=20131#respond"]}]},{"@type":"WebPage","@id":"https:\/\/cenal.gob.ve\/?p=20131","url":"https:\/\/cenal.gob.ve\/?p=20131","name":"Cenal dictar\u00e1 taller de lectura en Gran Base de Misiones de Paz de Quinta Crespo","isPartOf":{"@id":"https:\/\/cenal.gob.ve\/#website"},"datePublished":"2023-02-28T21:36:40+00:00","dateModified":"2023-02-28T21:36:44+00:00","breadcrumb":{"@id":"https:\/\/cenal.gob.ve\/?p=20131#breadcrumb"},"inLanguage":"es","potentialAction":[{"@type":"ReadAction","target":["https:\/\/cenal.gob.ve\/?p=20131"]}]},{"@type":"BreadcrumbList","@id":"https:\/\/cenal.gob.ve\/?p=20131#breadcrumb","itemListElement":[{"@type":"ListItem","position":1,"name":"Home","item":"https:\/\/cenal.gob.ve\/"},{"@type":"ListItem","position":2,"name":"Cenal dictar\u00e1 taller de lectura en Gran Base de Misiones de Paz de Quinta Crespo"}]},{"@type":"WebSite","@id":"https:\/\/cenal.gob.ve\/#website","url":"https:\/\/cenal.gob.ve\/","name":"Cenal","description":"","publisher":{"@id":"https:\/\/cenal.gob.ve\/#organization"},"potentialAction":[{"@type":"SearchAction","target":{"@type":"EntryPoint","urlTemplate":"https:\/\/cenal.gob.ve\/?s={search_term_string}"},"query-input":"required name=search_term_string"}],"inLanguage":"es"},{"@type":"Organization","@id":"https:\/\/cenal.gob.ve\/#organization","name":"CENAL","url":"https:\/\/cenal.gob.ve\/","sameAs":[],"logo":{"@type":"ImageObject","inLanguage":"es","@id":"https:\/\/cenal.gob.ve\/#\/schema\/logo\/image\/","url":"https:\/\/i0.wp.com\/cenal.gob.ve\/wp-content\/uploads\/2022\/10\/cropped-images.jpg?fit=512%2C512","contentUrl":"https:\/\/i0.wp.com\/cenal.gob.ve\/wp-content\/uploads\/2022\/10\/cropped-images.jpg?fit=512%2C512","width":512,"height":512,"caption":"CENAL"},"image":{"@id":"https:\/\/cenal.gob.ve\/#\/schema\/logo\/image\/"}},{"@type":"Person","@id":"https:\/\/cenal.gob.ve\/#\/schema\/person\/e3ed34623f400ffab8bc7a63b2f5533f","name":"Prensa Cenal","image":{"@type":"ImageObject","inLanguage":"es","@id":"https:\/\/cenal.gob.ve\/#\/schema\/person\/image\/","url":"https:\/\/secure.gravatar.com\/avatar\/594b4ed34090910c619ac3679001d491?s=96&d=mm&r=g","contentUrl":"https:\/\/secure.gravatar.com\/avatar\/594b4ed34090910c619ac3679001d491?s=96&d=mm&r=g","caption":"Prensa Cenal"},"url":"https:\/\/cenal.gob.ve\/?author=10"}]}},"jetpack_featured_media_url":"https:\/\/cenal.gob.ve\/wp-content\/uploads\/2023\/02\/Plan_lectura_cenal.webp","jetpack_publicize_connections":[],"jetpack_shortlink":"https:\/\/wp.me\/p5FMhp-5eH","_links":{"self":[{"href":"https:\/\/cenal.gob.ve\/index.php?rest_route=\/wp\/v2\/posts\/20131"}],"collection":[{"href":"https:\/\/cenal.gob.ve\/index.php?rest_route=\/wp\/v2\/posts"}],"about":[{"href":"https:\/\/cenal.gob.ve\/index.php?rest_route=\/wp\/v2\/types\/post"}],"author":[{"embeddable":true,"href":"https:\/\/cenal.gob.ve\/index.php?rest_route=\/wp\/v2\/users\/10"}],"replies":[{"embeddable":true,"href":"https:\/\/cenal.gob.ve\/index.php?rest_route=%2Fwp%2Fv2%2Fcomments&post=20131"}],"version-history":[{"count":2,"href":"https:\/\/cenal.gob.ve\/index.php?rest_route=\/wp\/v2\/posts\/20131\/revisions"}],"predecessor-version":[{"id":20134,"href":"https:\/\/cenal.gob.ve\/index.php?rest_route=\/wp\/v2\/posts\/20131\/revisions\/20134"}],"wp:featuredmedia":[{"embeddable":true,"href":"https:\/\/cenal.gob.ve\/index.php?rest_route=\/wp\/v2\/media\/20133"}],"wp:attachment":[{"href":"https:\/\/cenal.gob.ve\/index.php?rest_route=%2Fwp%2Fv2%2Fmedia&parent=20131"}],"wp:term":[{"taxonomy":"category","embeddable":true,"href":"https:\/\/cenal.gob.ve\/index.php?rest_route=%2Fwp%2Fv2%2Fcategories&post=20131"},{"taxonomy":"post_tag","embeddable":true,"href":"https:\/\/cenal.gob.ve\/index.php?rest_route=%2Fwp%2Fv2%2Ftags&post=20131"}],"curies":[{"name":"wp","href":"https:\/\/api.w.org\/{rel}","templated":true}]}}