{"id":20261,"date":"2023-03-20T20:20:12","date_gmt":"2023-03-21T00:20:12","guid":{"rendered":"http:\/\/cenal.gob.ve\/?p=20261"},"modified":"2023-03-20T20:30:48","modified_gmt":"2023-03-21T00:30:48","slug":"docentes-de-la-guaira-recibieron-taller-de-mediacion-lectora-del-cenal","status":"publish","type":"post","link":"https:\/\/cenal.gob.ve\/?p=20261","title":{"rendered":"Docentes de La Guaira recibieron taller de mediaci\u00f3n lectora del Cenal"},"content":{"rendered":"\n<p>Un grupo conformado por &nbsp;38 docentes de educaci\u00f3n preescolar y b\u00e1sica y bibliotecarias de centros educativos del estado La Guaira recibi\u00f3 este lunes 20 de marzo el taller de mediaci\u00f3n lectora Leamos juntos a Sim\u00f3n que dicta el Centro Nacional del Libro (Cenal), en el marco del Plan Nacional de Lectura Manuel Vadell.<\/p>\n\n\n\n<p>La actividad, realizada en la sala de la Cinemateca Nacional de Macuto, se circunscribi\u00f3 en la ruta hacia la 18\u00aa Filven La Guaira, que se desarrollar\u00e1 desde este 21 hasta el 24 de marzo, producto del trabajo coordinado entre el Cenal, entre adscrito al Ministerio del Poder Popular para la Cultura, y la Direcci\u00f3n de Cultura de la Gobernaci\u00f3n del estado La Guaira.<\/p>\n\n\n\n<p>Participaron educadores de unidades educativas p\u00fablicas de Catia La Mar, Macuto, Arrecife, Guaicamacuto y Maiquet\u00eda.<\/p>\n\n\n\n<p>Este jueves 23 de marzo recibir\u00e1n sus certificados como mediadores&nbsp;de lectura durante la 18\u00aa Filven La Guaira, que tomar\u00e1 como sede el Terminal de Pasajeros La Guaira-Naiguat\u00e1-Caruao.<\/p>\n\n\n\n<div class=\"wp-block-image\"><figure class=\"aligncenter size-large is-resized\"><img src=\"http:\/\/cenal.gob.ve\/wp-content\/uploads\/2023\/03\/04b11211-384d-4135-8176-692a53278953-1024x620.jpg\" alt=\"\" class=\"wp-image-20264\" width=\"606\" height=\"366\" srcset=\"https:\/\/cenal.gob.ve\/wp-content\/uploads\/2023\/03\/04b11211-384d-4135-8176-692a53278953-1024x620.jpg 1024w, https:\/\/cenal.gob.ve\/wp-content\/uploads\/2023\/03\/04b11211-384d-4135-8176-692a53278953-300x182.jpg 300w, https:\/\/cenal.gob.ve\/wp-content\/uploads\/2023\/03\/04b11211-384d-4135-8176-692a53278953-768x465.jpg 768w, https:\/\/cenal.gob.ve\/wp-content\/uploads\/2023\/03\/04b11211-384d-4135-8176-692a53278953-640x388.jpg 640w, https:\/\/cenal.gob.ve\/wp-content\/uploads\/2023\/03\/04b11211-384d-4135-8176-692a53278953.jpg 1080w\" sizes=\"(max-width: 606px) 100vw, 606px\" \/><\/figure><\/div>\n\n\n\n<div class=\"wp-block-image\"><figure class=\"aligncenter size-large is-resized\"><img src=\"http:\/\/cenal.gob.ve\/wp-content\/uploads\/2023\/03\/d78968ea-cad9-43a3-b647-794b8e4cc633-768x1024.jpg\" alt=\"\" class=\"wp-image-20263\" width=\"478\" height=\"637\" srcset=\"https:\/\/cenal.gob.ve\/wp-content\/uploads\/2023\/03\/d78968ea-cad9-43a3-b647-794b8e4cc633-768x1024.jpg 768w, https:\/\/cenal.gob.ve\/wp-content\/uploads\/2023\/03\/d78968ea-cad9-43a3-b647-794b8e4cc633-225x300.jpg 225w, https:\/\/cenal.gob.ve\/wp-content\/uploads\/2023\/03\/d78968ea-cad9-43a3-b647-794b8e4cc633-640x853.jpg 640w, https:\/\/cenal.gob.ve\/wp-content\/uploads\/2023\/03\/d78968ea-cad9-43a3-b647-794b8e4cc633.jpg 810w\" sizes=\"(max-width: 478px) 100vw, 478px\" \/><\/figure><\/div>\n","protected":false},"excerpt":{"rendered":"<p>Un grupo conformado por &nbsp;38 docentes de educaci\u00f3n preescolar y b\u00e1sica y bibliotecarias de centros educativos del estado La Guaira recibi\u00f3 este lunes 20 de marzo el taller de mediaci\u00f3n [&hellip;]<\/p>\n","protected":false},"author":10,"featured_media":20266,"comment_status":"open","ping_status":"closed","sticky":false,"template":"","format":"standard","meta":{"spay_email":"","jetpack_publicize_message":"","jetpack_is_tweetstorm":false,"jetpack_publicize_feature_enabled":true},"categories":[2,107],"tags":[],"yoast_head":"<!-- This site is optimized with the Yoast SEO plugin v19.8 - https:\/\/yoast.com\/wordpress\/plugins\/seo\/ -->\n<title>Docentes de La Guaira recibieron taller de mediaci\u00f3n lectora del Cenal<\/title>\n<meta name=\"robots\" content=\"index, follow, max-snippet:-1, max-image-preview:large, max-video-preview:-1\" \/>\n<link rel=\"canonical\" href=\"https:\/\/cenal.gob.ve\/?p=20261\" \/>\n<meta property=\"og:locale\" content=\"es_ES\" \/>\n<meta property=\"og:type\" content=\"article\" \/>\n<meta property=\"og:title\" content=\"Docentes de La Guaira recibieron taller de mediaci\u00f3n lectora del Cenal\" \/>\n<meta property=\"og:description\" content=\"Un grupo conformado por &nbsp;38 docentes de educaci\u00f3n preescolar y b\u00e1sica y bibliotecarias de centros educativos del estado La Guaira recibi\u00f3 este lunes 20 de marzo el taller de mediaci\u00f3n [&hellip;]\" \/>\n<meta property=\"og:url\" content=\"https:\/\/cenal.gob.ve\/?p=20261\" \/>\n<meta property=\"og:site_name\" content=\"Cenal\" \/>\n<meta property=\"article:published_time\" content=\"2023-03-21T00:20:12+00:00\" \/>\n<meta property=\"article:modified_time\" content=\"2023-03-21T00:30:48+00:00\" \/>\n<meta property=\"og:image\" content=\"https:\/\/i0.wp.com\/cenal.gob.ve\/wp-content\/uploads\/2023\/03\/821f733f-bcf7-47bc-b3dd-f87d2948ba2b.jpg?fit=1080%2C558&ssl=1\" \/>\n\t<meta property=\"og:image:width\" content=\"1080\" \/>\n\t<meta property=\"og:image:height\" content=\"558\" \/>\n\t<meta property=\"og:image:type\" content=\"image\/jpeg\" \/>\n<meta name=\"author\" content=\"Prensa Cenal\" \/>\n<meta name=\"twitter:card\" content=\"summary_large_image\" \/>\n<meta name=\"twitter:label1\" content=\"Written by\" \/>\n\t<meta name=\"twitter:data1\" content=\"Prensa Cenal\" \/>\n\t<meta name=\"twitter:label2\" content=\"Est. reading time\" \/>\n\t<meta name=\"twitter:data2\" content=\"2 minutos\" \/>\n<script type=\"application\/ld+json\" class=\"yoast-schema-graph\">{\"@context\":\"https:\/\/schema.org\",\"@graph\":[{\"@type\":\"Article\",\"@id\":\"https:\/\/cenal.gob.ve\/?p=20261#article\",\"isPartOf\":{\"@id\":\"https:\/\/cenal.gob.ve\/?p=20261\"},\"author\":{\"name\":\"Prensa Cenal\",\"@id\":\"https:\/\/cenal.gob.ve\/#\/schema\/person\/e3ed34623f400ffab8bc7a63b2f5533f\"},\"headline\":\"Docentes de La Guaira recibieron taller de mediaci\u00f3n lectora del Cenal\",\"datePublished\":\"2023-03-21T00:20:12+00:00\",\"dateModified\":\"2023-03-21T00:30:48+00:00\",\"mainEntityOfPage\":{\"@id\":\"https:\/\/cenal.gob.ve\/?p=20261\"},\"wordCount\":176,\"commentCount\":1,\"publisher\":{\"@id\":\"https:\/\/cenal.gob.ve\/#organization\"},\"articleSection\":[\"Cenal\",\"Plan Nacional de Lectura\"],\"inLanguage\":\"es\",\"potentialAction\":[{\"@type\":\"CommentAction\",\"name\":\"Comment\",\"target\":[\"https:\/\/cenal.gob.ve\/?p=20261#respond\"]}]},{\"@type\":\"WebPage\",\"@id\":\"https:\/\/cenal.gob.ve\/?p=20261\",\"url\":\"https:\/\/cenal.gob.ve\/?p=20261\",\"name\":\"Docentes de La Guaira recibieron taller de mediaci\u00f3n lectora del Cenal\",\"isPartOf\":{\"@id\":\"https:\/\/cenal.gob.ve\/#website\"},\"datePublished\":\"2023-03-21T00:20:12+00:00\",\"dateModified\":\"2023-03-21T00:30:48+00:00\",\"breadcrumb\":{\"@id\":\"https:\/\/cenal.gob.ve\/?p=20261#breadcrumb\"},\"inLanguage\":\"es\",\"potentialAction\":[{\"@type\":\"ReadAction\",\"target\":[\"https:\/\/cenal.gob.ve\/?p=20261\"]}]},{\"@type\":\"BreadcrumbList\",\"@id\":\"https:\/\/cenal.gob.ve\/?p=20261#breadcrumb\",\"itemListElement\":[{\"@type\":\"ListItem\",\"position\":1,\"name\":\"Home\",\"item\":\"https:\/\/cenal.gob.ve\/\"},{\"@type\":\"ListItem\",\"position\":2,\"name\":\"Docentes de La Guaira recibieron taller de mediaci\u00f3n lectora del Cenal\"}]},{\"@type\":\"WebSite\",\"@id\":\"https:\/\/cenal.gob.ve\/#website\",\"url\":\"https:\/\/cenal.gob.ve\/\",\"name\":\"Cenal\",\"description\":\"\",\"publisher\":{\"@id\":\"https:\/\/cenal.gob.ve\/#organization\"},\"potentialAction\":[{\"@type\":\"SearchAction\",\"target\":{\"@type\":\"EntryPoint\",\"urlTemplate\":\"https:\/\/cenal.gob.ve\/?s={search_term_string}\"},\"query-input\":\"required name=search_term_string\"}],\"inLanguage\":\"es\"},{\"@type\":\"Organization\",\"@id\":\"https:\/\/cenal.gob.ve\/#organization\",\"name\":\"CENAL\",\"url\":\"https:\/\/cenal.gob.ve\/\",\"sameAs\":[],\"logo\":{\"@type\":\"ImageObject\",\"inLanguage\":\"es\",\"@id\":\"https:\/\/cenal.gob.ve\/#\/schema\/logo\/image\/\",\"url\":\"https:\/\/i0.wp.com\/cenal.gob.ve\/wp-content\/uploads\/2022\/10\/cropped-images.jpg?fit=512%2C512\",\"contentUrl\":\"https:\/\/i0.wp.com\/cenal.gob.ve\/wp-content\/uploads\/2022\/10\/cropped-images.jpg?fit=512%2C512\",\"width\":512,\"height\":512,\"caption\":\"CENAL\"},\"image\":{\"@id\":\"https:\/\/cenal.gob.ve\/#\/schema\/logo\/image\/\"}},{\"@type\":\"Person\",\"@id\":\"https:\/\/cenal.gob.ve\/#\/schema\/person\/e3ed34623f400ffab8bc7a63b2f5533f\",\"name\":\"Prensa Cenal\",\"image\":{\"@type\":\"ImageObject\",\"inLanguage\":\"es\",\"@id\":\"https:\/\/cenal.gob.ve\/#\/schema\/person\/image\/\",\"url\":\"https:\/\/secure.gravatar.com\/avatar\/594b4ed34090910c619ac3679001d491?s=96&d=mm&r=g\",\"contentUrl\":\"https:\/\/secure.gravatar.com\/avatar\/594b4ed34090910c619ac3679001d491?s=96&d=mm&r=g\",\"caption\":\"Prensa Cenal\"},\"url\":\"https:\/\/cenal.gob.ve\/?author=10\"}]}<\/script>\n<!-- \/ Yoast SEO plugin. -->","yoast_head_json":{"title":"Docentes de La Guaira recibieron taller de mediaci\u00f3n lectora del Cenal","robots":{"index":"index","follow":"follow","max-snippet":"max-snippet:-1","max-image-preview":"max-image-preview:large","max-video-preview":"max-video-preview:-1"},"canonical":"https:\/\/cenal.gob.ve\/?p=20261","og_locale":"es_ES","og_type":"article","og_title":"Docentes de La Guaira recibieron taller de mediaci\u00f3n lectora del Cenal","og_description":"Un grupo conformado por &nbsp;38 docentes de educaci\u00f3n preescolar y b\u00e1sica y bibliotecarias de centros educativos del estado La Guaira recibi\u00f3 este lunes 20 de marzo el taller de mediaci\u00f3n [&hellip;]","og_url":"https:\/\/cenal.gob.ve\/?p=20261","og_site_name":"Cenal","article_published_time":"2023-03-21T00:20:12+00:00","article_modified_time":"2023-03-21T00:30:48+00:00","og_image":[{"width":1080,"height":558,"url":"https:\/\/i0.wp.com\/cenal.gob.ve\/wp-content\/uploads\/2023\/03\/821f733f-bcf7-47bc-b3dd-f87d2948ba2b.jpg?fit=1080%2C558&ssl=1","type":"image\/jpeg"}],"author":"Prensa Cenal","twitter_card":"summary_large_image","twitter_misc":{"Written by":"Prensa Cenal","Est. reading time":"2 minutos"},"schema":{"@context":"https:\/\/schema.org","@graph":[{"@type":"Article","@id":"https:\/\/cenal.gob.ve\/?p=20261#article","isPartOf":{"@id":"https:\/\/cenal.gob.ve\/?p=20261"},"author":{"name":"Prensa Cenal","@id":"https:\/\/cenal.gob.ve\/#\/schema\/person\/e3ed34623f400ffab8bc7a63b2f5533f"},"headline":"Docentes de La Guaira recibieron taller de mediaci\u00f3n lectora del Cenal","datePublished":"2023-03-21T00:20:12+00:00","dateModified":"2023-03-21T00:30:48+00:00","mainEntityOfPage":{"@id":"https:\/\/cenal.gob.ve\/?p=20261"},"wordCount":176,"commentCount":1,"publisher":{"@id":"https:\/\/cenal.gob.ve\/#organization"},"articleSection":["Cenal","Plan Nacional de Lectura"],"inLanguage":"es","potentialAction":[{"@type":"CommentAction","name":"Comment","target":["https:\/\/cenal.gob.ve\/?p=20261#respond"]}]},{"@type":"WebPage","@id":"https:\/\/cenal.gob.ve\/?p=20261","url":"https:\/\/cenal.gob.ve\/?p=20261","name":"Docentes de La Guaira recibieron taller de mediaci\u00f3n lectora del Cenal","isPartOf":{"@id":"https:\/\/cenal.gob.ve\/#website"},"datePublished":"2023-03-21T00:20:12+00:00","dateModified":"2023-03-21T00:30:48+00:00","breadcrumb":{"@id":"https:\/\/cenal.gob.ve\/?p=20261#breadcrumb"},"inLanguage":"es","potentialAction":[{"@type":"ReadAction","target":["https:\/\/cenal.gob.ve\/?p=20261"]}]},{"@type":"BreadcrumbList","@id":"https:\/\/cenal.gob.ve\/?p=20261#breadcrumb","itemListElement":[{"@type":"ListItem","position":1,"name":"Home","item":"https:\/\/cenal.gob.ve\/"},{"@type":"ListItem","position":2,"name":"Docentes de La Guaira recibieron taller de mediaci\u00f3n lectora del Cenal"}]},{"@type":"WebSite","@id":"https:\/\/cenal.gob.ve\/#website","url":"https:\/\/cenal.gob.ve\/","name":"Cenal","description":"","publisher":{"@id":"https:\/\/cenal.gob.ve\/#organization"},"potentialAction":[{"@type":"SearchAction","target":{"@type":"EntryPoint","urlTemplate":"https:\/\/cenal.gob.ve\/?s={search_term_string}"},"query-input":"required name=search_term_string"}],"inLanguage":"es"},{"@type":"Organization","@id":"https:\/\/cenal.gob.ve\/#organization","name":"CENAL","url":"https:\/\/cenal.gob.ve\/","sameAs":[],"logo":{"@type":"ImageObject","inLanguage":"es","@id":"https:\/\/cenal.gob.ve\/#\/schema\/logo\/image\/","url":"https:\/\/i0.wp.com\/cenal.gob.ve\/wp-content\/uploads\/2022\/10\/cropped-images.jpg?fit=512%2C512","contentUrl":"https:\/\/i0.wp.com\/cenal.gob.ve\/wp-content\/uploads\/2022\/10\/cropped-images.jpg?fit=512%2C512","width":512,"height":512,"caption":"CENAL"},"image":{"@id":"https:\/\/cenal.gob.ve\/#\/schema\/logo\/image\/"}},{"@type":"Person","@id":"https:\/\/cenal.gob.ve\/#\/schema\/person\/e3ed34623f400ffab8bc7a63b2f5533f","name":"Prensa Cenal","image":{"@type":"ImageObject","inLanguage":"es","@id":"https:\/\/cenal.gob.ve\/#\/schema\/person\/image\/","url":"https:\/\/secure.gravatar.com\/avatar\/594b4ed34090910c619ac3679001d491?s=96&d=mm&r=g","contentUrl":"https:\/\/secure.gravatar.com\/avatar\/594b4ed34090910c619ac3679001d491?s=96&d=mm&r=g","caption":"Prensa Cenal"},"url":"https:\/\/cenal.gob.ve\/?author=10"}]}},"jetpack_featured_media_url":"https:\/\/cenal.gob.ve\/wp-content\/uploads\/2023\/03\/821f733f-bcf7-47bc-b3dd-f87d2948ba2b.jpg","jetpack_publicize_connections":[],"jetpack_shortlink":"https:\/\/wp.me\/p5FMhp-5gN","_links":{"self":[{"href":"https:\/\/cenal.gob.ve\/index.php?rest_route=\/wp\/v2\/posts\/20261"}],"collection":[{"href":"https:\/\/cenal.gob.ve\/index.php?rest_route=\/wp\/v2\/posts"}],"about":[{"href":"https:\/\/cenal.gob.ve\/index.php?rest_route=\/wp\/v2\/types\/post"}],"author":[{"embeddable":true,"href":"https:\/\/cenal.gob.ve\/index.php?rest_route=\/wp\/v2\/users\/10"}],"replies":[{"embeddable":true,"href":"https:\/\/cenal.gob.ve\/index.php?rest_route=%2Fwp%2Fv2%2Fcomments&post=20261"}],"version-history":[{"count":2,"href":"https:\/\/cenal.gob.ve\/index.php?rest_route=\/wp\/v2\/posts\/20261\/revisions"}],"predecessor-version":[{"id":20267,"href":"https:\/\/cenal.gob.ve\/index.php?rest_route=\/wp\/v2\/posts\/20261\/revisions\/20267"}],"wp:featuredmedia":[{"embeddable":true,"href":"https:\/\/cenal.gob.ve\/index.php?rest_route=\/wp\/v2\/media\/20266"}],"wp:attachment":[{"href":"https:\/\/cenal.gob.ve\/index.php?rest_route=%2Fwp%2Fv2%2Fmedia&parent=20261"}],"wp:term":[{"taxonomy":"category","embeddable":true,"href":"https:\/\/cenal.gob.ve\/index.php?rest_route=%2Fwp%2Fv2%2Fcategories&post=20261"},{"taxonomy":"post_tag","embeddable":true,"href":"https:\/\/cenal.gob.ve\/index.php?rest_route=%2Fwp%2Fv2%2Ftags&post=20261"}],"curies":[{"name":"wp","href":"https:\/\/api.w.org\/{rel}","templated":true}]}}