{"id":20268,"date":"2023-03-21T17:35:25","date_gmt":"2023-03-21T21:35:25","guid":{"rendered":"http:\/\/cenal.gob.ve\/?p=20268"},"modified":"2023-03-21T20:04:36","modified_gmt":"2023-03-22T00:04:36","slug":"inaugurada-18a-filven-la-guaira","status":"publish","type":"post","link":"https:\/\/cenal.gob.ve\/?p=20268","title":{"rendered":"Inaugurada 18\u00aa\u00a0FILVEN\u00a0La Guaira"},"content":{"rendered":"\n<p>Fue inaugurada este 21 de marzo la 18\u00aa FILVEN La Guaira, con el lema Leer Descoloniza. La cita con la palabra se extender\u00e1 hasta este viernes 24, en el Terminal de Pasajeros La Guaira-Naiguat\u00e1-Caruao.<\/p>\n\n\n\n<p>Participaron en el acto de inauguraci\u00f3n el ministro del Poder Popular para la Cultura,&nbsp;Ernesto Villegas Poljak; el viceministro de Fomento para la Econom\u00eda Cultural y presidente del Centro Nacional del Libro (Cenal), Ra\u00fal Cazal; el gobernador de La Guaira, Jos\u00e9 A. Ter\u00e1n; la embajadora de Sud\u00e1frica en Venezuela, Lindiwe Michelle Maseko, y las escritoras homenajeadas Iraida Vargas y Marilyn Guti\u00e9rrez.<\/p>\n\n\n\n<div class=\"wp-block-image\"><figure class=\"aligncenter size-full is-resized\"><img src=\"http:\/\/cenal.gob.ve\/wp-content\/uploads\/2023\/03\/formato-fotos-filven1.png\" alt=\"\" class=\"wp-image-20273\" width=\"558\" height=\"310\" srcset=\"https:\/\/cenal.gob.ve\/wp-content\/uploads\/2023\/03\/formato-fotos-filven1.png 1024w, https:\/\/cenal.gob.ve\/wp-content\/uploads\/2023\/03\/formato-fotos-filven1-300x167.png 300w, https:\/\/cenal.gob.ve\/wp-content\/uploads\/2023\/03\/formato-fotos-filven1-768x428.png 768w, https:\/\/cenal.gob.ve\/wp-content\/uploads\/2023\/03\/formato-fotos-filven1-640x356.png 640w\" sizes=\"(max-width: 558px) 100vw, 558px\" \/><\/figure><\/div>\n\n\n\n<p>Durante estos cuatro d\u00edas se estar\u00e1n presentando novedades literarias junto a conversatorios, recitales po\u00e9ticos, talleres, representaciones art\u00edsticas y actividades en el tradicional pabell\u00f3n infantil.<\/p>\n\n\n\n<p>El Ministerio del Poder Popular para la Cultura (Mppc) presentar\u00e1 novedades literarias de su Plataforma del Libro y la Lectura, integrada por las editoriales El perro y la rana, Monte \u00c1vila y Biblioteca Ayacucho.<\/p>\n\n\n\n<p>Tambi\u00e9n &nbsp;se presentar\u00e1n libros del Fondo editorial Ipasme, Centro de Estudios Sim\u00f3n Bol\u00edvar, Vadell Hermanos, Trinchera, Negro sobre blanco, Signo Editores, Intersaber, Ediciones Solar.<\/p>\n\n\n\n<p><strong>Libros son semillas de sensibilidad<\/strong><\/p>\n\n\n\n<p>En palabras del ministro Villegas, no es casualidad que la Filven La Guaira inicie precisamente durante el D\u00eda Internacional de la Poes\u00eda. &#8220;Los libros son semillas de sensibilidad en tierra f\u00e9rtil que son los lectores, sobre todo los j\u00f3venes, en quienes se debe generar la rectitud como valor indispensable&#8221;, asegur\u00f3.<\/p>\n\n\n\n<p>Reflexion\u00f3 que el hombre y la mujer nueva deben nacer necesariamente de la lectura, del conocimiento y la sensibilidad que genera \u00e9tica en el ciudadano.<\/p>\n\n\n\n<p>Villegas indic\u00f3 adem\u00e1s que La Guaira es un basti\u00f3n de la identidad y diversidad cultural venezolana, y tierra f\u00e9rtil para los libros, por lo que propuso desplegar una toma literaria en todos los terminales del pa\u00eds, para que el libro se acerque cada vez m\u00e1s al pueblo lector, tomando como modelo esta Filven.<\/p>\n\n\n\n<div class=\"wp-block-image\"><figure class=\"aligncenter size-large is-resized\"><img src=\"http:\/\/cenal.gob.ve\/wp-content\/uploads\/2023\/03\/FrxBoXoWcBkkmCU-1024x682.jpg\" alt=\"\" class=\"wp-image-20281\" width=\"481\" height=\"320\" srcset=\"https:\/\/cenal.gob.ve\/wp-content\/uploads\/2023\/03\/FrxBoXoWcBkkmCU-1024x682.jpg 1024w, https:\/\/cenal.gob.ve\/wp-content\/uploads\/2023\/03\/FrxBoXoWcBkkmCU-300x200.jpg 300w, https:\/\/cenal.gob.ve\/wp-content\/uploads\/2023\/03\/FrxBoXoWcBkkmCU-768x512.jpg 768w, https:\/\/cenal.gob.ve\/wp-content\/uploads\/2023\/03\/FrxBoXoWcBkkmCU-640x427.jpg 640w, https:\/\/cenal.gob.ve\/wp-content\/uploads\/2023\/03\/FrxBoXoWcBkkmCU.jpg 1280w\" sizes=\"(max-width: 481px) 100vw, 481px\" \/><\/figure><\/div>\n\n\n\n<div class=\"wp-block-image\"><figure class=\"aligncenter size-large is-resized\"><img src=\"http:\/\/cenal.gob.ve\/wp-content\/uploads\/2023\/03\/FrxGKrxX0BMVb2b-1024x683.jpg\" alt=\"\" class=\"wp-image-20283\" width=\"480\" height=\"320\" srcset=\"https:\/\/cenal.gob.ve\/wp-content\/uploads\/2023\/03\/FrxGKrxX0BMVb2b-1024x683.jpg 1024w, https:\/\/cenal.gob.ve\/wp-content\/uploads\/2023\/03\/FrxGKrxX0BMVb2b-300x200.jpg 300w, https:\/\/cenal.gob.ve\/wp-content\/uploads\/2023\/03\/FrxGKrxX0BMVb2b-768x512.jpg 768w, https:\/\/cenal.gob.ve\/wp-content\/uploads\/2023\/03\/FrxGKrxX0BMVb2b-640x427.jpg 640w, https:\/\/cenal.gob.ve\/wp-content\/uploads\/2023\/03\/FrxGKrxX0BMVb2b.jpg 1080w\" sizes=\"(max-width: 480px) 100vw, 480px\" \/><figcaption>Ministro Ernesto Villegas<\/figcaption><\/figure><\/div>\n\n\n\n<p>El titular de Cultura tambi\u00e9n hizo \u00e9nfasis en la variada literatura de autores africanos, y destac\u00f3 que cada obra es el resumen del esfuerzo tanto de sus autores como de editores.&nbsp;<\/p>\n\n\n\n<p>Por su parte, el viceministro Cazal indic\u00f3 que en el marco de la Filven La Guaira, un grupo de 38 docentes de diversos centros educativos de la entidad recibieron el taller de mediaci\u00f3n lectora Leamos juntos a Sim\u00f3n que dicta el Centro Nacional del Libro (Cenal), en el marco del Plan Nacional de Lectura Manuel Vadell.<\/p>\n\n\n\n<p>Se\u00f1al\u00f3 que todos los libros tienen un motivo de ser en el lector al abrir esa luz de conocimiento a trav\u00e9s de la historia, la fantas\u00eda, la imaginaci\u00f3n o la poes\u00eda.<\/p>\n\n\n\n<p>Entretanto, el gobernador Ter\u00e1n manifest\u00f3 que la Filven es una actividad que trasciende y alimenta el esp\u00edritu y la conciencia. &#8220;En los libros encontramos razones para la felicidad, para sonre\u00edr, vivir y crecer&#8221;, coment\u00f3.<\/p>\n\n\n\n<p>Ter\u00e1n invit\u00f3 a los guaire\u00f1os a valorar el h\u00e1bito de la lectura para lograr una visi\u00f3n del mundo m\u00e1s amplia. &#8220;Hay que conocer el mundo a trav\u00e9s de la lectura y del contacto con el libro&#8221;, enfatiz\u00f3.<\/p>\n\n\n\n<div class=\"wp-block-image\"><figure class=\"aligncenter size-full is-resized\"><img src=\"http:\/\/cenal.gob.ve\/wp-content\/uploads\/2023\/03\/formato-fotos-filven3.png\" alt=\"\" class=\"wp-image-20275\" width=\"522\" height=\"290\" srcset=\"https:\/\/cenal.gob.ve\/wp-content\/uploads\/2023\/03\/formato-fotos-filven3.png 1024w, https:\/\/cenal.gob.ve\/wp-content\/uploads\/2023\/03\/formato-fotos-filven3-300x167.png 300w, https:\/\/cenal.gob.ve\/wp-content\/uploads\/2023\/03\/formato-fotos-filven3-768x428.png 768w, https:\/\/cenal.gob.ve\/wp-content\/uploads\/2023\/03\/formato-fotos-filven3-640x356.png 640w\" sizes=\"(max-width: 522px) 100vw, 522px\" \/><figcaption>Gobernador Jos\u00e9 Alejandro Ter\u00e1n<\/figcaption><\/figure><\/div>\n\n\n\n<p>Al finalizar el acto de instalaci\u00f3n, las autoridades de cultura recorrieron el recinto ferial, donde se aprecian textos de diversos g\u00e9neros literarios, y tambi\u00e9n se puede disfrutar la amplia gastronom\u00eda y artesan\u00eda propia de la regi\u00f3n.&nbsp;<\/p>\n\n\n\n<p><strong>Escritoras homenajeadas<\/strong><\/p>\n\n\n\n<p>A prop\u00f3sito del evento, la escritora regional homenajeada Marilyn Guti\u00e9rrez e Iraida Vargas Arenas, escritora nacional homenajeada, se mostraron agradecidas por la distinci\u00f3n.<\/p>\n\n\n\n<p>&#8220;Esta no es solo la Feria del libro, sino de todos los cultores que aportamos un granito de arena. Me siento honrada de ser hija adoptiva de La Guaira&#8221;, expres\u00f3 Guti\u00e9rrez en sus palabras.<\/p>\n\n\n\n<p>A su vez, Iraida Vargas detall\u00f3 la importancia de la participaci\u00f3n popular a trav\u00e9s de la toma de conciencia como sujeto y protagonista de los cambios sociales.<\/p>\n\n\n\n<p>&#8220;El venezolano tiene una enorme sensibilidad sobre su acontecer, estoy convencida que el pueblo es sujeto protag\u00f3nico de sus cambios&#8221;, argument\u00f3 Vargas.<\/p>\n\n\n\n<figure class=\"wp-block-image size-full\"><img width=\"1024\" height=\"570\" src=\"http:\/\/cenal.gob.ve\/wp-content\/uploads\/2023\/03\/formato-fotos-filven2.png\" alt=\"\" class=\"wp-image-20274\" srcset=\"https:\/\/cenal.gob.ve\/wp-content\/uploads\/2023\/03\/formato-fotos-filven2.png 1024w, https:\/\/cenal.gob.ve\/wp-content\/uploads\/2023\/03\/formato-fotos-filven2-300x167.png 300w, https:\/\/cenal.gob.ve\/wp-content\/uploads\/2023\/03\/formato-fotos-filven2-768x428.png 768w, https:\/\/cenal.gob.ve\/wp-content\/uploads\/2023\/03\/formato-fotos-filven2-640x356.png 640w\" sizes=\"(max-width: 1024px) 100vw, 1024px\" \/><\/figure>\n\n\n\n<p><strong>Libros llegan al pueblo guaire\u00f1o<\/strong><\/p>\n\n\n\n<p>En esta edici\u00f3n participan expositores que ofrecen una diversidad de t\u00edtulos, entre ellos Librer\u00edas del Sur, con los publicados por el Ministerio del Poder Popular para la Cultura a trav\u00e9s de El perro y la rana, Biblioteca Ayacucho y Monte \u00c1vila.<\/p>\n\n\n\n<p>Asimismo, est\u00e1n presentes otras editoriales p\u00fablicas, privadas e independientes como se pueden hallar publicaciones de Trinchera, Vadell Hermanos, Fondo Editorial Ipasme, Centro de Altos Estudios Sim\u00f3n Bol\u00edvar, Defensor\u00eda del Pueblo, entre otras.<\/p>\n\n\n\n<figure class=\"wp-block-embed is-type-rich is-provider-twitter wp-block-embed-twitter\"><div class=\"wp-block-embed__wrapper\">\n<blockquote class=\"twitter-tweet\" data-width=\"550\" data-dnt=\"true\"><p lang=\"es\" dir=\"ltr\">La <a href=\"https:\/\/twitter.com\/hashtag\/Filven?src=hash&amp;ref_src=twsrc%5Etfw\">#Filven<\/a> lleg\u00f3 a La Guaira (+Programaci\u00f3n) <a href=\"https:\/\/t.co\/aFn8wjKRat\">https:\/\/t.co\/aFn8wjKRat<\/a><a href=\"https:\/\/twitter.com\/hashtag\/21Mar?src=hash&amp;ref_src=twsrc%5Etfw\">#21Mar<\/a><a href=\"https:\/\/twitter.com\/hashtag\/Venezuela?src=hash&amp;ref_src=twsrc%5Etfw\">#Venezuela<\/a><a href=\"https:\/\/twitter.com\/hashtag\/LeerDescoloniza?src=hash&amp;ref_src=twsrc%5Etfw\">#LeerDescoloniza<\/a> <a href=\"https:\/\/t.co\/H7TGvl8VOH\">pic.twitter.com\/H7TGvl8VOH<\/a><\/p>&mdash; Ernesto Villegas Poljak (@VillegasPoljak) <a href=\"https:\/\/twitter.com\/VillegasPoljak\/status\/1638256541085102120?ref_src=twsrc%5Etfw\">March 21, 2023<\/a><\/blockquote><script async src=\"https:\/\/platform.twitter.com\/widgets.js\" charset=\"utf-8\"><\/script>\n<\/div><\/figure>\n\n\n\n<p>El pueblo guaire\u00f1o se siente complacido con la realizaci\u00f3n de la Filven en la entidad, siendo considerado el m\u00e1ximo evento editorial del pa\u00eds.<\/p>\n\n\n\n<p>&#8220;Dentro de la Filven estamos resaltando nuestra marca La Guaira m\u00e1s cerca&#8221;, expres\u00f3 Carol Gonz\u00e1lez, en representaci\u00f3n del estand La Guaira Servicios, Viajes y Turismo.<\/p>\n\n\n\n<p>Por su parte, Jenny Oropeza, del Fondo Editorial Ipasme, invit\u00f3 a toda la poblaci\u00f3n del litoral a visitar la extensa programaci\u00f3n que ofrece la Filven, &#8220;que est\u00e1 dedicada a todos los ni\u00f1os, j\u00f3venes y adultos&#8221;.&nbsp;<\/p>\n\n\n\n<p>&#8220;Las editoriales y todos los expositores venimos a la Filven La Guaira a traer la fiesta del libro y la fuerza de la cultura y las artes&#8221;, indic\u00f3 Valentina Vadell, de Vadell Hermanos Editores.<\/p>\n\n\n\n<p><strong>Programaci\u00f3n inaugural<\/strong><\/p>\n\n\n\n<p>La jornada inaugural ofreci\u00f3 una programaci\u00f3n en la que destacaron la presentaci\u00f3n de los libros <em>Organizar el Vendaval<\/em> de David G\u00f3mez Rodr\u00edguez y <em>Esa larga infinita distancia<\/em> de Clodovaldo Hern\u00e1ndez.<\/p>\n\n\n\n<p>Igualmente, los libros<em> Resistencia y participaci\u00f3n. La saga del pueblo venezolano<\/em> de Mario Sanoja e Iraida Vargas. A cargo de Alexis Toledo e Iraida Vargas.&nbsp;<\/p>\n\n\n\n<p>El bautizo del libro <em>Silena<\/em> de Marilyn Guti\u00e9rrez, escritora regional homenajeada. Y al caer la tarde, la presentaci\u00f3n del libro Huellas de una m<em>emoria<\/em> de Jehad Yousef.&nbsp;<\/p>\n\n\n\n<p>En la Filven La Guaira los peque\u00f1os tambi\u00e9n cuentan con el tradicional pabell\u00f3n infantil y entre sus actividades se disponen lecturas libres, talleres, dramatizaciones y t\u00edteres.<\/p>\n\n\n\n<p><\/p>\n\n\n\n<p><strong>Prensa MPPC-CENAL <\/strong><\/p>\n\n\n\n<p><strong>Fotos: Roiner Ross<\/strong><\/p>\n","protected":false},"excerpt":{"rendered":"<p>Fue inaugurada este 21 de marzo la 18\u00aa FILVEN La Guaira, con el lema Leer Descoloniza. La cita con la palabra se extender\u00e1 hasta este viernes 24, en el Terminal [&hellip;]<\/p>\n","protected":false},"author":10,"featured_media":20272,"comment_status":"open","ping_status":"closed","sticky":false,"template":"","format":"standard","meta":{"spay_email":"","jetpack_publicize_message":"","jetpack_is_tweetstorm":false,"jetpack_publicize_feature_enabled":true},"categories":[12],"tags":[],"yoast_head":"<!-- This site is optimized with the Yoast SEO plugin v19.8 - https:\/\/yoast.com\/wordpress\/plugins\/seo\/ -->\n<title>Inaugurada 18\u00aa\u00a0FILVEN\u00a0La Guaira<\/title>\n<meta name=\"robots\" content=\"index, follow, max-snippet:-1, max-image-preview:large, max-video-preview:-1\" \/>\n<link rel=\"canonical\" href=\"https:\/\/cenal.gob.ve\/?p=20268\" \/>\n<meta property=\"og:locale\" content=\"es_ES\" \/>\n<meta property=\"og:type\" content=\"article\" \/>\n<meta property=\"og:title\" content=\"Inaugurada 18\u00aa\u00a0FILVEN\u00a0La Guaira\" \/>\n<meta property=\"og:description\" content=\"Fue inaugurada este 21 de marzo la 18\u00aa FILVEN La Guaira, con el lema Leer Descoloniza. La cita con la palabra se extender\u00e1 hasta este viernes 24, en el Terminal [&hellip;]\" \/>\n<meta property=\"og:url\" content=\"https:\/\/cenal.gob.ve\/?p=20268\" \/>\n<meta property=\"og:site_name\" content=\"Cenal\" \/>\n<meta property=\"article:published_time\" content=\"2023-03-21T21:35:25+00:00\" \/>\n<meta property=\"article:modified_time\" content=\"2023-03-22T00:04:36+00:00\" \/>\n<meta property=\"og:image\" content=\"https:\/\/i0.wp.com\/cenal.gob.ve\/wp-content\/uploads\/2023\/03\/formato-fotos-filven.png?fit=1024%2C570&ssl=1\" \/>\n\t<meta property=\"og:image:width\" content=\"1024\" \/>\n\t<meta property=\"og:image:height\" content=\"570\" \/>\n\t<meta property=\"og:image:type\" content=\"image\/png\" \/>\n<meta name=\"author\" content=\"Prensa Cenal\" \/>\n<meta name=\"twitter:card\" content=\"summary_large_image\" \/>\n<meta name=\"twitter:label1\" content=\"Written by\" \/>\n\t<meta name=\"twitter:data1\" content=\"Prensa Cenal\" \/>\n\t<meta name=\"twitter:label2\" content=\"Est. reading time\" \/>\n\t<meta name=\"twitter:data2\" content=\"6 minutos\" \/>\n<script type=\"application\/ld+json\" class=\"yoast-schema-graph\">{\"@context\":\"https:\/\/schema.org\",\"@graph\":[{\"@type\":\"Article\",\"@id\":\"https:\/\/cenal.gob.ve\/?p=20268#article\",\"isPartOf\":{\"@id\":\"https:\/\/cenal.gob.ve\/?p=20268\"},\"author\":{\"name\":\"Prensa Cenal\",\"@id\":\"https:\/\/cenal.gob.ve\/#\/schema\/person\/e3ed34623f400ffab8bc7a63b2f5533f\"},\"headline\":\"Inaugurada 18\u00aa\u00a0FILVEN\u00a0La Guaira\",\"datePublished\":\"2023-03-21T21:35:25+00:00\",\"dateModified\":\"2023-03-22T00:04:36+00:00\",\"mainEntityOfPage\":{\"@id\":\"https:\/\/cenal.gob.ve\/?p=20268\"},\"wordCount\":1063,\"commentCount\":0,\"publisher\":{\"@id\":\"https:\/\/cenal.gob.ve\/#organization\"},\"articleSection\":[\"Filven\"],\"inLanguage\":\"es\",\"potentialAction\":[{\"@type\":\"CommentAction\",\"name\":\"Comment\",\"target\":[\"https:\/\/cenal.gob.ve\/?p=20268#respond\"]}]},{\"@type\":\"WebPage\",\"@id\":\"https:\/\/cenal.gob.ve\/?p=20268\",\"url\":\"https:\/\/cenal.gob.ve\/?p=20268\",\"name\":\"Inaugurada 18\u00aa\u00a0FILVEN\u00a0La Guaira\",\"isPartOf\":{\"@id\":\"https:\/\/cenal.gob.ve\/#website\"},\"datePublished\":\"2023-03-21T21:35:25+00:00\",\"dateModified\":\"2023-03-22T00:04:36+00:00\",\"breadcrumb\":{\"@id\":\"https:\/\/cenal.gob.ve\/?p=20268#breadcrumb\"},\"inLanguage\":\"es\",\"potentialAction\":[{\"@type\":\"ReadAction\",\"target\":[\"https:\/\/cenal.gob.ve\/?p=20268\"]}]},{\"@type\":\"BreadcrumbList\",\"@id\":\"https:\/\/cenal.gob.ve\/?p=20268#breadcrumb\",\"itemListElement\":[{\"@type\":\"ListItem\",\"position\":1,\"name\":\"Home\",\"item\":\"https:\/\/cenal.gob.ve\/\"},{\"@type\":\"ListItem\",\"position\":2,\"name\":\"Inaugurada 18\u00aa\u00a0FILVEN\u00a0La Guaira\"}]},{\"@type\":\"WebSite\",\"@id\":\"https:\/\/cenal.gob.ve\/#website\",\"url\":\"https:\/\/cenal.gob.ve\/\",\"name\":\"Cenal\",\"description\":\"\",\"publisher\":{\"@id\":\"https:\/\/cenal.gob.ve\/#organization\"},\"potentialAction\":[{\"@type\":\"SearchAction\",\"target\":{\"@type\":\"EntryPoint\",\"urlTemplate\":\"https:\/\/cenal.gob.ve\/?s={search_term_string}\"},\"query-input\":\"required name=search_term_string\"}],\"inLanguage\":\"es\"},{\"@type\":\"Organization\",\"@id\":\"https:\/\/cenal.gob.ve\/#organization\",\"name\":\"CENAL\",\"url\":\"https:\/\/cenal.gob.ve\/\",\"sameAs\":[],\"logo\":{\"@type\":\"ImageObject\",\"inLanguage\":\"es\",\"@id\":\"https:\/\/cenal.gob.ve\/#\/schema\/logo\/image\/\",\"url\":\"https:\/\/i0.wp.com\/cenal.gob.ve\/wp-content\/uploads\/2022\/10\/cropped-images.jpg?fit=512%2C512\",\"contentUrl\":\"https:\/\/i0.wp.com\/cenal.gob.ve\/wp-content\/uploads\/2022\/10\/cropped-images.jpg?fit=512%2C512\",\"width\":512,\"height\":512,\"caption\":\"CENAL\"},\"image\":{\"@id\":\"https:\/\/cenal.gob.ve\/#\/schema\/logo\/image\/\"}},{\"@type\":\"Person\",\"@id\":\"https:\/\/cenal.gob.ve\/#\/schema\/person\/e3ed34623f400ffab8bc7a63b2f5533f\",\"name\":\"Prensa Cenal\",\"image\":{\"@type\":\"ImageObject\",\"inLanguage\":\"es\",\"@id\":\"https:\/\/cenal.gob.ve\/#\/schema\/person\/image\/\",\"url\":\"https:\/\/secure.gravatar.com\/avatar\/594b4ed34090910c619ac3679001d491?s=96&d=mm&r=g\",\"contentUrl\":\"https:\/\/secure.gravatar.com\/avatar\/594b4ed34090910c619ac3679001d491?s=96&d=mm&r=g\",\"caption\":\"Prensa Cenal\"},\"url\":\"https:\/\/cenal.gob.ve\/?author=10\"}]}<\/script>\n<!-- \/ Yoast SEO plugin. -->","yoast_head_json":{"title":"Inaugurada 18\u00aa\u00a0FILVEN\u00a0La Guaira","robots":{"index":"index","follow":"follow","max-snippet":"max-snippet:-1","max-image-preview":"max-image-preview:large","max-video-preview":"max-video-preview:-1"},"canonical":"https:\/\/cenal.gob.ve\/?p=20268","og_locale":"es_ES","og_type":"article","og_title":"Inaugurada 18\u00aa\u00a0FILVEN\u00a0La Guaira","og_description":"Fue inaugurada este 21 de marzo la 18\u00aa FILVEN La Guaira, con el lema Leer Descoloniza. La cita con la palabra se extender\u00e1 hasta este viernes 24, en el Terminal [&hellip;]","og_url":"https:\/\/cenal.gob.ve\/?p=20268","og_site_name":"Cenal","article_published_time":"2023-03-21T21:35:25+00:00","article_modified_time":"2023-03-22T00:04:36+00:00","og_image":[{"width":1024,"height":570,"url":"https:\/\/i0.wp.com\/cenal.gob.ve\/wp-content\/uploads\/2023\/03\/formato-fotos-filven.png?fit=1024%2C570&ssl=1","type":"image\/png"}],"author":"Prensa Cenal","twitter_card":"summary_large_image","twitter_misc":{"Written by":"Prensa Cenal","Est. reading time":"6 minutos"},"schema":{"@context":"https:\/\/schema.org","@graph":[{"@type":"Article","@id":"https:\/\/cenal.gob.ve\/?p=20268#article","isPartOf":{"@id":"https:\/\/cenal.gob.ve\/?p=20268"},"author":{"name":"Prensa Cenal","@id":"https:\/\/cenal.gob.ve\/#\/schema\/person\/e3ed34623f400ffab8bc7a63b2f5533f"},"headline":"Inaugurada 18\u00aa\u00a0FILVEN\u00a0La Guaira","datePublished":"2023-03-21T21:35:25+00:00","dateModified":"2023-03-22T00:04:36+00:00","mainEntityOfPage":{"@id":"https:\/\/cenal.gob.ve\/?p=20268"},"wordCount":1063,"commentCount":0,"publisher":{"@id":"https:\/\/cenal.gob.ve\/#organization"},"articleSection":["Filven"],"inLanguage":"es","potentialAction":[{"@type":"CommentAction","name":"Comment","target":["https:\/\/cenal.gob.ve\/?p=20268#respond"]}]},{"@type":"WebPage","@id":"https:\/\/cenal.gob.ve\/?p=20268","url":"https:\/\/cenal.gob.ve\/?p=20268","name":"Inaugurada 18\u00aa\u00a0FILVEN\u00a0La Guaira","isPartOf":{"@id":"https:\/\/cenal.gob.ve\/#website"},"datePublished":"2023-03-21T21:35:25+00:00","dateModified":"2023-03-22T00:04:36+00:00","breadcrumb":{"@id":"https:\/\/cenal.gob.ve\/?p=20268#breadcrumb"},"inLanguage":"es","potentialAction":[{"@type":"ReadAction","target":["https:\/\/cenal.gob.ve\/?p=20268"]}]},{"@type":"BreadcrumbList","@id":"https:\/\/cenal.gob.ve\/?p=20268#breadcrumb","itemListElement":[{"@type":"ListItem","position":1,"name":"Home","item":"https:\/\/cenal.gob.ve\/"},{"@type":"ListItem","position":2,"name":"Inaugurada 18\u00aa\u00a0FILVEN\u00a0La Guaira"}]},{"@type":"WebSite","@id":"https:\/\/cenal.gob.ve\/#website","url":"https:\/\/cenal.gob.ve\/","name":"Cenal","description":"","publisher":{"@id":"https:\/\/cenal.gob.ve\/#organization"},"potentialAction":[{"@type":"SearchAction","target":{"@type":"EntryPoint","urlTemplate":"https:\/\/cenal.gob.ve\/?s={search_term_string}"},"query-input":"required name=search_term_string"}],"inLanguage":"es"},{"@type":"Organization","@id":"https:\/\/cenal.gob.ve\/#organization","name":"CENAL","url":"https:\/\/cenal.gob.ve\/","sameAs":[],"logo":{"@type":"ImageObject","inLanguage":"es","@id":"https:\/\/cenal.gob.ve\/#\/schema\/logo\/image\/","url":"https:\/\/i0.wp.com\/cenal.gob.ve\/wp-content\/uploads\/2022\/10\/cropped-images.jpg?fit=512%2C512","contentUrl":"https:\/\/i0.wp.com\/cenal.gob.ve\/wp-content\/uploads\/2022\/10\/cropped-images.jpg?fit=512%2C512","width":512,"height":512,"caption":"CENAL"},"image":{"@id":"https:\/\/cenal.gob.ve\/#\/schema\/logo\/image\/"}},{"@type":"Person","@id":"https:\/\/cenal.gob.ve\/#\/schema\/person\/e3ed34623f400ffab8bc7a63b2f5533f","name":"Prensa Cenal","image":{"@type":"ImageObject","inLanguage":"es","@id":"https:\/\/cenal.gob.ve\/#\/schema\/person\/image\/","url":"https:\/\/secure.gravatar.com\/avatar\/594b4ed34090910c619ac3679001d491?s=96&d=mm&r=g","contentUrl":"https:\/\/secure.gravatar.com\/avatar\/594b4ed34090910c619ac3679001d491?s=96&d=mm&r=g","caption":"Prensa Cenal"},"url":"https:\/\/cenal.gob.ve\/?author=10"}]}},"jetpack_featured_media_url":"https:\/\/cenal.gob.ve\/wp-content\/uploads\/2023\/03\/formato-fotos-filven.png","jetpack_publicize_connections":[],"jetpack_shortlink":"https:\/\/wp.me\/p5FMhp-5gU","_links":{"self":[{"href":"https:\/\/cenal.gob.ve\/index.php?rest_route=\/wp\/v2\/posts\/20268"}],"collection":[{"href":"https:\/\/cenal.gob.ve\/index.php?rest_route=\/wp\/v2\/posts"}],"about":[{"href":"https:\/\/cenal.gob.ve\/index.php?rest_route=\/wp\/v2\/types\/post"}],"author":[{"embeddable":true,"href":"https:\/\/cenal.gob.ve\/index.php?rest_route=\/wp\/v2\/users\/10"}],"replies":[{"embeddable":true,"href":"https:\/\/cenal.gob.ve\/index.php?rest_route=%2Fwp%2Fv2%2Fcomments&post=20268"}],"version-history":[{"count":12,"href":"https:\/\/cenal.gob.ve\/index.php?rest_route=\/wp\/v2\/posts\/20268\/revisions"}],"predecessor-version":[{"id":20288,"href":"https:\/\/cenal.gob.ve\/index.php?rest_route=\/wp\/v2\/posts\/20268\/revisions\/20288"}],"wp:featuredmedia":[{"embeddable":true,"href":"https:\/\/cenal.gob.ve\/index.php?rest_route=\/wp\/v2\/media\/20272"}],"wp:attachment":[{"href":"https:\/\/cenal.gob.ve\/index.php?rest_route=%2Fwp%2Fv2%2Fmedia&parent=20268"}],"wp:term":[{"taxonomy":"category","embeddable":true,"href":"https:\/\/cenal.gob.ve\/index.php?rest_route=%2Fwp%2Fv2%2Fcategories&post=20268"},{"taxonomy":"post_tag","embeddable":true,"href":"https:\/\/cenal.gob.ve\/index.php?rest_route=%2Fwp%2Fv2%2Ftags&post=20268"}],"curies":[{"name":"wp","href":"https:\/\/api.w.org\/{rel}","templated":true}]}}