{"id":20314,"date":"2023-03-28T18:02:42","date_gmt":"2023-03-28T22:02:42","guid":{"rendered":"http:\/\/cenal.gob.ve\/?p=20314"},"modified":"2023-03-28T18:03:02","modified_gmt":"2023-03-28T22:03:02","slug":"aragua-recibira-la-18a-filven-este-30-de-marzo","status":"publish","type":"post","link":"https:\/\/cenal.gob.ve\/?p=20314","title":{"rendered":"Aragua recibir\u00e1 la 18\u00aa FILVEN este 30 de marzo"},"content":{"rendered":"\n<p>Del 30 de marzo al 2 de abril, la 18\u00aa Filven se instalar\u00e1 con su lema Leer descoloniza en Maracay, en los espacios del Consejo Legislativo del Estado Bolivariano de Aragua (Cleba), los cuales se llenar\u00e1n de cultura y tradici\u00f3n en medio del encuentro con la palabra.<\/p>\n\n\n\n<p>Los escritores regionales homenajeados son la narradora y cuentacuentos Teresa Samele y el poeta Manuel Garc\u00eda Ruiz (Max Bembo).<\/p>\n\n\n\n<p>Samele es coautora de <em>Leyendas, cuentos, cantares y tradiciones del pueblo de Zuata, estado Aragua<\/em> (El perro y la rana, 2018) y autora de <em>Ayeres de Tucupido<\/em> (Proyecto Expresiones A.C., 2016), mientras que Garc\u00eda Ruiz,\u00a0miembro fundador de la Red de Escritores de Aragua, es autor de <em>Psituaciones, Perredad, Inventarios, Met (amor) fosis,\u00a0 Con todo, <\/em>y tambi\u00e9n ha sido incluido en diversas antolog\u00edas de poes\u00eda.<\/p>\n\n\n\n<p>Para esta edici\u00f3n arag\u00fce\u00f1a estar\u00e1n participando 32 casas editoriales y se prev\u00e9 la realizaci\u00f3n de m\u00e1s de cien actividades, entre presentaciones de libros, conversatorios, talleres y representaciones art\u00edsticas, tanto para adultos como para ni\u00f1as y ni\u00f1os. <\/p>\n\n\n\n<p>Se llevar\u00e1n a cabo dos cine foros y el Coloquio de Literatura Infantil y Juvenil &#8220;La aventura de leer en la escuela&#8221;, para educadores y educadoras, a cargo de la escritora Carolina \u00c1lvarez, donde participar\u00e1n como ponentes la escritora y profesora de lengua y literatura Gloria Dolande, la educadora y psic\u00f3loga Berta Barrios, la escritora e investigadora Beatriz Pe\u00f1aloza, el docente y artista pl\u00e1stico Ricardo Artahona y el escritor y promotor de lectura Rod Medina.<\/p>\n\n\n\n<p>La Filven Aragua contar\u00e1 con la presencia del escritor invitado Jes\u00fas \u2018Chucho\u2019 Garc\u00eda, defensor de primer orden de la causa afrovenezolana y la di\u00e1spora africana en Am\u00e9rica Latina y el Caribe,\u00a0miembro fundador de la Red de Organizaciones Afrovenezolanas; autor de m\u00e1s de veinte libros, entre ellos<em> Cimarronaje, afroepistemolog\u00eda y soberan\u00eda intelectual<\/em> y <em>Afrovenezolanidad e inclusi\u00f3n en el proceso bolivariano<\/em>, publicados por El perro y la rana.<\/p>\n\n\n\n<p>Rod Medina, quien estar\u00e1 participando en el Coloquio de Literatura Infantil y Juvenil, tambi\u00e9n asistir\u00e1 como invitado nacional. Es escritor, investigador,\u00a0poeta, editor y\u00a0 promotor y mediador de la lectura, autor de <em>A leer se aprende leyendo<\/em>, obra editada por el Centro Nacional del Libro (Cenal), e <em>Imag\u00ednate t\u00fa<\/em>,\u00a0un libro editado por El perro y la rana que estimula el desarrollo del pensamiento, parte de una colecci\u00f3n llamada Av\u00edspate.<\/p>\n\n\n\n<p>Esta feria es organizada por el Ministerio del Poder Popular para la Cultura, a trav\u00e9s del Centro Nacional del Libro (Cenal) y el Gabinete Estadal de Cultura de Aragua, en coordinaci\u00f3n con la Gobernaci\u00f3n de Aragua y el Consejo Legislativo del Estado Bolivariano de Aragua (Cleba).<\/p>\n\n\n\n<p>Foto: Archivo FILVEN<\/p>\n","protected":false},"excerpt":{"rendered":"<p>Del 30 de marzo al 2 de abril, la 18\u00aa Filven se instalar\u00e1 con su lema Leer descoloniza en Maracay, en los espacios del Consejo Legislativo del Estado Bolivariano de [&hellip;]<\/p>\n","protected":false},"author":10,"featured_media":20315,"comment_status":"open","ping_status":"closed","sticky":false,"template":"","format":"standard","meta":{"spay_email":"","jetpack_publicize_message":"","jetpack_is_tweetstorm":false,"jetpack_publicize_feature_enabled":true},"categories":[2,12],"tags":[],"yoast_head":"<!-- This site is optimized with the Yoast SEO plugin v19.8 - https:\/\/yoast.com\/wordpress\/plugins\/seo\/ -->\n<title>Aragua recibir\u00e1 la 18\u00aa FILVEN este 30 de marzo<\/title>\n<meta name=\"robots\" content=\"index, follow, max-snippet:-1, max-image-preview:large, max-video-preview:-1\" \/>\n<link rel=\"canonical\" href=\"https:\/\/cenal.gob.ve\/?p=20314\" \/>\n<meta property=\"og:locale\" content=\"es_ES\" \/>\n<meta property=\"og:type\" content=\"article\" \/>\n<meta property=\"og:title\" content=\"Aragua recibir\u00e1 la 18\u00aa FILVEN este 30 de marzo\" \/>\n<meta property=\"og:description\" content=\"Del 30 de marzo al 2 de abril, la 18\u00aa Filven se instalar\u00e1 con su lema Leer descoloniza en Maracay, en los espacios del Consejo Legislativo del Estado Bolivariano de [&hellip;]\" \/>\n<meta property=\"og:url\" content=\"https:\/\/cenal.gob.ve\/?p=20314\" \/>\n<meta property=\"og:site_name\" content=\"Cenal\" \/>\n<meta property=\"article:published_time\" content=\"2023-03-28T22:02:42+00:00\" \/>\n<meta property=\"article:modified_time\" content=\"2023-03-28T22:03:02+00:00\" \/>\n<meta property=\"og:image\" content=\"https:\/\/i0.wp.com\/cenal.gob.ve\/wp-content\/uploads\/2023\/03\/photo_2023-03-21_18-37-25.jpg?fit=1280%2C853&ssl=1\" \/>\n\t<meta property=\"og:image:width\" content=\"1280\" \/>\n\t<meta property=\"og:image:height\" content=\"853\" \/>\n\t<meta property=\"og:image:type\" content=\"image\/jpeg\" \/>\n<meta name=\"author\" content=\"Prensa Cenal\" \/>\n<meta name=\"twitter:card\" content=\"summary_large_image\" \/>\n<meta name=\"twitter:label1\" content=\"Written by\" \/>\n\t<meta name=\"twitter:data1\" content=\"Prensa Cenal\" \/>\n\t<meta name=\"twitter:label2\" content=\"Est. reading time\" \/>\n\t<meta name=\"twitter:data2\" content=\"2 minutos\" \/>\n<script type=\"application\/ld+json\" class=\"yoast-schema-graph\">{\"@context\":\"https:\/\/schema.org\",\"@graph\":[{\"@type\":\"Article\",\"@id\":\"https:\/\/cenal.gob.ve\/?p=20314#article\",\"isPartOf\":{\"@id\":\"https:\/\/cenal.gob.ve\/?p=20314\"},\"author\":{\"name\":\"Prensa Cenal\",\"@id\":\"https:\/\/cenal.gob.ve\/#\/schema\/person\/e3ed34623f400ffab8bc7a63b2f5533f\"},\"headline\":\"Aragua recibir\u00e1 la 18\u00aa FILVEN este 30 de marzo\",\"datePublished\":\"2023-03-28T22:02:42+00:00\",\"dateModified\":\"2023-03-28T22:03:02+00:00\",\"mainEntityOfPage\":{\"@id\":\"https:\/\/cenal.gob.ve\/?p=20314\"},\"wordCount\":466,\"commentCount\":1,\"publisher\":{\"@id\":\"https:\/\/cenal.gob.ve\/#organization\"},\"articleSection\":[\"Cenal\",\"Filven\"],\"inLanguage\":\"es\",\"potentialAction\":[{\"@type\":\"CommentAction\",\"name\":\"Comment\",\"target\":[\"https:\/\/cenal.gob.ve\/?p=20314#respond\"]}]},{\"@type\":\"WebPage\",\"@id\":\"https:\/\/cenal.gob.ve\/?p=20314\",\"url\":\"https:\/\/cenal.gob.ve\/?p=20314\",\"name\":\"Aragua recibir\u00e1 la 18\u00aa FILVEN este 30 de marzo\",\"isPartOf\":{\"@id\":\"https:\/\/cenal.gob.ve\/#website\"},\"datePublished\":\"2023-03-28T22:02:42+00:00\",\"dateModified\":\"2023-03-28T22:03:02+00:00\",\"breadcrumb\":{\"@id\":\"https:\/\/cenal.gob.ve\/?p=20314#breadcrumb\"},\"inLanguage\":\"es\",\"potentialAction\":[{\"@type\":\"ReadAction\",\"target\":[\"https:\/\/cenal.gob.ve\/?p=20314\"]}]},{\"@type\":\"BreadcrumbList\",\"@id\":\"https:\/\/cenal.gob.ve\/?p=20314#breadcrumb\",\"itemListElement\":[{\"@type\":\"ListItem\",\"position\":1,\"name\":\"Home\",\"item\":\"https:\/\/cenal.gob.ve\/\"},{\"@type\":\"ListItem\",\"position\":2,\"name\":\"Aragua recibir\u00e1 la 18\u00aa FILVEN este 30 de marzo\"}]},{\"@type\":\"WebSite\",\"@id\":\"https:\/\/cenal.gob.ve\/#website\",\"url\":\"https:\/\/cenal.gob.ve\/\",\"name\":\"Cenal\",\"description\":\"\",\"publisher\":{\"@id\":\"https:\/\/cenal.gob.ve\/#organization\"},\"potentialAction\":[{\"@type\":\"SearchAction\",\"target\":{\"@type\":\"EntryPoint\",\"urlTemplate\":\"https:\/\/cenal.gob.ve\/?s={search_term_string}\"},\"query-input\":\"required name=search_term_string\"}],\"inLanguage\":\"es\"},{\"@type\":\"Organization\",\"@id\":\"https:\/\/cenal.gob.ve\/#organization\",\"name\":\"CENAL\",\"url\":\"https:\/\/cenal.gob.ve\/\",\"sameAs\":[],\"logo\":{\"@type\":\"ImageObject\",\"inLanguage\":\"es\",\"@id\":\"https:\/\/cenal.gob.ve\/#\/schema\/logo\/image\/\",\"url\":\"https:\/\/i0.wp.com\/cenal.gob.ve\/wp-content\/uploads\/2022\/10\/cropped-images.jpg?fit=512%2C512\",\"contentUrl\":\"https:\/\/i0.wp.com\/cenal.gob.ve\/wp-content\/uploads\/2022\/10\/cropped-images.jpg?fit=512%2C512\",\"width\":512,\"height\":512,\"caption\":\"CENAL\"},\"image\":{\"@id\":\"https:\/\/cenal.gob.ve\/#\/schema\/logo\/image\/\"}},{\"@type\":\"Person\",\"@id\":\"https:\/\/cenal.gob.ve\/#\/schema\/person\/e3ed34623f400ffab8bc7a63b2f5533f\",\"name\":\"Prensa Cenal\",\"image\":{\"@type\":\"ImageObject\",\"inLanguage\":\"es\",\"@id\":\"https:\/\/cenal.gob.ve\/#\/schema\/person\/image\/\",\"url\":\"https:\/\/secure.gravatar.com\/avatar\/594b4ed34090910c619ac3679001d491?s=96&d=mm&r=g\",\"contentUrl\":\"https:\/\/secure.gravatar.com\/avatar\/594b4ed34090910c619ac3679001d491?s=96&d=mm&r=g\",\"caption\":\"Prensa Cenal\"},\"url\":\"https:\/\/cenal.gob.ve\/?author=10\"}]}<\/script>\n<!-- \/ Yoast SEO plugin. -->","yoast_head_json":{"title":"Aragua recibir\u00e1 la 18\u00aa FILVEN este 30 de marzo","robots":{"index":"index","follow":"follow","max-snippet":"max-snippet:-1","max-image-preview":"max-image-preview:large","max-video-preview":"max-video-preview:-1"},"canonical":"https:\/\/cenal.gob.ve\/?p=20314","og_locale":"es_ES","og_type":"article","og_title":"Aragua recibir\u00e1 la 18\u00aa FILVEN este 30 de marzo","og_description":"Del 30 de marzo al 2 de abril, la 18\u00aa Filven se instalar\u00e1 con su lema Leer descoloniza en Maracay, en los espacios del Consejo Legislativo del Estado Bolivariano de [&hellip;]","og_url":"https:\/\/cenal.gob.ve\/?p=20314","og_site_name":"Cenal","article_published_time":"2023-03-28T22:02:42+00:00","article_modified_time":"2023-03-28T22:03:02+00:00","og_image":[{"width":1280,"height":853,"url":"https:\/\/i0.wp.com\/cenal.gob.ve\/wp-content\/uploads\/2023\/03\/photo_2023-03-21_18-37-25.jpg?fit=1280%2C853&ssl=1","type":"image\/jpeg"}],"author":"Prensa Cenal","twitter_card":"summary_large_image","twitter_misc":{"Written by":"Prensa Cenal","Est. reading time":"2 minutos"},"schema":{"@context":"https:\/\/schema.org","@graph":[{"@type":"Article","@id":"https:\/\/cenal.gob.ve\/?p=20314#article","isPartOf":{"@id":"https:\/\/cenal.gob.ve\/?p=20314"},"author":{"name":"Prensa Cenal","@id":"https:\/\/cenal.gob.ve\/#\/schema\/person\/e3ed34623f400ffab8bc7a63b2f5533f"},"headline":"Aragua recibir\u00e1 la 18\u00aa FILVEN este 30 de marzo","datePublished":"2023-03-28T22:02:42+00:00","dateModified":"2023-03-28T22:03:02+00:00","mainEntityOfPage":{"@id":"https:\/\/cenal.gob.ve\/?p=20314"},"wordCount":466,"commentCount":1,"publisher":{"@id":"https:\/\/cenal.gob.ve\/#organization"},"articleSection":["Cenal","Filven"],"inLanguage":"es","potentialAction":[{"@type":"CommentAction","name":"Comment","target":["https:\/\/cenal.gob.ve\/?p=20314#respond"]}]},{"@type":"WebPage","@id":"https:\/\/cenal.gob.ve\/?p=20314","url":"https:\/\/cenal.gob.ve\/?p=20314","name":"Aragua recibir\u00e1 la 18\u00aa FILVEN este 30 de marzo","isPartOf":{"@id":"https:\/\/cenal.gob.ve\/#website"},"datePublished":"2023-03-28T22:02:42+00:00","dateModified":"2023-03-28T22:03:02+00:00","breadcrumb":{"@id":"https:\/\/cenal.gob.ve\/?p=20314#breadcrumb"},"inLanguage":"es","potentialAction":[{"@type":"ReadAction","target":["https:\/\/cenal.gob.ve\/?p=20314"]}]},{"@type":"BreadcrumbList","@id":"https:\/\/cenal.gob.ve\/?p=20314#breadcrumb","itemListElement":[{"@type":"ListItem","position":1,"name":"Home","item":"https:\/\/cenal.gob.ve\/"},{"@type":"ListItem","position":2,"name":"Aragua recibir\u00e1 la 18\u00aa FILVEN este 30 de marzo"}]},{"@type":"WebSite","@id":"https:\/\/cenal.gob.ve\/#website","url":"https:\/\/cenal.gob.ve\/","name":"Cenal","description":"","publisher":{"@id":"https:\/\/cenal.gob.ve\/#organization"},"potentialAction":[{"@type":"SearchAction","target":{"@type":"EntryPoint","urlTemplate":"https:\/\/cenal.gob.ve\/?s={search_term_string}"},"query-input":"required name=search_term_string"}],"inLanguage":"es"},{"@type":"Organization","@id":"https:\/\/cenal.gob.ve\/#organization","name":"CENAL","url":"https:\/\/cenal.gob.ve\/","sameAs":[],"logo":{"@type":"ImageObject","inLanguage":"es","@id":"https:\/\/cenal.gob.ve\/#\/schema\/logo\/image\/","url":"https:\/\/i0.wp.com\/cenal.gob.ve\/wp-content\/uploads\/2022\/10\/cropped-images.jpg?fit=512%2C512","contentUrl":"https:\/\/i0.wp.com\/cenal.gob.ve\/wp-content\/uploads\/2022\/10\/cropped-images.jpg?fit=512%2C512","width":512,"height":512,"caption":"CENAL"},"image":{"@id":"https:\/\/cenal.gob.ve\/#\/schema\/logo\/image\/"}},{"@type":"Person","@id":"https:\/\/cenal.gob.ve\/#\/schema\/person\/e3ed34623f400ffab8bc7a63b2f5533f","name":"Prensa Cenal","image":{"@type":"ImageObject","inLanguage":"es","@id":"https:\/\/cenal.gob.ve\/#\/schema\/person\/image\/","url":"https:\/\/secure.gravatar.com\/avatar\/594b4ed34090910c619ac3679001d491?s=96&d=mm&r=g","contentUrl":"https:\/\/secure.gravatar.com\/avatar\/594b4ed34090910c619ac3679001d491?s=96&d=mm&r=g","caption":"Prensa Cenal"},"url":"https:\/\/cenal.gob.ve\/?author=10"}]}},"jetpack_featured_media_url":"https:\/\/cenal.gob.ve\/wp-content\/uploads\/2023\/03\/photo_2023-03-21_18-37-25.jpg","jetpack_publicize_connections":[],"jetpack_shortlink":"https:\/\/wp.me\/p5FMhp-5hE","_links":{"self":[{"href":"https:\/\/cenal.gob.ve\/index.php?rest_route=\/wp\/v2\/posts\/20314"}],"collection":[{"href":"https:\/\/cenal.gob.ve\/index.php?rest_route=\/wp\/v2\/posts"}],"about":[{"href":"https:\/\/cenal.gob.ve\/index.php?rest_route=\/wp\/v2\/types\/post"}],"author":[{"embeddable":true,"href":"https:\/\/cenal.gob.ve\/index.php?rest_route=\/wp\/v2\/users\/10"}],"replies":[{"embeddable":true,"href":"https:\/\/cenal.gob.ve\/index.php?rest_route=%2Fwp%2Fv2%2Fcomments&post=20314"}],"version-history":[{"count":2,"href":"https:\/\/cenal.gob.ve\/index.php?rest_route=\/wp\/v2\/posts\/20314\/revisions"}],"predecessor-version":[{"id":20318,"href":"https:\/\/cenal.gob.ve\/index.php?rest_route=\/wp\/v2\/posts\/20314\/revisions\/20318"}],"wp:featuredmedia":[{"embeddable":true,"href":"https:\/\/cenal.gob.ve\/index.php?rest_route=\/wp\/v2\/media\/20315"}],"wp:attachment":[{"href":"https:\/\/cenal.gob.ve\/index.php?rest_route=%2Fwp%2Fv2%2Fmedia&parent=20314"}],"wp:term":[{"taxonomy":"category","embeddable":true,"href":"https:\/\/cenal.gob.ve\/index.php?rest_route=%2Fwp%2Fv2%2Fcategories&post=20314"},{"taxonomy":"post_tag","embeddable":true,"href":"https:\/\/cenal.gob.ve\/index.php?rest_route=%2Fwp%2Fv2%2Ftags&post=20314"}],"curies":[{"name":"wp","href":"https:\/\/api.w.org\/{rel}","templated":true}]}}