{"id":20465,"date":"2023-04-28T22:03:33","date_gmt":"2023-04-29T02:03:33","guid":{"rendered":"http:\/\/cenal.gob.ve\/?p=20465"},"modified":"2023-04-28T22:03:36","modified_gmt":"2023-04-29T02:03:36","slug":"rosalina-garcia-la-filven-es-un-icono-de-la-cultura-nacional","status":"publish","type":"post","link":"https:\/\/cenal.gob.ve\/?p=20465","title":{"rendered":"Rosalina Garc\u00eda: La Filven es un \u00edcono de la cultura nacional"},"content":{"rendered":"\n<p>\u201cLa Filven es un \u00edcono de la cultura nacional\u201d, as\u00ed lo afirm\u00f3 Rosalina Garc\u00eda de Jim\u00e9nez, escritora regional homenajeada de la 18\u00aa Filven Miranda, quien se mostr\u00f3 muy feliz y honrada de recibir este reconocimiento.<\/p>\n\n\n\n<p>\u201cEs para m\u00ed un gran honor haber sido elegida como escritora homenajeada en la Filven Miranda. He tenido el honor de ser ponente en ediciones anteriores de esta feria, pero el ser homenajeada es algo que me honra\u201d, afirm\u00f3 la autora, quien es poeta, ensayista, cr\u00edtica literaria, profesora de lengua, promotora cultural y miembro de la Academia Venezolana de la Lengua por el estado Miranda.<\/p>\n\n\n\n<div class=\"wp-block-image\"><figure class=\"aligncenter\"><img width=\"1024\" height=\"682\" src=\"https:\/\/i0.wp.com\/cenal.gob.ve\/wp-content\/uploads\/2023\/04\/5c5dd381-ec58-483b-9a1d-e37aaca901c9-1024x682.jpg?resize=496%2C330\" alt=\"\" class=\"wp-image-20458\" srcset=\"https:\/\/cenal.gob.ve\/wp-content\/uploads\/2023\/04\/5c5dd381-ec58-483b-9a1d-e37aaca901c9-1024x682.jpg 1024w, https:\/\/cenal.gob.ve\/wp-content\/uploads\/2023\/04\/5c5dd381-ec58-483b-9a1d-e37aaca901c9-300x200.jpg 300w, https:\/\/cenal.gob.ve\/wp-content\/uploads\/2023\/04\/5c5dd381-ec58-483b-9a1d-e37aaca901c9-768x511.jpg 768w, https:\/\/cenal.gob.ve\/wp-content\/uploads\/2023\/04\/5c5dd381-ec58-483b-9a1d-e37aaca901c9-640x426.jpg 640w, https:\/\/cenal.gob.ve\/wp-content\/uploads\/2023\/04\/5c5dd381-ec58-483b-9a1d-e37aaca901c9.jpg 1080w\" sizes=\"(max-width: 1024px) 100vw, 1024px\" \/><figcaption>Rosalina Garc\u00eda de Jim\u00e9nez<\/figcaption><\/figure><\/div>\n\n\n\n<p>Agreg\u00f3 que este encuentro convoca a todos a la palabra. \u201cEn esta celebraci\u00f3n yo les dejo mi coraz\u00f3n, la poes\u00eda, y sigamos trabajando por la poes\u00eda, que es el idioma del esp\u00edritu\u201d, expres\u00f3.<\/p>\n\n\n\n<div class=\"wp-block-image\"><figure class=\"aligncenter\"><img width=\"1080\" height=\"719\" src=\"https:\/\/i0.wp.com\/cenal.gob.ve\/wp-content\/uploads\/2023\/04\/Inauguracion-2.jpeg?resize=490%2C326\" alt=\"\" class=\"wp-image-20452\" srcset=\"https:\/\/cenal.gob.ve\/wp-content\/uploads\/2023\/04\/Inauguracion-2.jpeg 1080w, https:\/\/cenal.gob.ve\/wp-content\/uploads\/2023\/04\/Inauguracion-2-300x200.jpeg 300w, https:\/\/cenal.gob.ve\/wp-content\/uploads\/2023\/04\/Inauguracion-2-1024x682.jpeg 1024w, https:\/\/cenal.gob.ve\/wp-content\/uploads\/2023\/04\/Inauguracion-2-768x511.jpeg 768w, https:\/\/cenal.gob.ve\/wp-content\/uploads\/2023\/04\/Inauguracion-2-640x426.jpeg 640w\" sizes=\"(max-width: 1080px) 100vw, 1080px\" \/><figcaption>Autoridades durante recorrido inaugural<\/figcaption><\/figure><\/div>\n\n\n\n<p>Por su parte, el gobernador de Miranda, H\u00e9ctor Rodr\u00edguez, ratific\u00f3 la importancia de la lectura como pilar en la construcci\u00f3n de una sociedad mejor. \u201c\u00bfEs posible que esa sociedad se construya sin leer? Yo creo que la sociedad que queremos est\u00e1 en el libro, en los textos, en la cultura, en las ideas\u201d, reflexion\u00f3.<\/p>\n\n\n\n<p>Entretanto, el viceministro de Fomento para Econom\u00eda Cultural y presidente del Centro Nacional del Libro (Cenal), Ra\u00fal Cazal, resalt\u00f3 que la Filven, que recorre todo el pa\u00eds, es parte del gran trabajo que se hace desde el Gobierno Bolivariano para promover el libro y la lectura, para cosechar ese amor por la palabra en especial entre los m\u00e1s peque\u00f1os, quienes representan el futuro.<\/p>\n\n\n\n<p>\u201cDebemos lograr que los ni\u00f1os piensen en la lectura, muchos estamos promoviendo la lectura, y ese es nuestro trabajo\u201d, indic\u00f3.<\/p>\n\n\n\n<p>En ese contexto, el Ministerio del Poder Popular para la Cultura, a trav\u00e9s del Cenal, realiz\u00f3 en el marco de esta Filven la donaci\u00f3n de libros con m\u00e1s de 200 t\u00edtulos para la distribuci\u00f3n en instituciones p\u00fablicas de Miranda.<\/p>\n","protected":false},"excerpt":{"rendered":"<p>\u201cLa Filven es un \u00edcono de la cultura nacional\u201d, as\u00ed lo afirm\u00f3 Rosalina Garc\u00eda de Jim\u00e9nez, escritora regional homenajeada de la 18\u00aa Filven Miranda, quien se mostr\u00f3 muy feliz y [&hellip;]<\/p>\n","protected":false},"author":10,"featured_media":20459,"comment_status":"open","ping_status":"closed","sticky":false,"template":"","format":"standard","meta":{"spay_email":"","jetpack_publicize_message":"","jetpack_is_tweetstorm":false,"jetpack_publicize_feature_enabled":true},"categories":[12],"tags":[],"yoast_head":"<!-- This site is optimized with the Yoast SEO plugin v19.8 - https:\/\/yoast.com\/wordpress\/plugins\/seo\/ -->\n<title>Rosalina Garc\u00eda: La Filven es un \u00edcono de la cultura nacional<\/title>\n<meta name=\"robots\" content=\"index, follow, max-snippet:-1, max-image-preview:large, max-video-preview:-1\" \/>\n<link rel=\"canonical\" href=\"https:\/\/cenal.gob.ve\/?p=20465\" \/>\n<meta property=\"og:locale\" content=\"es_ES\" \/>\n<meta property=\"og:type\" content=\"article\" \/>\n<meta property=\"og:title\" content=\"Rosalina Garc\u00eda: La Filven es un \u00edcono de la cultura nacional\" \/>\n<meta property=\"og:description\" content=\"\u201cLa Filven es un \u00edcono de la cultura nacional\u201d, as\u00ed lo afirm\u00f3 Rosalina Garc\u00eda de Jim\u00e9nez, escritora regional homenajeada de la 18\u00aa Filven Miranda, quien se mostr\u00f3 muy feliz y [&hellip;]\" \/>\n<meta property=\"og:url\" content=\"https:\/\/cenal.gob.ve\/?p=20465\" \/>\n<meta property=\"og:site_name\" content=\"Cenal\" \/>\n<meta property=\"article:published_time\" content=\"2023-04-29T02:03:33+00:00\" \/>\n<meta property=\"article:modified_time\" content=\"2023-04-29T02:03:36+00:00\" \/>\n<meta property=\"og:image\" content=\"https:\/\/i0.wp.com\/cenal.gob.ve\/wp-content\/uploads\/2023\/04\/e46089bb-b3fc-4bd6-9d6a-a9592c707503.jpg?fit=1080%2C719&ssl=1\" \/>\n\t<meta property=\"og:image:width\" content=\"1080\" \/>\n\t<meta property=\"og:image:height\" content=\"719\" \/>\n\t<meta property=\"og:image:type\" content=\"image\/jpeg\" \/>\n<meta name=\"author\" content=\"Prensa Cenal\" \/>\n<meta name=\"twitter:card\" content=\"summary_large_image\" \/>\n<meta name=\"twitter:label1\" content=\"Written by\" \/>\n\t<meta name=\"twitter:data1\" content=\"Prensa Cenal\" \/>\n\t<meta name=\"twitter:label2\" content=\"Est. reading time\" \/>\n\t<meta name=\"twitter:data2\" content=\"2 minutos\" \/>\n<script type=\"application\/ld+json\" class=\"yoast-schema-graph\">{\"@context\":\"https:\/\/schema.org\",\"@graph\":[{\"@type\":\"Article\",\"@id\":\"https:\/\/cenal.gob.ve\/?p=20465#article\",\"isPartOf\":{\"@id\":\"https:\/\/cenal.gob.ve\/?p=20465\"},\"author\":{\"name\":\"Prensa Cenal\",\"@id\":\"https:\/\/cenal.gob.ve\/#\/schema\/person\/e3ed34623f400ffab8bc7a63b2f5533f\"},\"headline\":\"Rosalina Garc\u00eda: La Filven es un \u00edcono de la cultura nacional\",\"datePublished\":\"2023-04-29T02:03:33+00:00\",\"dateModified\":\"2023-04-29T02:03:36+00:00\",\"mainEntityOfPage\":{\"@id\":\"https:\/\/cenal.gob.ve\/?p=20465\"},\"wordCount\":352,\"commentCount\":0,\"publisher\":{\"@id\":\"https:\/\/cenal.gob.ve\/#organization\"},\"articleSection\":[\"Filven\"],\"inLanguage\":\"es\",\"potentialAction\":[{\"@type\":\"CommentAction\",\"name\":\"Comment\",\"target\":[\"https:\/\/cenal.gob.ve\/?p=20465#respond\"]}]},{\"@type\":\"WebPage\",\"@id\":\"https:\/\/cenal.gob.ve\/?p=20465\",\"url\":\"https:\/\/cenal.gob.ve\/?p=20465\",\"name\":\"Rosalina Garc\u00eda: La Filven es un \u00edcono de la cultura nacional\",\"isPartOf\":{\"@id\":\"https:\/\/cenal.gob.ve\/#website\"},\"datePublished\":\"2023-04-29T02:03:33+00:00\",\"dateModified\":\"2023-04-29T02:03:36+00:00\",\"breadcrumb\":{\"@id\":\"https:\/\/cenal.gob.ve\/?p=20465#breadcrumb\"},\"inLanguage\":\"es\",\"potentialAction\":[{\"@type\":\"ReadAction\",\"target\":[\"https:\/\/cenal.gob.ve\/?p=20465\"]}]},{\"@type\":\"BreadcrumbList\",\"@id\":\"https:\/\/cenal.gob.ve\/?p=20465#breadcrumb\",\"itemListElement\":[{\"@type\":\"ListItem\",\"position\":1,\"name\":\"Home\",\"item\":\"https:\/\/cenal.gob.ve\/\"},{\"@type\":\"ListItem\",\"position\":2,\"name\":\"Rosalina Garc\u00eda: La Filven es un \u00edcono de la cultura nacional\"}]},{\"@type\":\"WebSite\",\"@id\":\"https:\/\/cenal.gob.ve\/#website\",\"url\":\"https:\/\/cenal.gob.ve\/\",\"name\":\"Cenal\",\"description\":\"\",\"publisher\":{\"@id\":\"https:\/\/cenal.gob.ve\/#organization\"},\"potentialAction\":[{\"@type\":\"SearchAction\",\"target\":{\"@type\":\"EntryPoint\",\"urlTemplate\":\"https:\/\/cenal.gob.ve\/?s={search_term_string}\"},\"query-input\":\"required name=search_term_string\"}],\"inLanguage\":\"es\"},{\"@type\":\"Organization\",\"@id\":\"https:\/\/cenal.gob.ve\/#organization\",\"name\":\"CENAL\",\"url\":\"https:\/\/cenal.gob.ve\/\",\"sameAs\":[],\"logo\":{\"@type\":\"ImageObject\",\"inLanguage\":\"es\",\"@id\":\"https:\/\/cenal.gob.ve\/#\/schema\/logo\/image\/\",\"url\":\"https:\/\/i0.wp.com\/cenal.gob.ve\/wp-content\/uploads\/2022\/10\/cropped-images.jpg?fit=512%2C512\",\"contentUrl\":\"https:\/\/i0.wp.com\/cenal.gob.ve\/wp-content\/uploads\/2022\/10\/cropped-images.jpg?fit=512%2C512\",\"width\":512,\"height\":512,\"caption\":\"CENAL\"},\"image\":{\"@id\":\"https:\/\/cenal.gob.ve\/#\/schema\/logo\/image\/\"}},{\"@type\":\"Person\",\"@id\":\"https:\/\/cenal.gob.ve\/#\/schema\/person\/e3ed34623f400ffab8bc7a63b2f5533f\",\"name\":\"Prensa Cenal\",\"image\":{\"@type\":\"ImageObject\",\"inLanguage\":\"es\",\"@id\":\"https:\/\/cenal.gob.ve\/#\/schema\/person\/image\/\",\"url\":\"https:\/\/secure.gravatar.com\/avatar\/594b4ed34090910c619ac3679001d491?s=96&d=mm&r=g\",\"contentUrl\":\"https:\/\/secure.gravatar.com\/avatar\/594b4ed34090910c619ac3679001d491?s=96&d=mm&r=g\",\"caption\":\"Prensa Cenal\"},\"url\":\"https:\/\/cenal.gob.ve\/?author=10\"}]}<\/script>\n<!-- \/ Yoast SEO plugin. -->","yoast_head_json":{"title":"Rosalina Garc\u00eda: La Filven es un \u00edcono de la cultura nacional","robots":{"index":"index","follow":"follow","max-snippet":"max-snippet:-1","max-image-preview":"max-image-preview:large","max-video-preview":"max-video-preview:-1"},"canonical":"https:\/\/cenal.gob.ve\/?p=20465","og_locale":"es_ES","og_type":"article","og_title":"Rosalina Garc\u00eda: La Filven es un \u00edcono de la cultura nacional","og_description":"\u201cLa Filven es un \u00edcono de la cultura nacional\u201d, as\u00ed lo afirm\u00f3 Rosalina Garc\u00eda de Jim\u00e9nez, escritora regional homenajeada de la 18\u00aa Filven Miranda, quien se mostr\u00f3 muy feliz y [&hellip;]","og_url":"https:\/\/cenal.gob.ve\/?p=20465","og_site_name":"Cenal","article_published_time":"2023-04-29T02:03:33+00:00","article_modified_time":"2023-04-29T02:03:36+00:00","og_image":[{"width":1080,"height":719,"url":"https:\/\/i0.wp.com\/cenal.gob.ve\/wp-content\/uploads\/2023\/04\/e46089bb-b3fc-4bd6-9d6a-a9592c707503.jpg?fit=1080%2C719&ssl=1","type":"image\/jpeg"}],"author":"Prensa Cenal","twitter_card":"summary_large_image","twitter_misc":{"Written by":"Prensa Cenal","Est. reading time":"2 minutos"},"schema":{"@context":"https:\/\/schema.org","@graph":[{"@type":"Article","@id":"https:\/\/cenal.gob.ve\/?p=20465#article","isPartOf":{"@id":"https:\/\/cenal.gob.ve\/?p=20465"},"author":{"name":"Prensa Cenal","@id":"https:\/\/cenal.gob.ve\/#\/schema\/person\/e3ed34623f400ffab8bc7a63b2f5533f"},"headline":"Rosalina Garc\u00eda: La Filven es un \u00edcono de la cultura nacional","datePublished":"2023-04-29T02:03:33+00:00","dateModified":"2023-04-29T02:03:36+00:00","mainEntityOfPage":{"@id":"https:\/\/cenal.gob.ve\/?p=20465"},"wordCount":352,"commentCount":0,"publisher":{"@id":"https:\/\/cenal.gob.ve\/#organization"},"articleSection":["Filven"],"inLanguage":"es","potentialAction":[{"@type":"CommentAction","name":"Comment","target":["https:\/\/cenal.gob.ve\/?p=20465#respond"]}]},{"@type":"WebPage","@id":"https:\/\/cenal.gob.ve\/?p=20465","url":"https:\/\/cenal.gob.ve\/?p=20465","name":"Rosalina Garc\u00eda: La Filven es un \u00edcono de la cultura nacional","isPartOf":{"@id":"https:\/\/cenal.gob.ve\/#website"},"datePublished":"2023-04-29T02:03:33+00:00","dateModified":"2023-04-29T02:03:36+00:00","breadcrumb":{"@id":"https:\/\/cenal.gob.ve\/?p=20465#breadcrumb"},"inLanguage":"es","potentialAction":[{"@type":"ReadAction","target":["https:\/\/cenal.gob.ve\/?p=20465"]}]},{"@type":"BreadcrumbList","@id":"https:\/\/cenal.gob.ve\/?p=20465#breadcrumb","itemListElement":[{"@type":"ListItem","position":1,"name":"Home","item":"https:\/\/cenal.gob.ve\/"},{"@type":"ListItem","position":2,"name":"Rosalina Garc\u00eda: La Filven es un \u00edcono de la cultura nacional"}]},{"@type":"WebSite","@id":"https:\/\/cenal.gob.ve\/#website","url":"https:\/\/cenal.gob.ve\/","name":"Cenal","description":"","publisher":{"@id":"https:\/\/cenal.gob.ve\/#organization"},"potentialAction":[{"@type":"SearchAction","target":{"@type":"EntryPoint","urlTemplate":"https:\/\/cenal.gob.ve\/?s={search_term_string}"},"query-input":"required name=search_term_string"}],"inLanguage":"es"},{"@type":"Organization","@id":"https:\/\/cenal.gob.ve\/#organization","name":"CENAL","url":"https:\/\/cenal.gob.ve\/","sameAs":[],"logo":{"@type":"ImageObject","inLanguage":"es","@id":"https:\/\/cenal.gob.ve\/#\/schema\/logo\/image\/","url":"https:\/\/i0.wp.com\/cenal.gob.ve\/wp-content\/uploads\/2022\/10\/cropped-images.jpg?fit=512%2C512","contentUrl":"https:\/\/i0.wp.com\/cenal.gob.ve\/wp-content\/uploads\/2022\/10\/cropped-images.jpg?fit=512%2C512","width":512,"height":512,"caption":"CENAL"},"image":{"@id":"https:\/\/cenal.gob.ve\/#\/schema\/logo\/image\/"}},{"@type":"Person","@id":"https:\/\/cenal.gob.ve\/#\/schema\/person\/e3ed34623f400ffab8bc7a63b2f5533f","name":"Prensa Cenal","image":{"@type":"ImageObject","inLanguage":"es","@id":"https:\/\/cenal.gob.ve\/#\/schema\/person\/image\/","url":"https:\/\/secure.gravatar.com\/avatar\/594b4ed34090910c619ac3679001d491?s=96&d=mm&r=g","contentUrl":"https:\/\/secure.gravatar.com\/avatar\/594b4ed34090910c619ac3679001d491?s=96&d=mm&r=g","caption":"Prensa Cenal"},"url":"https:\/\/cenal.gob.ve\/?author=10"}]}},"jetpack_featured_media_url":"https:\/\/cenal.gob.ve\/wp-content\/uploads\/2023\/04\/e46089bb-b3fc-4bd6-9d6a-a9592c707503.jpg","jetpack_publicize_connections":[],"jetpack_shortlink":"https:\/\/wp.me\/p5FMhp-5k5","_links":{"self":[{"href":"https:\/\/cenal.gob.ve\/index.php?rest_route=\/wp\/v2\/posts\/20465"}],"collection":[{"href":"https:\/\/cenal.gob.ve\/index.php?rest_route=\/wp\/v2\/posts"}],"about":[{"href":"https:\/\/cenal.gob.ve\/index.php?rest_route=\/wp\/v2\/types\/post"}],"author":[{"embeddable":true,"href":"https:\/\/cenal.gob.ve\/index.php?rest_route=\/wp\/v2\/users\/10"}],"replies":[{"embeddable":true,"href":"https:\/\/cenal.gob.ve\/index.php?rest_route=%2Fwp%2Fv2%2Fcomments&post=20465"}],"version-history":[{"count":1,"href":"https:\/\/cenal.gob.ve\/index.php?rest_route=\/wp\/v2\/posts\/20465\/revisions"}],"predecessor-version":[{"id":20466,"href":"https:\/\/cenal.gob.ve\/index.php?rest_route=\/wp\/v2\/posts\/20465\/revisions\/20466"}],"wp:featuredmedia":[{"embeddable":true,"href":"https:\/\/cenal.gob.ve\/index.php?rest_route=\/wp\/v2\/media\/20459"}],"wp:attachment":[{"href":"https:\/\/cenal.gob.ve\/index.php?rest_route=%2Fwp%2Fv2%2Fmedia&parent=20465"}],"wp:term":[{"taxonomy":"category","embeddable":true,"href":"https:\/\/cenal.gob.ve\/index.php?rest_route=%2Fwp%2Fv2%2Fcategories&post=20465"},{"taxonomy":"post_tag","embeddable":true,"href":"https:\/\/cenal.gob.ve\/index.php?rest_route=%2Fwp%2Fv2%2Ftags&post=20465"}],"curies":[{"name":"wp","href":"https:\/\/api.w.org\/{rel}","templated":true}]}}