{"id":20467,"date":"2023-04-29T12:14:02","date_gmt":"2023-04-29T16:14:02","guid":{"rendered":"http:\/\/cenal.gob.ve\/?p=20467"},"modified":"2023-04-29T12:14:05","modified_gmt":"2023-04-29T16:14:05","slug":"felicitaron-a-poetas-rafael-cadenas-y-gustavo-pereira-desde-la-filven-miranda","status":"publish","type":"post","link":"https:\/\/cenal.gob.ve\/?p=20467","title":{"rendered":"Felicitaron a poetas Rafael Cadenas y Gustavo Pereira desde la Filven Miranda"},"content":{"rendered":"\n<p>El Centro Nacional del Libro (Cenal), ente adscrito al Ministerio del Poder Popular para la Cultura, extendi\u00f3 felicitaciones en el marco de la inauguraci\u00f3n de la 18\u00aa Filven Miranda a los poetas venezolanos Rafael Cadenas (Lara, 1930) y Gustavo Pereira (Nueva Esparta, 1940), galardonados con el Premio Cervantes y el Premio de Poes\u00eda Jos\u00e9 Lezama Lima, respectivamente.<\/p>\n\n\n\n<p>El presidente del Cenal y viceministro de Fomento para Econom\u00eda Cultural, Ra\u00fal Cazal, destac\u00f3 desde la m\u00e1xima fiesta literaria de Venezuela, que se encuentra recorriendo el pa\u00eds, que el poeta y ensayista Rafael Cadenas se convirti\u00f3 en el primer venezolano en ganar el premio Cervantes.<\/p>\n\n\n\n<p>El premio es concedido anualmente por el Ministerio de Cultura y Deporte de Espa\u00f1a, a propuesta de la Asociaci\u00f3n de Academias de la Lengua Espa\u00f1ol, como reconocimiento a la labor creadora de escritores espa\u00f1oles e hispanoamericanos cuya obra haya contribuido a enriquecer de forma notable el patrimonio literario en lengua espa\u00f1ola.<\/p>\n\n\n\n<p>Asimismo, el viceministro Cazal celebr\u00f3 el galard\u00f3n honor\u00edfico para Pereira que entrega la Casa de las Am\u00e9ricas, en La Habana, Cuba, por el<em> Diario de las revelaciones<\/em>, obra donde se cruzan la l\u00edrica, la narrativa y la reflexi\u00f3n.<\/p>\n\n\n\n<p>El reconocimiento fue concedido a Pereira por tratarse su obra \u201cde un ambicioso proyecto que desborda g\u00e9neros y asimila lo po\u00e9tico a formas y expresiones que suelen serle esquivas, y por el feliz modo en que trabaja lo enciclop\u00e9dico \u2013con un lenguaje que se mueve en los m\u00e1s variados registros\u2013 dentro del espacio de la escritura privada\u201d.<\/p>\n\n\n\n<p><strong>Felicitaciones para Eduardo Viloria y Esmeralda Torres<\/strong><\/p>\n\n\n\n<p>Adem\u00e1s, se suman las felicitaciones a Eduardo Ernesto Viloria Daboin por ganar el Premio Literario Casa de las Am\u00e9ricas en Literatura Testimonial por <em>Despu\u00e9s del incendio (Papeles de guerra: Venezuela 2017-2021)<\/em>, dentro de un grupo de 96 obras evaluadas, y a Esmeralda Torres por la menci\u00f3n en la categor\u00eda Cuentos por<em> La noche de la casa<\/em>,\u00a0 dentro de los 353 libros de cuentos presentados.<\/p>\n\n\n\n<p>El jurado integrado por por Telma Luzzani (Argentina), Cristian Valencia (Colombia) y Ricardo River\u00f3n Rojas (Cuba) argument\u00f3 sobre la obra del venezolano Viloria Dabo\u00edn que \u201cse trata de un testimonio de alta elocuencia sobre personas y procesos generalmente no visibilizados en la Venezuela actual, en el que resulta evidente la metodolog\u00eda del imperio \u2013que hoy es lugar com\u00fan\u2013 contra los procesos emancipatorios en los pa\u00edses de Nuestra Am\u00e9rica y aquellos que no se le someten\u201d.<\/p>\n\n\n\n<p>Anterior a Eduardo Ernesto Viloria Dabo\u00edn ganaron el Casa de las Am\u00e9ricas en g\u00e9nero testimonial la historiadora Elizabeth Burgos por <em>Me llamo Rigoberta Mench\u00fa y as\u00ed me naci\u00f3 la conciencia<\/em> (1983) y el legendario comandante Al\u00ed G\u00f3mez Garc\u00eda por <em>Falsas, maliciosas y escandalosas reflexiones de un \u00f1\u00e1ngara <\/em>(1985).<\/p>\n\n\n\n<p>El Premio Literario Casa de las Am\u00e9ricas, en esta edici\u00f3n 63, evalu\u00f3 480 obras que concursaron en los g\u00e9neros y categor\u00edas de Cuento, Literatura testimonial, Estudios sobre la presencia negra en la Am\u00e9rica y el Caribe contempor\u00e1neos, y Literatura brasile\u00f1a.<\/p>\n","protected":false},"excerpt":{"rendered":"<p>El Centro Nacional del Libro (Cenal), ente adscrito al Ministerio del Poder Popular para la Cultura, extendi\u00f3 felicitaciones en el marco de la inauguraci\u00f3n de la 18\u00aa Filven Miranda a [&hellip;]<\/p>\n","protected":false},"author":10,"featured_media":20468,"comment_status":"open","ping_status":"closed","sticky":false,"template":"","format":"standard","meta":{"spay_email":"","jetpack_publicize_message":"","jetpack_is_tweetstorm":false,"jetpack_publicize_feature_enabled":true},"categories":[2,12],"tags":[],"yoast_head":"<!-- This site is optimized with the Yoast SEO plugin v19.8 - https:\/\/yoast.com\/wordpress\/plugins\/seo\/ -->\n<title>Felicitaron a poetas Rafael Cadenas y Gustavo Pereira desde la Filven Miranda<\/title>\n<meta name=\"robots\" content=\"index, follow, max-snippet:-1, max-image-preview:large, max-video-preview:-1\" \/>\n<link rel=\"canonical\" href=\"https:\/\/cenal.gob.ve\/?p=20467\" \/>\n<meta property=\"og:locale\" content=\"es_ES\" \/>\n<meta property=\"og:type\" content=\"article\" \/>\n<meta property=\"og:title\" content=\"Felicitaron a poetas Rafael Cadenas y Gustavo Pereira desde la Filven Miranda\" \/>\n<meta property=\"og:description\" content=\"El Centro Nacional del Libro (Cenal), ente adscrito al Ministerio del Poder Popular para la Cultura, extendi\u00f3 felicitaciones en el marco de la inauguraci\u00f3n de la 18\u00aa Filven Miranda a [&hellip;]\" \/>\n<meta property=\"og:url\" content=\"https:\/\/cenal.gob.ve\/?p=20467\" \/>\n<meta property=\"og:site_name\" content=\"Cenal\" \/>\n<meta property=\"article:published_time\" content=\"2023-04-29T16:14:02+00:00\" \/>\n<meta property=\"article:modified_time\" content=\"2023-04-29T16:14:05+00:00\" \/>\n<meta property=\"og:image\" content=\"https:\/\/i0.wp.com\/cenal.gob.ve\/wp-content\/uploads\/2023\/04\/1e5543d9-4c9d-4a62-ba69-d5f843ec640a.jpg?fit=1059%2C757&ssl=1\" \/>\n\t<meta property=\"og:image:width\" content=\"1059\" \/>\n\t<meta property=\"og:image:height\" content=\"757\" \/>\n\t<meta property=\"og:image:type\" content=\"image\/jpeg\" \/>\n<meta name=\"author\" content=\"Prensa Cenal\" \/>\n<meta name=\"twitter:card\" content=\"summary_large_image\" \/>\n<meta name=\"twitter:label1\" content=\"Written by\" \/>\n\t<meta name=\"twitter:data1\" content=\"Prensa Cenal\" \/>\n\t<meta name=\"twitter:label2\" content=\"Est. reading time\" \/>\n\t<meta name=\"twitter:data2\" content=\"3 minutos\" \/>\n<script type=\"application\/ld+json\" class=\"yoast-schema-graph\">{\"@context\":\"https:\/\/schema.org\",\"@graph\":[{\"@type\":\"Article\",\"@id\":\"https:\/\/cenal.gob.ve\/?p=20467#article\",\"isPartOf\":{\"@id\":\"https:\/\/cenal.gob.ve\/?p=20467\"},\"author\":{\"name\":\"Prensa Cenal\",\"@id\":\"https:\/\/cenal.gob.ve\/#\/schema\/person\/e3ed34623f400ffab8bc7a63b2f5533f\"},\"headline\":\"Felicitaron a poetas Rafael Cadenas y Gustavo Pereira desde la Filven Miranda\",\"datePublished\":\"2023-04-29T16:14:02+00:00\",\"dateModified\":\"2023-04-29T16:14:05+00:00\",\"mainEntityOfPage\":{\"@id\":\"https:\/\/cenal.gob.ve\/?p=20467\"},\"wordCount\":528,\"commentCount\":0,\"publisher\":{\"@id\":\"https:\/\/cenal.gob.ve\/#organization\"},\"articleSection\":[\"Cenal\",\"Filven\"],\"inLanguage\":\"es\",\"potentialAction\":[{\"@type\":\"CommentAction\",\"name\":\"Comment\",\"target\":[\"https:\/\/cenal.gob.ve\/?p=20467#respond\"]}]},{\"@type\":\"WebPage\",\"@id\":\"https:\/\/cenal.gob.ve\/?p=20467\",\"url\":\"https:\/\/cenal.gob.ve\/?p=20467\",\"name\":\"Felicitaron a poetas Rafael Cadenas y Gustavo Pereira desde la Filven Miranda\",\"isPartOf\":{\"@id\":\"https:\/\/cenal.gob.ve\/#website\"},\"datePublished\":\"2023-04-29T16:14:02+00:00\",\"dateModified\":\"2023-04-29T16:14:05+00:00\",\"breadcrumb\":{\"@id\":\"https:\/\/cenal.gob.ve\/?p=20467#breadcrumb\"},\"inLanguage\":\"es\",\"potentialAction\":[{\"@type\":\"ReadAction\",\"target\":[\"https:\/\/cenal.gob.ve\/?p=20467\"]}]},{\"@type\":\"BreadcrumbList\",\"@id\":\"https:\/\/cenal.gob.ve\/?p=20467#breadcrumb\",\"itemListElement\":[{\"@type\":\"ListItem\",\"position\":1,\"name\":\"Home\",\"item\":\"https:\/\/cenal.gob.ve\/\"},{\"@type\":\"ListItem\",\"position\":2,\"name\":\"Felicitaron a poetas Rafael Cadenas y Gustavo Pereira desde la Filven Miranda\"}]},{\"@type\":\"WebSite\",\"@id\":\"https:\/\/cenal.gob.ve\/#website\",\"url\":\"https:\/\/cenal.gob.ve\/\",\"name\":\"Cenal\",\"description\":\"\",\"publisher\":{\"@id\":\"https:\/\/cenal.gob.ve\/#organization\"},\"potentialAction\":[{\"@type\":\"SearchAction\",\"target\":{\"@type\":\"EntryPoint\",\"urlTemplate\":\"https:\/\/cenal.gob.ve\/?s={search_term_string}\"},\"query-input\":\"required name=search_term_string\"}],\"inLanguage\":\"es\"},{\"@type\":\"Organization\",\"@id\":\"https:\/\/cenal.gob.ve\/#organization\",\"name\":\"CENAL\",\"url\":\"https:\/\/cenal.gob.ve\/\",\"sameAs\":[],\"logo\":{\"@type\":\"ImageObject\",\"inLanguage\":\"es\",\"@id\":\"https:\/\/cenal.gob.ve\/#\/schema\/logo\/image\/\",\"url\":\"https:\/\/i0.wp.com\/cenal.gob.ve\/wp-content\/uploads\/2022\/10\/cropped-images.jpg?fit=512%2C512\",\"contentUrl\":\"https:\/\/i0.wp.com\/cenal.gob.ve\/wp-content\/uploads\/2022\/10\/cropped-images.jpg?fit=512%2C512\",\"width\":512,\"height\":512,\"caption\":\"CENAL\"},\"image\":{\"@id\":\"https:\/\/cenal.gob.ve\/#\/schema\/logo\/image\/\"}},{\"@type\":\"Person\",\"@id\":\"https:\/\/cenal.gob.ve\/#\/schema\/person\/e3ed34623f400ffab8bc7a63b2f5533f\",\"name\":\"Prensa Cenal\",\"image\":{\"@type\":\"ImageObject\",\"inLanguage\":\"es\",\"@id\":\"https:\/\/cenal.gob.ve\/#\/schema\/person\/image\/\",\"url\":\"https:\/\/secure.gravatar.com\/avatar\/594b4ed34090910c619ac3679001d491?s=96&d=mm&r=g\",\"contentUrl\":\"https:\/\/secure.gravatar.com\/avatar\/594b4ed34090910c619ac3679001d491?s=96&d=mm&r=g\",\"caption\":\"Prensa Cenal\"},\"url\":\"https:\/\/cenal.gob.ve\/?author=10\"}]}<\/script>\n<!-- \/ Yoast SEO plugin. -->","yoast_head_json":{"title":"Felicitaron a poetas Rafael Cadenas y Gustavo Pereira desde la Filven Miranda","robots":{"index":"index","follow":"follow","max-snippet":"max-snippet:-1","max-image-preview":"max-image-preview:large","max-video-preview":"max-video-preview:-1"},"canonical":"https:\/\/cenal.gob.ve\/?p=20467","og_locale":"es_ES","og_type":"article","og_title":"Felicitaron a poetas Rafael Cadenas y Gustavo Pereira desde la Filven Miranda","og_description":"El Centro Nacional del Libro (Cenal), ente adscrito al Ministerio del Poder Popular para la Cultura, extendi\u00f3 felicitaciones en el marco de la inauguraci\u00f3n de la 18\u00aa Filven Miranda a [&hellip;]","og_url":"https:\/\/cenal.gob.ve\/?p=20467","og_site_name":"Cenal","article_published_time":"2023-04-29T16:14:02+00:00","article_modified_time":"2023-04-29T16:14:05+00:00","og_image":[{"width":1059,"height":757,"url":"https:\/\/i0.wp.com\/cenal.gob.ve\/wp-content\/uploads\/2023\/04\/1e5543d9-4c9d-4a62-ba69-d5f843ec640a.jpg?fit=1059%2C757&ssl=1","type":"image\/jpeg"}],"author":"Prensa Cenal","twitter_card":"summary_large_image","twitter_misc":{"Written by":"Prensa Cenal","Est. reading time":"3 minutos"},"schema":{"@context":"https:\/\/schema.org","@graph":[{"@type":"Article","@id":"https:\/\/cenal.gob.ve\/?p=20467#article","isPartOf":{"@id":"https:\/\/cenal.gob.ve\/?p=20467"},"author":{"name":"Prensa Cenal","@id":"https:\/\/cenal.gob.ve\/#\/schema\/person\/e3ed34623f400ffab8bc7a63b2f5533f"},"headline":"Felicitaron a poetas Rafael Cadenas y Gustavo Pereira desde la Filven Miranda","datePublished":"2023-04-29T16:14:02+00:00","dateModified":"2023-04-29T16:14:05+00:00","mainEntityOfPage":{"@id":"https:\/\/cenal.gob.ve\/?p=20467"},"wordCount":528,"commentCount":0,"publisher":{"@id":"https:\/\/cenal.gob.ve\/#organization"},"articleSection":["Cenal","Filven"],"inLanguage":"es","potentialAction":[{"@type":"CommentAction","name":"Comment","target":["https:\/\/cenal.gob.ve\/?p=20467#respond"]}]},{"@type":"WebPage","@id":"https:\/\/cenal.gob.ve\/?p=20467","url":"https:\/\/cenal.gob.ve\/?p=20467","name":"Felicitaron a poetas Rafael Cadenas y Gustavo Pereira desde la Filven Miranda","isPartOf":{"@id":"https:\/\/cenal.gob.ve\/#website"},"datePublished":"2023-04-29T16:14:02+00:00","dateModified":"2023-04-29T16:14:05+00:00","breadcrumb":{"@id":"https:\/\/cenal.gob.ve\/?p=20467#breadcrumb"},"inLanguage":"es","potentialAction":[{"@type":"ReadAction","target":["https:\/\/cenal.gob.ve\/?p=20467"]}]},{"@type":"BreadcrumbList","@id":"https:\/\/cenal.gob.ve\/?p=20467#breadcrumb","itemListElement":[{"@type":"ListItem","position":1,"name":"Home","item":"https:\/\/cenal.gob.ve\/"},{"@type":"ListItem","position":2,"name":"Felicitaron a poetas Rafael Cadenas y Gustavo Pereira desde la Filven Miranda"}]},{"@type":"WebSite","@id":"https:\/\/cenal.gob.ve\/#website","url":"https:\/\/cenal.gob.ve\/","name":"Cenal","description":"","publisher":{"@id":"https:\/\/cenal.gob.ve\/#organization"},"potentialAction":[{"@type":"SearchAction","target":{"@type":"EntryPoint","urlTemplate":"https:\/\/cenal.gob.ve\/?s={search_term_string}"},"query-input":"required name=search_term_string"}],"inLanguage":"es"},{"@type":"Organization","@id":"https:\/\/cenal.gob.ve\/#organization","name":"CENAL","url":"https:\/\/cenal.gob.ve\/","sameAs":[],"logo":{"@type":"ImageObject","inLanguage":"es","@id":"https:\/\/cenal.gob.ve\/#\/schema\/logo\/image\/","url":"https:\/\/i0.wp.com\/cenal.gob.ve\/wp-content\/uploads\/2022\/10\/cropped-images.jpg?fit=512%2C512","contentUrl":"https:\/\/i0.wp.com\/cenal.gob.ve\/wp-content\/uploads\/2022\/10\/cropped-images.jpg?fit=512%2C512","width":512,"height":512,"caption":"CENAL"},"image":{"@id":"https:\/\/cenal.gob.ve\/#\/schema\/logo\/image\/"}},{"@type":"Person","@id":"https:\/\/cenal.gob.ve\/#\/schema\/person\/e3ed34623f400ffab8bc7a63b2f5533f","name":"Prensa Cenal","image":{"@type":"ImageObject","inLanguage":"es","@id":"https:\/\/cenal.gob.ve\/#\/schema\/person\/image\/","url":"https:\/\/secure.gravatar.com\/avatar\/594b4ed34090910c619ac3679001d491?s=96&d=mm&r=g","contentUrl":"https:\/\/secure.gravatar.com\/avatar\/594b4ed34090910c619ac3679001d491?s=96&d=mm&r=g","caption":"Prensa Cenal"},"url":"https:\/\/cenal.gob.ve\/?author=10"}]}},"jetpack_featured_media_url":"https:\/\/cenal.gob.ve\/wp-content\/uploads\/2023\/04\/1e5543d9-4c9d-4a62-ba69-d5f843ec640a.jpg","jetpack_publicize_connections":[],"jetpack_shortlink":"https:\/\/wp.me\/p5FMhp-5k7","_links":{"self":[{"href":"https:\/\/cenal.gob.ve\/index.php?rest_route=\/wp\/v2\/posts\/20467"}],"collection":[{"href":"https:\/\/cenal.gob.ve\/index.php?rest_route=\/wp\/v2\/posts"}],"about":[{"href":"https:\/\/cenal.gob.ve\/index.php?rest_route=\/wp\/v2\/types\/post"}],"author":[{"embeddable":true,"href":"https:\/\/cenal.gob.ve\/index.php?rest_route=\/wp\/v2\/users\/10"}],"replies":[{"embeddable":true,"href":"https:\/\/cenal.gob.ve\/index.php?rest_route=%2Fwp%2Fv2%2Fcomments&post=20467"}],"version-history":[{"count":1,"href":"https:\/\/cenal.gob.ve\/index.php?rest_route=\/wp\/v2\/posts\/20467\/revisions"}],"predecessor-version":[{"id":20469,"href":"https:\/\/cenal.gob.ve\/index.php?rest_route=\/wp\/v2\/posts\/20467\/revisions\/20469"}],"wp:featuredmedia":[{"embeddable":true,"href":"https:\/\/cenal.gob.ve\/index.php?rest_route=\/wp\/v2\/media\/20468"}],"wp:attachment":[{"href":"https:\/\/cenal.gob.ve\/index.php?rest_route=%2Fwp%2Fv2%2Fmedia&parent=20467"}],"wp:term":[{"taxonomy":"category","embeddable":true,"href":"https:\/\/cenal.gob.ve\/index.php?rest_route=%2Fwp%2Fv2%2Fcategories&post=20467"},{"taxonomy":"post_tag","embeddable":true,"href":"https:\/\/cenal.gob.ve\/index.php?rest_route=%2Fwp%2Fv2%2Ftags&post=20467"}],"curies":[{"name":"wp","href":"https:\/\/api.w.org\/{rel}","templated":true}]}}