{"id":20479,"date":"2023-05-08T15:16:02","date_gmt":"2023-05-08T19:16:02","guid":{"rendered":"http:\/\/cenal.gob.ve\/?p=20479"},"modified":"2023-05-08T15:16:09","modified_gmt":"2023-05-08T19:16:09","slug":"la-18a-filven-llega-a-anzoategui-del-11-al-13-de-mayo","status":"publish","type":"post","link":"https:\/\/cenal.gob.ve\/?p=20479","title":{"rendered":"La 18\u00aa Filven llega a Anzo\u00e1tegui del 11 al 13 de mayo"},"content":{"rendered":"\n<p>La 18\u00aa Filven llega al estado Anzo\u00e1tegui desde este jueves 11 y hasta el s\u00e1bado 13 de mayo con el lema Leer descoloniza.<\/p>\n\n\n\n<p>El encuentro literario tendr\u00e1 lugar en la ciudad de Barcelona, en la plaza externa de la sede de la Gobernaci\u00f3n de Anzo\u00e1tegui, ubicada en la avenida 5 de julio, municipio Sim\u00f3n Bol\u00edvar.<\/p>\n\n\n\n<p>El p\u00fablico podr\u00e1 disfrutar de una variada programaci\u00f3n literaria y cultural con presentaciones de libros, recitales de poes\u00eda, conversatorios, conferencias, talleres, el tradicional pabell\u00f3n infantil y actividades art\u00edsticas.<\/p>\n\n\n\n<p>Estar\u00e1 disponible una gran variedad de t\u00edtulos de editoriales p\u00fablicas, privadas e independientes, entre ellos los publicados por la plataforma del libro y la lectura del Ministerio del Poder Popular para la Cultura, integrada por las editoriales El perro y la rana, Biblioteca Ayacucho y Monte \u00c1vila.<\/p>\n\n\n\n<p><strong>Homenaje a Franklin Hern\u00e1ndez<\/strong><\/p>\n\n\n\n<p>En esta edici\u00f3n, el escritor regional homenajeado es el poeta, investigador, artista pl\u00e1stico y promotor cultural Franklin Hern\u00e1ndez, autor de los libros de poes\u00eda <em>Miop\u00eda<\/em> (Pliegos de la visi\u00f3n, Espa\u00f1a, 2019); <em>Poemas-Objeto: Cuerpo y textura de la poes\u00eda<\/em> (El Perro y La Rana, Caracas, 2011); <em>Simples<\/em> (El Perro y La Rana, Caracas, 2006); <em>La Escritura y t\u00fa<\/em> (SER Anzo\u00e1tegui, 2010); <em>Breves<\/em> (El Pez Soluble, Caracas, 2000).<\/p>\n\n\n\n<p>Entre sus trabajos de investigaci\u00f3n publicados est\u00e1n Yubana Marc\u00f3: Acercamientos (El Perro y La Rana, Caracas, 2022); Eduardo Sifontes: Relevo de Guardia: Obra reunida: poes\u00eda y prosa 1962-1974 (El Perro y La Rana, Caracas, 2021); Silabario del Incierto. Entrevista a Juan Calzadilla (Fundarte, 2015); La Imagen Doble (El Perro y La Rana, Caracas, 2006).<\/p>\n\n\n\n<p>Adem\u00e1s, asistir\u00e1n como escritores nacionales invitados el poeta y ensayista venezolano Celso Medina, ganador del Premio Municipal de Literatura de Caracas (2014), quien dictar\u00e1 el curso \u201cPalabra y poes\u00eda en el \u00c1frica franc\u00f3fona\u201d, y Antonio Trujillo, cronista oficial del municipio Los Salias en el estado Miranda y director y fundador de la revista literaria Trapos y Helechos, quien conversar\u00e1 sobre Cr\u00f3nica y comuna.<\/p>\n\n\n\n<p>La 18\u00aa Filven Anzo\u00e1tegui es producto del trabajo organizado entre el Ministerio del Poder Popular para la Cultura, a trav\u00e9s del Centro Nacional del Libro (Cenal) y el Gabinete Estadal de Cultura, y la Gobernaci\u00f3n de la entidad.<\/p>\n\n\n\n<figure class=\"wp-block-image size-large\"><img width=\"1024\" height=\"1024\" src=\"http:\/\/cenal.gob.ve\/wp-content\/uploads\/2023\/05\/flyer-1024x1024.jpg\" alt=\"\" class=\"wp-image-20488\" srcset=\"https:\/\/cenal.gob.ve\/wp-content\/uploads\/2023\/05\/flyer-1024x1024.jpg 1024w, https:\/\/cenal.gob.ve\/wp-content\/uploads\/2023\/05\/flyer-300x300.jpg 300w, https:\/\/cenal.gob.ve\/wp-content\/uploads\/2023\/05\/flyer-150x150.jpg 150w, https:\/\/cenal.gob.ve\/wp-content\/uploads\/2023\/05\/flyer-768x768.jpg 768w, https:\/\/cenal.gob.ve\/wp-content\/uploads\/2023\/05\/flyer-1536x1536.jpg 1536w, https:\/\/cenal.gob.ve\/wp-content\/uploads\/2023\/05\/flyer-2048x2048.jpg 2048w, https:\/\/cenal.gob.ve\/wp-content\/uploads\/2023\/05\/flyer-640x640.jpg 640w\" sizes=\"(max-width: 1024px) 100vw, 1024px\" \/><\/figure>\n","protected":false},"excerpt":{"rendered":"<p>La 18\u00aa Filven llega al estado Anzo\u00e1tegui desde este jueves 11 y hasta el s\u00e1bado 13 de mayo con el lema Leer descoloniza. El encuentro literario tendr\u00e1 lugar en la [&hellip;]<\/p>\n","protected":false},"author":10,"featured_media":20480,"comment_status":"open","ping_status":"closed","sticky":false,"template":"","format":"standard","meta":{"spay_email":"","jetpack_publicize_message":"","jetpack_is_tweetstorm":false,"jetpack_publicize_feature_enabled":true},"categories":[12],"tags":[],"yoast_head":"<!-- This site is optimized with the Yoast SEO plugin v19.8 - https:\/\/yoast.com\/wordpress\/plugins\/seo\/ -->\n<title>La 18\u00aa Filven llega a Anzo\u00e1tegui del 11 al 13 de mayo<\/title>\n<meta name=\"robots\" content=\"index, follow, max-snippet:-1, max-image-preview:large, max-video-preview:-1\" \/>\n<link rel=\"canonical\" href=\"https:\/\/cenal.gob.ve\/?p=20479\" \/>\n<meta property=\"og:locale\" content=\"es_ES\" \/>\n<meta property=\"og:type\" content=\"article\" \/>\n<meta property=\"og:title\" content=\"La 18\u00aa Filven llega a Anzo\u00e1tegui del 11 al 13 de mayo\" \/>\n<meta property=\"og:description\" content=\"La 18\u00aa Filven llega al estado Anzo\u00e1tegui desde este jueves 11 y hasta el s\u00e1bado 13 de mayo con el lema Leer descoloniza. El encuentro literario tendr\u00e1 lugar en la [&hellip;]\" \/>\n<meta property=\"og:url\" content=\"https:\/\/cenal.gob.ve\/?p=20479\" \/>\n<meta property=\"og:site_name\" content=\"Cenal\" \/>\n<meta property=\"article:published_time\" content=\"2023-05-08T19:16:02+00:00\" \/>\n<meta property=\"article:modified_time\" content=\"2023-05-08T19:16:09+00:00\" \/>\n<meta property=\"og:image\" content=\"https:\/\/i0.wp.com\/cenal.gob.ve\/wp-content\/uploads\/2023\/05\/filven-anzoategui.png?fit=1024%2C570&ssl=1\" \/>\n\t<meta property=\"og:image:width\" content=\"1024\" \/>\n\t<meta property=\"og:image:height\" content=\"570\" \/>\n\t<meta property=\"og:image:type\" content=\"image\/png\" \/>\n<meta name=\"author\" content=\"Prensa Cenal\" \/>\n<meta name=\"twitter:card\" content=\"summary_large_image\" \/>\n<meta name=\"twitter:label1\" content=\"Written by\" \/>\n\t<meta name=\"twitter:data1\" content=\"Prensa Cenal\" \/>\n\t<meta name=\"twitter:label2\" content=\"Est. reading time\" \/>\n\t<meta name=\"twitter:data2\" content=\"2 minutos\" \/>\n<script type=\"application\/ld+json\" class=\"yoast-schema-graph\">{\"@context\":\"https:\/\/schema.org\",\"@graph\":[{\"@type\":\"Article\",\"@id\":\"https:\/\/cenal.gob.ve\/?p=20479#article\",\"isPartOf\":{\"@id\":\"https:\/\/cenal.gob.ve\/?p=20479\"},\"author\":{\"name\":\"Prensa Cenal\",\"@id\":\"https:\/\/cenal.gob.ve\/#\/schema\/person\/e3ed34623f400ffab8bc7a63b2f5533f\"},\"headline\":\"La 18\u00aa Filven llega a Anzo\u00e1tegui del 11 al 13 de mayo\",\"datePublished\":\"2023-05-08T19:16:02+00:00\",\"dateModified\":\"2023-05-08T19:16:09+00:00\",\"mainEntityOfPage\":{\"@id\":\"https:\/\/cenal.gob.ve\/?p=20479\"},\"wordCount\":384,\"commentCount\":0,\"publisher\":{\"@id\":\"https:\/\/cenal.gob.ve\/#organization\"},\"articleSection\":[\"Filven\"],\"inLanguage\":\"es\",\"potentialAction\":[{\"@type\":\"CommentAction\",\"name\":\"Comment\",\"target\":[\"https:\/\/cenal.gob.ve\/?p=20479#respond\"]}]},{\"@type\":\"WebPage\",\"@id\":\"https:\/\/cenal.gob.ve\/?p=20479\",\"url\":\"https:\/\/cenal.gob.ve\/?p=20479\",\"name\":\"La 18\u00aa Filven llega a Anzo\u00e1tegui del 11 al 13 de mayo\",\"isPartOf\":{\"@id\":\"https:\/\/cenal.gob.ve\/#website\"},\"datePublished\":\"2023-05-08T19:16:02+00:00\",\"dateModified\":\"2023-05-08T19:16:09+00:00\",\"breadcrumb\":{\"@id\":\"https:\/\/cenal.gob.ve\/?p=20479#breadcrumb\"},\"inLanguage\":\"es\",\"potentialAction\":[{\"@type\":\"ReadAction\",\"target\":[\"https:\/\/cenal.gob.ve\/?p=20479\"]}]},{\"@type\":\"BreadcrumbList\",\"@id\":\"https:\/\/cenal.gob.ve\/?p=20479#breadcrumb\",\"itemListElement\":[{\"@type\":\"ListItem\",\"position\":1,\"name\":\"Home\",\"item\":\"https:\/\/cenal.gob.ve\/\"},{\"@type\":\"ListItem\",\"position\":2,\"name\":\"La 18\u00aa Filven llega a Anzo\u00e1tegui del 11 al 13 de mayo\"}]},{\"@type\":\"WebSite\",\"@id\":\"https:\/\/cenal.gob.ve\/#website\",\"url\":\"https:\/\/cenal.gob.ve\/\",\"name\":\"Cenal\",\"description\":\"\",\"publisher\":{\"@id\":\"https:\/\/cenal.gob.ve\/#organization\"},\"potentialAction\":[{\"@type\":\"SearchAction\",\"target\":{\"@type\":\"EntryPoint\",\"urlTemplate\":\"https:\/\/cenal.gob.ve\/?s={search_term_string}\"},\"query-input\":\"required name=search_term_string\"}],\"inLanguage\":\"es\"},{\"@type\":\"Organization\",\"@id\":\"https:\/\/cenal.gob.ve\/#organization\",\"name\":\"CENAL\",\"url\":\"https:\/\/cenal.gob.ve\/\",\"sameAs\":[],\"logo\":{\"@type\":\"ImageObject\",\"inLanguage\":\"es\",\"@id\":\"https:\/\/cenal.gob.ve\/#\/schema\/logo\/image\/\",\"url\":\"https:\/\/i0.wp.com\/cenal.gob.ve\/wp-content\/uploads\/2022\/10\/cropped-images.jpg?fit=512%2C512\",\"contentUrl\":\"https:\/\/i0.wp.com\/cenal.gob.ve\/wp-content\/uploads\/2022\/10\/cropped-images.jpg?fit=512%2C512\",\"width\":512,\"height\":512,\"caption\":\"CENAL\"},\"image\":{\"@id\":\"https:\/\/cenal.gob.ve\/#\/schema\/logo\/image\/\"}},{\"@type\":\"Person\",\"@id\":\"https:\/\/cenal.gob.ve\/#\/schema\/person\/e3ed34623f400ffab8bc7a63b2f5533f\",\"name\":\"Prensa Cenal\",\"image\":{\"@type\":\"ImageObject\",\"inLanguage\":\"es\",\"@id\":\"https:\/\/cenal.gob.ve\/#\/schema\/person\/image\/\",\"url\":\"https:\/\/secure.gravatar.com\/avatar\/594b4ed34090910c619ac3679001d491?s=96&d=mm&r=g\",\"contentUrl\":\"https:\/\/secure.gravatar.com\/avatar\/594b4ed34090910c619ac3679001d491?s=96&d=mm&r=g\",\"caption\":\"Prensa Cenal\"},\"url\":\"https:\/\/cenal.gob.ve\/?author=10\"}]}<\/script>\n<!-- \/ Yoast SEO plugin. -->","yoast_head_json":{"title":"La 18\u00aa Filven llega a Anzo\u00e1tegui del 11 al 13 de mayo","robots":{"index":"index","follow":"follow","max-snippet":"max-snippet:-1","max-image-preview":"max-image-preview:large","max-video-preview":"max-video-preview:-1"},"canonical":"https:\/\/cenal.gob.ve\/?p=20479","og_locale":"es_ES","og_type":"article","og_title":"La 18\u00aa Filven llega a Anzo\u00e1tegui del 11 al 13 de mayo","og_description":"La 18\u00aa Filven llega al estado Anzo\u00e1tegui desde este jueves 11 y hasta el s\u00e1bado 13 de mayo con el lema Leer descoloniza. El encuentro literario tendr\u00e1 lugar en la [&hellip;]","og_url":"https:\/\/cenal.gob.ve\/?p=20479","og_site_name":"Cenal","article_published_time":"2023-05-08T19:16:02+00:00","article_modified_time":"2023-05-08T19:16:09+00:00","og_image":[{"width":1024,"height":570,"url":"https:\/\/i0.wp.com\/cenal.gob.ve\/wp-content\/uploads\/2023\/05\/filven-anzoategui.png?fit=1024%2C570&ssl=1","type":"image\/png"}],"author":"Prensa Cenal","twitter_card":"summary_large_image","twitter_misc":{"Written by":"Prensa Cenal","Est. reading time":"2 minutos"},"schema":{"@context":"https:\/\/schema.org","@graph":[{"@type":"Article","@id":"https:\/\/cenal.gob.ve\/?p=20479#article","isPartOf":{"@id":"https:\/\/cenal.gob.ve\/?p=20479"},"author":{"name":"Prensa Cenal","@id":"https:\/\/cenal.gob.ve\/#\/schema\/person\/e3ed34623f400ffab8bc7a63b2f5533f"},"headline":"La 18\u00aa Filven llega a Anzo\u00e1tegui del 11 al 13 de mayo","datePublished":"2023-05-08T19:16:02+00:00","dateModified":"2023-05-08T19:16:09+00:00","mainEntityOfPage":{"@id":"https:\/\/cenal.gob.ve\/?p=20479"},"wordCount":384,"commentCount":0,"publisher":{"@id":"https:\/\/cenal.gob.ve\/#organization"},"articleSection":["Filven"],"inLanguage":"es","potentialAction":[{"@type":"CommentAction","name":"Comment","target":["https:\/\/cenal.gob.ve\/?p=20479#respond"]}]},{"@type":"WebPage","@id":"https:\/\/cenal.gob.ve\/?p=20479","url":"https:\/\/cenal.gob.ve\/?p=20479","name":"La 18\u00aa Filven llega a Anzo\u00e1tegui del 11 al 13 de mayo","isPartOf":{"@id":"https:\/\/cenal.gob.ve\/#website"},"datePublished":"2023-05-08T19:16:02+00:00","dateModified":"2023-05-08T19:16:09+00:00","breadcrumb":{"@id":"https:\/\/cenal.gob.ve\/?p=20479#breadcrumb"},"inLanguage":"es","potentialAction":[{"@type":"ReadAction","target":["https:\/\/cenal.gob.ve\/?p=20479"]}]},{"@type":"BreadcrumbList","@id":"https:\/\/cenal.gob.ve\/?p=20479#breadcrumb","itemListElement":[{"@type":"ListItem","position":1,"name":"Home","item":"https:\/\/cenal.gob.ve\/"},{"@type":"ListItem","position":2,"name":"La 18\u00aa Filven llega a Anzo\u00e1tegui del 11 al 13 de mayo"}]},{"@type":"WebSite","@id":"https:\/\/cenal.gob.ve\/#website","url":"https:\/\/cenal.gob.ve\/","name":"Cenal","description":"","publisher":{"@id":"https:\/\/cenal.gob.ve\/#organization"},"potentialAction":[{"@type":"SearchAction","target":{"@type":"EntryPoint","urlTemplate":"https:\/\/cenal.gob.ve\/?s={search_term_string}"},"query-input":"required name=search_term_string"}],"inLanguage":"es"},{"@type":"Organization","@id":"https:\/\/cenal.gob.ve\/#organization","name":"CENAL","url":"https:\/\/cenal.gob.ve\/","sameAs":[],"logo":{"@type":"ImageObject","inLanguage":"es","@id":"https:\/\/cenal.gob.ve\/#\/schema\/logo\/image\/","url":"https:\/\/i0.wp.com\/cenal.gob.ve\/wp-content\/uploads\/2022\/10\/cropped-images.jpg?fit=512%2C512","contentUrl":"https:\/\/i0.wp.com\/cenal.gob.ve\/wp-content\/uploads\/2022\/10\/cropped-images.jpg?fit=512%2C512","width":512,"height":512,"caption":"CENAL"},"image":{"@id":"https:\/\/cenal.gob.ve\/#\/schema\/logo\/image\/"}},{"@type":"Person","@id":"https:\/\/cenal.gob.ve\/#\/schema\/person\/e3ed34623f400ffab8bc7a63b2f5533f","name":"Prensa Cenal","image":{"@type":"ImageObject","inLanguage":"es","@id":"https:\/\/cenal.gob.ve\/#\/schema\/person\/image\/","url":"https:\/\/secure.gravatar.com\/avatar\/594b4ed34090910c619ac3679001d491?s=96&d=mm&r=g","contentUrl":"https:\/\/secure.gravatar.com\/avatar\/594b4ed34090910c619ac3679001d491?s=96&d=mm&r=g","caption":"Prensa Cenal"},"url":"https:\/\/cenal.gob.ve\/?author=10"}]}},"jetpack_featured_media_url":"https:\/\/cenal.gob.ve\/wp-content\/uploads\/2023\/05\/filven-anzoategui.png","jetpack_publicize_connections":[],"jetpack_shortlink":"https:\/\/wp.me\/p5FMhp-5kj","_links":{"self":[{"href":"https:\/\/cenal.gob.ve\/index.php?rest_route=\/wp\/v2\/posts\/20479"}],"collection":[{"href":"https:\/\/cenal.gob.ve\/index.php?rest_route=\/wp\/v2\/posts"}],"about":[{"href":"https:\/\/cenal.gob.ve\/index.php?rest_route=\/wp\/v2\/types\/post"}],"author":[{"embeddable":true,"href":"https:\/\/cenal.gob.ve\/index.php?rest_route=\/wp\/v2\/users\/10"}],"replies":[{"embeddable":true,"href":"https:\/\/cenal.gob.ve\/index.php?rest_route=%2Fwp%2Fv2%2Fcomments&post=20479"}],"version-history":[{"count":4,"href":"https:\/\/cenal.gob.ve\/index.php?rest_route=\/wp\/v2\/posts\/20479\/revisions"}],"predecessor-version":[{"id":20489,"href":"https:\/\/cenal.gob.ve\/index.php?rest_route=\/wp\/v2\/posts\/20479\/revisions\/20489"}],"wp:featuredmedia":[{"embeddable":true,"href":"https:\/\/cenal.gob.ve\/index.php?rest_route=\/wp\/v2\/media\/20480"}],"wp:attachment":[{"href":"https:\/\/cenal.gob.ve\/index.php?rest_route=%2Fwp%2Fv2%2Fmedia&parent=20479"}],"wp:term":[{"taxonomy":"category","embeddable":true,"href":"https:\/\/cenal.gob.ve\/index.php?rest_route=%2Fwp%2Fv2%2Fcategories&post=20479"},{"taxonomy":"post_tag","embeddable":true,"href":"https:\/\/cenal.gob.ve\/index.php?rest_route=%2Fwp%2Fv2%2Ftags&post=20479"}],"curies":[{"name":"wp","href":"https:\/\/api.w.org\/{rel}","templated":true}]}}