{"id":20490,"date":"2023-05-11T14:17:46","date_gmt":"2023-05-11T18:17:46","guid":{"rendered":"http:\/\/cenal.gob.ve\/?p=20490"},"modified":"2023-05-11T15:41:04","modified_gmt":"2023-05-11T19:41:04","slug":"inaugurada-18a-filven-anzoategui","status":"publish","type":"post","link":"https:\/\/cenal.gob.ve\/?p=20490","title":{"rendered":"Inaugurada 18\u00aa Filven Anzo\u00e1tegui"},"content":{"rendered":"\n<p>La 18\u00aa Filven se instal\u00f3 en el estado Anzo\u00e1tegui este 11 de mayo, en la ciudad de Barcelona.<\/p>\n\n\n\n<p>Con el lema Leer descoloniza, la fiesta literaria abri\u00f3 sus puertas en la plazoleta de la Gobernaci\u00f3n de Anzo\u00e1tegui, ubicada en la avenida 5 de julio, municipio Sim\u00f3n Bol\u00edvar, hasta&nbsp;este&nbsp;s\u00e1bado&nbsp;13 de mayo.<\/p>\n\n\n\n<p>Encabezaron el acto de inauguraci\u00f3n el gobernador de la entidad, Luis Jos\u00e9 Marcano, y el ministro del Poder Popular para la Cultura, Ernesto Villegas, acompa\u00f1ados por el presidente del Instituto de Cultura de Anzo\u00e1tegui, Jes\u00fas Ferm\u00edn; el viceministro de Fomento para Econom\u00eda Cultural y presidente del Centro Nacional del Libro (Cenal), Ra\u00fal Cazal; el director de Cultura de la Gobernaci\u00f3n, Fidel Flores, y el escritor regional homenajeado, Franklin Fern\u00e1ndez, quien es poeta, investigador y artista pl\u00e1stico. Tambi\u00e9n asisti\u00f3 la diputada Carmen M\u00e1rquez.<\/p>\n\n\n\n<figure class=\"wp-block-image size-full\"><img width=\"960\" height=\"640\" src=\"http:\/\/cenal.gob.ve\/wp-content\/uploads\/2023\/05\/Imagen-de-WhatsApp-2023-05-11-a-las-13.33.49.jpg\" alt=\"\" class=\"wp-image-20505\" srcset=\"https:\/\/cenal.gob.ve\/wp-content\/uploads\/2023\/05\/Imagen-de-WhatsApp-2023-05-11-a-las-13.33.49.jpg 960w, https:\/\/cenal.gob.ve\/wp-content\/uploads\/2023\/05\/Imagen-de-WhatsApp-2023-05-11-a-las-13.33.49-300x200.jpg 300w, https:\/\/cenal.gob.ve\/wp-content\/uploads\/2023\/05\/Imagen-de-WhatsApp-2023-05-11-a-las-13.33.49-768x512.jpg 768w, https:\/\/cenal.gob.ve\/wp-content\/uploads\/2023\/05\/Imagen-de-WhatsApp-2023-05-11-a-las-13.33.49-640x427.jpg 640w\" sizes=\"(max-width: 960px) 100vw, 960px\" \/><\/figure>\n\n\n\n<p>El ministro Villegas destac\u00f3 que Anzo\u00e1tegui no pod\u00eda faltar en la ruta nacional de la Filven y record\u00f3 que Venezuela en su camino de emancipaci\u00f3n ha apostado por las armas de las letras, de la poes\u00eda, de la danza, del teatro, de las artes en general.<\/p>\n\n\n\n<p>&#8220;Esta feria es un compromiso con las nuevas generaciones&#8221; , dijo el ministro, respecto a la importancia del libro y de la lectura como herramientas para impulsar los niveles de conciencia emancipadora.<\/p>\n\n\n\n<p>Manifest\u00f3 el compromiso del Mppc para fortalecer las bibliotecas p\u00fablicas, a prop\u00f3sito del trabajo cultural que ha hecho en estas instituciones el escritor regional homenajeado Franklin Fern\u00e1ndez, y, adem\u00e1s, se\u00f1al\u00f3 la necesidad de adaptarlas a las nuevas y diversas formas de lectura que existen actualmente, entre ellas el libro digital.<\/p>\n\n\n\n<p>En ese contexto, cit\u00f3 como ejemplo los libros digitales recomendados por el presidente de la Rep\u00fablica, Nicol\u00e1s Maduro, a trav\u00e9s de su cuenta en Twitter @nicolasmaduro, que han llegado a millones de personas.<\/p>\n\n\n\n<p>Uno de los m\u00e1s recientes que ha recomendado, record\u00f3 el titular de Cultura, es el libro digital &#8220;El autismo en mi vida&#8221;, de Ana Cecilia M\u00e1rquez Duque, y editado por la Fundaci\u00f3n Editorial El perro y la rana. &#8220;Millones de personas recibieron este libro a trav\u00e9s de la cuenta en Twitter del presidente Nicol\u00e1s Maduro&#8221;, ilustr\u00f3 el ministro Villegas.<\/p>\n\n\n\n<figure class=\"wp-block-image size-full\"><img width=\"960\" height=\"640\" src=\"http:\/\/cenal.gob.ve\/wp-content\/uploads\/2023\/05\/Imagen-de-WhatsApp-2023-05-11-a-las-13.33.17.jpg\" alt=\"\" class=\"wp-image-20498\" srcset=\"https:\/\/cenal.gob.ve\/wp-content\/uploads\/2023\/05\/Imagen-de-WhatsApp-2023-05-11-a-las-13.33.17.jpg 960w, https:\/\/cenal.gob.ve\/wp-content\/uploads\/2023\/05\/Imagen-de-WhatsApp-2023-05-11-a-las-13.33.17-300x200.jpg 300w, https:\/\/cenal.gob.ve\/wp-content\/uploads\/2023\/05\/Imagen-de-WhatsApp-2023-05-11-a-las-13.33.17-768x512.jpg 768w, https:\/\/cenal.gob.ve\/wp-content\/uploads\/2023\/05\/Imagen-de-WhatsApp-2023-05-11-a-las-13.33.17-640x427.jpg 640w\" sizes=\"(max-width: 960px) 100vw, 960px\" \/><\/figure>\n\n\n\n<p>Adem\u00e1s, el ministro aprovech\u00f3 la Filven Anzo\u00e1tegui para anunciar que este estado ser\u00e1, de acuerdo con la confirmaci\u00f3n de su gobernador Luis Marcano, subsede del II Festival Internacional de Teatro Progresista Venezuela 2023, que se realizar\u00e1 del 8&nbsp;al&nbsp;18&nbsp;de&nbsp;junio.<\/p>\n\n\n\n<p><strong>Compromiso por la cultura<\/strong><\/p>\n\n\n\n<figure class=\"wp-block-image size-full\"><img width=\"960\" height=\"640\" src=\"http:\/\/cenal.gob.ve\/wp-content\/uploads\/2023\/05\/Imagen-de-WhatsApp-2023-05-11-a-las-13.33.37.jpg\" alt=\"\" class=\"wp-image-20507\" srcset=\"https:\/\/cenal.gob.ve\/wp-content\/uploads\/2023\/05\/Imagen-de-WhatsApp-2023-05-11-a-las-13.33.37.jpg 960w, https:\/\/cenal.gob.ve\/wp-content\/uploads\/2023\/05\/Imagen-de-WhatsApp-2023-05-11-a-las-13.33.37-300x200.jpg 300w, https:\/\/cenal.gob.ve\/wp-content\/uploads\/2023\/05\/Imagen-de-WhatsApp-2023-05-11-a-las-13.33.37-768x512.jpg 768w, https:\/\/cenal.gob.ve\/wp-content\/uploads\/2023\/05\/Imagen-de-WhatsApp-2023-05-11-a-las-13.33.37-640x427.jpg 640w\" sizes=\"(max-width: 960px) 100vw, 960px\" \/><\/figure>\n\n\n\n<p>Por su parte, el gobernador Luis marcano ratific\u00f3 su compromiso por la cultura y felicit\u00f3 la perseverancia de quienes hacen posible desde el Gobierno Bolivariano la preservaci\u00f3n de la Filven desde 2005.<\/p>\n\n\n\n<p>Jesus Mart\u00edn, presidente del Instituto de Cultura de Anzo\u00e1tegui, expuso que en Anzo\u00e1tegui el trabajo por la cultura ha dado sus frutos, como lo es la instalaci\u00f3n de la Filven.<\/p>\n\n\n\n<p>&#8220;El libro contiene toda la historia de un pueblo, amargura y amor, todo plasmado, y necesitamos quien lea los libros; m\u00e1s all\u00e1 de publicar tenemos que crear lectores, consumidores de libros&#8221;, indic\u00f3, y para ello anunci\u00f3 que en el estado est\u00e1n trabajando en un proyecto llamado Escribe y cuenta.<\/p>\n\n\n\n<p>Entretanto, el viceministro Ra\u00fal Cazal destac\u00f3 el trabajo de investigaci\u00f3n de Franklin Fern\u00e1ndez, adem\u00e1s de su obra po\u00e9tica, en el que se encuentra el libro publicado por El perro y la rana &#8220;Yubana Marc\u00f3: Acercamientos&#8221; (2022).<\/p>\n\n\n\n<figure class=\"wp-block-image size-full\"><img width=\"960\" height=\"640\" src=\"http:\/\/cenal.gob.ve\/wp-content\/uploads\/2023\/05\/Imagen-de-WhatsApp-2023-05-11-a-las-13.33.38-1.jpg\" alt=\"\" class=\"wp-image-20501\" srcset=\"https:\/\/cenal.gob.ve\/wp-content\/uploads\/2023\/05\/Imagen-de-WhatsApp-2023-05-11-a-las-13.33.38-1.jpg 960w, https:\/\/cenal.gob.ve\/wp-content\/uploads\/2023\/05\/Imagen-de-WhatsApp-2023-05-11-a-las-13.33.38-1-300x200.jpg 300w, https:\/\/cenal.gob.ve\/wp-content\/uploads\/2023\/05\/Imagen-de-WhatsApp-2023-05-11-a-las-13.33.38-1-768x512.jpg 768w, https:\/\/cenal.gob.ve\/wp-content\/uploads\/2023\/05\/Imagen-de-WhatsApp-2023-05-11-a-las-13.33.38-1-640x427.jpg 640w\" sizes=\"(max-width: 960px) 100vw, 960px\" \/><\/figure>\n\n\n\n<p>Tambi\u00e9n resalt\u00f3 el proceso de la lectura como fundamental en la formaci\u00f3n de escritores y para que exista el libro, por lo que coment\u00f3 la posible propuesta de reformulaci\u00f3n de la Ley del libro para que sea Ley del libro y la lectura.<\/p>\n\n\n\n<p><strong>Escritor homenajeado<\/strong><\/p>\n\n\n\n<p>El escritor Franklin Fern\u00e1ndez manifest\u00f3 su satisfacci\u00f3n por el homenaje que se le hace en esta edici\u00f3n regional.<\/p>\n\n\n\n<p>&#8220;Lo han hecho con la intenci\u00f3n de reconocer el m\u00e9rito de una persona, pero tambi\u00e9n es un reconocimiento a un colectivo de amigos que desinteresadamente ha trabajado en pro del desarrollo de la cultura en la regi\u00f3n&#8221;, refiri\u00f3.<\/p>\n\n\n\n<p>Fern\u00e1ndez consider\u00f3 que todos los libros sirven para algo y ninguno deber\u00eda ser marginado. &#8220;Si algo me ha ense\u00f1ado la literatura es redefinir el sentido po\u00e9tico de la vida, el impulso amoroso y sentido por la libertad&#8221;, afirm\u00f3 como educador y promotor cultural, que ha recorrido bibliotecas p\u00fablicas e institucionales.<\/p>\n\n\n\n<p>&#8220;Sin bibliotecas y sin libros no hay memoria, y sin memoria no hay cultura&#8221;, subray\u00f3 Fern\u00e1ndez.<\/p>\n\n\n\n<p><strong>Programaci\u00f3n<\/strong><\/p>\n\n\n\n<figure class=\"wp-block-image size-full\"><img width=\"960\" height=\"640\" src=\"http:\/\/cenal.gob.ve\/wp-content\/uploads\/2023\/05\/Imagen-de-WhatsApp-2023-05-11-a-las-13.33.50-1.jpg\" alt=\"\" class=\"wp-image-20503\" srcset=\"https:\/\/cenal.gob.ve\/wp-content\/uploads\/2023\/05\/Imagen-de-WhatsApp-2023-05-11-a-las-13.33.50-1.jpg 960w, https:\/\/cenal.gob.ve\/wp-content\/uploads\/2023\/05\/Imagen-de-WhatsApp-2023-05-11-a-las-13.33.50-1-300x200.jpg 300w, https:\/\/cenal.gob.ve\/wp-content\/uploads\/2023\/05\/Imagen-de-WhatsApp-2023-05-11-a-las-13.33.50-1-768x512.jpg 768w, https:\/\/cenal.gob.ve\/wp-content\/uploads\/2023\/05\/Imagen-de-WhatsApp-2023-05-11-a-las-13.33.50-1-640x427.jpg 640w\" sizes=\"(max-width: 960px) 100vw, 960px\" \/><\/figure>\n\n\n\n<p>La programaci\u00f3n literaria y cultural contempla presentaciones de libros, recitales de poes\u00eda, conversatorios, conferencias, talleres, el tradicional pabell\u00f3n infantil y actividades art\u00edsticas.<\/p>\n\n\n\n<p>La Biblioteca P\u00fablica Central se une como subsede de este encuentro con la palabra para el desarrollo de talleres, cursos y conversatorios.<\/p>\n\n\n\n<p>Hay una gran variedad de t\u00edtulos de editoriales p\u00fablicas, privadas e independientes, entre ellos los publicados por la plataforma del libro y la lectura del Ministerio del Poder Popular para la Cultura, integrada por las editoriales El perro y la rana, Biblioteca Ayacucho y Monte \u00c1vila.<\/p>\n\n\n\n<p>Entre las obras literarias del Mppc que se presentan est\u00e1n Afrodescendientes entre debates y pol\u00edtica, de Di\u00f3genes D\u00edaz, y Cimarronaje y afroepistemolog\u00eda y soberan\u00eda intelectual, de Chucho Garc\u00eda, publicados por El perro y la rana, a prop\u00f3sito de ser \u00c1frica el continente invitado de honor en la edici\u00f3n 18 de la Filven.<\/p>\n\n\n\n<p>Participan en esta feria como escritores nacionales invitados el poeta y ensayista venezolano Celso Medina, ganador del Premio Municipal de Literatura de Caracas (2014), quien dictar\u00e1 este 12 y 13 de mayo el curso \u201cPalabra y poes\u00eda en el \u00c1frica franc\u00f3fona\u201d, y Antonio Trujillo, cronista oficial del municipio Los Salias en el estado Miranda y director y fundador de la revista literaria Trapos y Helechos, quien conversar\u00e1 sobre Cr\u00f3nica y comuna este s\u00e1bado 12, y Di\u00f3genes D\u00edaz.<\/p>\n\n\n\n<p>La 18\u00aa Filven Anzo\u00e1tegui es producto del trabajo organizado entre el Ministerio del Poder Popular para la Cultura, a trav\u00e9s del Centro Nacional del Libro (Cenal) y el Gabinete Estadal de Cultura, y la Gobernaci\u00f3n de la entidad.<\/p>\n\n\n\n<figure class=\"wp-block-image size-full\"><img width=\"960\" height=\"640\" src=\"http:\/\/cenal.gob.ve\/wp-content\/uploads\/2023\/05\/Imagen-de-WhatsApp-2023-05-11-a-las-13.33.23.jpg\" alt=\"\" class=\"wp-image-20509\" srcset=\"https:\/\/cenal.gob.ve\/wp-content\/uploads\/2023\/05\/Imagen-de-WhatsApp-2023-05-11-a-las-13.33.23.jpg 960w, https:\/\/cenal.gob.ve\/wp-content\/uploads\/2023\/05\/Imagen-de-WhatsApp-2023-05-11-a-las-13.33.23-300x200.jpg 300w, https:\/\/cenal.gob.ve\/wp-content\/uploads\/2023\/05\/Imagen-de-WhatsApp-2023-05-11-a-las-13.33.23-768x512.jpg 768w, https:\/\/cenal.gob.ve\/wp-content\/uploads\/2023\/05\/Imagen-de-WhatsApp-2023-05-11-a-las-13.33.23-640x427.jpg 640w\" sizes=\"(max-width: 960px) 100vw, 960px\" \/><\/figure>\n\n\n\n<figure class=\"wp-block-image size-full\"><img width=\"640\" height=\"960\" src=\"http:\/\/cenal.gob.ve\/wp-content\/uploads\/2023\/05\/Imagen-de-WhatsApp-2023-05-11-a-las-13.33.33.jpg\" alt=\"\" class=\"wp-image-20511\" srcset=\"https:\/\/cenal.gob.ve\/wp-content\/uploads\/2023\/05\/Imagen-de-WhatsApp-2023-05-11-a-las-13.33.33.jpg 640w, https:\/\/cenal.gob.ve\/wp-content\/uploads\/2023\/05\/Imagen-de-WhatsApp-2023-05-11-a-las-13.33.33-200x300.jpg 200w\" sizes=\"(max-width: 640px) 100vw, 640px\" \/><\/figure>\n\n\n\n<figure class=\"wp-block-image size-full\"><img width=\"960\" height=\"640\" src=\"http:\/\/cenal.gob.ve\/wp-content\/uploads\/2023\/05\/Imagen-de-WhatsApp-2023-05-11-a-las-13.33.48.jpg\" alt=\"\" class=\"wp-image-20513\" srcset=\"https:\/\/cenal.gob.ve\/wp-content\/uploads\/2023\/05\/Imagen-de-WhatsApp-2023-05-11-a-las-13.33.48.jpg 960w, https:\/\/cenal.gob.ve\/wp-content\/uploads\/2023\/05\/Imagen-de-WhatsApp-2023-05-11-a-las-13.33.48-300x200.jpg 300w, https:\/\/cenal.gob.ve\/wp-content\/uploads\/2023\/05\/Imagen-de-WhatsApp-2023-05-11-a-las-13.33.48-768x512.jpg 768w, https:\/\/cenal.gob.ve\/wp-content\/uploads\/2023\/05\/Imagen-de-WhatsApp-2023-05-11-a-las-13.33.48-640x427.jpg 640w\" sizes=\"(max-width: 960px) 100vw, 960px\" \/><\/figure>\n","protected":false},"excerpt":{"rendered":"<p>La 18\u00aa Filven se instal\u00f3 en el estado Anzo\u00e1tegui este 11 de mayo, en la ciudad de Barcelona. Con el lema Leer descoloniza, la fiesta literaria abri\u00f3 sus puertas en [&hellip;]<\/p>\n","protected":false},"author":10,"featured_media":20497,"comment_status":"open","ping_status":"closed","sticky":false,"template":"","format":"standard","meta":{"spay_email":"","jetpack_publicize_message":"","jetpack_is_tweetstorm":false,"jetpack_publicize_feature_enabled":true},"categories":[12],"tags":[175,79,81,9],"yoast_head":"<!-- This site is optimized with the Yoast SEO plugin v19.8 - https:\/\/yoast.com\/wordpress\/plugins\/seo\/ -->\n<title>Inaugurada 18\u00aa Filven Anzo\u00e1tegui<\/title>\n<meta name=\"robots\" content=\"index, follow, max-snippet:-1, max-image-preview:large, max-video-preview:-1\" \/>\n<link rel=\"canonical\" href=\"https:\/\/cenal.gob.ve\/?p=20490\" \/>\n<meta property=\"og:locale\" content=\"es_ES\" \/>\n<meta property=\"og:type\" content=\"article\" \/>\n<meta property=\"og:title\" content=\"Inaugurada 18\u00aa Filven Anzo\u00e1tegui\" \/>\n<meta property=\"og:description\" content=\"La 18\u00aa Filven se instal\u00f3 en el estado Anzo\u00e1tegui este 11 de mayo, en la ciudad de Barcelona. Con el lema Leer descoloniza, la fiesta literaria abri\u00f3 sus puertas en [&hellip;]\" \/>\n<meta property=\"og:url\" content=\"https:\/\/cenal.gob.ve\/?p=20490\" \/>\n<meta property=\"og:site_name\" content=\"Cenal\" \/>\n<meta property=\"article:published_time\" content=\"2023-05-11T18:17:46+00:00\" \/>\n<meta property=\"article:modified_time\" content=\"2023-05-11T19:41:04+00:00\" \/>\n<meta property=\"og:image\" content=\"https:\/\/i0.wp.com\/cenal.gob.ve\/wp-content\/uploads\/2023\/05\/Imagen-de-WhatsApp-2023-05-11-a-las-13.33.52-1.jpg?fit=960%2C640&ssl=1\" \/>\n\t<meta property=\"og:image:width\" content=\"960\" \/>\n\t<meta property=\"og:image:height\" content=\"640\" \/>\n\t<meta property=\"og:image:type\" content=\"image\/jpeg\" \/>\n<meta name=\"author\" content=\"Prensa Cenal\" \/>\n<meta name=\"twitter:card\" content=\"summary_large_image\" \/>\n<meta name=\"twitter:label1\" content=\"Written by\" \/>\n\t<meta name=\"twitter:data1\" content=\"Prensa Cenal\" \/>\n\t<meta name=\"twitter:label2\" content=\"Est. reading time\" \/>\n\t<meta name=\"twitter:data2\" content=\"7 minutos\" \/>\n<script type=\"application\/ld+json\" class=\"yoast-schema-graph\">{\"@context\":\"https:\/\/schema.org\",\"@graph\":[{\"@type\":\"Article\",\"@id\":\"https:\/\/cenal.gob.ve\/?p=20490#article\",\"isPartOf\":{\"@id\":\"https:\/\/cenal.gob.ve\/?p=20490\"},\"author\":{\"name\":\"Prensa Cenal\",\"@id\":\"https:\/\/cenal.gob.ve\/#\/schema\/person\/e3ed34623f400ffab8bc7a63b2f5533f\"},\"headline\":\"Inaugurada 18\u00aa Filven Anzo\u00e1tegui\",\"datePublished\":\"2023-05-11T18:17:46+00:00\",\"dateModified\":\"2023-05-11T19:41:04+00:00\",\"mainEntityOfPage\":{\"@id\":\"https:\/\/cenal.gob.ve\/?p=20490\"},\"wordCount\":1060,\"commentCount\":0,\"publisher\":{\"@id\":\"https:\/\/cenal.gob.ve\/#organization\"},\"keywords\":[\"anzoategui\",\"FILVEN\",\"Libros\",\"Noticias\"],\"articleSection\":[\"Filven\"],\"inLanguage\":\"es\",\"potentialAction\":[{\"@type\":\"CommentAction\",\"name\":\"Comment\",\"target\":[\"https:\/\/cenal.gob.ve\/?p=20490#respond\"]}]},{\"@type\":\"WebPage\",\"@id\":\"https:\/\/cenal.gob.ve\/?p=20490\",\"url\":\"https:\/\/cenal.gob.ve\/?p=20490\",\"name\":\"Inaugurada 18\u00aa Filven Anzo\u00e1tegui\",\"isPartOf\":{\"@id\":\"https:\/\/cenal.gob.ve\/#website\"},\"datePublished\":\"2023-05-11T18:17:46+00:00\",\"dateModified\":\"2023-05-11T19:41:04+00:00\",\"breadcrumb\":{\"@id\":\"https:\/\/cenal.gob.ve\/?p=20490#breadcrumb\"},\"inLanguage\":\"es\",\"potentialAction\":[{\"@type\":\"ReadAction\",\"target\":[\"https:\/\/cenal.gob.ve\/?p=20490\"]}]},{\"@type\":\"BreadcrumbList\",\"@id\":\"https:\/\/cenal.gob.ve\/?p=20490#breadcrumb\",\"itemListElement\":[{\"@type\":\"ListItem\",\"position\":1,\"name\":\"Home\",\"item\":\"https:\/\/cenal.gob.ve\/\"},{\"@type\":\"ListItem\",\"position\":2,\"name\":\"Inaugurada 18\u00aa Filven Anzo\u00e1tegui\"}]},{\"@type\":\"WebSite\",\"@id\":\"https:\/\/cenal.gob.ve\/#website\",\"url\":\"https:\/\/cenal.gob.ve\/\",\"name\":\"Cenal\",\"description\":\"\",\"publisher\":{\"@id\":\"https:\/\/cenal.gob.ve\/#organization\"},\"potentialAction\":[{\"@type\":\"SearchAction\",\"target\":{\"@type\":\"EntryPoint\",\"urlTemplate\":\"https:\/\/cenal.gob.ve\/?s={search_term_string}\"},\"query-input\":\"required name=search_term_string\"}],\"inLanguage\":\"es\"},{\"@type\":\"Organization\",\"@id\":\"https:\/\/cenal.gob.ve\/#organization\",\"name\":\"CENAL\",\"url\":\"https:\/\/cenal.gob.ve\/\",\"sameAs\":[],\"logo\":{\"@type\":\"ImageObject\",\"inLanguage\":\"es\",\"@id\":\"https:\/\/cenal.gob.ve\/#\/schema\/logo\/image\/\",\"url\":\"https:\/\/i0.wp.com\/cenal.gob.ve\/wp-content\/uploads\/2022\/10\/cropped-images.jpg?fit=512%2C512\",\"contentUrl\":\"https:\/\/i0.wp.com\/cenal.gob.ve\/wp-content\/uploads\/2022\/10\/cropped-images.jpg?fit=512%2C512\",\"width\":512,\"height\":512,\"caption\":\"CENAL\"},\"image\":{\"@id\":\"https:\/\/cenal.gob.ve\/#\/schema\/logo\/image\/\"}},{\"@type\":\"Person\",\"@id\":\"https:\/\/cenal.gob.ve\/#\/schema\/person\/e3ed34623f400ffab8bc7a63b2f5533f\",\"name\":\"Prensa Cenal\",\"image\":{\"@type\":\"ImageObject\",\"inLanguage\":\"es\",\"@id\":\"https:\/\/cenal.gob.ve\/#\/schema\/person\/image\/\",\"url\":\"https:\/\/secure.gravatar.com\/avatar\/594b4ed34090910c619ac3679001d491?s=96&d=mm&r=g\",\"contentUrl\":\"https:\/\/secure.gravatar.com\/avatar\/594b4ed34090910c619ac3679001d491?s=96&d=mm&r=g\",\"caption\":\"Prensa Cenal\"},\"url\":\"https:\/\/cenal.gob.ve\/?author=10\"}]}<\/script>\n<!-- \/ Yoast SEO plugin. -->","yoast_head_json":{"title":"Inaugurada 18\u00aa Filven Anzo\u00e1tegui","robots":{"index":"index","follow":"follow","max-snippet":"max-snippet:-1","max-image-preview":"max-image-preview:large","max-video-preview":"max-video-preview:-1"},"canonical":"https:\/\/cenal.gob.ve\/?p=20490","og_locale":"es_ES","og_type":"article","og_title":"Inaugurada 18\u00aa Filven Anzo\u00e1tegui","og_description":"La 18\u00aa Filven se instal\u00f3 en el estado Anzo\u00e1tegui este 11 de mayo, en la ciudad de Barcelona. Con el lema Leer descoloniza, la fiesta literaria abri\u00f3 sus puertas en [&hellip;]","og_url":"https:\/\/cenal.gob.ve\/?p=20490","og_site_name":"Cenal","article_published_time":"2023-05-11T18:17:46+00:00","article_modified_time":"2023-05-11T19:41:04+00:00","og_image":[{"width":960,"height":640,"url":"https:\/\/i0.wp.com\/cenal.gob.ve\/wp-content\/uploads\/2023\/05\/Imagen-de-WhatsApp-2023-05-11-a-las-13.33.52-1.jpg?fit=960%2C640&ssl=1","type":"image\/jpeg"}],"author":"Prensa Cenal","twitter_card":"summary_large_image","twitter_misc":{"Written by":"Prensa Cenal","Est. reading time":"7 minutos"},"schema":{"@context":"https:\/\/schema.org","@graph":[{"@type":"Article","@id":"https:\/\/cenal.gob.ve\/?p=20490#article","isPartOf":{"@id":"https:\/\/cenal.gob.ve\/?p=20490"},"author":{"name":"Prensa Cenal","@id":"https:\/\/cenal.gob.ve\/#\/schema\/person\/e3ed34623f400ffab8bc7a63b2f5533f"},"headline":"Inaugurada 18\u00aa Filven Anzo\u00e1tegui","datePublished":"2023-05-11T18:17:46+00:00","dateModified":"2023-05-11T19:41:04+00:00","mainEntityOfPage":{"@id":"https:\/\/cenal.gob.ve\/?p=20490"},"wordCount":1060,"commentCount":0,"publisher":{"@id":"https:\/\/cenal.gob.ve\/#organization"},"keywords":["anzoategui","FILVEN","Libros","Noticias"],"articleSection":["Filven"],"inLanguage":"es","potentialAction":[{"@type":"CommentAction","name":"Comment","target":["https:\/\/cenal.gob.ve\/?p=20490#respond"]}]},{"@type":"WebPage","@id":"https:\/\/cenal.gob.ve\/?p=20490","url":"https:\/\/cenal.gob.ve\/?p=20490","name":"Inaugurada 18\u00aa Filven Anzo\u00e1tegui","isPartOf":{"@id":"https:\/\/cenal.gob.ve\/#website"},"datePublished":"2023-05-11T18:17:46+00:00","dateModified":"2023-05-11T19:41:04+00:00","breadcrumb":{"@id":"https:\/\/cenal.gob.ve\/?p=20490#breadcrumb"},"inLanguage":"es","potentialAction":[{"@type":"ReadAction","target":["https:\/\/cenal.gob.ve\/?p=20490"]}]},{"@type":"BreadcrumbList","@id":"https:\/\/cenal.gob.ve\/?p=20490#breadcrumb","itemListElement":[{"@type":"ListItem","position":1,"name":"Home","item":"https:\/\/cenal.gob.ve\/"},{"@type":"ListItem","position":2,"name":"Inaugurada 18\u00aa Filven Anzo\u00e1tegui"}]},{"@type":"WebSite","@id":"https:\/\/cenal.gob.ve\/#website","url":"https:\/\/cenal.gob.ve\/","name":"Cenal","description":"","publisher":{"@id":"https:\/\/cenal.gob.ve\/#organization"},"potentialAction":[{"@type":"SearchAction","target":{"@type":"EntryPoint","urlTemplate":"https:\/\/cenal.gob.ve\/?s={search_term_string}"},"query-input":"required name=search_term_string"}],"inLanguage":"es"},{"@type":"Organization","@id":"https:\/\/cenal.gob.ve\/#organization","name":"CENAL","url":"https:\/\/cenal.gob.ve\/","sameAs":[],"logo":{"@type":"ImageObject","inLanguage":"es","@id":"https:\/\/cenal.gob.ve\/#\/schema\/logo\/image\/","url":"https:\/\/i0.wp.com\/cenal.gob.ve\/wp-content\/uploads\/2022\/10\/cropped-images.jpg?fit=512%2C512","contentUrl":"https:\/\/i0.wp.com\/cenal.gob.ve\/wp-content\/uploads\/2022\/10\/cropped-images.jpg?fit=512%2C512","width":512,"height":512,"caption":"CENAL"},"image":{"@id":"https:\/\/cenal.gob.ve\/#\/schema\/logo\/image\/"}},{"@type":"Person","@id":"https:\/\/cenal.gob.ve\/#\/schema\/person\/e3ed34623f400ffab8bc7a63b2f5533f","name":"Prensa Cenal","image":{"@type":"ImageObject","inLanguage":"es","@id":"https:\/\/cenal.gob.ve\/#\/schema\/person\/image\/","url":"https:\/\/secure.gravatar.com\/avatar\/594b4ed34090910c619ac3679001d491?s=96&d=mm&r=g","contentUrl":"https:\/\/secure.gravatar.com\/avatar\/594b4ed34090910c619ac3679001d491?s=96&d=mm&r=g","caption":"Prensa Cenal"},"url":"https:\/\/cenal.gob.ve\/?author=10"}]}},"jetpack_featured_media_url":"https:\/\/cenal.gob.ve\/wp-content\/uploads\/2023\/05\/Imagen-de-WhatsApp-2023-05-11-a-las-13.33.52-1.jpg","jetpack_publicize_connections":[],"jetpack_shortlink":"https:\/\/wp.me\/p5FMhp-5ku","_links":{"self":[{"href":"https:\/\/cenal.gob.ve\/index.php?rest_route=\/wp\/v2\/posts\/20490"}],"collection":[{"href":"https:\/\/cenal.gob.ve\/index.php?rest_route=\/wp\/v2\/posts"}],"about":[{"href":"https:\/\/cenal.gob.ve\/index.php?rest_route=\/wp\/v2\/types\/post"}],"author":[{"embeddable":true,"href":"https:\/\/cenal.gob.ve\/index.php?rest_route=\/wp\/v2\/users\/10"}],"replies":[{"embeddable":true,"href":"https:\/\/cenal.gob.ve\/index.php?rest_route=%2Fwp%2Fv2%2Fcomments&post=20490"}],"version-history":[{"count":13,"href":"https:\/\/cenal.gob.ve\/index.php?rest_route=\/wp\/v2\/posts\/20490\/revisions"}],"predecessor-version":[{"id":20519,"href":"https:\/\/cenal.gob.ve\/index.php?rest_route=\/wp\/v2\/posts\/20490\/revisions\/20519"}],"wp:featuredmedia":[{"embeddable":true,"href":"https:\/\/cenal.gob.ve\/index.php?rest_route=\/wp\/v2\/media\/20497"}],"wp:attachment":[{"href":"https:\/\/cenal.gob.ve\/index.php?rest_route=%2Fwp%2Fv2%2Fmedia&parent=20490"}],"wp:term":[{"taxonomy":"category","embeddable":true,"href":"https:\/\/cenal.gob.ve\/index.php?rest_route=%2Fwp%2Fv2%2Fcategories&post=20490"},{"taxonomy":"post_tag","embeddable":true,"href":"https:\/\/cenal.gob.ve\/index.php?rest_route=%2Fwp%2Fv2%2Ftags&post=20490"}],"curies":[{"name":"wp","href":"https:\/\/api.w.org\/{rel}","templated":true}]}}