{"id":20555,"date":"2023-05-15T19:27:14","date_gmt":"2023-05-15T23:27:14","guid":{"rendered":"http:\/\/cenal.gob.ve\/?p=20555"},"modified":"2023-05-15T19:27:17","modified_gmt":"2023-05-15T23:27:17","slug":"libros-donados-en-la-18a-filven-miranda-llegan-a-unidades-educativas","status":"publish","type":"post","link":"https:\/\/cenal.gob.ve\/?p=20555","title":{"rendered":"Libros donados en la 18\u00aa Filven Miranda llegan a unidades educativas"},"content":{"rendered":"\n<p>Cerca de dos mil libros donados por visitantes de la 18\u00aa Filven celebrada en Miranda el pasado mes de abril fueron entregados este lunes 15 de mayo a cincuenta instituciones educativas de esta entidad.<\/p>\n\n\n\n<p>La entrega se hizo a trav\u00e9s de un acto realizado en la Unidad Educativa Dr. Jos\u00e9 de Jes\u00fas Arocha, en Petare, el cual cont\u00f3 con la presencia de la secretaria de Cultura de la Gobernaci\u00f3n de Miranda, Gabriela Simoza; \u00a0la secretaria de Educaci\u00f3n, Rosa Becerra, y el viceministro de Fomento para Econom\u00eda Cultural y presidente del Centro Nacional del Libro (Cenal), Ra\u00fal Cazal.<\/p>\n\n\n\n<p>Con esta actividad, Simoza anunci\u00f3 el inicio en Miranda de un plan permanente de recepci\u00f3n de libros en bibliotecas p\u00fablicas, casas de la cultura y teatros para ser donados a las comunidades.<\/p>\n\n\n\n<p>\u201cQueremos que la donaci\u00f3n de libros se transforme en un ejercicio cotidiano, que la gente pueda llevar un libro a cualquier programaci\u00f3n cultural y que sepa que el libro va a llegar a las escuelas de Miranda\u201d, explic\u00f3.<\/p>\n\n\n\n<p>Entre los libros entregados se encuentran los donados por el Ministerio del Poder Popular para la Cultura con t\u00edtulos de El perro y la rana, Monte \u00c1vila y Biblioteca Ayacucho,  editoriales que integran la Plataforma del Libro y la Lectura a cargo del Cenal.<\/p>\n\n\n\n<p>El viceministro y presidente del Cenal, Ra\u00fal Cazal, destac\u00f3 que la lectura es fundamental en la educaci\u00f3n de todos los ni\u00f1os y ni\u00f1as. \u201cTener conciencia de lo que hoy vivimos est\u00e1 presente en estos libros que hoy entregamos\u201d, dijo.<\/p>\n","protected":false},"excerpt":{"rendered":"<p>Cerca de dos mil libros donados por visitantes de la 18\u00aa Filven celebrada en Miranda el pasado mes de abril fueron entregados este lunes 15 de mayo a cincuenta instituciones [&hellip;]<\/p>\n","protected":false},"author":10,"featured_media":20556,"comment_status":"open","ping_status":"closed","sticky":false,"template":"","format":"standard","meta":{"spay_email":"","jetpack_publicize_message":"","jetpack_is_tweetstorm":false,"jetpack_publicize_feature_enabled":true},"categories":[2],"tags":[],"yoast_head":"<!-- This site is optimized with the Yoast SEO plugin v19.8 - https:\/\/yoast.com\/wordpress\/plugins\/seo\/ -->\n<title>Libros donados en la 18\u00aa Filven Miranda llegan a unidades educativas<\/title>\n<meta name=\"robots\" content=\"index, follow, max-snippet:-1, max-image-preview:large, max-video-preview:-1\" \/>\n<link rel=\"canonical\" href=\"https:\/\/cenal.gob.ve\/?p=20555\" \/>\n<meta property=\"og:locale\" content=\"es_ES\" \/>\n<meta property=\"og:type\" content=\"article\" \/>\n<meta property=\"og:title\" content=\"Libros donados en la 18\u00aa Filven Miranda llegan a unidades educativas\" \/>\n<meta property=\"og:description\" content=\"Cerca de dos mil libros donados por visitantes de la 18\u00aa Filven celebrada en Miranda el pasado mes de abril fueron entregados este lunes 15 de mayo a cincuenta instituciones [&hellip;]\" \/>\n<meta property=\"og:url\" content=\"https:\/\/cenal.gob.ve\/?p=20555\" \/>\n<meta property=\"og:site_name\" content=\"Cenal\" \/>\n<meta property=\"article:published_time\" content=\"2023-05-15T23:27:14+00:00\" \/>\n<meta property=\"article:modified_time\" content=\"2023-05-15T23:27:17+00:00\" \/>\n<meta property=\"og:image\" content=\"https:\/\/i0.wp.com\/cenal.gob.ve\/wp-content\/uploads\/2023\/05\/libros_miranda_cenal_mppc.jpg?fit=1000%2C401&ssl=1\" \/>\n\t<meta property=\"og:image:width\" content=\"1000\" \/>\n\t<meta property=\"og:image:height\" content=\"401\" \/>\n\t<meta property=\"og:image:type\" content=\"image\/jpeg\" \/>\n<meta name=\"author\" content=\"Prensa Cenal\" \/>\n<meta name=\"twitter:card\" content=\"summary_large_image\" \/>\n<meta name=\"twitter:label1\" content=\"Written by\" \/>\n\t<meta name=\"twitter:data1\" content=\"Prensa Cenal\" \/>\n\t<meta name=\"twitter:label2\" content=\"Est. reading time\" \/>\n\t<meta name=\"twitter:data2\" content=\"2 minutos\" \/>\n<script type=\"application\/ld+json\" class=\"yoast-schema-graph\">{\"@context\":\"https:\/\/schema.org\",\"@graph\":[{\"@type\":\"Article\",\"@id\":\"https:\/\/cenal.gob.ve\/?p=20555#article\",\"isPartOf\":{\"@id\":\"https:\/\/cenal.gob.ve\/?p=20555\"},\"author\":{\"name\":\"Prensa Cenal\",\"@id\":\"https:\/\/cenal.gob.ve\/#\/schema\/person\/e3ed34623f400ffab8bc7a63b2f5533f\"},\"headline\":\"Libros donados en la 18\u00aa Filven Miranda llegan a unidades educativas\",\"datePublished\":\"2023-05-15T23:27:14+00:00\",\"dateModified\":\"2023-05-15T23:27:17+00:00\",\"mainEntityOfPage\":{\"@id\":\"https:\/\/cenal.gob.ve\/?p=20555\"},\"wordCount\":273,\"commentCount\":0,\"publisher\":{\"@id\":\"https:\/\/cenal.gob.ve\/#organization\"},\"articleSection\":[\"Cenal\"],\"inLanguage\":\"es\",\"potentialAction\":[{\"@type\":\"CommentAction\",\"name\":\"Comment\",\"target\":[\"https:\/\/cenal.gob.ve\/?p=20555#respond\"]}]},{\"@type\":\"WebPage\",\"@id\":\"https:\/\/cenal.gob.ve\/?p=20555\",\"url\":\"https:\/\/cenal.gob.ve\/?p=20555\",\"name\":\"Libros donados en la 18\u00aa Filven Miranda llegan a unidades educativas\",\"isPartOf\":{\"@id\":\"https:\/\/cenal.gob.ve\/#website\"},\"datePublished\":\"2023-05-15T23:27:14+00:00\",\"dateModified\":\"2023-05-15T23:27:17+00:00\",\"breadcrumb\":{\"@id\":\"https:\/\/cenal.gob.ve\/?p=20555#breadcrumb\"},\"inLanguage\":\"es\",\"potentialAction\":[{\"@type\":\"ReadAction\",\"target\":[\"https:\/\/cenal.gob.ve\/?p=20555\"]}]},{\"@type\":\"BreadcrumbList\",\"@id\":\"https:\/\/cenal.gob.ve\/?p=20555#breadcrumb\",\"itemListElement\":[{\"@type\":\"ListItem\",\"position\":1,\"name\":\"Home\",\"item\":\"https:\/\/cenal.gob.ve\/\"},{\"@type\":\"ListItem\",\"position\":2,\"name\":\"Libros donados en la 18\u00aa Filven Miranda llegan a unidades educativas\"}]},{\"@type\":\"WebSite\",\"@id\":\"https:\/\/cenal.gob.ve\/#website\",\"url\":\"https:\/\/cenal.gob.ve\/\",\"name\":\"Cenal\",\"description\":\"\",\"publisher\":{\"@id\":\"https:\/\/cenal.gob.ve\/#organization\"},\"potentialAction\":[{\"@type\":\"SearchAction\",\"target\":{\"@type\":\"EntryPoint\",\"urlTemplate\":\"https:\/\/cenal.gob.ve\/?s={search_term_string}\"},\"query-input\":\"required name=search_term_string\"}],\"inLanguage\":\"es\"},{\"@type\":\"Organization\",\"@id\":\"https:\/\/cenal.gob.ve\/#organization\",\"name\":\"CENAL\",\"url\":\"https:\/\/cenal.gob.ve\/\",\"sameAs\":[],\"logo\":{\"@type\":\"ImageObject\",\"inLanguage\":\"es\",\"@id\":\"https:\/\/cenal.gob.ve\/#\/schema\/logo\/image\/\",\"url\":\"https:\/\/i0.wp.com\/cenal.gob.ve\/wp-content\/uploads\/2022\/10\/cropped-images.jpg?fit=512%2C512\",\"contentUrl\":\"https:\/\/i0.wp.com\/cenal.gob.ve\/wp-content\/uploads\/2022\/10\/cropped-images.jpg?fit=512%2C512\",\"width\":512,\"height\":512,\"caption\":\"CENAL\"},\"image\":{\"@id\":\"https:\/\/cenal.gob.ve\/#\/schema\/logo\/image\/\"}},{\"@type\":\"Person\",\"@id\":\"https:\/\/cenal.gob.ve\/#\/schema\/person\/e3ed34623f400ffab8bc7a63b2f5533f\",\"name\":\"Prensa Cenal\",\"image\":{\"@type\":\"ImageObject\",\"inLanguage\":\"es\",\"@id\":\"https:\/\/cenal.gob.ve\/#\/schema\/person\/image\/\",\"url\":\"https:\/\/secure.gravatar.com\/avatar\/594b4ed34090910c619ac3679001d491?s=96&d=mm&r=g\",\"contentUrl\":\"https:\/\/secure.gravatar.com\/avatar\/594b4ed34090910c619ac3679001d491?s=96&d=mm&r=g\",\"caption\":\"Prensa Cenal\"},\"url\":\"https:\/\/cenal.gob.ve\/?author=10\"}]}<\/script>\n<!-- \/ Yoast SEO plugin. -->","yoast_head_json":{"title":"Libros donados en la 18\u00aa Filven Miranda llegan a unidades educativas","robots":{"index":"index","follow":"follow","max-snippet":"max-snippet:-1","max-image-preview":"max-image-preview:large","max-video-preview":"max-video-preview:-1"},"canonical":"https:\/\/cenal.gob.ve\/?p=20555","og_locale":"es_ES","og_type":"article","og_title":"Libros donados en la 18\u00aa Filven Miranda llegan a unidades educativas","og_description":"Cerca de dos mil libros donados por visitantes de la 18\u00aa Filven celebrada en Miranda el pasado mes de abril fueron entregados este lunes 15 de mayo a cincuenta instituciones [&hellip;]","og_url":"https:\/\/cenal.gob.ve\/?p=20555","og_site_name":"Cenal","article_published_time":"2023-05-15T23:27:14+00:00","article_modified_time":"2023-05-15T23:27:17+00:00","og_image":[{"width":1000,"height":401,"url":"https:\/\/i0.wp.com\/cenal.gob.ve\/wp-content\/uploads\/2023\/05\/libros_miranda_cenal_mppc.jpg?fit=1000%2C401&ssl=1","type":"image\/jpeg"}],"author":"Prensa Cenal","twitter_card":"summary_large_image","twitter_misc":{"Written by":"Prensa Cenal","Est. reading time":"2 minutos"},"schema":{"@context":"https:\/\/schema.org","@graph":[{"@type":"Article","@id":"https:\/\/cenal.gob.ve\/?p=20555#article","isPartOf":{"@id":"https:\/\/cenal.gob.ve\/?p=20555"},"author":{"name":"Prensa Cenal","@id":"https:\/\/cenal.gob.ve\/#\/schema\/person\/e3ed34623f400ffab8bc7a63b2f5533f"},"headline":"Libros donados en la 18\u00aa Filven Miranda llegan a unidades educativas","datePublished":"2023-05-15T23:27:14+00:00","dateModified":"2023-05-15T23:27:17+00:00","mainEntityOfPage":{"@id":"https:\/\/cenal.gob.ve\/?p=20555"},"wordCount":273,"commentCount":0,"publisher":{"@id":"https:\/\/cenal.gob.ve\/#organization"},"articleSection":["Cenal"],"inLanguage":"es","potentialAction":[{"@type":"CommentAction","name":"Comment","target":["https:\/\/cenal.gob.ve\/?p=20555#respond"]}]},{"@type":"WebPage","@id":"https:\/\/cenal.gob.ve\/?p=20555","url":"https:\/\/cenal.gob.ve\/?p=20555","name":"Libros donados en la 18\u00aa Filven Miranda llegan a unidades educativas","isPartOf":{"@id":"https:\/\/cenal.gob.ve\/#website"},"datePublished":"2023-05-15T23:27:14+00:00","dateModified":"2023-05-15T23:27:17+00:00","breadcrumb":{"@id":"https:\/\/cenal.gob.ve\/?p=20555#breadcrumb"},"inLanguage":"es","potentialAction":[{"@type":"ReadAction","target":["https:\/\/cenal.gob.ve\/?p=20555"]}]},{"@type":"BreadcrumbList","@id":"https:\/\/cenal.gob.ve\/?p=20555#breadcrumb","itemListElement":[{"@type":"ListItem","position":1,"name":"Home","item":"https:\/\/cenal.gob.ve\/"},{"@type":"ListItem","position":2,"name":"Libros donados en la 18\u00aa Filven Miranda llegan a unidades educativas"}]},{"@type":"WebSite","@id":"https:\/\/cenal.gob.ve\/#website","url":"https:\/\/cenal.gob.ve\/","name":"Cenal","description":"","publisher":{"@id":"https:\/\/cenal.gob.ve\/#organization"},"potentialAction":[{"@type":"SearchAction","target":{"@type":"EntryPoint","urlTemplate":"https:\/\/cenal.gob.ve\/?s={search_term_string}"},"query-input":"required name=search_term_string"}],"inLanguage":"es"},{"@type":"Organization","@id":"https:\/\/cenal.gob.ve\/#organization","name":"CENAL","url":"https:\/\/cenal.gob.ve\/","sameAs":[],"logo":{"@type":"ImageObject","inLanguage":"es","@id":"https:\/\/cenal.gob.ve\/#\/schema\/logo\/image\/","url":"https:\/\/i0.wp.com\/cenal.gob.ve\/wp-content\/uploads\/2022\/10\/cropped-images.jpg?fit=512%2C512","contentUrl":"https:\/\/i0.wp.com\/cenal.gob.ve\/wp-content\/uploads\/2022\/10\/cropped-images.jpg?fit=512%2C512","width":512,"height":512,"caption":"CENAL"},"image":{"@id":"https:\/\/cenal.gob.ve\/#\/schema\/logo\/image\/"}},{"@type":"Person","@id":"https:\/\/cenal.gob.ve\/#\/schema\/person\/e3ed34623f400ffab8bc7a63b2f5533f","name":"Prensa Cenal","image":{"@type":"ImageObject","inLanguage":"es","@id":"https:\/\/cenal.gob.ve\/#\/schema\/person\/image\/","url":"https:\/\/secure.gravatar.com\/avatar\/594b4ed34090910c619ac3679001d491?s=96&d=mm&r=g","contentUrl":"https:\/\/secure.gravatar.com\/avatar\/594b4ed34090910c619ac3679001d491?s=96&d=mm&r=g","caption":"Prensa Cenal"},"url":"https:\/\/cenal.gob.ve\/?author=10"}]}},"jetpack_featured_media_url":"https:\/\/cenal.gob.ve\/wp-content\/uploads\/2023\/05\/libros_miranda_cenal_mppc.jpg","jetpack_publicize_connections":[],"jetpack_shortlink":"https:\/\/wp.me\/p5FMhp-5lx","_links":{"self":[{"href":"https:\/\/cenal.gob.ve\/index.php?rest_route=\/wp\/v2\/posts\/20555"}],"collection":[{"href":"https:\/\/cenal.gob.ve\/index.php?rest_route=\/wp\/v2\/posts"}],"about":[{"href":"https:\/\/cenal.gob.ve\/index.php?rest_route=\/wp\/v2\/types\/post"}],"author":[{"embeddable":true,"href":"https:\/\/cenal.gob.ve\/index.php?rest_route=\/wp\/v2\/users\/10"}],"replies":[{"embeddable":true,"href":"https:\/\/cenal.gob.ve\/index.php?rest_route=%2Fwp%2Fv2%2Fcomments&post=20555"}],"version-history":[{"count":1,"href":"https:\/\/cenal.gob.ve\/index.php?rest_route=\/wp\/v2\/posts\/20555\/revisions"}],"predecessor-version":[{"id":20557,"href":"https:\/\/cenal.gob.ve\/index.php?rest_route=\/wp\/v2\/posts\/20555\/revisions\/20557"}],"wp:featuredmedia":[{"embeddable":true,"href":"https:\/\/cenal.gob.ve\/index.php?rest_route=\/wp\/v2\/media\/20556"}],"wp:attachment":[{"href":"https:\/\/cenal.gob.ve\/index.php?rest_route=%2Fwp%2Fv2%2Fmedia&parent=20555"}],"wp:term":[{"taxonomy":"category","embeddable":true,"href":"https:\/\/cenal.gob.ve\/index.php?rest_route=%2Fwp%2Fv2%2Fcategories&post=20555"},{"taxonomy":"post_tag","embeddable":true,"href":"https:\/\/cenal.gob.ve\/index.php?rest_route=%2Fwp%2Fv2%2Ftags&post=20555"}],"curies":[{"name":"wp","href":"https:\/\/api.w.org\/{rel}","templated":true}]}}