{"id":20559,"date":"2023-05-15T20:13:07","date_gmt":"2023-05-16T00:13:07","guid":{"rendered":"http:\/\/cenal.gob.ve\/?p=20559"},"modified":"2023-05-15T20:18:47","modified_gmt":"2023-05-16T00:18:47","slug":"realizaran-visita-guiada-en-exposicion-libros-de-libros-este-17-de-mayo","status":"publish","type":"post","link":"https:\/\/cenal.gob.ve\/?p=20559","title":{"rendered":"Realizar\u00e1n visita guiada en exposici\u00f3n Libros de libros este 17 de mayo"},"content":{"rendered":"\n<p>En la Galer\u00eda Espacio Caoma del Museo de Bellas Artes, en Caracas, permanece abierta hasta este 21 de mayo la exposici\u00f3n \u201cLibros de libros\u201d del Centro Nacional del Libro (Cenal), una ventana para conocer un conjunto de trabajos con otra visi\u00f3n de lo que com\u00fanmente conocemos como libros: la modalidad del arte del libro, el libro como arte.<\/p>\n\n\n\n<p>Este mi\u00e9rcoles 17 de mayo se abre la posibilidad para quienes se acerquen a este espacio de disfrutar de una visita guiada especializada con el curador de la exhibici\u00f3n, F\u00e9lix Hern\u00e1ndez, y artistas participantes. La cita es a las 11:00 de la ma\u00f1ana.<\/p>\n\n\n\n<p>Para m\u00e1s informaci\u00f3n y registro, el Museo de Bellas Artes pone a disposici\u00f3n del p\u00fablico el correo electr\u00f3nico venalosmuseos@gmail.com<\/p>\n\n\n\n<p>Esta actividad se suma a otras que se vienen desarrollando en el museo en el marco de la exposici\u00f3n Libros de libros, como el taller de &#8220;Elaboraci\u00f3n de libros de artistas&#8221; dictado por Gladys Garc\u00eda el pasado 13 de mayo, donde las piezas resultantes constituyeron una muestra aut\u00e9ntica e inequ\u00edvoca de arte puro.<\/p>\n\n\n\n<p><strong>M\u00e1s de 40 obras<\/strong><\/p>\n\n\n\n<p>Durante el recorrido por la exposici\u00f3n, el p\u00fablico puede disfrutar de m\u00e1s de 40 obras de 20 autores, en las que se aprecian propuestas est\u00e9ticas muy personales, bajo los m\u00faltiples y diversos procedimientos t\u00e9cnicos que engloban la denominaci\u00f3n de Libro-Arte.<\/p>\n\n\n\n<p>La mayor\u00eda de los autores comparten el oficio de artistas visuales con su dedicaci\u00f3n a la palabra, entre ellos poetas, ensayistas y narradores.<\/p>\n\n\n\n<p>Participan Frank Cisneros, Jeremy Pacheco, Carlos Yusti, Ximena Ben\u00edtez, Jos\u00e9 Daniel Su\u00e1rez Hermoso, Roger Herrera, Franklin Fern\u00e1ndez, Manuel Espinoza, Gladys Garc\u00eda, Ennio Tucci, Walter Reyes, Yris Villamizar, Nelly Mosqueda, C\u00e9sar Rodr\u00edguez, Miguel Von Dangel, Alejandro Salas, Carmen Delia Bencomo, Yesika Quintero, Rai Higuera y Luis Guevara (Setto).<\/p>\n\n\n\n<p>Los ejemplares ofrecidos por estos creadores presentan el valor de excepcionales objetos art\u00edsticos de gran originalidad y al mismo tiempo desaf\u00edan la forma tradicional de leer y apreciar una obra de arte.<\/p>\n\n\n\n<p>De acuerdo con el curador de la exposici\u00f3n, F\u00e9lix Hern\u00e1ndez, el p\u00fablico encontrar\u00e1 procedimientos t\u00e9cnicos y est\u00e9ticas que en general obedecen a lo que se denomina como libros de artistas, libros artesanales de edici\u00f3n limitada, libros objetos, libro intervenido, \u00e1lbumes de artistas, libros-instalaci\u00f3n y libros-ensamblaje.<\/p>\n\n\n\n<div class=\"wp-block-image\"><figure class=\"aligncenter size-large is-resized\"><img src=\"http:\/\/cenal.gob.ve\/wp-content\/uploads\/2023\/05\/Libros_de_libros_cenal_libroarte_museo_mppc-1024x1024.jpg\" alt=\"\" class=\"wp-image-20560\" width=\"514\" height=\"514\" srcset=\"https:\/\/cenal.gob.ve\/wp-content\/uploads\/2023\/05\/Libros_de_libros_cenal_libroarte_museo_mppc-1024x1024.jpg 1024w, https:\/\/cenal.gob.ve\/wp-content\/uploads\/2023\/05\/Libros_de_libros_cenal_libroarte_museo_mppc-300x300.jpg 300w, https:\/\/cenal.gob.ve\/wp-content\/uploads\/2023\/05\/Libros_de_libros_cenal_libroarte_museo_mppc-150x150.jpg 150w, https:\/\/cenal.gob.ve\/wp-content\/uploads\/2023\/05\/Libros_de_libros_cenal_libroarte_museo_mppc-768x768.jpg 768w, https:\/\/cenal.gob.ve\/wp-content\/uploads\/2023\/05\/Libros_de_libros_cenal_libroarte_museo_mppc-640x640.jpg 640w, https:\/\/cenal.gob.ve\/wp-content\/uploads\/2023\/05\/Libros_de_libros_cenal_libroarte_museo_mppc.jpg 1080w\" sizes=\"(max-width: 514px) 100vw, 514px\" \/><\/figure><\/div>\n","protected":false},"excerpt":{"rendered":"<p>En la Galer\u00eda Espacio Caoma del Museo de Bellas Artes, en Caracas, permanece abierta hasta este 21 de mayo la exposici\u00f3n \u201cLibros de libros\u201d del Centro Nacional del Libro (Cenal), [&hellip;]<\/p>\n","protected":false},"author":10,"featured_media":20413,"comment_status":"open","ping_status":"closed","sticky":false,"template":"","format":"standard","meta":{"spay_email":"","jetpack_publicize_message":"","jetpack_is_tweetstorm":false,"jetpack_publicize_feature_enabled":true},"categories":[2],"tags":[],"yoast_head":"<!-- This site is optimized with the Yoast SEO plugin v19.8 - https:\/\/yoast.com\/wordpress\/plugins\/seo\/ -->\n<title>Realizar\u00e1n visita guiada en exposici\u00f3n Libros de libros este 17 de mayo<\/title>\n<meta name=\"robots\" content=\"index, follow, max-snippet:-1, max-image-preview:large, max-video-preview:-1\" \/>\n<link rel=\"canonical\" href=\"https:\/\/cenal.gob.ve\/?p=20559\" \/>\n<meta property=\"og:locale\" content=\"es_ES\" \/>\n<meta property=\"og:type\" content=\"article\" \/>\n<meta property=\"og:title\" content=\"Realizar\u00e1n visita guiada en exposici\u00f3n Libros de libros este 17 de mayo\" \/>\n<meta property=\"og:description\" content=\"En la Galer\u00eda Espacio Caoma del Museo de Bellas Artes, en Caracas, permanece abierta hasta este 21 de mayo la exposici\u00f3n \u201cLibros de libros\u201d del Centro Nacional del Libro (Cenal), [&hellip;]\" \/>\n<meta property=\"og:url\" content=\"https:\/\/cenal.gob.ve\/?p=20559\" \/>\n<meta property=\"og:site_name\" content=\"Cenal\" \/>\n<meta property=\"article:published_time\" content=\"2023-05-16T00:13:07+00:00\" \/>\n<meta property=\"article:modified_time\" content=\"2023-05-16T00:18:47+00:00\" \/>\n<meta property=\"og:image\" content=\"https:\/\/i0.wp.com\/cenal.gob.ve\/wp-content\/uploads\/2023\/04\/a33d446f-9c6b-4323-a5bb-b38e9b3dec61.jpg?fit=1080%2C720&ssl=1\" \/>\n\t<meta property=\"og:image:width\" content=\"1080\" \/>\n\t<meta property=\"og:image:height\" content=\"720\" \/>\n\t<meta property=\"og:image:type\" content=\"image\/jpeg\" \/>\n<meta name=\"author\" content=\"Prensa Cenal\" \/>\n<meta name=\"twitter:card\" content=\"summary_large_image\" \/>\n<meta name=\"twitter:label1\" content=\"Written by\" \/>\n\t<meta name=\"twitter:data1\" content=\"Prensa Cenal\" \/>\n\t<meta name=\"twitter:label2\" content=\"Est. reading time\" \/>\n\t<meta name=\"twitter:data2\" content=\"2 minutos\" \/>\n<script type=\"application\/ld+json\" class=\"yoast-schema-graph\">{\"@context\":\"https:\/\/schema.org\",\"@graph\":[{\"@type\":\"Article\",\"@id\":\"https:\/\/cenal.gob.ve\/?p=20559#article\",\"isPartOf\":{\"@id\":\"https:\/\/cenal.gob.ve\/?p=20559\"},\"author\":{\"name\":\"Prensa Cenal\",\"@id\":\"https:\/\/cenal.gob.ve\/#\/schema\/person\/e3ed34623f400ffab8bc7a63b2f5533f\"},\"headline\":\"Realizar\u00e1n visita guiada en exposici\u00f3n Libros de libros este 17 de mayo\",\"datePublished\":\"2023-05-16T00:13:07+00:00\",\"dateModified\":\"2023-05-16T00:18:47+00:00\",\"mainEntityOfPage\":{\"@id\":\"https:\/\/cenal.gob.ve\/?p=20559\"},\"wordCount\":417,\"commentCount\":0,\"publisher\":{\"@id\":\"https:\/\/cenal.gob.ve\/#organization\"},\"articleSection\":[\"Cenal\"],\"inLanguage\":\"es\",\"potentialAction\":[{\"@type\":\"CommentAction\",\"name\":\"Comment\",\"target\":[\"https:\/\/cenal.gob.ve\/?p=20559#respond\"]}]},{\"@type\":\"WebPage\",\"@id\":\"https:\/\/cenal.gob.ve\/?p=20559\",\"url\":\"https:\/\/cenal.gob.ve\/?p=20559\",\"name\":\"Realizar\u00e1n visita guiada en exposici\u00f3n Libros de libros este 17 de mayo\",\"isPartOf\":{\"@id\":\"https:\/\/cenal.gob.ve\/#website\"},\"datePublished\":\"2023-05-16T00:13:07+00:00\",\"dateModified\":\"2023-05-16T00:18:47+00:00\",\"breadcrumb\":{\"@id\":\"https:\/\/cenal.gob.ve\/?p=20559#breadcrumb\"},\"inLanguage\":\"es\",\"potentialAction\":[{\"@type\":\"ReadAction\",\"target\":[\"https:\/\/cenal.gob.ve\/?p=20559\"]}]},{\"@type\":\"BreadcrumbList\",\"@id\":\"https:\/\/cenal.gob.ve\/?p=20559#breadcrumb\",\"itemListElement\":[{\"@type\":\"ListItem\",\"position\":1,\"name\":\"Home\",\"item\":\"https:\/\/cenal.gob.ve\/\"},{\"@type\":\"ListItem\",\"position\":2,\"name\":\"Realizar\u00e1n visita guiada en exposici\u00f3n Libros de libros este 17 de mayo\"}]},{\"@type\":\"WebSite\",\"@id\":\"https:\/\/cenal.gob.ve\/#website\",\"url\":\"https:\/\/cenal.gob.ve\/\",\"name\":\"Cenal\",\"description\":\"\",\"publisher\":{\"@id\":\"https:\/\/cenal.gob.ve\/#organization\"},\"potentialAction\":[{\"@type\":\"SearchAction\",\"target\":{\"@type\":\"EntryPoint\",\"urlTemplate\":\"https:\/\/cenal.gob.ve\/?s={search_term_string}\"},\"query-input\":\"required name=search_term_string\"}],\"inLanguage\":\"es\"},{\"@type\":\"Organization\",\"@id\":\"https:\/\/cenal.gob.ve\/#organization\",\"name\":\"CENAL\",\"url\":\"https:\/\/cenal.gob.ve\/\",\"sameAs\":[],\"logo\":{\"@type\":\"ImageObject\",\"inLanguage\":\"es\",\"@id\":\"https:\/\/cenal.gob.ve\/#\/schema\/logo\/image\/\",\"url\":\"https:\/\/i0.wp.com\/cenal.gob.ve\/wp-content\/uploads\/2022\/10\/cropped-images.jpg?fit=512%2C512\",\"contentUrl\":\"https:\/\/i0.wp.com\/cenal.gob.ve\/wp-content\/uploads\/2022\/10\/cropped-images.jpg?fit=512%2C512\",\"width\":512,\"height\":512,\"caption\":\"CENAL\"},\"image\":{\"@id\":\"https:\/\/cenal.gob.ve\/#\/schema\/logo\/image\/\"}},{\"@type\":\"Person\",\"@id\":\"https:\/\/cenal.gob.ve\/#\/schema\/person\/e3ed34623f400ffab8bc7a63b2f5533f\",\"name\":\"Prensa Cenal\",\"image\":{\"@type\":\"ImageObject\",\"inLanguage\":\"es\",\"@id\":\"https:\/\/cenal.gob.ve\/#\/schema\/person\/image\/\",\"url\":\"https:\/\/secure.gravatar.com\/avatar\/594b4ed34090910c619ac3679001d491?s=96&d=mm&r=g\",\"contentUrl\":\"https:\/\/secure.gravatar.com\/avatar\/594b4ed34090910c619ac3679001d491?s=96&d=mm&r=g\",\"caption\":\"Prensa Cenal\"},\"url\":\"https:\/\/cenal.gob.ve\/?author=10\"}]}<\/script>\n<!-- \/ Yoast SEO plugin. -->","yoast_head_json":{"title":"Realizar\u00e1n visita guiada en exposici\u00f3n Libros de libros este 17 de mayo","robots":{"index":"index","follow":"follow","max-snippet":"max-snippet:-1","max-image-preview":"max-image-preview:large","max-video-preview":"max-video-preview:-1"},"canonical":"https:\/\/cenal.gob.ve\/?p=20559","og_locale":"es_ES","og_type":"article","og_title":"Realizar\u00e1n visita guiada en exposici\u00f3n Libros de libros este 17 de mayo","og_description":"En la Galer\u00eda Espacio Caoma del Museo de Bellas Artes, en Caracas, permanece abierta hasta este 21 de mayo la exposici\u00f3n \u201cLibros de libros\u201d del Centro Nacional del Libro (Cenal), [&hellip;]","og_url":"https:\/\/cenal.gob.ve\/?p=20559","og_site_name":"Cenal","article_published_time":"2023-05-16T00:13:07+00:00","article_modified_time":"2023-05-16T00:18:47+00:00","og_image":[{"width":1080,"height":720,"url":"https:\/\/i0.wp.com\/cenal.gob.ve\/wp-content\/uploads\/2023\/04\/a33d446f-9c6b-4323-a5bb-b38e9b3dec61.jpg?fit=1080%2C720&ssl=1","type":"image\/jpeg"}],"author":"Prensa Cenal","twitter_card":"summary_large_image","twitter_misc":{"Written by":"Prensa Cenal","Est. reading time":"2 minutos"},"schema":{"@context":"https:\/\/schema.org","@graph":[{"@type":"Article","@id":"https:\/\/cenal.gob.ve\/?p=20559#article","isPartOf":{"@id":"https:\/\/cenal.gob.ve\/?p=20559"},"author":{"name":"Prensa Cenal","@id":"https:\/\/cenal.gob.ve\/#\/schema\/person\/e3ed34623f400ffab8bc7a63b2f5533f"},"headline":"Realizar\u00e1n visita guiada en exposici\u00f3n Libros de libros este 17 de mayo","datePublished":"2023-05-16T00:13:07+00:00","dateModified":"2023-05-16T00:18:47+00:00","mainEntityOfPage":{"@id":"https:\/\/cenal.gob.ve\/?p=20559"},"wordCount":417,"commentCount":0,"publisher":{"@id":"https:\/\/cenal.gob.ve\/#organization"},"articleSection":["Cenal"],"inLanguage":"es","potentialAction":[{"@type":"CommentAction","name":"Comment","target":["https:\/\/cenal.gob.ve\/?p=20559#respond"]}]},{"@type":"WebPage","@id":"https:\/\/cenal.gob.ve\/?p=20559","url":"https:\/\/cenal.gob.ve\/?p=20559","name":"Realizar\u00e1n visita guiada en exposici\u00f3n Libros de libros este 17 de mayo","isPartOf":{"@id":"https:\/\/cenal.gob.ve\/#website"},"datePublished":"2023-05-16T00:13:07+00:00","dateModified":"2023-05-16T00:18:47+00:00","breadcrumb":{"@id":"https:\/\/cenal.gob.ve\/?p=20559#breadcrumb"},"inLanguage":"es","potentialAction":[{"@type":"ReadAction","target":["https:\/\/cenal.gob.ve\/?p=20559"]}]},{"@type":"BreadcrumbList","@id":"https:\/\/cenal.gob.ve\/?p=20559#breadcrumb","itemListElement":[{"@type":"ListItem","position":1,"name":"Home","item":"https:\/\/cenal.gob.ve\/"},{"@type":"ListItem","position":2,"name":"Realizar\u00e1n visita guiada en exposici\u00f3n Libros de libros este 17 de mayo"}]},{"@type":"WebSite","@id":"https:\/\/cenal.gob.ve\/#website","url":"https:\/\/cenal.gob.ve\/","name":"Cenal","description":"","publisher":{"@id":"https:\/\/cenal.gob.ve\/#organization"},"potentialAction":[{"@type":"SearchAction","target":{"@type":"EntryPoint","urlTemplate":"https:\/\/cenal.gob.ve\/?s={search_term_string}"},"query-input":"required name=search_term_string"}],"inLanguage":"es"},{"@type":"Organization","@id":"https:\/\/cenal.gob.ve\/#organization","name":"CENAL","url":"https:\/\/cenal.gob.ve\/","sameAs":[],"logo":{"@type":"ImageObject","inLanguage":"es","@id":"https:\/\/cenal.gob.ve\/#\/schema\/logo\/image\/","url":"https:\/\/i0.wp.com\/cenal.gob.ve\/wp-content\/uploads\/2022\/10\/cropped-images.jpg?fit=512%2C512","contentUrl":"https:\/\/i0.wp.com\/cenal.gob.ve\/wp-content\/uploads\/2022\/10\/cropped-images.jpg?fit=512%2C512","width":512,"height":512,"caption":"CENAL"},"image":{"@id":"https:\/\/cenal.gob.ve\/#\/schema\/logo\/image\/"}},{"@type":"Person","@id":"https:\/\/cenal.gob.ve\/#\/schema\/person\/e3ed34623f400ffab8bc7a63b2f5533f","name":"Prensa Cenal","image":{"@type":"ImageObject","inLanguage":"es","@id":"https:\/\/cenal.gob.ve\/#\/schema\/person\/image\/","url":"https:\/\/secure.gravatar.com\/avatar\/594b4ed34090910c619ac3679001d491?s=96&d=mm&r=g","contentUrl":"https:\/\/secure.gravatar.com\/avatar\/594b4ed34090910c619ac3679001d491?s=96&d=mm&r=g","caption":"Prensa Cenal"},"url":"https:\/\/cenal.gob.ve\/?author=10"}]}},"jetpack_featured_media_url":"https:\/\/cenal.gob.ve\/wp-content\/uploads\/2023\/04\/a33d446f-9c6b-4323-a5bb-b38e9b3dec61.jpg","jetpack_publicize_connections":[],"jetpack_shortlink":"https:\/\/wp.me\/p5FMhp-5lB","_links":{"self":[{"href":"https:\/\/cenal.gob.ve\/index.php?rest_route=\/wp\/v2\/posts\/20559"}],"collection":[{"href":"https:\/\/cenal.gob.ve\/index.php?rest_route=\/wp\/v2\/posts"}],"about":[{"href":"https:\/\/cenal.gob.ve\/index.php?rest_route=\/wp\/v2\/types\/post"}],"author":[{"embeddable":true,"href":"https:\/\/cenal.gob.ve\/index.php?rest_route=\/wp\/v2\/users\/10"}],"replies":[{"embeddable":true,"href":"https:\/\/cenal.gob.ve\/index.php?rest_route=%2Fwp%2Fv2%2Fcomments&post=20559"}],"version-history":[{"count":2,"href":"https:\/\/cenal.gob.ve\/index.php?rest_route=\/wp\/v2\/posts\/20559\/revisions"}],"predecessor-version":[{"id":20563,"href":"https:\/\/cenal.gob.ve\/index.php?rest_route=\/wp\/v2\/posts\/20559\/revisions\/20563"}],"wp:featuredmedia":[{"embeddable":true,"href":"https:\/\/cenal.gob.ve\/index.php?rest_route=\/wp\/v2\/media\/20413"}],"wp:attachment":[{"href":"https:\/\/cenal.gob.ve\/index.php?rest_route=%2Fwp%2Fv2%2Fmedia&parent=20559"}],"wp:term":[{"taxonomy":"category","embeddable":true,"href":"https:\/\/cenal.gob.ve\/index.php?rest_route=%2Fwp%2Fv2%2Fcategories&post=20559"},{"taxonomy":"post_tag","embeddable":true,"href":"https:\/\/cenal.gob.ve\/index.php?rest_route=%2Fwp%2Fv2%2Ftags&post=20559"}],"curies":[{"name":"wp","href":"https:\/\/api.w.org\/{rel}","templated":true}]}}